{"id":27174,"date":"2021-03-31T14:54:45","date_gmt":"2021-03-31T12:54:45","guid":{"rendered":"https:\/\/www.krafthand.de\/truck\/?p=27174"},"modified":"2021-03-31T15:30:13","modified_gmt":"2021-03-31T13:30:13","slug":"scr-nachruestung-fuer-handwerker-und-lieferfahrzeuge-antragsfrist-verlaengert","status":"publish","type":"post","link":"https:\/\/www.krafthand.de\/truck\/artikel\/scr-nachruestung-fuer-handwerker-und-lieferfahrzeuge-antragsfrist-verlaengert-27174\/","title":{"rendered":"SCR-Nachr\u00fcstung f\u00fcr Handwerker- und Lieferfahrzeuge: Antragsfrist verl\u00e4ngert!"},"content":{"rendered":"<p>Die Hardware-Nachr\u00fcstung mit SCR-Systemen garantiert saubere Luft und h\u00e4lt Handwerker- und Lieferfahrzeuge mobil \u2013 auch bei Fahrverboten in Umweltzonen. Bereits 2019 hat die HJS Emission Technology GmbH &amp; Co KG als erstes Unternehmen auf dem deutschen Markt, eine Allgemeine Betriebserlaubnis (ABE) f\u00fcr \u201eStickoxid (NOx)-Minderungssysteme mit erh\u00f6hter Minderungsleistung f\u00fcr die Nachr\u00fcstung an leichten Handwerker- und Lieferfahrzeugen\u201c vom KBA erhalten. Damit k\u00f6nnen Halter von gewerblich genutzten Fahrzeugen ab 2,8 Tonnen zul\u00e4ssigem Gesamtgewicht ihr Fahrzeug auf modernste Abgastechnik, f\u00fcr die innerst\u00e4dtischen Umweltzonen, nachr\u00fcsten lassen. Lieferbar ist der Nachr\u00fcst-Kit jetzt f\u00fcr den Mercedes-Benz Sprinter, den Volkswagen Crafter sowie T5 (auch Allrad) und den Ford Transit. Weitere Fahrzeugtypen sind laut HJS in Vorbereitung, ebenso eine ABE f\u00fcr privat genutzte Fahrzeuge.<br \/>\nK\u00fcrzlich hat die Bundesanstalt f\u00fcr Verwaltungsdienste (BAV) dem Vernehmen nach auch die <strong>Antragsfrist<\/strong> \u00fcber den 31.3.2021 hinaus <strong>verl\u00e4ngert.<\/strong> Das F\u00f6rderprogramm l\u00e4uft erstmal bis Ende 2021. Die Nachr\u00fcstung von Handwerker- und Lieferfahrzeugen wird laut HJS mit bis zu 4.800 Euro pro Fahrzeug gef\u00f6rdert. Weitere Informationen sind unter <a href=\"http:\/\/www.transporter-nachruestung.de\" target=\"_blank\" rel=\"noopener\">www.transporter-nachruestung.de<\/a> zu finden.<\/p>\n","protected":false},"excerpt":{"rendered":"<p>Die Hardware-Nachr\u00fcstung mit SCR-Systemen garantiert saubere Luft und h\u00e4lt Handwerker- und Lieferfahrzeuge mobil \u2013 auch bei Fahrverboten in Umweltzonen. <span class=\"excerpt-more__dots\">&#8230;<\/span> <a class=\"excerpt-more__link\" href=\"https:\/\/www.krafthand.de\/truck\/artikel\/scr-nachruestung-fuer-handwerker-und-lieferfahrzeuge-antragsfrist-verlaengert-27174\/\" >weiter<\/a><\/p>\n","protected":false},"author":9,"featured_media":27175,"comment_status":"closed","ping_status":"closed","sticky":false,"template":"","format":"standard","meta":{"footnotes":""},"categories":[4229,4235],"tags":[4307,4308,3006,4306],"settings":[3523],"class_list":["post-27174","post","type-post","status-publish","format-standard","has-post-thumbnail","hentry","category-nfz-teile-systeme","category-unternehmen","tag-bav","tag-foerderung","tag-hjs","tag-scr-nachruestung"],"yoast_head":"<!-- This site is optimized with the Yoast SEO plugin v27.3 - https:\/\/yoast.com\/product\/yoast-seo-wordpress\/ -->\n<title>SCR-Nachr\u00fcstung f\u00fcr Handwerker- und Lieferfahrzeuge: Antragsfrist verl\u00e4ngert! - Krafthand-Truck<\/title>\n<meta name=\"robots\" content=\"index, follow, max-snippet:-1, max-image-preview:large, max-video-preview:-1\" \/>\n<link rel=\"canonical\" href=\"https:\/\/www.krafthand.de\/truck\/artikel\/scr-nachruestung-fuer-handwerker-und-lieferfahrzeuge-antragsfrist-verlaengert-27174\/\" \/>\n<meta property=\"og:locale\" content=\"de_DE\" \/>\n<meta property=\"og:type\" content=\"article\" \/>\n<meta property=\"og:title\" content=\"SCR-Nachr\u00fcstung f\u00fcr Handwerker- und Lieferfahrzeuge: Antragsfrist verl\u00e4ngert! - Krafthand-Truck\" \/>\n<meta property=\"og:description\" content=\"Die Hardware-Nachr\u00fcstung mit SCR-Systemen garantiert saubere Luft und h\u00e4lt Handwerker- und Lieferfahrzeuge mobil \u2013 auch bei Fahrverboten in Umweltzonen. ... weiter\" \/>\n<meta property=\"og:url\" content=\"https:\/\/www.krafthand-truck.de\/artikel\/scr-nachruestung-fuer-handwerker-und-lieferfahrzeuge-antragsfrist-verlaengert-27174\/\" \/>\n<meta property=\"og:site_name\" content=\"Krafthand-Truck\" \/>\n<meta property=\"article:published_time\" content=\"2021-03-31T12:54:45+00:00\" \/>\n<meta property=\"article:modified_time\" content=\"2021-03-31T13:30:13+00:00\" \/>\n<meta property=\"og:image\" content=\"https:\/\/www.krafthand.de\/truck\/wp-content\/uploads\/2021\/03\/HJS_VAN_transparent_Compositing_blue_web.jpg\" \/>\n\t<meta property=\"og:image:width\" content=\"1200\" \/>\n\t<meta property=\"og:image:height\" content=\"736\" \/>\n\t<meta property=\"og:image:type\" content=\"image\/jpeg\" \/>\n<meta name=\"author\" content=\"georg.blenk@krafthand-medien.de\" \/>\n<meta name=\"twitter:card\" content=\"summary_large_image\" \/>\n<meta name=\"twitter:label1\" content=\"Verfasst von\" \/>\n\t<meta name=\"twitter:data1\" content=\"georg.blenk@krafthand-medien.de\" \/>\n\t<meta name=\"twitter:label2\" content=\"Gesch\u00e4tzte Lesezeit\" \/>\n\t<meta name=\"twitter:data2\" content=\"1\u00a0Minute\" \/>\n<script type=\"application\/ld+json\" class=\"yoast-schema-graph\">{\"@context\":\"https:\\\/\\\/schema.org\",\"@graph\":[{\"@type\":\"Article\",\"@id\":\"https:\\\/\\\/www.krafthand.de\\\/truck\\\/artikel\\\/scr-nachruestung-fuer-handwerker-und-lieferfahrzeuge-antragsfrist-verlaengert-27174\\\/#article\",\"isPartOf\":{\"@id\":\"https:\\\/\\\/www.krafthand.de\\\/truck\\\/artikel\\\/scr-nachruestung-fuer-handwerker-und-lieferfahrzeuge-antragsfrist-verlaengert-27174\\\/\"},\"author\":{\"name\":\"georg.blenk@krafthand-medien.de\",\"@id\":\"https:\\\/\\\/www.krafthand.de\\\/truck\\\/#\\\/schema\\\/person\\\/51fa80b1c57034c4bf63f9f988fc24ce\"},\"headline\":\"SCR-Nachr\u00fcstung f\u00fcr Handwerker- und Lieferfahrzeuge: Antragsfrist verl\u00e4ngert!\",\"datePublished\":\"2021-03-31T12:54:45+00:00\",\"dateModified\":\"2021-03-31T13:30:13+00:00\",\"mainEntityOfPage\":{\"@id\":\"https:\\\/\\\/www.krafthand.de\\\/truck\\\/artikel\\\/scr-nachruestung-fuer-handwerker-und-lieferfahrzeuge-antragsfrist-verlaengert-27174\\\/\"},\"wordCount\":192,\"image\":{\"@id\":\"https:\\\/\\\/www.krafthand.de\\\/truck\\\/artikel\\\/scr-nachruestung-fuer-handwerker-und-lieferfahrzeuge-antragsfrist-verlaengert-27174\\\/#primaryimage\"},\"thumbnailUrl\":\"https:\\\/\\\/static.krafthand-truck.de\\\/uploads\\\/2021\\\/03\\\/HJS_VAN_transparent_Compositing_blue_web.jpg\",\"keywords\":[\"BAV\",\"F\u00f6rderung\",\"HJS\",\"SCR-Nachr\u00fcstung\"],\"articleSection\":[\"Nfz-Teile\\\/Systeme\",\"Unternehmen\"],\"inLanguage\":\"de\"},{\"@type\":\"WebPage\",\"@id\":\"https:\\\/\\\/www.krafthand.de\\\/truck\\\/artikel\\\/scr-nachruestung-fuer-handwerker-und-lieferfahrzeuge-antragsfrist-verlaengert-27174\\\/\",\"url\":\"https:\\\/\\\/www.krafthand.de\\\/truck\\\/artikel\\\/scr-nachruestung-fuer-handwerker-und-lieferfahrzeuge-antragsfrist-verlaengert-27174\\\/\",\"name\":\"SCR-Nachr\u00fcstung f\u00fcr Handwerker- und Lieferfahrzeuge: Antragsfrist verl\u00e4ngert! - Krafthand-Truck\",\"isPartOf\":{\"@id\":\"https:\\\/\\\/www.krafthand.de\\\/truck\\\/#website\"},\"primaryImageOfPage\":{\"@id\":\"https:\\\/\\\/www.krafthand.de\\\/truck\\\/artikel\\\/scr-nachruestung-fuer-handwerker-und-lieferfahrzeuge-antragsfrist-verlaengert-27174\\\/#primaryimage\"},\"image\":{\"@id\":\"https:\\\/\\\/www.krafthand.de\\\/truck\\\/artikel\\\/scr-nachruestung-fuer-handwerker-und-lieferfahrzeuge-antragsfrist-verlaengert-27174\\\/#primaryimage\"},\"thumbnailUrl\":\"https:\\\/\\\/static.krafthand-truck.de\\\/uploads\\\/2021\\\/03\\\/HJS_VAN_transparent_Compositing_blue_web.jpg\",\"datePublished\":\"2021-03-31T12:54:45+00:00\",\"dateModified\":\"2021-03-31T13:30:13+00:00\",\"author\":{\"@id\":\"https:\\\/\\\/www.krafthand.de\\\/truck\\\/#\\\/schema\\\/person\\\/51fa80b1c57034c4bf63f9f988fc24ce\"},\"breadcrumb\":{\"@id\":\"https:\\\/\\\/www.krafthand.de\\\/truck\\\/artikel\\\/scr-nachruestung-fuer-handwerker-und-lieferfahrzeuge-antragsfrist-verlaengert-27174\\\/#breadcrumb\"},\"inLanguage\":\"de\",\"potentialAction\":[{\"@type\":\"ReadAction\",\"target\":[\"https:\\\/\\\/www.krafthand.de\\\/truck\\\/artikel\\\/scr-nachruestung-fuer-handwerker-und-lieferfahrzeuge-antragsfrist-verlaengert-27174\\\/\"]}]},{\"@type\":\"ImageObject\",\"inLanguage\":\"de\",\"@id\":\"https:\\\/\\\/www.krafthand.de\\\/truck\\\/artikel\\\/scr-nachruestung-fuer-handwerker-und-lieferfahrzeuge-antragsfrist-verlaengert-27174\\\/#primaryimage\",\"url\":\"https:\\\/\\\/static.krafthand-truck.de\\\/uploads\\\/2021\\\/03\\\/HJS_VAN_transparent_Compositing_blue_web.jpg\",\"contentUrl\":\"https:\\\/\\\/static.krafthand-truck.de\\\/uploads\\\/2021\\\/03\\\/HJS_VAN_transparent_Compositing_blue_web.jpg\",\"width\":1200,\"height\":736},{\"@type\":\"BreadcrumbList\",\"@id\":\"https:\\\/\\\/www.krafthand.de\\\/truck\\\/artikel\\\/scr-nachruestung-fuer-handwerker-und-lieferfahrzeuge-antragsfrist-verlaengert-27174\\\/#breadcrumb\",\"itemListElement\":[{\"@type\":\"ListItem\",\"position\":1,\"name\":\"Krafthand-Truck\",\"item\":\"https:\\\/\\\/www.krafthand.de\\\/truck\\\/\"},{\"@type\":\"ListItem\",\"position\":2,\"name\":\"Nfz-Branche\",\"item\":\"https:\\\/\\\/www.krafthand.de\\\/truck\\\/kategorie\\\/branche\\\/\"},{\"@type\":\"ListItem\",\"position\":3,\"name\":\"Unternehmen\",\"item\":\"https:\\\/\\\/www.krafthand.de\\\/truck\\\/kategorie\\\/branche\\\/unternehmen\\\/\"},{\"@type\":\"ListItem\",\"position\":4,\"name\":\"SCR-Nachr\u00fcstung f\u00fcr Handwerker- und Lieferfahrzeuge: Antragsfrist verl\u00e4ngert!\"}]},{\"@type\":\"WebSite\",\"@id\":\"https:\\\/\\\/www.krafthand.de\\\/truck\\\/#website\",\"url\":\"https:\\\/\\\/www.krafthand.de\\\/truck\\\/\",\"name\":\"Krafthand-Truck\",\"description\":\"\",\"potentialAction\":[{\"@type\":\"SearchAction\",\"target\":{\"@type\":\"EntryPoint\",\"urlTemplate\":\"https:\\\/\\\/www.krafthand.de\\\/truck\\\/?s={search_term_string}\"},\"query-input\":{\"@type\":\"PropertyValueSpecification\",\"valueRequired\":true,\"valueName\":\"search_term_string\"}}],\"inLanguage\":\"de\"},{\"@type\":\"Person\",\"@id\":\"https:\\\/\\\/www.krafthand.de\\\/truck\\\/#\\\/schema\\\/person\\\/51fa80b1c57034c4bf63f9f988fc24ce\",\"name\":\"georg.blenk@krafthand-medien.de\",\"image\":{\"@type\":\"ImageObject\",\"inLanguage\":\"de\",\"@id\":\"https:\\\/\\\/secure.gravatar.com\\\/avatar\\\/93713c30affe0aa95d3a4130e499bb1abee2eb31adbdd9ce2aa1543538490215?s=96&d=mm&r=g\",\"url\":\"https:\\\/\\\/secure.gravatar.com\\\/avatar\\\/93713c30affe0aa95d3a4130e499bb1abee2eb31adbdd9ce2aa1543538490215?s=96&d=mm&r=g\",\"contentUrl\":\"https:\\\/\\\/secure.gravatar.com\\\/avatar\\\/93713c30affe0aa95d3a4130e499bb1abee2eb31adbdd9ce2aa1543538490215?s=96&d=mm&r=g\",\"caption\":\"georg.blenk@krafthand-medien.de\"}}]}<\/script>\n<!-- \/ Yoast SEO plugin. -->","yoast_head_json":{"title":"SCR-Nachr\u00fcstung f\u00fcr Handwerker- und Lieferfahrzeuge: Antragsfrist verl\u00e4ngert! - Krafthand-Truck","robots":{"index":"index","follow":"follow","max-snippet":"max-snippet:-1","max-image-preview":"max-image-preview:large","max-video-preview":"max-video-preview:-1"},"canonical":"https:\/\/www.krafthand.de\/truck\/artikel\/scr-nachruestung-fuer-handwerker-und-lieferfahrzeuge-antragsfrist-verlaengert-27174\/","og_locale":"de_DE","og_type":"article","og_title":"SCR-Nachr\u00fcstung f\u00fcr Handwerker- und Lieferfahrzeuge: Antragsfrist verl\u00e4ngert! - Krafthand-Truck","og_description":"Die Hardware-Nachr\u00fcstung mit SCR-Systemen garantiert saubere Luft und h\u00e4lt Handwerker- und Lieferfahrzeuge mobil \u2013 auch bei Fahrverboten in Umweltzonen. ... weiter","og_url":"https:\/\/www.krafthand-truck.de\/artikel\/scr-nachruestung-fuer-handwerker-und-lieferfahrzeuge-antragsfrist-verlaengert-27174\/","og_site_name":"Krafthand-Truck","article_published_time":"2021-03-31T12:54:45+00:00","article_modified_time":"2021-03-31T13:30:13+00:00","og_image":[{"width":1200,"height":736,"url":"https:\/\/www.krafthand.de\/truck\/wp-content\/uploads\/2021\/03\/HJS_VAN_transparent_Compositing_blue_web.jpg","type":"image\/jpeg"}],"author":"georg.blenk@krafthand-medien.de","twitter_card":"summary_large_image","twitter_misc":{"Verfasst von":"georg.blenk@krafthand-medien.de","Gesch\u00e4tzte Lesezeit":"1\u00a0Minute"},"schema":{"@context":"https:\/\/schema.org","@graph":[{"@type":"Article","@id":"https:\/\/www.krafthand.de\/truck\/artikel\/scr-nachruestung-fuer-handwerker-und-lieferfahrzeuge-antragsfrist-verlaengert-27174\/#article","isPartOf":{"@id":"https:\/\/www.krafthand.de\/truck\/artikel\/scr-nachruestung-fuer-handwerker-und-lieferfahrzeuge-antragsfrist-verlaengert-27174\/"},"author":{"name":"georg.blenk@krafthand-medien.de","@id":"https:\/\/www.krafthand.de\/truck\/#\/schema\/person\/51fa80b1c57034c4bf63f9f988fc24ce"},"headline":"SCR-Nachr\u00fcstung f\u00fcr Handwerker- und Lieferfahrzeuge: Antragsfrist verl\u00e4ngert!","datePublished":"2021-03-31T12:54:45+00:00","dateModified":"2021-03-31T13:30:13+00:00","mainEntityOfPage":{"@id":"https:\/\/www.krafthand.de\/truck\/artikel\/scr-nachruestung-fuer-handwerker-und-lieferfahrzeuge-antragsfrist-verlaengert-27174\/"},"wordCount":192,"image":{"@id":"https:\/\/www.krafthand.de\/truck\/artikel\/scr-nachruestung-fuer-handwerker-und-lieferfahrzeuge-antragsfrist-verlaengert-27174\/#primaryimage"},"thumbnailUrl":"https:\/\/static.krafthand-truck.de\/uploads\/2021\/03\/HJS_VAN_transparent_Compositing_blue_web.jpg","keywords":["BAV","F\u00f6rderung","HJS","SCR-Nachr\u00fcstung"],"articleSection":["Nfz-Teile\/Systeme","Unternehmen"],"inLanguage":"de"},{"@type":"WebPage","@id":"https:\/\/www.krafthand.de\/truck\/artikel\/scr-nachruestung-fuer-handwerker-und-lieferfahrzeuge-antragsfrist-verlaengert-27174\/","url":"https:\/\/www.krafthand.de\/truck\/artikel\/scr-nachruestung-fuer-handwerker-und-lieferfahrzeuge-antragsfrist-verlaengert-27174\/","name":"SCR-Nachr\u00fcstung f\u00fcr Handwerker- und Lieferfahrzeuge: Antragsfrist verl\u00e4ngert! - Krafthand-Truck","isPartOf":{"@id":"https:\/\/www.krafthand.de\/truck\/#website"},"primaryImageOfPage":{"@id":"https:\/\/www.krafthand.de\/truck\/artikel\/scr-nachruestung-fuer-handwerker-und-lieferfahrzeuge-antragsfrist-verlaengert-27174\/#primaryimage"},"image":{"@id":"https:\/\/www.krafthand.de\/truck\/artikel\/scr-nachruestung-fuer-handwerker-und-lieferfahrzeuge-antragsfrist-verlaengert-27174\/#primaryimage"},"thumbnailUrl":"https:\/\/static.krafthand-truck.de\/uploads\/2021\/03\/HJS_VAN_transparent_Compositing_blue_web.jpg","datePublished":"2021-03-31T12:54:45+00:00","dateModified":"2021-03-31T13:30:13+00:00","author":{"@id":"https:\/\/www.krafthand.de\/truck\/#\/schema\/person\/51fa80b1c57034c4bf63f9f988fc24ce"},"breadcrumb":{"@id":"https:\/\/www.krafthand.de\/truck\/artikel\/scr-nachruestung-fuer-handwerker-und-lieferfahrzeuge-antragsfrist-verlaengert-27174\/#breadcrumb"},"inLanguage":"de","potentialAction":[{"@type":"ReadAction","target":["https:\/\/www.krafthand.de\/truck\/artikel\/scr-nachruestung-fuer-handwerker-und-lieferfahrzeuge-antragsfrist-verlaengert-27174\/"]}]},{"@type":"ImageObject","inLanguage":"de","@id":"https:\/\/www.krafthand.de\/truck\/artikel\/scr-nachruestung-fuer-handwerker-und-lieferfahrzeuge-antragsfrist-verlaengert-27174\/#primaryimage","url":"https:\/\/static.krafthand-truck.de\/uploads\/2021\/03\/HJS_VAN_transparent_Compositing_blue_web.jpg","contentUrl":"https:\/\/static.krafthand-truck.de\/uploads\/2021\/03\/HJS_VAN_transparent_Compositing_blue_web.jpg","width":1200,"height":736},{"@type":"BreadcrumbList","@id":"https:\/\/www.krafthand.de\/truck\/artikel\/scr-nachruestung-fuer-handwerker-und-lieferfahrzeuge-antragsfrist-verlaengert-27174\/#breadcrumb","itemListElement":[{"@type":"ListItem","position":1,"name":"Krafthand-Truck","item":"https:\/\/www.krafthand.de\/truck\/"},{"@type":"ListItem","position":2,"name":"Nfz-Branche","item":"https:\/\/www.krafthand.de\/truck\/kategorie\/branche\/"},{"@type":"ListItem","position":3,"name":"Unternehmen","item":"https:\/\/www.krafthand.de\/truck\/kategorie\/branche\/unternehmen\/"},{"@type":"ListItem","position":4,"name":"SCR-Nachr\u00fcstung f\u00fcr Handwerker- und Lieferfahrzeuge: Antragsfrist verl\u00e4ngert!"}]},{"@type":"WebSite","@id":"https:\/\/www.krafthand.de\/truck\/#website","url":"https:\/\/www.krafthand.de\/truck\/","name":"Krafthand-Truck","description":"","potentialAction":[{"@type":"SearchAction","target":{"@type":"EntryPoint","urlTemplate":"https:\/\/www.krafthand.de\/truck\/?s={search_term_string}"},"query-input":{"@type":"PropertyValueSpecification","valueRequired":true,"valueName":"search_term_string"}}],"inLanguage":"de"},{"@type":"Person","@id":"https:\/\/www.krafthand.de\/truck\/#\/schema\/person\/51fa80b1c57034c4bf63f9f988fc24ce","name":"georg.blenk@krafthand-medien.de","image":{"@type":"ImageObject","inLanguage":"de","@id":"https:\/\/secure.gravatar.com\/avatar\/93713c30affe0aa95d3a4130e499bb1abee2eb31adbdd9ce2aa1543538490215?s=96&d=mm&r=g","url":"https:\/\/secure.gravatar.com\/avatar\/93713c30affe0aa95d3a4130e499bb1abee2eb31adbdd9ce2aa1543538490215?s=96&d=mm&r=g","contentUrl":"https:\/\/secure.gravatar.com\/avatar\/93713c30affe0aa95d3a4130e499bb1abee2eb31adbdd9ce2aa1543538490215?s=96&d=mm&r=g","caption":"georg.blenk@krafthand-medien.de"}}]}},"_links":{"self":[{"href":"https:\/\/www.krafthand.de\/truck\/wp-json\/wp\/v2\/posts\/27174","targetHints":{"allow":["GET"]}}],"collection":[{"href":"https:\/\/www.krafthand.de\/truck\/wp-json\/wp\/v2\/posts"}],"about":[{"href":"https:\/\/www.krafthand.de\/truck\/wp-json\/wp\/v2\/types\/post"}],"author":[{"embeddable":true,"href":"https:\/\/www.krafthand.de\/truck\/wp-json\/wp\/v2\/users\/9"}],"replies":[{"embeddable":true,"href":"https:\/\/www.krafthand.de\/truck\/wp-json\/wp\/v2\/comments?post=27174"}],"version-history":[{"count":3,"href":"https:\/\/www.krafthand.de\/truck\/wp-json\/wp\/v2\/posts\/27174\/revisions"}],"predecessor-version":[{"id":27178,"href":"https:\/\/www.krafthand.de\/truck\/wp-json\/wp\/v2\/posts\/27174\/revisions\/27178"}],"wp:featuredmedia":[{"embeddable":true,"href":"https:\/\/www.krafthand.de\/truck\/wp-json\/wp\/v2\/media\/27175"}],"wp:attachment":[{"href":"https:\/\/www.krafthand.de\/truck\/wp-json\/wp\/v2\/media?parent=27174"}],"wp:term":[{"taxonomy":"category","embeddable":true,"href":"https:\/\/www.krafthand.de\/truck\/wp-json\/wp\/v2\/categories?post=27174"},{"taxonomy":"post_tag","embeddable":true,"href":"https:\/\/www.krafthand.de\/truck\/wp-json\/wp\/v2\/tags?post=27174"},{"taxonomy":"settings","embeddable":true,"href":"https:\/\/www.krafthand.de\/truck\/wp-json\/wp\/v2\/settings?post=27174"}],"curies":[{"name":"wp","href":"https:\/\/api.w.org\/{rel}","templated":true}]}}