{"id":27162,"date":"2021-03-31T13:28:49","date_gmt":"2021-03-31T11:28:49","guid":{"rendered":"https:\/\/www.krafthand.de\/truck\/?p=27162"},"modified":"2021-03-31T13:30:33","modified_gmt":"2021-03-31T11:30:33","slug":"elektrischer-feger","status":"publish","type":"post","link":"https:\/\/www.krafthand.de\/truck\/artikel\/elektrischer-feger-27162\/","title":{"rendered":"Elektrischer Feger"},"content":{"rendered":"<p>Die Firma K\u00e4rcher hat mit der Nachl\u00e4ufer-Kehrmaschine KM 85\/50 W Bp ein Modell f\u00fcr mittelgro\u00dfer Fl\u00e4chen von 900 bis 6.000 qm vorgestellt. Sie soll im t\u00e4glichen Einsatz mit einfacher Bedienung, robustem Aufbau bei kompakter Gr\u00f6\u00dfe und mit hoher Zuverl\u00e4ssigkeit \u00fcberzeugen. Bis zu 2,5 Stunden k\u00f6nne mit einer Akkuladung nonstop gearbeitet werden, so K\u00e4rcher. Dabei reichen die m\u00f6glichen Anwendungsfelder von Produktionshallen \u00fcber Lager- und Verkaufsfl\u00e4chen bis hin zu Handwerksbetrieben, Tankstellen oder Parkdecks. Mit der Maschine kann also sowohl in geschlossenen R\u00e4umen als auch im Freien gearbeitet werden.<\/p>\n<p>Bei randnahen Arbeiten sch\u00fctzt die robuste Konstruktion der KM 85\/50 W Bp vor Besch\u00e4digungen. Daf\u00fcr sorgen laut K\u00e4rcher beispielsweise der doppelwandige Rahmen und die sto\u00dfgesch\u00fctzten Seitenbesen. Die rotierende Kehrwalze ist pendelnd gelagert. Sie passt sich so bestm\u00f6glich verschiedenen Untergr\u00fcnden an, was f\u00fcr ein sehr gutes Reinigungsergebnis sorgt. Ein verschlei\u00dfbedingtes Justieren ist nicht erforderlich. Die Kehrwalze und der Seitenbesen lassen sich werkzeuglos wechseln. Die Arbeitsbreite mit einem Seitenbesen betr\u00e4gt 850 mm, wird ein zweiter, optionaler Seitenbesen montiert, sind es 1050 mm.<\/p>\n<p>Der elektrische Antrieb soll den Bediener entlasten. Er erlaubt eine Fahrgeschwindigkeit von 4,5 km\/h. Sobald der Schubb\u00fcgel nach vorne gedr\u00fcckt wird, wird der Antrieb aktiviert, zieht man daran, unterst\u00fctzt der Antrieb die R\u00fcckw\u00e4rtsfahrt. Eine serienm\u00e4\u00dfig eingebaute Scheibenbremse sorgt f\u00fcr einen schnellen Stopp mit sehr kurzem Bremsweg. Vor dem unbeabsichtigten Rollen auf schr\u00e4gen Fl\u00e4chen l\u00e4sst sich die Kehrmaschine mit einer Feststellbremse sichern.<\/p>\n<div class=\"gallery-container\"><div class=\"owl-carousel owl-theme\">\r\n        <div>\r\n        \t<img decoding=\"async\" src=\"https:\/\/static.krafthand-truck.de\/uploads\/2021\/03\/Kaercher_KM_85_50_W_Bp_Application_4-1024x652.jpg\" alt=\"\" \/>\r\n          <a href=\"https:\/\/static.krafthand-truck.de\/uploads\/2021\/03\/Kaercher_KM_85_50_W_Bp_Application_4-1024x652.jpg\" data-featherlight=\"gallery_69f56841212d9\" class=\"gallery-expand\" data-title=\"Die wartungsfreie Batterie mit einer Kapazit\u00e4t von 115 Ah erm\u00f6glicht lange Einsatzfahrten von bis zu 2,5 Stunden.\"><i class=\"fa fa-expand\" aria-hidden=\"true\"><\/i><\/a>\r\n        \t<div class=\"gallery-caption wp-caption-text\"><p>Die wartungsfreie Batterie mit einer Kapazit\u00e4t von 115 Ah erm\u00f6glicht lange Einsatzfahrten von bis zu 2,5 Stunden.<\/p>\n<\/div>\r\n        <\/div>\r\n        <div>\r\n        \t<img decoding=\"async\" src=\"https:\/\/static.krafthand-truck.de\/uploads\/2021\/03\/Kaercher_KM_85_50_W_Bp_Product_2-1024x681.jpg\" alt=\"\" \/>\r\n          <a href=\"https:\/\/static.krafthand-truck.de\/uploads\/2021\/03\/Kaercher_KM_85_50_W_Bp_Product_2-1024x681.jpg\" data-featherlight=\"gallery_69f56841212d9\" class=\"gallery-expand\" data-title=\"Der Kehrgutbeh\u00e4lter kann abgenommen und auf eigenen Rollen zur Entleerung bewegt werden. Schmutzkontakt f\u00fcr den Anwender wird weitgehend vermieden.\"><i class=\"fa fa-expand\" aria-hidden=\"true\"><\/i><\/a>\r\n        \t<div class=\"gallery-caption wp-caption-text\"><p>Der Kehrgutbeh\u00e4lter kann abgenommen und auf eigenen Rollen zur Entleerung bewegt werden. Schmutzkontakt f\u00fcr den Anwender wird weitgehend vermieden.<\/p>\n<\/div>\r\n        <\/div>\r\n        <div>\r\n        \t<img decoding=\"async\" src=\"https:\/\/static.krafthand-truck.de\/uploads\/2021\/03\/Kaercher_KM_85_50_W_Bp_Product_3-1024x669.jpg\" alt=\"\" \/>\r\n          <a href=\"https:\/\/static.krafthand-truck.de\/uploads\/2021\/03\/Kaercher_KM_85_50_W_Bp_Product_3-1024x669.jpg\" data-featherlight=\"gallery_69f56841212d9\" class=\"gallery-expand\" data-title=\"Ein Flachfaltenfilter mit 2,3 m\u00b2 gro\u00dfer Filterfl\u00e4che aus waschbarem Polyestermaterial erm\u00f6glicht zusammen mit der wirkungsvollen, mechanischen Dual-Filterabreinigung lange Arbeitsintervalle.\"><i class=\"fa fa-expand\" aria-hidden=\"true\"><\/i><\/a>\r\n        \t<div class=\"gallery-caption wp-caption-text\"><p>Ein Flachfaltenfilter mit 2,3 m\u00b2 gro\u00dfer Filterfl\u00e4che aus waschbarem Polyestermaterial erm\u00f6glicht zusammen mit der wirkungsvollen, mechanischen Dual-Filterabreinigung lange Arbeitsintervalle.<\/p>\n<\/div>\r\n        <\/div><\/div><\/div>\r\n\t<script>\r\n\t\tjQuery(document).ready(function($){\r\n      setTimeout(function(){\r\n  \t\t\t$(\".owl-carousel\").owlCarousel({\r\n  \t\t\t\tloop:true,\r\n    \t\t\tmargin:10,\r\n    \t\t\tresponsiveClass:true,\r\n    \t\t\titems:1,\r\n    \t\t\tautoHeight: true,\r\n          nav: true,\r\n          URLhashListener: true,\r\n          startPosition: \"URLHash\",\r\n          navText: [\r\n            \"<i class='fa fa-chevron-left'><\/i>\",\r\n            \"<i class='fa fa-chevron-right'><\/i>\"\r\n          ],\r\n  \t\t\t});\r\n      }, 2000);\r\n\t\t});\r\n\t<\/script>\r\n\t\n<p>Ein Flachfaltenfilter mit 2,3 m\u00b2 gro\u00dfer Filterfl\u00e4che aus waschbarem Polyestermaterial erm\u00f6glicht den Angaben zufolge lange Arbeitsintervalle. Der Filter sitzt nahezu horizontal in der Maschine, was eine besonders effiziente, mechanische Filterabreinigung erm\u00f6glicht. Diese kann jederzeit manuell ausgel\u00f6st werden. So bleibt die Reinigungsleistung erhalten \u2013 auch bei erh\u00f6htem Schmutz- und Staubaufkommen.<\/p>\n<p>Die Kehrmaschine KM 85\/50 W Bp arbeitet nach dem \u00dcberwurfprinzip. Dies habe laut K\u00e4rcher den Vorteil, dass das Volumen des 50 Liter fassenden Kehrbeh\u00e4lters zu 100 Prozent genutzt werden kann. Der Beh\u00e4lter aus schlagz\u00e4hem Kunststoff kann einfach von Hand abgenommen und auf eigenen Rollen zur Entleerung bewegt werden. Der Schmutzkontakt wird f\u00fcr den Anwender weitgehend vermieden.<\/p>\n<p>Die neue Kehrmaschine KM 85\/50 W Bp l\u00f6st das Vorg\u00e4nger-Modell mit gleicher Bezeichnung ab. <a href=\"https:\/\/www.kaercher.com\/de\/\" target=\"_blank\" rel=\"noopener\">K\u00e4rcher<\/a> setzt auch bei den Kehrmaschinen verst\u00e4rkt auf Akkutechnik: Die bisherigen Varianten mit Verbrennermotor entfallen. Bei der Bp Pack-Version ist ein 24 Volt-Akku mit 115 Ah im Lieferumfang enthalten.<\/p>\n<p>&nbsp;<\/p>\n","protected":false},"excerpt":{"rendered":"<p>Die Firma K\u00e4rcher hat mit der Nachl\u00e4ufer-Kehrmaschine KM 85\/50 W Bp ein Modell f\u00fcr mittelgro\u00dfer Fl\u00e4chen von 900 bis 6.000 qm vorgestellt. <span class=\"excerpt-more__dots\">&#8230;<\/span> <a class=\"excerpt-more__link\" href=\"https:\/\/www.krafthand.de\/truck\/artikel\/elektrischer-feger-27162\/\" >weiter<\/a><\/p>\n","protected":false},"author":9,"featured_media":27166,"comment_status":"closed","ping_status":"closed","sticky":false,"template":"","format":"standard","meta":{"footnotes":""},"categories":[4220],"tags":[3190,4304,4305],"settings":[],"class_list":["post-27162","post","type-post","status-publish","format-standard","has-post-thumbnail","hentry","category-werkstattausruestung","tag-kaercher","tag-kehrmaschine","tag-km-85-50-w-bp"],"yoast_head":"<!-- This site is optimized with the Yoast SEO plugin v27.3 - https:\/\/yoast.com\/product\/yoast-seo-wordpress\/ -->\n<title>Elektrischer Feger - Krafthand-Truck<\/title>\n<meta name=\"robots\" content=\"index, follow, max-snippet:-1, max-image-preview:large, max-video-preview:-1\" \/>\n<link rel=\"canonical\" href=\"https:\/\/www.krafthand.de\/truck\/artikel\/elektrischer-feger-27162\/\" \/>\n<meta property=\"og:locale\" content=\"de_DE\" \/>\n<meta property=\"og:type\" content=\"article\" \/>\n<meta property=\"og:title\" content=\"Elektrischer Feger - Krafthand-Truck\" \/>\n<meta property=\"og:description\" content=\"Die Firma K\u00e4rcher hat mit der Nachl\u00e4ufer-Kehrmaschine KM 85\/50 W Bp ein Modell f\u00fcr mittelgro\u00dfer Fl\u00e4chen von 900 bis 6.000 qm vorgestellt. ... weiter\" \/>\n<meta property=\"og:url\" content=\"https:\/\/www.krafthand-truck.de\/artikel\/elektrischer-feger-27162\/\" \/>\n<meta property=\"og:site_name\" content=\"Krafthand-Truck\" \/>\n<meta property=\"article:published_time\" content=\"2021-03-31T11:28:49+00:00\" \/>\n<meta property=\"article:modified_time\" content=\"2021-03-31T11:30:33+00:00\" \/>\n<meta property=\"og:image\" content=\"https:\/\/www.krafthand.de\/truck\/wp-content\/uploads\/2021\/03\/Kaercher_KM_85_50_W_Bp_Product_1.jpg\" \/>\n\t<meta property=\"og:image:width\" content=\"1200\" \/>\n\t<meta property=\"og:image:height\" content=\"876\" \/>\n\t<meta property=\"og:image:type\" content=\"image\/jpeg\" \/>\n<meta name=\"author\" content=\"georg.blenk@krafthand-medien.de\" \/>\n<meta name=\"twitter:card\" content=\"summary_large_image\" \/>\n<meta name=\"twitter:label1\" content=\"Verfasst von\" \/>\n\t<meta name=\"twitter:data1\" content=\"georg.blenk@krafthand-medien.de\" \/>\n\t<meta name=\"twitter:label2\" content=\"Gesch\u00e4tzte Lesezeit\" \/>\n\t<meta name=\"twitter:data2\" content=\"2\u00a0Minuten\" \/>\n<script type=\"application\/ld+json\" class=\"yoast-schema-graph\">{\"@context\":\"https:\\\/\\\/schema.org\",\"@graph\":[{\"@type\":\"Article\",\"@id\":\"https:\\\/\\\/www.krafthand.de\\\/truck\\\/artikel\\\/elektrischer-feger-27162\\\/#article\",\"isPartOf\":{\"@id\":\"https:\\\/\\\/www.krafthand.de\\\/truck\\\/artikel\\\/elektrischer-feger-27162\\\/\"},\"author\":{\"name\":\"georg.blenk@krafthand-medien.de\",\"@id\":\"https:\\\/\\\/www.krafthand.de\\\/truck\\\/#\\\/schema\\\/person\\\/51fa80b1c57034c4bf63f9f988fc24ce\"},\"headline\":\"Elektrischer Feger\",\"datePublished\":\"2021-03-31T11:28:49+00:00\",\"dateModified\":\"2021-03-31T11:30:33+00:00\",\"mainEntityOfPage\":{\"@id\":\"https:\\\/\\\/www.krafthand.de\\\/truck\\\/artikel\\\/elektrischer-feger-27162\\\/\"},\"wordCount\":415,\"image\":{\"@id\":\"https:\\\/\\\/www.krafthand.de\\\/truck\\\/artikel\\\/elektrischer-feger-27162\\\/#primaryimage\"},\"thumbnailUrl\":\"https:\\\/\\\/static.krafthand-truck.de\\\/uploads\\\/2021\\\/03\\\/Kaercher_KM_85_50_W_Bp_Product_1.jpg\",\"keywords\":[\"K\u00e4rcher\",\"Kehrmaschine\",\"KM 85\\\/50 W Bp\"],\"articleSection\":[\"Werkstattausr\u00fcstung\"],\"inLanguage\":\"de\"},{\"@type\":\"WebPage\",\"@id\":\"https:\\\/\\\/www.krafthand.de\\\/truck\\\/artikel\\\/elektrischer-feger-27162\\\/\",\"url\":\"https:\\\/\\\/www.krafthand.de\\\/truck\\\/artikel\\\/elektrischer-feger-27162\\\/\",\"name\":\"Elektrischer Feger - Krafthand-Truck\",\"isPartOf\":{\"@id\":\"https:\\\/\\\/www.krafthand.de\\\/truck\\\/#website\"},\"primaryImageOfPage\":{\"@id\":\"https:\\\/\\\/www.krafthand.de\\\/truck\\\/artikel\\\/elektrischer-feger-27162\\\/#primaryimage\"},\"image\":{\"@id\":\"https:\\\/\\\/www.krafthand.de\\\/truck\\\/artikel\\\/elektrischer-feger-27162\\\/#primaryimage\"},\"thumbnailUrl\":\"https:\\\/\\\/static.krafthand-truck.de\\\/uploads\\\/2021\\\/03\\\/Kaercher_KM_85_50_W_Bp_Product_1.jpg\",\"datePublished\":\"2021-03-31T11:28:49+00:00\",\"dateModified\":\"2021-03-31T11:30:33+00:00\",\"author\":{\"@id\":\"https:\\\/\\\/www.krafthand.de\\\/truck\\\/#\\\/schema\\\/person\\\/51fa80b1c57034c4bf63f9f988fc24ce\"},\"breadcrumb\":{\"@id\":\"https:\\\/\\\/www.krafthand.de\\\/truck\\\/artikel\\\/elektrischer-feger-27162\\\/#breadcrumb\"},\"inLanguage\":\"de\",\"potentialAction\":[{\"@type\":\"ReadAction\",\"target\":[\"https:\\\/\\\/www.krafthand.de\\\/truck\\\/artikel\\\/elektrischer-feger-27162\\\/\"]}]},{\"@type\":\"ImageObject\",\"inLanguage\":\"de\",\"@id\":\"https:\\\/\\\/www.krafthand.de\\\/truck\\\/artikel\\\/elektrischer-feger-27162\\\/#primaryimage\",\"url\":\"https:\\\/\\\/static.krafthand-truck.de\\\/uploads\\\/2021\\\/03\\\/Kaercher_KM_85_50_W_Bp_Product_1.jpg\",\"contentUrl\":\"https:\\\/\\\/static.krafthand-truck.de\\\/uploads\\\/2021\\\/03\\\/Kaercher_KM_85_50_W_Bp_Product_1.jpg\",\"width\":1200,\"height\":876},{\"@type\":\"BreadcrumbList\",\"@id\":\"https:\\\/\\\/www.krafthand.de\\\/truck\\\/artikel\\\/elektrischer-feger-27162\\\/#breadcrumb\",\"itemListElement\":[{\"@type\":\"ListItem\",\"position\":1,\"name\":\"Krafthand-Truck\",\"item\":\"https:\\\/\\\/www.krafthand.de\\\/truck\\\/\"},{\"@type\":\"ListItem\",\"position\":2,\"name\":\"Nfz-Service\",\"item\":\"https:\\\/\\\/www.krafthand.de\\\/truck\\\/kategorie\\\/nfz-service\\\/\"},{\"@type\":\"ListItem\",\"position\":3,\"name\":\"Werkstattausr\u00fcstung\",\"item\":\"https:\\\/\\\/www.krafthand.de\\\/truck\\\/kategorie\\\/nfz-service\\\/werkstattausruestung\\\/\"},{\"@type\":\"ListItem\",\"position\":4,\"name\":\"Elektrischer Feger\"}]},{\"@type\":\"WebSite\",\"@id\":\"https:\\\/\\\/www.krafthand.de\\\/truck\\\/#website\",\"url\":\"https:\\\/\\\/www.krafthand.de\\\/truck\\\/\",\"name\":\"Krafthand-Truck\",\"description\":\"\",\"potentialAction\":[{\"@type\":\"SearchAction\",\"target\":{\"@type\":\"EntryPoint\",\"urlTemplate\":\"https:\\\/\\\/www.krafthand.de\\\/truck\\\/?s={search_term_string}\"},\"query-input\":{\"@type\":\"PropertyValueSpecification\",\"valueRequired\":true,\"valueName\":\"search_term_string\"}}],\"inLanguage\":\"de\"},{\"@type\":\"Person\",\"@id\":\"https:\\\/\\\/www.krafthand.de\\\/truck\\\/#\\\/schema\\\/person\\\/51fa80b1c57034c4bf63f9f988fc24ce\",\"name\":\"georg.blenk@krafthand-medien.de\",\"image\":{\"@type\":\"ImageObject\",\"inLanguage\":\"de\",\"@id\":\"https:\\\/\\\/secure.gravatar.com\\\/avatar\\\/93713c30affe0aa95d3a4130e499bb1abee2eb31adbdd9ce2aa1543538490215?s=96&d=mm&r=g\",\"url\":\"https:\\\/\\\/secure.gravatar.com\\\/avatar\\\/93713c30affe0aa95d3a4130e499bb1abee2eb31adbdd9ce2aa1543538490215?s=96&d=mm&r=g\",\"contentUrl\":\"https:\\\/\\\/secure.gravatar.com\\\/avatar\\\/93713c30affe0aa95d3a4130e499bb1abee2eb31adbdd9ce2aa1543538490215?s=96&d=mm&r=g\",\"caption\":\"georg.blenk@krafthand-medien.de\"}}]}<\/script>\n<!-- \/ Yoast SEO plugin. -->","yoast_head_json":{"title":"Elektrischer Feger - Krafthand-Truck","robots":{"index":"index","follow":"follow","max-snippet":"max-snippet:-1","max-image-preview":"max-image-preview:large","max-video-preview":"max-video-preview:-1"},"canonical":"https:\/\/www.krafthand.de\/truck\/artikel\/elektrischer-feger-27162\/","og_locale":"de_DE","og_type":"article","og_title":"Elektrischer Feger - Krafthand-Truck","og_description":"Die Firma K\u00e4rcher hat mit der Nachl\u00e4ufer-Kehrmaschine KM 85\/50 W Bp ein Modell f\u00fcr mittelgro\u00dfer Fl\u00e4chen von 900 bis 6.000 qm vorgestellt. ... weiter","og_url":"https:\/\/www.krafthand-truck.de\/artikel\/elektrischer-feger-27162\/","og_site_name":"Krafthand-Truck","article_published_time":"2021-03-31T11:28:49+00:00","article_modified_time":"2021-03-31T11:30:33+00:00","og_image":[{"width":1200,"height":876,"url":"https:\/\/www.krafthand.de\/truck\/wp-content\/uploads\/2021\/03\/Kaercher_KM_85_50_W_Bp_Product_1.jpg","type":"image\/jpeg"}],"author":"georg.blenk@krafthand-medien.de","twitter_card":"summary_large_image","twitter_misc":{"Verfasst von":"georg.blenk@krafthand-medien.de","Gesch\u00e4tzte Lesezeit":"2\u00a0Minuten"},"schema":{"@context":"https:\/\/schema.org","@graph":[{"@type":"Article","@id":"https:\/\/www.krafthand.de\/truck\/artikel\/elektrischer-feger-27162\/#article","isPartOf":{"@id":"https:\/\/www.krafthand.de\/truck\/artikel\/elektrischer-feger-27162\/"},"author":{"name":"georg.blenk@krafthand-medien.de","@id":"https:\/\/www.krafthand.de\/truck\/#\/schema\/person\/51fa80b1c57034c4bf63f9f988fc24ce"},"headline":"Elektrischer Feger","datePublished":"2021-03-31T11:28:49+00:00","dateModified":"2021-03-31T11:30:33+00:00","mainEntityOfPage":{"@id":"https:\/\/www.krafthand.de\/truck\/artikel\/elektrischer-feger-27162\/"},"wordCount":415,"image":{"@id":"https:\/\/www.krafthand.de\/truck\/artikel\/elektrischer-feger-27162\/#primaryimage"},"thumbnailUrl":"https:\/\/static.krafthand-truck.de\/uploads\/2021\/03\/Kaercher_KM_85_50_W_Bp_Product_1.jpg","keywords":["K\u00e4rcher","Kehrmaschine","KM 85\/50 W Bp"],"articleSection":["Werkstattausr\u00fcstung"],"inLanguage":"de"},{"@type":"WebPage","@id":"https:\/\/www.krafthand.de\/truck\/artikel\/elektrischer-feger-27162\/","url":"https:\/\/www.krafthand.de\/truck\/artikel\/elektrischer-feger-27162\/","name":"Elektrischer Feger - Krafthand-Truck","isPartOf":{"@id":"https:\/\/www.krafthand.de\/truck\/#website"},"primaryImageOfPage":{"@id":"https:\/\/www.krafthand.de\/truck\/artikel\/elektrischer-feger-27162\/#primaryimage"},"image":{"@id":"https:\/\/www.krafthand.de\/truck\/artikel\/elektrischer-feger-27162\/#primaryimage"},"thumbnailUrl":"https:\/\/static.krafthand-truck.de\/uploads\/2021\/03\/Kaercher_KM_85_50_W_Bp_Product_1.jpg","datePublished":"2021-03-31T11:28:49+00:00","dateModified":"2021-03-31T11:30:33+00:00","author":{"@id":"https:\/\/www.krafthand.de\/truck\/#\/schema\/person\/51fa80b1c57034c4bf63f9f988fc24ce"},"breadcrumb":{"@id":"https:\/\/www.krafthand.de\/truck\/artikel\/elektrischer-feger-27162\/#breadcrumb"},"inLanguage":"de","potentialAction":[{"@type":"ReadAction","target":["https:\/\/www.krafthand.de\/truck\/artikel\/elektrischer-feger-27162\/"]}]},{"@type":"ImageObject","inLanguage":"de","@id":"https:\/\/www.krafthand.de\/truck\/artikel\/elektrischer-feger-27162\/#primaryimage","url":"https:\/\/static.krafthand-truck.de\/uploads\/2021\/03\/Kaercher_KM_85_50_W_Bp_Product_1.jpg","contentUrl":"https:\/\/static.krafthand-truck.de\/uploads\/2021\/03\/Kaercher_KM_85_50_W_Bp_Product_1.jpg","width":1200,"height":876},{"@type":"BreadcrumbList","@id":"https:\/\/www.krafthand.de\/truck\/artikel\/elektrischer-feger-27162\/#breadcrumb","itemListElement":[{"@type":"ListItem","position":1,"name":"Krafthand-Truck","item":"https:\/\/www.krafthand.de\/truck\/"},{"@type":"ListItem","position":2,"name":"Nfz-Service","item":"https:\/\/www.krafthand.de\/truck\/kategorie\/nfz-service\/"},{"@type":"ListItem","position":3,"name":"Werkstattausr\u00fcstung","item":"https:\/\/www.krafthand.de\/truck\/kategorie\/nfz-service\/werkstattausruestung\/"},{"@type":"ListItem","position":4,"name":"Elektrischer Feger"}]},{"@type":"WebSite","@id":"https:\/\/www.krafthand.de\/truck\/#website","url":"https:\/\/www.krafthand.de\/truck\/","name":"Krafthand-Truck","description":"","potentialAction":[{"@type":"SearchAction","target":{"@type":"EntryPoint","urlTemplate":"https:\/\/www.krafthand.de\/truck\/?s={search_term_string}"},"query-input":{"@type":"PropertyValueSpecification","valueRequired":true,"valueName":"search_term_string"}}],"inLanguage":"de"},{"@type":"Person","@id":"https:\/\/www.krafthand.de\/truck\/#\/schema\/person\/51fa80b1c57034c4bf63f9f988fc24ce","name":"georg.blenk@krafthand-medien.de","image":{"@type":"ImageObject","inLanguage":"de","@id":"https:\/\/secure.gravatar.com\/avatar\/93713c30affe0aa95d3a4130e499bb1abee2eb31adbdd9ce2aa1543538490215?s=96&d=mm&r=g","url":"https:\/\/secure.gravatar.com\/avatar\/93713c30affe0aa95d3a4130e499bb1abee2eb31adbdd9ce2aa1543538490215?s=96&d=mm&r=g","contentUrl":"https:\/\/secure.gravatar.com\/avatar\/93713c30affe0aa95d3a4130e499bb1abee2eb31adbdd9ce2aa1543538490215?s=96&d=mm&r=g","caption":"georg.blenk@krafthand-medien.de"}}]}},"_links":{"self":[{"href":"https:\/\/www.krafthand.de\/truck\/wp-json\/wp\/v2\/posts\/27162","targetHints":{"allow":["GET"]}}],"collection":[{"href":"https:\/\/www.krafthand.de\/truck\/wp-json\/wp\/v2\/posts"}],"about":[{"href":"https:\/\/www.krafthand.de\/truck\/wp-json\/wp\/v2\/types\/post"}],"author":[{"embeddable":true,"href":"https:\/\/www.krafthand.de\/truck\/wp-json\/wp\/v2\/users\/9"}],"replies":[{"embeddable":true,"href":"https:\/\/www.krafthand.de\/truck\/wp-json\/wp\/v2\/comments?post=27162"}],"version-history":[{"count":7,"href":"https:\/\/www.krafthand.de\/truck\/wp-json\/wp\/v2\/posts\/27162\/revisions"}],"predecessor-version":[{"id":27173,"href":"https:\/\/www.krafthand.de\/truck\/wp-json\/wp\/v2\/posts\/27162\/revisions\/27173"}],"wp:featuredmedia":[{"embeddable":true,"href":"https:\/\/www.krafthand.de\/truck\/wp-json\/wp\/v2\/media\/27166"}],"wp:attachment":[{"href":"https:\/\/www.krafthand.de\/truck\/wp-json\/wp\/v2\/media?parent=27162"}],"wp:term":[{"taxonomy":"category","embeddable":true,"href":"https:\/\/www.krafthand.de\/truck\/wp-json\/wp\/v2\/categories?post=27162"},{"taxonomy":"post_tag","embeddable":true,"href":"https:\/\/www.krafthand.de\/truck\/wp-json\/wp\/v2\/tags?post=27162"},{"taxonomy":"settings","embeddable":true,"href":"https:\/\/www.krafthand.de\/truck\/wp-json\/wp\/v2\/settings?post=27162"}],"curies":[{"name":"wp","href":"https:\/\/api.w.org\/{rel}","templated":true}]}}