{"id":27109,"date":"2021-03-26T07:36:10","date_gmt":"2021-03-26T06:36:10","guid":{"rendered":"https:\/\/www.krafthand.de\/truck\/?p=27109"},"modified":"2021-03-26T07:36:10","modified_gmt":"2021-03-26T06:36:10","slug":"trailer-hersteller-forciert-deutschland-geschaeft","status":"publish","type":"post","link":"https:\/\/www.krafthand.de\/truck\/artikel\/trailer-hersteller-forciert-deutschland-geschaeft-27109\/","title":{"rendered":"Trailer-Hersteller forciert Deutschland-Gesch\u00e4ft"},"content":{"rendered":"<p>Nach dem 2016 bereits die Grundsteine f\u00fcr die Pr\u00e4senz auf dem deutschen Markt gelegt wurden, forciert der Trailer-Hersteller Wielton ab sofort das Deutschlandgesch\u00e4ft. Hierzu wurde der bisherige Hauptsitz der Wielton GmbH von Waltrop an den Langendorf-St\u00fctzpunkt nach Trebbin verlegt. Vor 25 Jahren im polnischen Wielu\u0144 gegr\u00fcndet, geh\u00f6rt Wielton eigenen Angaben zufolge heute zu den drei gr\u00f6\u00dften Herstellern von Anh\u00e4ngern, Aufliegern und Aufbauten in Europa sowie zu den zehn gr\u00f6\u00dften Herstellern in der Branche weltweit.<\/p>\n<blockquote><p>\u201eMit der Gr\u00fcndung der Wielton GmbH haben wir in den letzten Jahren die ersten, vorsichtigen Schritte auf dem deutschen Markt gemacht. Dieses Jahr haben wir uns sehr hohe Ziele gesteckt und wollen das Gesch\u00e4ft in Deutschland deutlich ausbauen\u201d, so Martin Kemker, Vertriebsleiter der Wielton GmbH.<\/p><\/blockquote>\n<p>In Deutschland m\u00f6chte sich Wielton zun\u00e4chst auf das Angebot von Volumen-Aufliegern, Curtainsiders, Container-Chassis, Kipp-Aufbauten, Frachtkoffern, Abrollbeh\u00e4lter-Anh\u00e4ngern, offenen Pritschensattel-Aufliegern und Tandem-Kombinationen mit und ohne Aufbauten fokussieren. Die acht Fahrzeuggruppen sind in zahlreichen Konfigurationen je nach Kundenbed\u00fcrfnis erh\u00e4ltlich.<\/p>\n<p>Ein wachsendes Netz autorisierter Servicepartner soll fl\u00e4chendeckend die wichtigsten Dienstleistungen sicherstellen. Wielton arbeitet eigenen Angaben zufolge ausschlie\u00dflich mit etablierten Premium-Zulieferern zusammen, so dass eine besonders engmaschige Verf\u00fcgbarkeit von Ersatzteilen gegeben ist. Mehr ist unter <a href=\"http:\/\/www.wielton.de\" target=\"_blank\" rel=\"noopener\">www.wielton.de<\/a> zu erfahren.<\/p>\n","protected":false},"excerpt":{"rendered":"<p>Nach dem 2016 bereits die Grundsteine f\u00fcr die Pr\u00e4senz auf dem deutschen Markt gelegt wurden, forciert der Trailer-Hersteller Wielton ab sofort das Deutschlandgesch\u00e4ft. <span class=\"excerpt-more__dots\">&#8230;<\/span> <a class=\"excerpt-more__link\" href=\"https:\/\/www.krafthand.de\/truck\/artikel\/trailer-hersteller-forciert-deutschland-geschaeft-27109\/\" >weiter<\/a><\/p>\n","protected":false},"author":9,"featured_media":27110,"comment_status":"closed","ping_status":"closed","sticky":false,"template":"","format":"standard","meta":{"footnotes":""},"categories":[4235],"tags":[4297,599,2295],"settings":[3523],"class_list":["post-27109","post","type-post","status-publish","format-standard","has-post-thumbnail","hentry","category-unternehmen","tag-curtan-master","tag-trailer","tag-wielton"],"yoast_head":"<!-- This site is optimized with the Yoast SEO plugin v27.3 - https:\/\/yoast.com\/product\/yoast-seo-wordpress\/ -->\n<title>Trailer-Hersteller forciert Deutschland-Gesch\u00e4ft - Krafthand-Truck<\/title>\n<meta name=\"robots\" content=\"index, follow, max-snippet:-1, max-image-preview:large, max-video-preview:-1\" \/>\n<link rel=\"canonical\" href=\"https:\/\/www.krafthand.de\/truck\/artikel\/trailer-hersteller-forciert-deutschland-geschaeft-27109\/\" \/>\n<meta property=\"og:locale\" content=\"de_DE\" \/>\n<meta property=\"og:type\" content=\"article\" \/>\n<meta property=\"og:title\" content=\"Trailer-Hersteller forciert Deutschland-Gesch\u00e4ft - Krafthand-Truck\" \/>\n<meta property=\"og:description\" content=\"Nach dem 2016 bereits die Grundsteine f\u00fcr die Pr\u00e4senz auf dem deutschen Markt gelegt wurden, forciert der Trailer-Hersteller Wielton ab sofort das Deutschlandgesch\u00e4ft. ... weiter\" \/>\n<meta property=\"og:url\" content=\"https:\/\/www.krafthand-truck.de\/artikel\/trailer-hersteller-forciert-deutschland-geschaeft-27109\/\" \/>\n<meta property=\"og:site_name\" content=\"Krafthand-Truck\" \/>\n<meta property=\"article:published_time\" content=\"2021-03-26T06:36:10+00:00\" \/>\n<meta property=\"og:image\" content=\"https:\/\/www.krafthand.de\/truck\/wp-content\/uploads\/2021\/03\/Wielton_Curtain-Master.jpg\" \/>\n\t<meta property=\"og:image:width\" content=\"1200\" \/>\n\t<meta property=\"og:image:height\" content=\"682\" \/>\n\t<meta property=\"og:image:type\" content=\"image\/jpeg\" \/>\n<meta name=\"author\" content=\"georg.blenk@krafthand-medien.de\" \/>\n<meta name=\"twitter:card\" content=\"summary_large_image\" \/>\n<meta name=\"twitter:label1\" content=\"Verfasst von\" \/>\n\t<meta name=\"twitter:data1\" content=\"georg.blenk@krafthand-medien.de\" \/>\n\t<meta name=\"twitter:label2\" content=\"Gesch\u00e4tzte Lesezeit\" \/>\n\t<meta name=\"twitter:data2\" content=\"1\u00a0Minute\" \/>\n<script type=\"application\/ld+json\" class=\"yoast-schema-graph\">{\"@context\":\"https:\\\/\\\/schema.org\",\"@graph\":[{\"@type\":\"Article\",\"@id\":\"https:\\\/\\\/www.krafthand.de\\\/truck\\\/artikel\\\/trailer-hersteller-forciert-deutschland-geschaeft-27109\\\/#article\",\"isPartOf\":{\"@id\":\"https:\\\/\\\/www.krafthand.de\\\/truck\\\/artikel\\\/trailer-hersteller-forciert-deutschland-geschaeft-27109\\\/\"},\"author\":{\"name\":\"georg.blenk@krafthand-medien.de\",\"@id\":\"https:\\\/\\\/www.krafthand.de\\\/truck\\\/#\\\/schema\\\/person\\\/51fa80b1c57034c4bf63f9f988fc24ce\"},\"headline\":\"Trailer-Hersteller forciert Deutschland-Gesch\u00e4ft\",\"datePublished\":\"2021-03-26T06:36:10+00:00\",\"mainEntityOfPage\":{\"@id\":\"https:\\\/\\\/www.krafthand.de\\\/truck\\\/artikel\\\/trailer-hersteller-forciert-deutschland-geschaeft-27109\\\/\"},\"wordCount\":216,\"image\":{\"@id\":\"https:\\\/\\\/www.krafthand.de\\\/truck\\\/artikel\\\/trailer-hersteller-forciert-deutschland-geschaeft-27109\\\/#primaryimage\"},\"thumbnailUrl\":\"https:\\\/\\\/static.krafthand-truck.de\\\/uploads\\\/2021\\\/03\\\/Wielton_Curtain-Master.jpg\",\"keywords\":[\"Curtan-Master\",\"Trailer\",\"Wielton\"],\"articleSection\":[\"Unternehmen\"],\"inLanguage\":\"de\"},{\"@type\":\"WebPage\",\"@id\":\"https:\\\/\\\/www.krafthand.de\\\/truck\\\/artikel\\\/trailer-hersteller-forciert-deutschland-geschaeft-27109\\\/\",\"url\":\"https:\\\/\\\/www.krafthand.de\\\/truck\\\/artikel\\\/trailer-hersteller-forciert-deutschland-geschaeft-27109\\\/\",\"name\":\"Trailer-Hersteller forciert Deutschland-Gesch\u00e4ft - Krafthand-Truck\",\"isPartOf\":{\"@id\":\"https:\\\/\\\/www.krafthand.de\\\/truck\\\/#website\"},\"primaryImageOfPage\":{\"@id\":\"https:\\\/\\\/www.krafthand.de\\\/truck\\\/artikel\\\/trailer-hersteller-forciert-deutschland-geschaeft-27109\\\/#primaryimage\"},\"image\":{\"@id\":\"https:\\\/\\\/www.krafthand.de\\\/truck\\\/artikel\\\/trailer-hersteller-forciert-deutschland-geschaeft-27109\\\/#primaryimage\"},\"thumbnailUrl\":\"https:\\\/\\\/static.krafthand-truck.de\\\/uploads\\\/2021\\\/03\\\/Wielton_Curtain-Master.jpg\",\"datePublished\":\"2021-03-26T06:36:10+00:00\",\"author\":{\"@id\":\"https:\\\/\\\/www.krafthand.de\\\/truck\\\/#\\\/schema\\\/person\\\/51fa80b1c57034c4bf63f9f988fc24ce\"},\"breadcrumb\":{\"@id\":\"https:\\\/\\\/www.krafthand.de\\\/truck\\\/artikel\\\/trailer-hersteller-forciert-deutschland-geschaeft-27109\\\/#breadcrumb\"},\"inLanguage\":\"de\",\"potentialAction\":[{\"@type\":\"ReadAction\",\"target\":[\"https:\\\/\\\/www.krafthand.de\\\/truck\\\/artikel\\\/trailer-hersteller-forciert-deutschland-geschaeft-27109\\\/\"]}]},{\"@type\":\"ImageObject\",\"inLanguage\":\"de\",\"@id\":\"https:\\\/\\\/www.krafthand.de\\\/truck\\\/artikel\\\/trailer-hersteller-forciert-deutschland-geschaeft-27109\\\/#primaryimage\",\"url\":\"https:\\\/\\\/static.krafthand-truck.de\\\/uploads\\\/2021\\\/03\\\/Wielton_Curtain-Master.jpg\",\"contentUrl\":\"https:\\\/\\\/static.krafthand-truck.de\\\/uploads\\\/2021\\\/03\\\/Wielton_Curtain-Master.jpg\",\"width\":1200,\"height\":682,\"caption\":\"Wielton, Trailer\"},{\"@type\":\"BreadcrumbList\",\"@id\":\"https:\\\/\\\/www.krafthand.de\\\/truck\\\/artikel\\\/trailer-hersteller-forciert-deutschland-geschaeft-27109\\\/#breadcrumb\",\"itemListElement\":[{\"@type\":\"ListItem\",\"position\":1,\"name\":\"Krafthand-Truck\",\"item\":\"https:\\\/\\\/www.krafthand.de\\\/truck\\\/\"},{\"@type\":\"ListItem\",\"position\":2,\"name\":\"Nfz-Branche\",\"item\":\"https:\\\/\\\/www.krafthand.de\\\/truck\\\/kategorie\\\/branche\\\/\"},{\"@type\":\"ListItem\",\"position\":3,\"name\":\"Unternehmen\",\"item\":\"https:\\\/\\\/www.krafthand.de\\\/truck\\\/kategorie\\\/branche\\\/unternehmen\\\/\"},{\"@type\":\"ListItem\",\"position\":4,\"name\":\"Trailer-Hersteller forciert Deutschland-Gesch\u00e4ft\"}]},{\"@type\":\"WebSite\",\"@id\":\"https:\\\/\\\/www.krafthand.de\\\/truck\\\/#website\",\"url\":\"https:\\\/\\\/www.krafthand.de\\\/truck\\\/\",\"name\":\"Krafthand-Truck\",\"description\":\"\",\"potentialAction\":[{\"@type\":\"SearchAction\",\"target\":{\"@type\":\"EntryPoint\",\"urlTemplate\":\"https:\\\/\\\/www.krafthand.de\\\/truck\\\/?s={search_term_string}\"},\"query-input\":{\"@type\":\"PropertyValueSpecification\",\"valueRequired\":true,\"valueName\":\"search_term_string\"}}],\"inLanguage\":\"de\"},{\"@type\":\"Person\",\"@id\":\"https:\\\/\\\/www.krafthand.de\\\/truck\\\/#\\\/schema\\\/person\\\/51fa80b1c57034c4bf63f9f988fc24ce\",\"name\":\"georg.blenk@krafthand-medien.de\",\"image\":{\"@type\":\"ImageObject\",\"inLanguage\":\"de\",\"@id\":\"https:\\\/\\\/secure.gravatar.com\\\/avatar\\\/93713c30affe0aa95d3a4130e499bb1abee2eb31adbdd9ce2aa1543538490215?s=96&d=mm&r=g\",\"url\":\"https:\\\/\\\/secure.gravatar.com\\\/avatar\\\/93713c30affe0aa95d3a4130e499bb1abee2eb31adbdd9ce2aa1543538490215?s=96&d=mm&r=g\",\"contentUrl\":\"https:\\\/\\\/secure.gravatar.com\\\/avatar\\\/93713c30affe0aa95d3a4130e499bb1abee2eb31adbdd9ce2aa1543538490215?s=96&d=mm&r=g\",\"caption\":\"georg.blenk@krafthand-medien.de\"}}]}<\/script>\n<!-- \/ Yoast SEO plugin. -->","yoast_head_json":{"title":"Trailer-Hersteller forciert Deutschland-Gesch\u00e4ft - Krafthand-Truck","robots":{"index":"index","follow":"follow","max-snippet":"max-snippet:-1","max-image-preview":"max-image-preview:large","max-video-preview":"max-video-preview:-1"},"canonical":"https:\/\/www.krafthand.de\/truck\/artikel\/trailer-hersteller-forciert-deutschland-geschaeft-27109\/","og_locale":"de_DE","og_type":"article","og_title":"Trailer-Hersteller forciert Deutschland-Gesch\u00e4ft - Krafthand-Truck","og_description":"Nach dem 2016 bereits die Grundsteine f\u00fcr die Pr\u00e4senz auf dem deutschen Markt gelegt wurden, forciert der Trailer-Hersteller Wielton ab sofort das Deutschlandgesch\u00e4ft. ... weiter","og_url":"https:\/\/www.krafthand-truck.de\/artikel\/trailer-hersteller-forciert-deutschland-geschaeft-27109\/","og_site_name":"Krafthand-Truck","article_published_time":"2021-03-26T06:36:10+00:00","og_image":[{"width":1200,"height":682,"url":"https:\/\/www.krafthand.de\/truck\/wp-content\/uploads\/2021\/03\/Wielton_Curtain-Master.jpg","type":"image\/jpeg"}],"author":"georg.blenk@krafthand-medien.de","twitter_card":"summary_large_image","twitter_misc":{"Verfasst von":"georg.blenk@krafthand-medien.de","Gesch\u00e4tzte Lesezeit":"1\u00a0Minute"},"schema":{"@context":"https:\/\/schema.org","@graph":[{"@type":"Article","@id":"https:\/\/www.krafthand.de\/truck\/artikel\/trailer-hersteller-forciert-deutschland-geschaeft-27109\/#article","isPartOf":{"@id":"https:\/\/www.krafthand.de\/truck\/artikel\/trailer-hersteller-forciert-deutschland-geschaeft-27109\/"},"author":{"name":"georg.blenk@krafthand-medien.de","@id":"https:\/\/www.krafthand.de\/truck\/#\/schema\/person\/51fa80b1c57034c4bf63f9f988fc24ce"},"headline":"Trailer-Hersteller forciert Deutschland-Gesch\u00e4ft","datePublished":"2021-03-26T06:36:10+00:00","mainEntityOfPage":{"@id":"https:\/\/www.krafthand.de\/truck\/artikel\/trailer-hersteller-forciert-deutschland-geschaeft-27109\/"},"wordCount":216,"image":{"@id":"https:\/\/www.krafthand.de\/truck\/artikel\/trailer-hersteller-forciert-deutschland-geschaeft-27109\/#primaryimage"},"thumbnailUrl":"https:\/\/static.krafthand-truck.de\/uploads\/2021\/03\/Wielton_Curtain-Master.jpg","keywords":["Curtan-Master","Trailer","Wielton"],"articleSection":["Unternehmen"],"inLanguage":"de"},{"@type":"WebPage","@id":"https:\/\/www.krafthand.de\/truck\/artikel\/trailer-hersteller-forciert-deutschland-geschaeft-27109\/","url":"https:\/\/www.krafthand.de\/truck\/artikel\/trailer-hersteller-forciert-deutschland-geschaeft-27109\/","name":"Trailer-Hersteller forciert Deutschland-Gesch\u00e4ft - Krafthand-Truck","isPartOf":{"@id":"https:\/\/www.krafthand.de\/truck\/#website"},"primaryImageOfPage":{"@id":"https:\/\/www.krafthand.de\/truck\/artikel\/trailer-hersteller-forciert-deutschland-geschaeft-27109\/#primaryimage"},"image":{"@id":"https:\/\/www.krafthand.de\/truck\/artikel\/trailer-hersteller-forciert-deutschland-geschaeft-27109\/#primaryimage"},"thumbnailUrl":"https:\/\/static.krafthand-truck.de\/uploads\/2021\/03\/Wielton_Curtain-Master.jpg","datePublished":"2021-03-26T06:36:10+00:00","author":{"@id":"https:\/\/www.krafthand.de\/truck\/#\/schema\/person\/51fa80b1c57034c4bf63f9f988fc24ce"},"breadcrumb":{"@id":"https:\/\/www.krafthand.de\/truck\/artikel\/trailer-hersteller-forciert-deutschland-geschaeft-27109\/#breadcrumb"},"inLanguage":"de","potentialAction":[{"@type":"ReadAction","target":["https:\/\/www.krafthand.de\/truck\/artikel\/trailer-hersteller-forciert-deutschland-geschaeft-27109\/"]}]},{"@type":"ImageObject","inLanguage":"de","@id":"https:\/\/www.krafthand.de\/truck\/artikel\/trailer-hersteller-forciert-deutschland-geschaeft-27109\/#primaryimage","url":"https:\/\/static.krafthand-truck.de\/uploads\/2021\/03\/Wielton_Curtain-Master.jpg","contentUrl":"https:\/\/static.krafthand-truck.de\/uploads\/2021\/03\/Wielton_Curtain-Master.jpg","width":1200,"height":682,"caption":"Wielton, Trailer"},{"@type":"BreadcrumbList","@id":"https:\/\/www.krafthand.de\/truck\/artikel\/trailer-hersteller-forciert-deutschland-geschaeft-27109\/#breadcrumb","itemListElement":[{"@type":"ListItem","position":1,"name":"Krafthand-Truck","item":"https:\/\/www.krafthand.de\/truck\/"},{"@type":"ListItem","position":2,"name":"Nfz-Branche","item":"https:\/\/www.krafthand.de\/truck\/kategorie\/branche\/"},{"@type":"ListItem","position":3,"name":"Unternehmen","item":"https:\/\/www.krafthand.de\/truck\/kategorie\/branche\/unternehmen\/"},{"@type":"ListItem","position":4,"name":"Trailer-Hersteller forciert Deutschland-Gesch\u00e4ft"}]},{"@type":"WebSite","@id":"https:\/\/www.krafthand.de\/truck\/#website","url":"https:\/\/www.krafthand.de\/truck\/","name":"Krafthand-Truck","description":"","potentialAction":[{"@type":"SearchAction","target":{"@type":"EntryPoint","urlTemplate":"https:\/\/www.krafthand.de\/truck\/?s={search_term_string}"},"query-input":{"@type":"PropertyValueSpecification","valueRequired":true,"valueName":"search_term_string"}}],"inLanguage":"de"},{"@type":"Person","@id":"https:\/\/www.krafthand.de\/truck\/#\/schema\/person\/51fa80b1c57034c4bf63f9f988fc24ce","name":"georg.blenk@krafthand-medien.de","image":{"@type":"ImageObject","inLanguage":"de","@id":"https:\/\/secure.gravatar.com\/avatar\/93713c30affe0aa95d3a4130e499bb1abee2eb31adbdd9ce2aa1543538490215?s=96&d=mm&r=g","url":"https:\/\/secure.gravatar.com\/avatar\/93713c30affe0aa95d3a4130e499bb1abee2eb31adbdd9ce2aa1543538490215?s=96&d=mm&r=g","contentUrl":"https:\/\/secure.gravatar.com\/avatar\/93713c30affe0aa95d3a4130e499bb1abee2eb31adbdd9ce2aa1543538490215?s=96&d=mm&r=g","caption":"georg.blenk@krafthand-medien.de"}}]}},"_links":{"self":[{"href":"https:\/\/www.krafthand.de\/truck\/wp-json\/wp\/v2\/posts\/27109","targetHints":{"allow":["GET"]}}],"collection":[{"href":"https:\/\/www.krafthand.de\/truck\/wp-json\/wp\/v2\/posts"}],"about":[{"href":"https:\/\/www.krafthand.de\/truck\/wp-json\/wp\/v2\/types\/post"}],"author":[{"embeddable":true,"href":"https:\/\/www.krafthand.de\/truck\/wp-json\/wp\/v2\/users\/9"}],"replies":[{"embeddable":true,"href":"https:\/\/www.krafthand.de\/truck\/wp-json\/wp\/v2\/comments?post=27109"}],"version-history":[{"count":1,"href":"https:\/\/www.krafthand.de\/truck\/wp-json\/wp\/v2\/posts\/27109\/revisions"}],"predecessor-version":[{"id":27111,"href":"https:\/\/www.krafthand.de\/truck\/wp-json\/wp\/v2\/posts\/27109\/revisions\/27111"}],"wp:featuredmedia":[{"embeddable":true,"href":"https:\/\/www.krafthand.de\/truck\/wp-json\/wp\/v2\/media\/27110"}],"wp:attachment":[{"href":"https:\/\/www.krafthand.de\/truck\/wp-json\/wp\/v2\/media?parent=27109"}],"wp:term":[{"taxonomy":"category","embeddable":true,"href":"https:\/\/www.krafthand.de\/truck\/wp-json\/wp\/v2\/categories?post=27109"},{"taxonomy":"post_tag","embeddable":true,"href":"https:\/\/www.krafthand.de\/truck\/wp-json\/wp\/v2\/tags?post=27109"},{"taxonomy":"settings","embeddable":true,"href":"https:\/\/www.krafthand.de\/truck\/wp-json\/wp\/v2\/settings?post=27109"}],"curies":[{"name":"wp","href":"https:\/\/api.w.org\/{rel}","templated":true}]}}