{"id":27088,"date":"2021-03-24T14:27:45","date_gmt":"2021-03-24T13:27:45","guid":{"rendered":"https:\/\/www.krafthand.de\/truck\/?p=27088"},"modified":"2021-04-08T10:22:29","modified_gmt":"2021-04-08T08:22:29","slug":"auszubildende-restaurieren-historische-fahrzeuge","status":"publish","type":"post","link":"https:\/\/www.krafthand.de\/truck\/artikel\/auszubildende-restaurieren-historische-fahrzeuge-27088\/","title":{"rendered":"Auszubildende restaurieren historische Fahrzeuge"},"content":{"rendered":"<p>Es war als Projekt zum 150-Jahre-Jubil\u00e4um 2021 gedacht. Entwickelt hat sich wesentlich mehr, n\u00e4mlich ein neues Ausbildungsziel f\u00fcr die technischen Lehrlinge im Schwarzm\u00fcller Hauptwerk Hanzing. Die Rede ist von der Restaurierung historischer Fahrzeuge, mit der sich die Auszubildenden im aktuellen Jubil\u00e4umsjahr intensiv besch\u00e4ftigen. F\u00fcr CEO Roland Hartwig ist das Projekt eine Herzensangelegenheit.<\/p>\n<blockquote><p>\u201eWir sollten wissen, woher wir kommen, um unsere Richtung f\u00fcr die Zukunft bestimmen zu k\u00f6nnen.\u201c<\/p><\/blockquote>\n<p>Er kaufte f\u00fcnf historische Fahrzeuge an und stellte sie den Nachwuchskr\u00e4ften zur Verf\u00fcgung. Wieder auf Hochglanz gebracht, sollen sie im geplanten Auslieferungszentrum f\u00fcr Neufahrzeuge ausgestellt werden. Aber jetzt steht bereits fest: Das Projekt &#8218;Restaurierung&#8216; wird fortgesetzt. Denn die Jugendlichen lernen nicht nur jede Menge \u00fcber die Fahrzeuge, sondern machen auch gemeinsam die Erfahrung, wie ein komplexes Projekt zu stemmen ist.<\/p>\n<figure id=\"attachment_27093\" aria-describedby=\"caption-attachment-27093\" style=\"width: 300px\" class=\"wp-caption alignleft\"><a href=\"https:\/\/www.krafthand.de\/truck\/wp-content\/uploads\/2021\/03\/Roland_Hartwig_Schwarzmueller.jpg\" target=\"_blank\" rel=\"noopener\"><img fetchpriority=\"high\" decoding=\"async\" class=\"wp-image-27093 size-medium\" src=\"https:\/\/www.krafthand.de\/truck\/wp-content\/uploads\/2021\/03\/Roland_Hartwig_Schwarzmueller-300x223.jpg\" alt=\"\" width=\"300\" height=\"223\" srcset=\"https:\/\/static.krafthand-truck.de\/uploads\/2021\/03\/Roland_Hartwig_Schwarzmueller-300x223.jpg 300w, https:\/\/static.krafthand-truck.de\/uploads\/2021\/03\/Roland_Hartwig_Schwarzmueller-1024x762.jpg 1024w, https:\/\/static.krafthand-truck.de\/uploads\/2021\/03\/Roland_Hartwig_Schwarzmueller-768x572.jpg 768w, https:\/\/static.krafthand-truck.de\/uploads\/2021\/03\/Roland_Hartwig_Schwarzmueller-200x150.jpg 200w, https:\/\/static.krafthand-truck.de\/uploads\/2021\/03\/Roland_Hartwig_Schwarzmueller.jpg 1200w\" sizes=\"(max-width: 300px) 100vw, 300px\" \/><\/a><figcaption id=\"caption-attachment-27093\" class=\"wp-caption-text\">Roland Hartwig leitet das Unternehmen seit 2016 und unterst\u00fctzt die Restaurierung historischer Schwarzm\u00fcller Fahrzeuge durch die technischen Lehrlinge im Werk Hanzing. Bild: Schwarzm\u00fcller<\/figcaption><\/figure>\n<p>Startschuss war\u00a0 ein medialer Aufruf Ende 2019, dass <a href=\"https:\/\/www.schwarzmueller.com\/de\/home\/\" target=\"_blank\" rel=\"noopener\">Schwarzm\u00fcller<\/a> f\u00fcr sein Unternehmensjubil\u00e4um historische Fahrzeuge ankaufen m\u00f6chte. Vier St\u00fcck, die in alten Scheunen wohl l\u00e4ngst vergessen waren, landeten schlie\u00dflich in Hanzing. Dort stand schon ein h\u00f6chst seltener \u00dcbersiedlungswagen. Er sieht wie ein Klein-Lkw aus, ist aber ein Anh\u00e4nger, der eine Zugmaschine ben\u00f6tigt. Im \u201eFahrerhaus\u201c mit Fensterscheibe sa\u00dfen beim M\u00f6beltransport die M\u00f6belpacker. An dieses Prunkst\u00fcck musste nur zart Hand angelegt werden, um den Originalzustand wiederherzustellen.<\/p>\n<h3>Plateau-Anh\u00e4nger und Zweiseiten-Kipper<\/h3>\n<p>Ganz anders waren die Herausforderungen bei den weiteren Oldtimern. Die drei Plateauanh\u00e4nger und der Zweiseiten-Kipper sind vom jahrzehntelangen Einsatz in Gewerbe oder Landwirtschaft arg mitgenommen. Allesamt stammen sie aus der Zeit nach dem Zweiten Weltkrieg, sind aber dennoch seltene Oldtimer, die man f\u00fcr die Zukunft erhalten muss. Davon ist Projektleiter Bernhard Huber, gleichzeitig Ausbildungsleiter im Werk Hanzing, \u00fcberzeugt.<\/p>\n<blockquote><p>\u201eDie Jugendlichen lernen dabei enorm viel. Die Restaurierung ist angewandtes Projektmanagement, wie man es in der regul\u00e4ren Produktion kaum erfahren wird,&#8220; so Huber.<\/p><\/blockquote>\n<p>Die alten Fahrzeuge m\u00fcssen zuerst dokumentiert, sprich gezeichnet und beschrieben werden. Dann zerlegt man sie komplett, repariert die Teile oder baut sie nach, um zum Schluss alles wieder zusammenzusetzen. Diese Komplexit\u00e4t hat am Anfang nicht nur Begeisterung ausgel\u00f6st. Aber durch die umsichtige Anleitung von Huber, der privat seit Jahrzehnten Fahrzeuge restauriert, sind jetzt alle voll dabei. Gearbeitet wird in Zweierteams, die sich je zwei Wochen nur mit dem Oldtimer besch\u00e4ftigen. Huber legt gro\u00dfen Wert darauf, dass die alten, nicht die heutigen Techniken angewendet werden. Die Lehrlinge k\u00f6nnen danach die zeitgen\u00f6ssischen Methoden besser einordnen. Beim Zweiseiten-Kipper, bei dem eine Kurbel von Hand bet\u00e4tigt wird, um das Ladegut abzuladen, kommt selbst der abgebr\u00fchte Profi Huber ins Schw\u00e4rmen \u00fcber den Erfindungsgeist der Altvorderen.<\/p>\n<figure id=\"attachment_27095\" aria-describedby=\"caption-attachment-27095\" style=\"width: 300px\" class=\"wp-caption alignright\"><a href=\"https:\/\/www.krafthand.de\/truck\/wp-content\/uploads\/2021\/03\/schwarzmueller_pkw.jpg\" target=\"_blank\" rel=\"noopener\"><img decoding=\"async\" class=\"wp-image-27095 size-medium\" src=\"https:\/\/www.krafthand.de\/truck\/wp-content\/uploads\/2021\/03\/schwarzmueller_pkw-300x186.jpg\" alt=\"\" width=\"300\" height=\"186\" srcset=\"https:\/\/static.krafthand-truck.de\/uploads\/2021\/03\/schwarzmueller_pkw-300x186.jpg 300w, https:\/\/static.krafthand-truck.de\/uploads\/2021\/03\/schwarzmueller_pkw-1024x635.jpg 1024w, https:\/\/static.krafthand-truck.de\/uploads\/2021\/03\/schwarzmueller_pkw-768x476.jpg 768w, https:\/\/static.krafthand-truck.de\/uploads\/2021\/03\/schwarzmueller_pkw.jpg 1200w\" sizes=\"(max-width: 300px) 100vw, 300px\" \/><\/a><figcaption id=\"caption-attachment-27095\" class=\"wp-caption-text\">Der Traum von Projektleiter Bernhard Huber: Einen Schwarzm\u00fcller PKW aus den 1930er Jahren ausgraben und von Grund auf restaurieren. Bild: Schwarzm\u00fcller<\/figcaption><\/figure>\n<h3>Oldtimer gesucht!<\/h3>\n<p>Und weil mit dem Projekt Oldtimer so positive Erfahrungen verbunden sind, hat der oberste Chef Roland Hartwig die Zustimmung erteilt, dass Restaurierung in den allgemeinen Ausbildungsplan aufgenommen wird. Ein Problem ergibt sich dann zwangsl\u00e4ufig: Man braucht Nachschub! Hat Huber daf\u00fcr einen Wunschtraum? \u201eJa, aber leider einen schwer erf\u00fcllbaren! Schwarzm\u00fcller hat in den 1930er Jahren sogar Pkw gebaut. Es w\u00e4re das H\u00f6chste, so einen zu finden und ihn von Grund auf wieder instand zu setzen!\u201c Dem geplanten Schauraum w\u00fcrde so ein Fahrzeug aus der Urzeit der Motorisierung ein echtes Highlight bescheren!<\/p>\n\r\n\t\t\t\t<div class=\"post-author\">\r\n\t\t\t\t\t<div class=\"khm-cp-author clearfix\">\r\n\t\t\t\t\t\t<div class=\"khm-cp-author__content\">\r\n\t\t\t\t\t\t\t\tKontakt zum Autor:<br \/>\r\n\t\t\t\t\t\t\t\t<strong>Georg Blenk<\/strong>, 08247 \/ 3007-45 |  <a href=\"mailto:georg.blenk@krafthand-medien.de\">georg.blenk@krafthand-medien.de<\/a>\r\n\t\t\t\t\t\t\t<div class=\"khm-cp-author__image\">\r\n\t\t\t\t\t\t<img src=\"https:\/\/static.krafthand-truck.de\/uploads\/2021\/01\/Blenk_6104-250x300-1-removebg-preview.png\" class=\"img-responsive\">\r\n\t\t\t\t\t<\/div>\r\n\t\t\t\t\t\t<\/div>\r\n\t\t\t\t\t<\/div>\r\n\t\t\t\t<\/div>\r\n\t\t\t\t","protected":false},"excerpt":{"rendered":"<p>Der \u00f6sterreichische Trailer-Spezialist Schwarzm\u00fcller l\u00e4sst Azubis historische Fahrzeuge restaurieren. Das Projekt entwickelte sich auch bei der Gesch\u00e4ftsf\u00fchrung zur Herzensangelegenheit. <span class=\"excerpt-more__dots\">&#8230;<\/span> <a class=\"excerpt-more__link\" href=\"https:\/\/www.krafthand.de\/truck\/artikel\/auszubildende-restaurieren-historische-fahrzeuge-27088\/\" >weiter<\/a><\/p>\n","protected":false},"author":9,"featured_media":27092,"comment_status":"closed","ping_status":"closed","sticky":false,"template":"","format":"standard","meta":{"footnotes":""},"categories":[4324,4235],"tags":[1014,4294,4296,4295],"settings":[3524,3523],"class_list":["post-27088","post","type-post","status-publish","format-standard","has-post-thumbnail","hentry","category-schulungen-bildung","category-unternehmen","tag-ausbildung","tag-oldtimer","tag-rolang-hartwig","tag-schwarmueller"],"yoast_head":"<!-- This site is optimized with the Yoast SEO plugin v27.3 - https:\/\/yoast.com\/product\/yoast-seo-wordpress\/ -->\n<title>Auszubildende restaurieren historische Fahrzeuge - Krafthand-Truck<\/title>\n<meta name=\"robots\" content=\"index, follow, max-snippet:-1, max-image-preview:large, max-video-preview:-1\" \/>\n<link rel=\"canonical\" href=\"https:\/\/www.krafthand.de\/truck\/artikel\/auszubildende-restaurieren-historische-fahrzeuge-27088\/\" \/>\n<meta property=\"og:locale\" content=\"de_DE\" \/>\n<meta property=\"og:type\" content=\"article\" \/>\n<meta property=\"og:title\" content=\"Auszubildende restaurieren historische Fahrzeuge - Krafthand-Truck\" \/>\n<meta property=\"og:description\" content=\"Der \u00f6sterreichische Trailer-Spezialist Schwarzm\u00fcller l\u00e4sst Azubis historische Fahrzeuge restaurieren. Das Projekt entwickelte sich auch bei der Gesch\u00e4ftsf\u00fchrung zur Herzensangelegenheit. ... weiter\" \/>\n<meta property=\"og:url\" content=\"https:\/\/www.krafthand-truck.de\/artikel\/auszubildende-restaurieren-historische-fahrzeuge-27088\/\" \/>\n<meta property=\"og:site_name\" content=\"Krafthand-Truck\" \/>\n<meta property=\"article:published_time\" content=\"2021-03-24T13:27:45+00:00\" \/>\n<meta property=\"article:modified_time\" content=\"2021-04-08T08:22:29+00:00\" \/>\n<meta property=\"og:image\" content=\"https:\/\/www.krafthand.de\/truck\/wp-content\/uploads\/2021\/03\/Schwarzmueller_Umzugswagen.jpg\" \/>\n\t<meta property=\"og:image:width\" content=\"1200\" \/>\n\t<meta property=\"og:image:height\" content=\"768\" \/>\n\t<meta property=\"og:image:type\" content=\"image\/jpeg\" \/>\n<meta name=\"author\" content=\"georg.blenk@krafthand-medien.de\" \/>\n<meta name=\"twitter:card\" content=\"summary_large_image\" \/>\n<meta name=\"twitter:label1\" content=\"Verfasst von\" \/>\n\t<meta name=\"twitter:data1\" content=\"georg.blenk@krafthand-medien.de\" \/>\n\t<meta name=\"twitter:label2\" content=\"Gesch\u00e4tzte Lesezeit\" \/>\n\t<meta name=\"twitter:data2\" content=\"3\u00a0Minuten\" \/>\n<script type=\"application\/ld+json\" class=\"yoast-schema-graph\">{\"@context\":\"https:\\\/\\\/schema.org\",\"@graph\":[{\"@type\":\"Article\",\"@id\":\"https:\\\/\\\/www.krafthand.de\\\/truck\\\/artikel\\\/auszubildende-restaurieren-historische-fahrzeuge-27088\\\/#article\",\"isPartOf\":{\"@id\":\"https:\\\/\\\/www.krafthand.de\\\/truck\\\/artikel\\\/auszubildende-restaurieren-historische-fahrzeuge-27088\\\/\"},\"author\":{\"name\":\"georg.blenk@krafthand-medien.de\",\"@id\":\"https:\\\/\\\/www.krafthand.de\\\/truck\\\/#\\\/schema\\\/person\\\/51fa80b1c57034c4bf63f9f988fc24ce\"},\"headline\":\"Auszubildende restaurieren historische Fahrzeuge\",\"datePublished\":\"2021-03-24T13:27:45+00:00\",\"dateModified\":\"2021-04-08T08:22:29+00:00\",\"mainEntityOfPage\":{\"@id\":\"https:\\\/\\\/www.krafthand.de\\\/truck\\\/artikel\\\/auszubildende-restaurieren-historische-fahrzeuge-27088\\\/\"},\"wordCount\":608,\"image\":{\"@id\":\"https:\\\/\\\/www.krafthand.de\\\/truck\\\/artikel\\\/auszubildende-restaurieren-historische-fahrzeuge-27088\\\/#primaryimage\"},\"thumbnailUrl\":\"https:\\\/\\\/static.krafthand-truck.de\\\/uploads\\\/2021\\\/03\\\/Schwarzmueller_Umzugswagen.jpg\",\"keywords\":[\"Ausbildung\",\"Oldtimer\",\"Rolang Hartwig\",\"Schwarm\u00fcller\"],\"articleSection\":[\"Schulungen\\\/Bildung\",\"Unternehmen\"],\"inLanguage\":\"de\"},{\"@type\":\"WebPage\",\"@id\":\"https:\\\/\\\/www.krafthand.de\\\/truck\\\/artikel\\\/auszubildende-restaurieren-historische-fahrzeuge-27088\\\/\",\"url\":\"https:\\\/\\\/www.krafthand.de\\\/truck\\\/artikel\\\/auszubildende-restaurieren-historische-fahrzeuge-27088\\\/\",\"name\":\"Auszubildende restaurieren historische Fahrzeuge - Krafthand-Truck\",\"isPartOf\":{\"@id\":\"https:\\\/\\\/www.krafthand.de\\\/truck\\\/#website\"},\"primaryImageOfPage\":{\"@id\":\"https:\\\/\\\/www.krafthand.de\\\/truck\\\/artikel\\\/auszubildende-restaurieren-historische-fahrzeuge-27088\\\/#primaryimage\"},\"image\":{\"@id\":\"https:\\\/\\\/www.krafthand.de\\\/truck\\\/artikel\\\/auszubildende-restaurieren-historische-fahrzeuge-27088\\\/#primaryimage\"},\"thumbnailUrl\":\"https:\\\/\\\/static.krafthand-truck.de\\\/uploads\\\/2021\\\/03\\\/Schwarzmueller_Umzugswagen.jpg\",\"datePublished\":\"2021-03-24T13:27:45+00:00\",\"dateModified\":\"2021-04-08T08:22:29+00:00\",\"author\":{\"@id\":\"https:\\\/\\\/www.krafthand.de\\\/truck\\\/#\\\/schema\\\/person\\\/51fa80b1c57034c4bf63f9f988fc24ce\"},\"breadcrumb\":{\"@id\":\"https:\\\/\\\/www.krafthand.de\\\/truck\\\/artikel\\\/auszubildende-restaurieren-historische-fahrzeuge-27088\\\/#breadcrumb\"},\"inLanguage\":\"de\",\"potentialAction\":[{\"@type\":\"ReadAction\",\"target\":[\"https:\\\/\\\/www.krafthand.de\\\/truck\\\/artikel\\\/auszubildende-restaurieren-historische-fahrzeuge-27088\\\/\"]}]},{\"@type\":\"ImageObject\",\"inLanguage\":\"de\",\"@id\":\"https:\\\/\\\/www.krafthand.de\\\/truck\\\/artikel\\\/auszubildende-restaurieren-historische-fahrzeuge-27088\\\/#primaryimage\",\"url\":\"https:\\\/\\\/static.krafthand-truck.de\\\/uploads\\\/2021\\\/03\\\/Schwarzmueller_Umzugswagen.jpg\",\"contentUrl\":\"https:\\\/\\\/static.krafthand-truck.de\\\/uploads\\\/2021\\\/03\\\/Schwarzmueller_Umzugswagen.jpg\",\"width\":1200,\"height\":768},{\"@type\":\"BreadcrumbList\",\"@id\":\"https:\\\/\\\/www.krafthand.de\\\/truck\\\/artikel\\\/auszubildende-restaurieren-historische-fahrzeuge-27088\\\/#breadcrumb\",\"itemListElement\":[{\"@type\":\"ListItem\",\"position\":1,\"name\":\"Krafthand-Truck\",\"item\":\"https:\\\/\\\/www.krafthand.de\\\/truck\\\/\"},{\"@type\":\"ListItem\",\"position\":2,\"name\":\"Nfz-Branche\",\"item\":\"https:\\\/\\\/www.krafthand.de\\\/truck\\\/kategorie\\\/branche\\\/\"},{\"@type\":\"ListItem\",\"position\":3,\"name\":\"Unternehmen\",\"item\":\"https:\\\/\\\/www.krafthand.de\\\/truck\\\/kategorie\\\/branche\\\/unternehmen\\\/\"},{\"@type\":\"ListItem\",\"position\":4,\"name\":\"Auszubildende restaurieren historische Fahrzeuge\"}]},{\"@type\":\"WebSite\",\"@id\":\"https:\\\/\\\/www.krafthand.de\\\/truck\\\/#website\",\"url\":\"https:\\\/\\\/www.krafthand.de\\\/truck\\\/\",\"name\":\"Krafthand-Truck\",\"description\":\"\",\"potentialAction\":[{\"@type\":\"SearchAction\",\"target\":{\"@type\":\"EntryPoint\",\"urlTemplate\":\"https:\\\/\\\/www.krafthand.de\\\/truck\\\/?s={search_term_string}\"},\"query-input\":{\"@type\":\"PropertyValueSpecification\",\"valueRequired\":true,\"valueName\":\"search_term_string\"}}],\"inLanguage\":\"de\"},{\"@type\":\"Person\",\"@id\":\"https:\\\/\\\/www.krafthand.de\\\/truck\\\/#\\\/schema\\\/person\\\/51fa80b1c57034c4bf63f9f988fc24ce\",\"name\":\"georg.blenk@krafthand-medien.de\",\"image\":{\"@type\":\"ImageObject\",\"inLanguage\":\"de\",\"@id\":\"https:\\\/\\\/secure.gravatar.com\\\/avatar\\\/93713c30affe0aa95d3a4130e499bb1abee2eb31adbdd9ce2aa1543538490215?s=96&d=mm&r=g\",\"url\":\"https:\\\/\\\/secure.gravatar.com\\\/avatar\\\/93713c30affe0aa95d3a4130e499bb1abee2eb31adbdd9ce2aa1543538490215?s=96&d=mm&r=g\",\"contentUrl\":\"https:\\\/\\\/secure.gravatar.com\\\/avatar\\\/93713c30affe0aa95d3a4130e499bb1abee2eb31adbdd9ce2aa1543538490215?s=96&d=mm&r=g\",\"caption\":\"georg.blenk@krafthand-medien.de\"}}]}<\/script>\n<!-- \/ Yoast SEO plugin. -->","yoast_head_json":{"title":"Auszubildende restaurieren historische Fahrzeuge - Krafthand-Truck","robots":{"index":"index","follow":"follow","max-snippet":"max-snippet:-1","max-image-preview":"max-image-preview:large","max-video-preview":"max-video-preview:-1"},"canonical":"https:\/\/www.krafthand.de\/truck\/artikel\/auszubildende-restaurieren-historische-fahrzeuge-27088\/","og_locale":"de_DE","og_type":"article","og_title":"Auszubildende restaurieren historische Fahrzeuge - Krafthand-Truck","og_description":"Der \u00f6sterreichische Trailer-Spezialist Schwarzm\u00fcller l\u00e4sst Azubis historische Fahrzeuge restaurieren. Das Projekt entwickelte sich auch bei der Gesch\u00e4ftsf\u00fchrung zur Herzensangelegenheit. ... weiter","og_url":"https:\/\/www.krafthand-truck.de\/artikel\/auszubildende-restaurieren-historische-fahrzeuge-27088\/","og_site_name":"Krafthand-Truck","article_published_time":"2021-03-24T13:27:45+00:00","article_modified_time":"2021-04-08T08:22:29+00:00","og_image":[{"width":1200,"height":768,"url":"https:\/\/www.krafthand.de\/truck\/wp-content\/uploads\/2021\/03\/Schwarzmueller_Umzugswagen.jpg","type":"image\/jpeg"}],"author":"georg.blenk@krafthand-medien.de","twitter_card":"summary_large_image","twitter_misc":{"Verfasst von":"georg.blenk@krafthand-medien.de","Gesch\u00e4tzte Lesezeit":"3\u00a0Minuten"},"schema":{"@context":"https:\/\/schema.org","@graph":[{"@type":"Article","@id":"https:\/\/www.krafthand.de\/truck\/artikel\/auszubildende-restaurieren-historische-fahrzeuge-27088\/#article","isPartOf":{"@id":"https:\/\/www.krafthand.de\/truck\/artikel\/auszubildende-restaurieren-historische-fahrzeuge-27088\/"},"author":{"name":"georg.blenk@krafthand-medien.de","@id":"https:\/\/www.krafthand.de\/truck\/#\/schema\/person\/51fa80b1c57034c4bf63f9f988fc24ce"},"headline":"Auszubildende restaurieren historische Fahrzeuge","datePublished":"2021-03-24T13:27:45+00:00","dateModified":"2021-04-08T08:22:29+00:00","mainEntityOfPage":{"@id":"https:\/\/www.krafthand.de\/truck\/artikel\/auszubildende-restaurieren-historische-fahrzeuge-27088\/"},"wordCount":608,"image":{"@id":"https:\/\/www.krafthand.de\/truck\/artikel\/auszubildende-restaurieren-historische-fahrzeuge-27088\/#primaryimage"},"thumbnailUrl":"https:\/\/static.krafthand-truck.de\/uploads\/2021\/03\/Schwarzmueller_Umzugswagen.jpg","keywords":["Ausbildung","Oldtimer","Rolang Hartwig","Schwarm\u00fcller"],"articleSection":["Schulungen\/Bildung","Unternehmen"],"inLanguage":"de"},{"@type":"WebPage","@id":"https:\/\/www.krafthand.de\/truck\/artikel\/auszubildende-restaurieren-historische-fahrzeuge-27088\/","url":"https:\/\/www.krafthand.de\/truck\/artikel\/auszubildende-restaurieren-historische-fahrzeuge-27088\/","name":"Auszubildende restaurieren historische Fahrzeuge - Krafthand-Truck","isPartOf":{"@id":"https:\/\/www.krafthand.de\/truck\/#website"},"primaryImageOfPage":{"@id":"https:\/\/www.krafthand.de\/truck\/artikel\/auszubildende-restaurieren-historische-fahrzeuge-27088\/#primaryimage"},"image":{"@id":"https:\/\/www.krafthand.de\/truck\/artikel\/auszubildende-restaurieren-historische-fahrzeuge-27088\/#primaryimage"},"thumbnailUrl":"https:\/\/static.krafthand-truck.de\/uploads\/2021\/03\/Schwarzmueller_Umzugswagen.jpg","datePublished":"2021-03-24T13:27:45+00:00","dateModified":"2021-04-08T08:22:29+00:00","author":{"@id":"https:\/\/www.krafthand.de\/truck\/#\/schema\/person\/51fa80b1c57034c4bf63f9f988fc24ce"},"breadcrumb":{"@id":"https:\/\/www.krafthand.de\/truck\/artikel\/auszubildende-restaurieren-historische-fahrzeuge-27088\/#breadcrumb"},"inLanguage":"de","potentialAction":[{"@type":"ReadAction","target":["https:\/\/www.krafthand.de\/truck\/artikel\/auszubildende-restaurieren-historische-fahrzeuge-27088\/"]}]},{"@type":"ImageObject","inLanguage":"de","@id":"https:\/\/www.krafthand.de\/truck\/artikel\/auszubildende-restaurieren-historische-fahrzeuge-27088\/#primaryimage","url":"https:\/\/static.krafthand-truck.de\/uploads\/2021\/03\/Schwarzmueller_Umzugswagen.jpg","contentUrl":"https:\/\/static.krafthand-truck.de\/uploads\/2021\/03\/Schwarzmueller_Umzugswagen.jpg","width":1200,"height":768},{"@type":"BreadcrumbList","@id":"https:\/\/www.krafthand.de\/truck\/artikel\/auszubildende-restaurieren-historische-fahrzeuge-27088\/#breadcrumb","itemListElement":[{"@type":"ListItem","position":1,"name":"Krafthand-Truck","item":"https:\/\/www.krafthand.de\/truck\/"},{"@type":"ListItem","position":2,"name":"Nfz-Branche","item":"https:\/\/www.krafthand.de\/truck\/kategorie\/branche\/"},{"@type":"ListItem","position":3,"name":"Unternehmen","item":"https:\/\/www.krafthand.de\/truck\/kategorie\/branche\/unternehmen\/"},{"@type":"ListItem","position":4,"name":"Auszubildende restaurieren historische Fahrzeuge"}]},{"@type":"WebSite","@id":"https:\/\/www.krafthand.de\/truck\/#website","url":"https:\/\/www.krafthand.de\/truck\/","name":"Krafthand-Truck","description":"","potentialAction":[{"@type":"SearchAction","target":{"@type":"EntryPoint","urlTemplate":"https:\/\/www.krafthand.de\/truck\/?s={search_term_string}"},"query-input":{"@type":"PropertyValueSpecification","valueRequired":true,"valueName":"search_term_string"}}],"inLanguage":"de"},{"@type":"Person","@id":"https:\/\/www.krafthand.de\/truck\/#\/schema\/person\/51fa80b1c57034c4bf63f9f988fc24ce","name":"georg.blenk@krafthand-medien.de","image":{"@type":"ImageObject","inLanguage":"de","@id":"https:\/\/secure.gravatar.com\/avatar\/93713c30affe0aa95d3a4130e499bb1abee2eb31adbdd9ce2aa1543538490215?s=96&d=mm&r=g","url":"https:\/\/secure.gravatar.com\/avatar\/93713c30affe0aa95d3a4130e499bb1abee2eb31adbdd9ce2aa1543538490215?s=96&d=mm&r=g","contentUrl":"https:\/\/secure.gravatar.com\/avatar\/93713c30affe0aa95d3a4130e499bb1abee2eb31adbdd9ce2aa1543538490215?s=96&d=mm&r=g","caption":"georg.blenk@krafthand-medien.de"}}]}},"_links":{"self":[{"href":"https:\/\/www.krafthand.de\/truck\/wp-json\/wp\/v2\/posts\/27088","targetHints":{"allow":["GET"]}}],"collection":[{"href":"https:\/\/www.krafthand.de\/truck\/wp-json\/wp\/v2\/posts"}],"about":[{"href":"https:\/\/www.krafthand.de\/truck\/wp-json\/wp\/v2\/types\/post"}],"author":[{"embeddable":true,"href":"https:\/\/www.krafthand.de\/truck\/wp-json\/wp\/v2\/users\/9"}],"replies":[{"embeddable":true,"href":"https:\/\/www.krafthand.de\/truck\/wp-json\/wp\/v2\/comments?post=27088"}],"version-history":[{"count":14,"href":"https:\/\/www.krafthand.de\/truck\/wp-json\/wp\/v2\/posts\/27088\/revisions"}],"predecessor-version":[{"id":27105,"href":"https:\/\/www.krafthand.de\/truck\/wp-json\/wp\/v2\/posts\/27088\/revisions\/27105"}],"wp:featuredmedia":[{"embeddable":true,"href":"https:\/\/www.krafthand.de\/truck\/wp-json\/wp\/v2\/media\/27092"}],"wp:attachment":[{"href":"https:\/\/www.krafthand.de\/truck\/wp-json\/wp\/v2\/media?parent=27088"}],"wp:term":[{"taxonomy":"category","embeddable":true,"href":"https:\/\/www.krafthand.de\/truck\/wp-json\/wp\/v2\/categories?post=27088"},{"taxonomy":"post_tag","embeddable":true,"href":"https:\/\/www.krafthand.de\/truck\/wp-json\/wp\/v2\/tags?post=27088"},{"taxonomy":"settings","embeddable":true,"href":"https:\/\/www.krafthand.de\/truck\/wp-json\/wp\/v2\/settings?post=27088"}],"curies":[{"name":"wp","href":"https:\/\/api.w.org\/{rel}","templated":true}]}}