{"id":27066,"date":"2021-03-22T15:45:53","date_gmt":"2021-03-22T14:45:53","guid":{"rendered":"https:\/\/www.krafthand.de\/truck\/?p=27066"},"modified":"2021-03-22T16:26:07","modified_gmt":"2021-03-22T15:26:07","slug":"europcar-fuehrt-zusammen-mit-uta-tankkarte-ein","status":"publish","type":"post","link":"https:\/\/www.krafthand.de\/truck\/artikel\/europcar-fuehrt-zusammen-mit-uta-tankkarte-ein-27066\/","title":{"rendered":"Europcar f\u00fchrt zusammen mit UTA Tankkarte ein"},"content":{"rendered":"<p>Der Fahrzeugvermieter Europcar f\u00fchrt gemeinsam mit dem Partner UTA die UTA\/Europcar-Tankkarte in Deutschland ein. B2B-Kunden, die sich f\u00fcr eines der Abo- bezeihunsgweise Langzeit-Modelle bei Europcar entscheiden, k\u00f6nnen damit ihr Fahrzeug ab sofort an \u00fcber 52.900 Stationen in 37 L\u00e4ndern\u00a0 bargeldlos betanken. Zus\u00e4tzlich erhalten die Karteninhaber einen Preisnachlass auf Diesel, Benzin sowie Fahrzeugw\u00e4schen bei UTA-Akzeptanzpartnern.<\/p>\n<p>In den vergangenen Monaten war der <a href=\"https:\/\/web.uta.com\/\" target=\"_blank\" rel=\"noopener\">UTA<\/a> zufolge die Nachfrage nach flexiblen und individuellen Mobilit\u00e4tsl\u00f6sungen ohne finanzielles Risiko und langfristige Bindung im Zusammenhang mit der Corona-Krise gestiegen. Die Europcar Mobility Group reagierte demnach auf die ver\u00e4nderten Kundenw\u00fcnsche und baute ihr B2B-Angebot entsprechend aus: Mit den Europcar Long-Term Solutions k\u00f6nnen Kunden heute das f\u00fcr sie und ihre wirtschaftliche Situation passende Fahrzeug &#8211; ob Pkw, Transporter oder Lkw &#8211; ab 28 Tagen mieten und danach jederzeit flexibel k\u00fcndigen.<\/p>\n<p>Mehr Informationen sind online unter <a href=\"https:\/\/www.europcar.de\/business\/long-term\" target=\"_blank\" rel=\"noopener\">europcar.de\/long-term-solutions\/business<\/a> zu finden.<\/p>\n","protected":false},"excerpt":{"rendered":"<p>Der Fahrzeugvermieter Europcar f\u00fchrt gemeinsam mit dem Partner UTA die UTA\/Europcar-Tankkarte in Deutschland ein. B2B-Kunden, die sich f\u00fcr eines der Abo- bezeihunsgweise Langzeit-Modelle bei Europcar entscheiden, k\u00f6nnen damit ihr Fahrzeug ab sofort an \u00fcber 52.900 Stationen in 37 L\u00e4ndern\u00a0 bargeldlos betanken. <span class=\"excerpt-more__dots\">&#8230;<\/span> <a class=\"excerpt-more__link\" href=\"https:\/\/www.krafthand.de\/truck\/artikel\/europcar-fuehrt-zusammen-mit-uta-tankkarte-ein-27066\/\" >weiter<\/a><\/p>\n","protected":false},"author":9,"featured_media":27067,"comment_status":"closed","ping_status":"closed","sticky":false,"template":"","format":"standard","meta":{"footnotes":""},"categories":[4235],"tags":[4284,4285,1973],"settings":[3523],"class_list":["post-27066","post","type-post","status-publish","format-standard","has-post-thumbnail","hentry","category-unternehmen","tag-europcar","tag-tankkarte","tag-uta"],"yoast_head":"<!-- This site is optimized with the Yoast SEO plugin v27.3 - https:\/\/yoast.com\/product\/yoast-seo-wordpress\/ -->\n<title>Europcar f\u00fchrt zusammen mit UTA Tankkarte ein - Krafthand-Truck<\/title>\n<meta name=\"robots\" content=\"index, follow, max-snippet:-1, max-image-preview:large, max-video-preview:-1\" \/>\n<link rel=\"canonical\" href=\"https:\/\/www.krafthand.de\/truck\/artikel\/europcar-fuehrt-zusammen-mit-uta-tankkarte-ein-27066\/\" \/>\n<meta property=\"og:locale\" content=\"de_DE\" \/>\n<meta property=\"og:type\" content=\"article\" \/>\n<meta property=\"og:title\" content=\"Europcar f\u00fchrt zusammen mit UTA Tankkarte ein - Krafthand-Truck\" \/>\n<meta property=\"og:description\" content=\"Der Fahrzeugvermieter Europcar f\u00fchrt gemeinsam mit dem Partner UTA die UTA\/Europcar-Tankkarte in Deutschland ein. B2B-Kunden, die sich f\u00fcr eines der Abo- bezeihunsgweise Langzeit-Modelle bei Europcar entscheiden, k\u00f6nnen damit ihr Fahrzeug ab sofort an \u00fcber 52.900 Stationen in 37 L\u00e4ndern\u00a0 bargeldlos betanken. ... weiter\" \/>\n<meta property=\"og:url\" content=\"https:\/\/www.krafthand-truck.de\/artikel\/europcar-fuehrt-zusammen-mit-uta-tankkarte-ein-27066\/\" \/>\n<meta property=\"og:site_name\" content=\"Krafthand-Truck\" \/>\n<meta property=\"article:published_time\" content=\"2021-03-22T14:45:53+00:00\" \/>\n<meta property=\"article:modified_time\" content=\"2021-03-22T15:26:07+00:00\" \/>\n<meta property=\"og:image\" content=\"https:\/\/www.krafthand.de\/truck\/wp-content\/uploads\/2021\/03\/UTA_EUROPCAR_Card.jpg\" \/>\n\t<meta property=\"og:image:width\" content=\"1015\" \/>\n\t<meta property=\"og:image:height\" content=\"643\" \/>\n\t<meta property=\"og:image:type\" content=\"image\/jpeg\" \/>\n<meta name=\"author\" content=\"georg.blenk@krafthand-medien.de\" \/>\n<meta name=\"twitter:card\" content=\"summary_large_image\" \/>\n<meta name=\"twitter:label1\" content=\"Verfasst von\" \/>\n\t<meta name=\"twitter:data1\" content=\"georg.blenk@krafthand-medien.de\" \/>\n\t<meta name=\"twitter:label2\" content=\"Gesch\u00e4tzte Lesezeit\" \/>\n\t<meta name=\"twitter:data2\" content=\"1\u00a0Minute\" \/>\n<script type=\"application\/ld+json\" class=\"yoast-schema-graph\">{\"@context\":\"https:\\\/\\\/schema.org\",\"@graph\":[{\"@type\":\"Article\",\"@id\":\"https:\\\/\\\/www.krafthand.de\\\/truck\\\/artikel\\\/europcar-fuehrt-zusammen-mit-uta-tankkarte-ein-27066\\\/#article\",\"isPartOf\":{\"@id\":\"https:\\\/\\\/www.krafthand.de\\\/truck\\\/artikel\\\/europcar-fuehrt-zusammen-mit-uta-tankkarte-ein-27066\\\/\"},\"author\":{\"name\":\"georg.blenk@krafthand-medien.de\",\"@id\":\"https:\\\/\\\/www.krafthand.de\\\/truck\\\/#\\\/schema\\\/person\\\/51fa80b1c57034c4bf63f9f988fc24ce\"},\"headline\":\"Europcar f\u00fchrt zusammen mit UTA Tankkarte ein\",\"datePublished\":\"2021-03-22T14:45:53+00:00\",\"dateModified\":\"2021-03-22T15:26:07+00:00\",\"mainEntityOfPage\":{\"@id\":\"https:\\\/\\\/www.krafthand.de\\\/truck\\\/artikel\\\/europcar-fuehrt-zusammen-mit-uta-tankkarte-ein-27066\\\/\"},\"wordCount\":162,\"image\":{\"@id\":\"https:\\\/\\\/www.krafthand.de\\\/truck\\\/artikel\\\/europcar-fuehrt-zusammen-mit-uta-tankkarte-ein-27066\\\/#primaryimage\"},\"thumbnailUrl\":\"https:\\\/\\\/static.krafthand-truck.de\\\/uploads\\\/2021\\\/03\\\/UTA_EUROPCAR_Card.jpg\",\"keywords\":[\"Europcar\",\"Tankkarte\",\"UTA\"],\"articleSection\":[\"Unternehmen\"],\"inLanguage\":\"de\"},{\"@type\":\"WebPage\",\"@id\":\"https:\\\/\\\/www.krafthand.de\\\/truck\\\/artikel\\\/europcar-fuehrt-zusammen-mit-uta-tankkarte-ein-27066\\\/\",\"url\":\"https:\\\/\\\/www.krafthand.de\\\/truck\\\/artikel\\\/europcar-fuehrt-zusammen-mit-uta-tankkarte-ein-27066\\\/\",\"name\":\"Europcar f\u00fchrt zusammen mit UTA Tankkarte ein - Krafthand-Truck\",\"isPartOf\":{\"@id\":\"https:\\\/\\\/www.krafthand.de\\\/truck\\\/#website\"},\"primaryImageOfPage\":{\"@id\":\"https:\\\/\\\/www.krafthand.de\\\/truck\\\/artikel\\\/europcar-fuehrt-zusammen-mit-uta-tankkarte-ein-27066\\\/#primaryimage\"},\"image\":{\"@id\":\"https:\\\/\\\/www.krafthand.de\\\/truck\\\/artikel\\\/europcar-fuehrt-zusammen-mit-uta-tankkarte-ein-27066\\\/#primaryimage\"},\"thumbnailUrl\":\"https:\\\/\\\/static.krafthand-truck.de\\\/uploads\\\/2021\\\/03\\\/UTA_EUROPCAR_Card.jpg\",\"datePublished\":\"2021-03-22T14:45:53+00:00\",\"dateModified\":\"2021-03-22T15:26:07+00:00\",\"author\":{\"@id\":\"https:\\\/\\\/www.krafthand.de\\\/truck\\\/#\\\/schema\\\/person\\\/51fa80b1c57034c4bf63f9f988fc24ce\"},\"breadcrumb\":{\"@id\":\"https:\\\/\\\/www.krafthand.de\\\/truck\\\/artikel\\\/europcar-fuehrt-zusammen-mit-uta-tankkarte-ein-27066\\\/#breadcrumb\"},\"inLanguage\":\"de\",\"potentialAction\":[{\"@type\":\"ReadAction\",\"target\":[\"https:\\\/\\\/www.krafthand.de\\\/truck\\\/artikel\\\/europcar-fuehrt-zusammen-mit-uta-tankkarte-ein-27066\\\/\"]}]},{\"@type\":\"ImageObject\",\"inLanguage\":\"de\",\"@id\":\"https:\\\/\\\/www.krafthand.de\\\/truck\\\/artikel\\\/europcar-fuehrt-zusammen-mit-uta-tankkarte-ein-27066\\\/#primaryimage\",\"url\":\"https:\\\/\\\/static.krafthand-truck.de\\\/uploads\\\/2021\\\/03\\\/UTA_EUROPCAR_Card.jpg\",\"contentUrl\":\"https:\\\/\\\/static.krafthand-truck.de\\\/uploads\\\/2021\\\/03\\\/UTA_EUROPCAR_Card.jpg\",\"width\":1015,\"height\":643},{\"@type\":\"BreadcrumbList\",\"@id\":\"https:\\\/\\\/www.krafthand.de\\\/truck\\\/artikel\\\/europcar-fuehrt-zusammen-mit-uta-tankkarte-ein-27066\\\/#breadcrumb\",\"itemListElement\":[{\"@type\":\"ListItem\",\"position\":1,\"name\":\"Krafthand-Truck\",\"item\":\"https:\\\/\\\/www.krafthand.de\\\/truck\\\/\"},{\"@type\":\"ListItem\",\"position\":2,\"name\":\"Nfz-Branche\",\"item\":\"https:\\\/\\\/www.krafthand.de\\\/truck\\\/kategorie\\\/branche\\\/\"},{\"@type\":\"ListItem\",\"position\":3,\"name\":\"Unternehmen\",\"item\":\"https:\\\/\\\/www.krafthand.de\\\/truck\\\/kategorie\\\/branche\\\/unternehmen\\\/\"},{\"@type\":\"ListItem\",\"position\":4,\"name\":\"Europcar f\u00fchrt zusammen mit UTA Tankkarte ein\"}]},{\"@type\":\"WebSite\",\"@id\":\"https:\\\/\\\/www.krafthand.de\\\/truck\\\/#website\",\"url\":\"https:\\\/\\\/www.krafthand.de\\\/truck\\\/\",\"name\":\"Krafthand-Truck\",\"description\":\"\",\"potentialAction\":[{\"@type\":\"SearchAction\",\"target\":{\"@type\":\"EntryPoint\",\"urlTemplate\":\"https:\\\/\\\/www.krafthand.de\\\/truck\\\/?s={search_term_string}\"},\"query-input\":{\"@type\":\"PropertyValueSpecification\",\"valueRequired\":true,\"valueName\":\"search_term_string\"}}],\"inLanguage\":\"de\"},{\"@type\":\"Person\",\"@id\":\"https:\\\/\\\/www.krafthand.de\\\/truck\\\/#\\\/schema\\\/person\\\/51fa80b1c57034c4bf63f9f988fc24ce\",\"name\":\"georg.blenk@krafthand-medien.de\",\"image\":{\"@type\":\"ImageObject\",\"inLanguage\":\"de\",\"@id\":\"https:\\\/\\\/secure.gravatar.com\\\/avatar\\\/93713c30affe0aa95d3a4130e499bb1abee2eb31adbdd9ce2aa1543538490215?s=96&d=mm&r=g\",\"url\":\"https:\\\/\\\/secure.gravatar.com\\\/avatar\\\/93713c30affe0aa95d3a4130e499bb1abee2eb31adbdd9ce2aa1543538490215?s=96&d=mm&r=g\",\"contentUrl\":\"https:\\\/\\\/secure.gravatar.com\\\/avatar\\\/93713c30affe0aa95d3a4130e499bb1abee2eb31adbdd9ce2aa1543538490215?s=96&d=mm&r=g\",\"caption\":\"georg.blenk@krafthand-medien.de\"}}]}<\/script>\n<!-- \/ Yoast SEO plugin. -->","yoast_head_json":{"title":"Europcar f\u00fchrt zusammen mit UTA Tankkarte ein - Krafthand-Truck","robots":{"index":"index","follow":"follow","max-snippet":"max-snippet:-1","max-image-preview":"max-image-preview:large","max-video-preview":"max-video-preview:-1"},"canonical":"https:\/\/www.krafthand.de\/truck\/artikel\/europcar-fuehrt-zusammen-mit-uta-tankkarte-ein-27066\/","og_locale":"de_DE","og_type":"article","og_title":"Europcar f\u00fchrt zusammen mit UTA Tankkarte ein - Krafthand-Truck","og_description":"Der Fahrzeugvermieter Europcar f\u00fchrt gemeinsam mit dem Partner UTA die UTA\/Europcar-Tankkarte in Deutschland ein. B2B-Kunden, die sich f\u00fcr eines der Abo- bezeihunsgweise Langzeit-Modelle bei Europcar entscheiden, k\u00f6nnen damit ihr Fahrzeug ab sofort an \u00fcber 52.900 Stationen in 37 L\u00e4ndern\u00a0 bargeldlos betanken. ... weiter","og_url":"https:\/\/www.krafthand-truck.de\/artikel\/europcar-fuehrt-zusammen-mit-uta-tankkarte-ein-27066\/","og_site_name":"Krafthand-Truck","article_published_time":"2021-03-22T14:45:53+00:00","article_modified_time":"2021-03-22T15:26:07+00:00","og_image":[{"width":1015,"height":643,"url":"https:\/\/www.krafthand.de\/truck\/wp-content\/uploads\/2021\/03\/UTA_EUROPCAR_Card.jpg","type":"image\/jpeg"}],"author":"georg.blenk@krafthand-medien.de","twitter_card":"summary_large_image","twitter_misc":{"Verfasst von":"georg.blenk@krafthand-medien.de","Gesch\u00e4tzte Lesezeit":"1\u00a0Minute"},"schema":{"@context":"https:\/\/schema.org","@graph":[{"@type":"Article","@id":"https:\/\/www.krafthand.de\/truck\/artikel\/europcar-fuehrt-zusammen-mit-uta-tankkarte-ein-27066\/#article","isPartOf":{"@id":"https:\/\/www.krafthand.de\/truck\/artikel\/europcar-fuehrt-zusammen-mit-uta-tankkarte-ein-27066\/"},"author":{"name":"georg.blenk@krafthand-medien.de","@id":"https:\/\/www.krafthand.de\/truck\/#\/schema\/person\/51fa80b1c57034c4bf63f9f988fc24ce"},"headline":"Europcar f\u00fchrt zusammen mit UTA Tankkarte ein","datePublished":"2021-03-22T14:45:53+00:00","dateModified":"2021-03-22T15:26:07+00:00","mainEntityOfPage":{"@id":"https:\/\/www.krafthand.de\/truck\/artikel\/europcar-fuehrt-zusammen-mit-uta-tankkarte-ein-27066\/"},"wordCount":162,"image":{"@id":"https:\/\/www.krafthand.de\/truck\/artikel\/europcar-fuehrt-zusammen-mit-uta-tankkarte-ein-27066\/#primaryimage"},"thumbnailUrl":"https:\/\/static.krafthand-truck.de\/uploads\/2021\/03\/UTA_EUROPCAR_Card.jpg","keywords":["Europcar","Tankkarte","UTA"],"articleSection":["Unternehmen"],"inLanguage":"de"},{"@type":"WebPage","@id":"https:\/\/www.krafthand.de\/truck\/artikel\/europcar-fuehrt-zusammen-mit-uta-tankkarte-ein-27066\/","url":"https:\/\/www.krafthand.de\/truck\/artikel\/europcar-fuehrt-zusammen-mit-uta-tankkarte-ein-27066\/","name":"Europcar f\u00fchrt zusammen mit UTA Tankkarte ein - Krafthand-Truck","isPartOf":{"@id":"https:\/\/www.krafthand.de\/truck\/#website"},"primaryImageOfPage":{"@id":"https:\/\/www.krafthand.de\/truck\/artikel\/europcar-fuehrt-zusammen-mit-uta-tankkarte-ein-27066\/#primaryimage"},"image":{"@id":"https:\/\/www.krafthand.de\/truck\/artikel\/europcar-fuehrt-zusammen-mit-uta-tankkarte-ein-27066\/#primaryimage"},"thumbnailUrl":"https:\/\/static.krafthand-truck.de\/uploads\/2021\/03\/UTA_EUROPCAR_Card.jpg","datePublished":"2021-03-22T14:45:53+00:00","dateModified":"2021-03-22T15:26:07+00:00","author":{"@id":"https:\/\/www.krafthand.de\/truck\/#\/schema\/person\/51fa80b1c57034c4bf63f9f988fc24ce"},"breadcrumb":{"@id":"https:\/\/www.krafthand.de\/truck\/artikel\/europcar-fuehrt-zusammen-mit-uta-tankkarte-ein-27066\/#breadcrumb"},"inLanguage":"de","potentialAction":[{"@type":"ReadAction","target":["https:\/\/www.krafthand.de\/truck\/artikel\/europcar-fuehrt-zusammen-mit-uta-tankkarte-ein-27066\/"]}]},{"@type":"ImageObject","inLanguage":"de","@id":"https:\/\/www.krafthand.de\/truck\/artikel\/europcar-fuehrt-zusammen-mit-uta-tankkarte-ein-27066\/#primaryimage","url":"https:\/\/static.krafthand-truck.de\/uploads\/2021\/03\/UTA_EUROPCAR_Card.jpg","contentUrl":"https:\/\/static.krafthand-truck.de\/uploads\/2021\/03\/UTA_EUROPCAR_Card.jpg","width":1015,"height":643},{"@type":"BreadcrumbList","@id":"https:\/\/www.krafthand.de\/truck\/artikel\/europcar-fuehrt-zusammen-mit-uta-tankkarte-ein-27066\/#breadcrumb","itemListElement":[{"@type":"ListItem","position":1,"name":"Krafthand-Truck","item":"https:\/\/www.krafthand.de\/truck\/"},{"@type":"ListItem","position":2,"name":"Nfz-Branche","item":"https:\/\/www.krafthand.de\/truck\/kategorie\/branche\/"},{"@type":"ListItem","position":3,"name":"Unternehmen","item":"https:\/\/www.krafthand.de\/truck\/kategorie\/branche\/unternehmen\/"},{"@type":"ListItem","position":4,"name":"Europcar f\u00fchrt zusammen mit UTA Tankkarte ein"}]},{"@type":"WebSite","@id":"https:\/\/www.krafthand.de\/truck\/#website","url":"https:\/\/www.krafthand.de\/truck\/","name":"Krafthand-Truck","description":"","potentialAction":[{"@type":"SearchAction","target":{"@type":"EntryPoint","urlTemplate":"https:\/\/www.krafthand.de\/truck\/?s={search_term_string}"},"query-input":{"@type":"PropertyValueSpecification","valueRequired":true,"valueName":"search_term_string"}}],"inLanguage":"de"},{"@type":"Person","@id":"https:\/\/www.krafthand.de\/truck\/#\/schema\/person\/51fa80b1c57034c4bf63f9f988fc24ce","name":"georg.blenk@krafthand-medien.de","image":{"@type":"ImageObject","inLanguage":"de","@id":"https:\/\/secure.gravatar.com\/avatar\/93713c30affe0aa95d3a4130e499bb1abee2eb31adbdd9ce2aa1543538490215?s=96&d=mm&r=g","url":"https:\/\/secure.gravatar.com\/avatar\/93713c30affe0aa95d3a4130e499bb1abee2eb31adbdd9ce2aa1543538490215?s=96&d=mm&r=g","contentUrl":"https:\/\/secure.gravatar.com\/avatar\/93713c30affe0aa95d3a4130e499bb1abee2eb31adbdd9ce2aa1543538490215?s=96&d=mm&r=g","caption":"georg.blenk@krafthand-medien.de"}}]}},"_links":{"self":[{"href":"https:\/\/www.krafthand.de\/truck\/wp-json\/wp\/v2\/posts\/27066","targetHints":{"allow":["GET"]}}],"collection":[{"href":"https:\/\/www.krafthand.de\/truck\/wp-json\/wp\/v2\/posts"}],"about":[{"href":"https:\/\/www.krafthand.de\/truck\/wp-json\/wp\/v2\/types\/post"}],"author":[{"embeddable":true,"href":"https:\/\/www.krafthand.de\/truck\/wp-json\/wp\/v2\/users\/9"}],"replies":[{"embeddable":true,"href":"https:\/\/www.krafthand.de\/truck\/wp-json\/wp\/v2\/comments?post=27066"}],"version-history":[{"count":3,"href":"https:\/\/www.krafthand.de\/truck\/wp-json\/wp\/v2\/posts\/27066\/revisions"}],"predecessor-version":[{"id":27070,"href":"https:\/\/www.krafthand.de\/truck\/wp-json\/wp\/v2\/posts\/27066\/revisions\/27070"}],"wp:featuredmedia":[{"embeddable":true,"href":"https:\/\/www.krafthand.de\/truck\/wp-json\/wp\/v2\/media\/27067"}],"wp:attachment":[{"href":"https:\/\/www.krafthand.de\/truck\/wp-json\/wp\/v2\/media?parent=27066"}],"wp:term":[{"taxonomy":"category","embeddable":true,"href":"https:\/\/www.krafthand.de\/truck\/wp-json\/wp\/v2\/categories?post=27066"},{"taxonomy":"post_tag","embeddable":true,"href":"https:\/\/www.krafthand.de\/truck\/wp-json\/wp\/v2\/tags?post=27066"},{"taxonomy":"settings","embeddable":true,"href":"https:\/\/www.krafthand.de\/truck\/wp-json\/wp\/v2\/settings?post=27066"}],"curies":[{"name":"wp","href":"https:\/\/api.w.org\/{rel}","templated":true}]}}