{"id":27061,"date":"2021-03-19T14:53:35","date_gmt":"2021-03-19T13:53:35","guid":{"rendered":"https:\/\/www.krafthand.de\/truck\/?p=27061"},"modified":"2021-03-22T15:47:10","modified_gmt":"2021-03-22T14:47:10","slug":"kooperation-mit-alltrucks","status":"publish","type":"post","link":"https:\/\/www.krafthand.de\/truck\/artikel\/kooperation-mit-alltrucks-27061\/","title":{"rendered":"Kooperation mit Alltrucks"},"content":{"rendered":"<p>Die Krone-Nutzfahrzeug-Gruppe kooperiert mit dem marken\u00fcbergreifenden Full-Service Werkstattkonzept \u201aAlltrucks Truck &amp; Trailer Service\u2018. Das Ziel der Zusammenarbeit, ist die weitere St\u00e4rkung der gemeinsamen Servicekompetenzen. Gestartet wurde im Februar in Deutschland, \u00d6sterreich und der Schweiz. In den kommenden Monaten weiten die beiden Unternehmen die Kooperation schrittweise auf alle weiteren europ\u00e4ischen L\u00e4nder des Alltrucks Servicenetzes aus.<\/p>\n<p>Durch die Kooperation mit <a href=\"https:\/\/www.krone-trailer.com\/\" target=\"_blank\" rel=\"noopener\">Krone<\/a> m\u00f6chte <a href=\"https:\/\/www.alltrucks.com\/\" target=\"_blank\" rel=\"noopener\">Alltrucks<\/a> seine Stellung als europ\u00e4isches Nutzfahrzeug-Servicenetz im Markt weiter ausbauen. Dadurch sollen sowohl die an das Alltrucks-Netzwerk angeschlossenen Nutzfahrzeug-Werkst\u00e4tten als auch Flotten von dem marken\u00fcbergreifenden Produkt- und Serviceangebot profitieren.<\/p>\n<blockquote><p>Ralf Faust, Gesch\u00e4ftsf\u00fchrer und Leiter f\u00fcr Service Nutzfahrzeug der Fahrzeugwerk Bernard Krone GmbH &amp; Co. KG sieht f\u00fcr beide Seiten gro\u00dfe Chancen in der Zusammenarbeit: \u201eDie neue Kooperation mit Alltrucks stellt eine Win-win-Situation dar \u2013 f\u00fcr unsere Kunden, f\u00fcr unsere Service-Partner, f\u00fcr Alltrucks und f\u00fcr Krone. Mit seinem Full-Service-Konzept und seinen \u00fcber 700 Servicepartnern in 14 europ\u00e4ischen L\u00e4ndern hat Alltrucks in den letzten Jahren hinsichtlich Qualifizierung, Schulung und Betreuung von hochwertigen NFZ-Werkst\u00e4tten eine ausgezeichnete Performance erzielt.\u201c Homer Smyrliadis, Gesch\u00e4ftsf\u00fchrer von Alltrucks erg\u00e4nzt: Wir sind besonders stolz darauf mit der Krone-Nutzfahrzeug-Gruppe den Weg in die Zukunft zu gestalten.\u201c<\/p><\/blockquote>\n","protected":false},"excerpt":{"rendered":"<p>Die Krone-Nutzfahrzeug-Gruppe kooperiert mit dem marken\u00fcbergreifenden Full-Service Werkstattkonzept \u201aAlltrucks Truck &#038; Trailer Service\u2018. Das Ziel der Zusammenarbeit, ist die weitere St\u00e4rkung der gemeinsamen Servicekompetenzen. <span class=\"excerpt-more__dots\">&#8230;<\/span> <a class=\"excerpt-more__link\" href=\"https:\/\/www.krafthand.de\/truck\/artikel\/kooperation-mit-alltrucks-27061\/\" >weiter<\/a><\/p>\n","protected":false},"author":9,"featured_media":27063,"comment_status":"closed","ping_status":"closed","sticky":false,"template":"","format":"standard","meta":{"footnotes":""},"categories":[4235],"tags":[182,388],"settings":[],"class_list":["post-27061","post","type-post","status-publish","format-standard","has-post-thumbnail","hentry","category-unternehmen","tag-alltrucks","tag-krone"],"yoast_head":"<!-- This site is optimized with the Yoast SEO plugin v27.3 - https:\/\/yoast.com\/product\/yoast-seo-wordpress\/ -->\n<title>Kooperation mit Alltrucks - Krafthand-Truck<\/title>\n<meta name=\"robots\" content=\"index, follow, max-snippet:-1, max-image-preview:large, max-video-preview:-1\" \/>\n<link rel=\"canonical\" href=\"https:\/\/www.krafthand.de\/truck\/artikel\/kooperation-mit-alltrucks-27061\/\" \/>\n<meta property=\"og:locale\" content=\"de_DE\" \/>\n<meta property=\"og:type\" content=\"article\" \/>\n<meta property=\"og:title\" content=\"Kooperation mit Alltrucks - Krafthand-Truck\" \/>\n<meta property=\"og:description\" content=\"Die Krone-Nutzfahrzeug-Gruppe kooperiert mit dem marken\u00fcbergreifenden Full-Service Werkstattkonzept \u201aAlltrucks Truck &amp; Trailer Service\u2018. Das Ziel der Zusammenarbeit, ist die weitere St\u00e4rkung der gemeinsamen Servicekompetenzen. ... weiter\" \/>\n<meta property=\"og:url\" content=\"https:\/\/www.krafthand-truck.de\/artikel\/kooperation-mit-alltrucks-27061\/\" \/>\n<meta property=\"og:site_name\" content=\"Krafthand-Truck\" \/>\n<meta property=\"article:published_time\" content=\"2021-03-19T13:53:35+00:00\" \/>\n<meta property=\"article:modified_time\" content=\"2021-03-22T14:47:10+00:00\" \/>\n<meta property=\"og:image\" content=\"https:\/\/www.krafthand.de\/truck\/wp-content\/uploads\/2021\/03\/KRONE_Services.jpg\" \/>\n\t<meta property=\"og:image:width\" content=\"1092\" \/>\n\t<meta property=\"og:image:height\" content=\"754\" \/>\n\t<meta property=\"og:image:type\" content=\"image\/jpeg\" \/>\n<meta name=\"author\" content=\"georg.blenk@krafthand-medien.de\" \/>\n<meta name=\"twitter:card\" content=\"summary_large_image\" \/>\n<meta name=\"twitter:label1\" content=\"Verfasst von\" \/>\n\t<meta name=\"twitter:data1\" content=\"georg.blenk@krafthand-medien.de\" \/>\n\t<meta name=\"twitter:label2\" content=\"Gesch\u00e4tzte Lesezeit\" \/>\n\t<meta name=\"twitter:data2\" content=\"1\u00a0Minute\" \/>\n<script type=\"application\/ld+json\" class=\"yoast-schema-graph\">{\"@context\":\"https:\\\/\\\/schema.org\",\"@graph\":[{\"@type\":\"Article\",\"@id\":\"https:\\\/\\\/www.krafthand.de\\\/truck\\\/artikel\\\/kooperation-mit-alltrucks-27061\\\/#article\",\"isPartOf\":{\"@id\":\"https:\\\/\\\/www.krafthand.de\\\/truck\\\/artikel\\\/kooperation-mit-alltrucks-27061\\\/\"},\"author\":{\"name\":\"georg.blenk@krafthand-medien.de\",\"@id\":\"https:\\\/\\\/www.krafthand.de\\\/truck\\\/#\\\/schema\\\/person\\\/51fa80b1c57034c4bf63f9f988fc24ce\"},\"headline\":\"Kooperation mit Alltrucks\",\"datePublished\":\"2021-03-19T13:53:35+00:00\",\"dateModified\":\"2021-03-22T14:47:10+00:00\",\"mainEntityOfPage\":{\"@id\":\"https:\\\/\\\/www.krafthand.de\\\/truck\\\/artikel\\\/kooperation-mit-alltrucks-27061\\\/\"},\"wordCount\":209,\"image\":{\"@id\":\"https:\\\/\\\/www.krafthand.de\\\/truck\\\/artikel\\\/kooperation-mit-alltrucks-27061\\\/#primaryimage\"},\"thumbnailUrl\":\"https:\\\/\\\/static.krafthand-truck.de\\\/uploads\\\/2021\\\/03\\\/KRONE_Services.jpg\",\"keywords\":[\"Alltrucks\",\"Krone\"],\"articleSection\":[\"Unternehmen\"],\"inLanguage\":\"de\"},{\"@type\":\"WebPage\",\"@id\":\"https:\\\/\\\/www.krafthand.de\\\/truck\\\/artikel\\\/kooperation-mit-alltrucks-27061\\\/\",\"url\":\"https:\\\/\\\/www.krafthand.de\\\/truck\\\/artikel\\\/kooperation-mit-alltrucks-27061\\\/\",\"name\":\"Kooperation mit Alltrucks - Krafthand-Truck\",\"isPartOf\":{\"@id\":\"https:\\\/\\\/www.krafthand.de\\\/truck\\\/#website\"},\"primaryImageOfPage\":{\"@id\":\"https:\\\/\\\/www.krafthand.de\\\/truck\\\/artikel\\\/kooperation-mit-alltrucks-27061\\\/#primaryimage\"},\"image\":{\"@id\":\"https:\\\/\\\/www.krafthand.de\\\/truck\\\/artikel\\\/kooperation-mit-alltrucks-27061\\\/#primaryimage\"},\"thumbnailUrl\":\"https:\\\/\\\/static.krafthand-truck.de\\\/uploads\\\/2021\\\/03\\\/KRONE_Services.jpg\",\"datePublished\":\"2021-03-19T13:53:35+00:00\",\"dateModified\":\"2021-03-22T14:47:10+00:00\",\"author\":{\"@id\":\"https:\\\/\\\/www.krafthand.de\\\/truck\\\/#\\\/schema\\\/person\\\/51fa80b1c57034c4bf63f9f988fc24ce\"},\"breadcrumb\":{\"@id\":\"https:\\\/\\\/www.krafthand.de\\\/truck\\\/artikel\\\/kooperation-mit-alltrucks-27061\\\/#breadcrumb\"},\"inLanguage\":\"de\",\"potentialAction\":[{\"@type\":\"ReadAction\",\"target\":[\"https:\\\/\\\/www.krafthand.de\\\/truck\\\/artikel\\\/kooperation-mit-alltrucks-27061\\\/\"]}]},{\"@type\":\"ImageObject\",\"inLanguage\":\"de\",\"@id\":\"https:\\\/\\\/www.krafthand.de\\\/truck\\\/artikel\\\/kooperation-mit-alltrucks-27061\\\/#primaryimage\",\"url\":\"https:\\\/\\\/static.krafthand-truck.de\\\/uploads\\\/2021\\\/03\\\/KRONE_Services.jpg\",\"contentUrl\":\"https:\\\/\\\/static.krafthand-truck.de\\\/uploads\\\/2021\\\/03\\\/KRONE_Services.jpg\",\"width\":1092,\"height\":754},{\"@type\":\"BreadcrumbList\",\"@id\":\"https:\\\/\\\/www.krafthand.de\\\/truck\\\/artikel\\\/kooperation-mit-alltrucks-27061\\\/#breadcrumb\",\"itemListElement\":[{\"@type\":\"ListItem\",\"position\":1,\"name\":\"Krafthand-Truck\",\"item\":\"https:\\\/\\\/www.krafthand.de\\\/truck\\\/\"},{\"@type\":\"ListItem\",\"position\":2,\"name\":\"Nfz-Branche\",\"item\":\"https:\\\/\\\/www.krafthand.de\\\/truck\\\/kategorie\\\/branche\\\/\"},{\"@type\":\"ListItem\",\"position\":3,\"name\":\"Unternehmen\",\"item\":\"https:\\\/\\\/www.krafthand.de\\\/truck\\\/kategorie\\\/branche\\\/unternehmen\\\/\"},{\"@type\":\"ListItem\",\"position\":4,\"name\":\"Kooperation mit Alltrucks\"}]},{\"@type\":\"WebSite\",\"@id\":\"https:\\\/\\\/www.krafthand.de\\\/truck\\\/#website\",\"url\":\"https:\\\/\\\/www.krafthand.de\\\/truck\\\/\",\"name\":\"Krafthand-Truck\",\"description\":\"\",\"potentialAction\":[{\"@type\":\"SearchAction\",\"target\":{\"@type\":\"EntryPoint\",\"urlTemplate\":\"https:\\\/\\\/www.krafthand.de\\\/truck\\\/?s={search_term_string}\"},\"query-input\":{\"@type\":\"PropertyValueSpecification\",\"valueRequired\":true,\"valueName\":\"search_term_string\"}}],\"inLanguage\":\"de\"},{\"@type\":\"Person\",\"@id\":\"https:\\\/\\\/www.krafthand.de\\\/truck\\\/#\\\/schema\\\/person\\\/51fa80b1c57034c4bf63f9f988fc24ce\",\"name\":\"georg.blenk@krafthand-medien.de\",\"image\":{\"@type\":\"ImageObject\",\"inLanguage\":\"de\",\"@id\":\"https:\\\/\\\/secure.gravatar.com\\\/avatar\\\/93713c30affe0aa95d3a4130e499bb1abee2eb31adbdd9ce2aa1543538490215?s=96&d=mm&r=g\",\"url\":\"https:\\\/\\\/secure.gravatar.com\\\/avatar\\\/93713c30affe0aa95d3a4130e499bb1abee2eb31adbdd9ce2aa1543538490215?s=96&d=mm&r=g\",\"contentUrl\":\"https:\\\/\\\/secure.gravatar.com\\\/avatar\\\/93713c30affe0aa95d3a4130e499bb1abee2eb31adbdd9ce2aa1543538490215?s=96&d=mm&r=g\",\"caption\":\"georg.blenk@krafthand-medien.de\"}}]}<\/script>\n<!-- \/ Yoast SEO plugin. -->","yoast_head_json":{"title":"Kooperation mit Alltrucks - Krafthand-Truck","robots":{"index":"index","follow":"follow","max-snippet":"max-snippet:-1","max-image-preview":"max-image-preview:large","max-video-preview":"max-video-preview:-1"},"canonical":"https:\/\/www.krafthand.de\/truck\/artikel\/kooperation-mit-alltrucks-27061\/","og_locale":"de_DE","og_type":"article","og_title":"Kooperation mit Alltrucks - Krafthand-Truck","og_description":"Die Krone-Nutzfahrzeug-Gruppe kooperiert mit dem marken\u00fcbergreifenden Full-Service Werkstattkonzept \u201aAlltrucks Truck & Trailer Service\u2018. Das Ziel der Zusammenarbeit, ist die weitere St\u00e4rkung der gemeinsamen Servicekompetenzen. ... weiter","og_url":"https:\/\/www.krafthand-truck.de\/artikel\/kooperation-mit-alltrucks-27061\/","og_site_name":"Krafthand-Truck","article_published_time":"2021-03-19T13:53:35+00:00","article_modified_time":"2021-03-22T14:47:10+00:00","og_image":[{"width":1092,"height":754,"url":"https:\/\/www.krafthand.de\/truck\/wp-content\/uploads\/2021\/03\/KRONE_Services.jpg","type":"image\/jpeg"}],"author":"georg.blenk@krafthand-medien.de","twitter_card":"summary_large_image","twitter_misc":{"Verfasst von":"georg.blenk@krafthand-medien.de","Gesch\u00e4tzte Lesezeit":"1\u00a0Minute"},"schema":{"@context":"https:\/\/schema.org","@graph":[{"@type":"Article","@id":"https:\/\/www.krafthand.de\/truck\/artikel\/kooperation-mit-alltrucks-27061\/#article","isPartOf":{"@id":"https:\/\/www.krafthand.de\/truck\/artikel\/kooperation-mit-alltrucks-27061\/"},"author":{"name":"georg.blenk@krafthand-medien.de","@id":"https:\/\/www.krafthand.de\/truck\/#\/schema\/person\/51fa80b1c57034c4bf63f9f988fc24ce"},"headline":"Kooperation mit Alltrucks","datePublished":"2021-03-19T13:53:35+00:00","dateModified":"2021-03-22T14:47:10+00:00","mainEntityOfPage":{"@id":"https:\/\/www.krafthand.de\/truck\/artikel\/kooperation-mit-alltrucks-27061\/"},"wordCount":209,"image":{"@id":"https:\/\/www.krafthand.de\/truck\/artikel\/kooperation-mit-alltrucks-27061\/#primaryimage"},"thumbnailUrl":"https:\/\/static.krafthand-truck.de\/uploads\/2021\/03\/KRONE_Services.jpg","keywords":["Alltrucks","Krone"],"articleSection":["Unternehmen"],"inLanguage":"de"},{"@type":"WebPage","@id":"https:\/\/www.krafthand.de\/truck\/artikel\/kooperation-mit-alltrucks-27061\/","url":"https:\/\/www.krafthand.de\/truck\/artikel\/kooperation-mit-alltrucks-27061\/","name":"Kooperation mit Alltrucks - Krafthand-Truck","isPartOf":{"@id":"https:\/\/www.krafthand.de\/truck\/#website"},"primaryImageOfPage":{"@id":"https:\/\/www.krafthand.de\/truck\/artikel\/kooperation-mit-alltrucks-27061\/#primaryimage"},"image":{"@id":"https:\/\/www.krafthand.de\/truck\/artikel\/kooperation-mit-alltrucks-27061\/#primaryimage"},"thumbnailUrl":"https:\/\/static.krafthand-truck.de\/uploads\/2021\/03\/KRONE_Services.jpg","datePublished":"2021-03-19T13:53:35+00:00","dateModified":"2021-03-22T14:47:10+00:00","author":{"@id":"https:\/\/www.krafthand.de\/truck\/#\/schema\/person\/51fa80b1c57034c4bf63f9f988fc24ce"},"breadcrumb":{"@id":"https:\/\/www.krafthand.de\/truck\/artikel\/kooperation-mit-alltrucks-27061\/#breadcrumb"},"inLanguage":"de","potentialAction":[{"@type":"ReadAction","target":["https:\/\/www.krafthand.de\/truck\/artikel\/kooperation-mit-alltrucks-27061\/"]}]},{"@type":"ImageObject","inLanguage":"de","@id":"https:\/\/www.krafthand.de\/truck\/artikel\/kooperation-mit-alltrucks-27061\/#primaryimage","url":"https:\/\/static.krafthand-truck.de\/uploads\/2021\/03\/KRONE_Services.jpg","contentUrl":"https:\/\/static.krafthand-truck.de\/uploads\/2021\/03\/KRONE_Services.jpg","width":1092,"height":754},{"@type":"BreadcrumbList","@id":"https:\/\/www.krafthand.de\/truck\/artikel\/kooperation-mit-alltrucks-27061\/#breadcrumb","itemListElement":[{"@type":"ListItem","position":1,"name":"Krafthand-Truck","item":"https:\/\/www.krafthand.de\/truck\/"},{"@type":"ListItem","position":2,"name":"Nfz-Branche","item":"https:\/\/www.krafthand.de\/truck\/kategorie\/branche\/"},{"@type":"ListItem","position":3,"name":"Unternehmen","item":"https:\/\/www.krafthand.de\/truck\/kategorie\/branche\/unternehmen\/"},{"@type":"ListItem","position":4,"name":"Kooperation mit Alltrucks"}]},{"@type":"WebSite","@id":"https:\/\/www.krafthand.de\/truck\/#website","url":"https:\/\/www.krafthand.de\/truck\/","name":"Krafthand-Truck","description":"","potentialAction":[{"@type":"SearchAction","target":{"@type":"EntryPoint","urlTemplate":"https:\/\/www.krafthand.de\/truck\/?s={search_term_string}"},"query-input":{"@type":"PropertyValueSpecification","valueRequired":true,"valueName":"search_term_string"}}],"inLanguage":"de"},{"@type":"Person","@id":"https:\/\/www.krafthand.de\/truck\/#\/schema\/person\/51fa80b1c57034c4bf63f9f988fc24ce","name":"georg.blenk@krafthand-medien.de","image":{"@type":"ImageObject","inLanguage":"de","@id":"https:\/\/secure.gravatar.com\/avatar\/93713c30affe0aa95d3a4130e499bb1abee2eb31adbdd9ce2aa1543538490215?s=96&d=mm&r=g","url":"https:\/\/secure.gravatar.com\/avatar\/93713c30affe0aa95d3a4130e499bb1abee2eb31adbdd9ce2aa1543538490215?s=96&d=mm&r=g","contentUrl":"https:\/\/secure.gravatar.com\/avatar\/93713c30affe0aa95d3a4130e499bb1abee2eb31adbdd9ce2aa1543538490215?s=96&d=mm&r=g","caption":"georg.blenk@krafthand-medien.de"}}]}},"_links":{"self":[{"href":"https:\/\/www.krafthand.de\/truck\/wp-json\/wp\/v2\/posts\/27061","targetHints":{"allow":["GET"]}}],"collection":[{"href":"https:\/\/www.krafthand.de\/truck\/wp-json\/wp\/v2\/posts"}],"about":[{"href":"https:\/\/www.krafthand.de\/truck\/wp-json\/wp\/v2\/types\/post"}],"author":[{"embeddable":true,"href":"https:\/\/www.krafthand.de\/truck\/wp-json\/wp\/v2\/users\/9"}],"replies":[{"embeddable":true,"href":"https:\/\/www.krafthand.de\/truck\/wp-json\/wp\/v2\/comments?post=27061"}],"version-history":[{"count":4,"href":"https:\/\/www.krafthand.de\/truck\/wp-json\/wp\/v2\/posts\/27061\/revisions"}],"predecessor-version":[{"id":27071,"href":"https:\/\/www.krafthand.de\/truck\/wp-json\/wp\/v2\/posts\/27061\/revisions\/27071"}],"wp:featuredmedia":[{"embeddable":true,"href":"https:\/\/www.krafthand.de\/truck\/wp-json\/wp\/v2\/media\/27063"}],"wp:attachment":[{"href":"https:\/\/www.krafthand.de\/truck\/wp-json\/wp\/v2\/media?parent=27061"}],"wp:term":[{"taxonomy":"category","embeddable":true,"href":"https:\/\/www.krafthand.de\/truck\/wp-json\/wp\/v2\/categories?post=27061"},{"taxonomy":"post_tag","embeddable":true,"href":"https:\/\/www.krafthand.de\/truck\/wp-json\/wp\/v2\/tags?post=27061"},{"taxonomy":"settings","embeddable":true,"href":"https:\/\/www.krafthand.de\/truck\/wp-json\/wp\/v2\/settings?post=27061"}],"curies":[{"name":"wp","href":"https:\/\/api.w.org\/{rel}","templated":true}]}}