{"id":2706,"date":"2016-06-01T10:03:42","date_gmt":"2016-06-01T08:03:42","guid":{"rendered":"https:\/\/www.krafthand.de\/truck\/2016\/06\/01\/hausmesse-europart-stellt-am-2-juli-am-nuerburgring-aus\/"},"modified":"2016-06-01T10:03:42","modified_gmt":"2016-06-01T08:03:42","slug":"hausmesse-europart-stellt-am-2-juli-am-nuerburgring-aus","status":"publish","type":"post","link":"https:\/\/www.krafthand.de\/truck\/artikel\/hausmesse-europart-stellt-am-2-juli-am-nuerburgring-aus-2706\/","title":{"rendered":"Hausmesse: Europart stellt am 2. Juli am N\u00fcrburgring aus"},"content":{"rendered":"<p class=\"text-colored\">Europart veranstaltet beim ADAC-Truck-Grand-Prix am 2. Juli seine Hausmesse \u201eEuropart Bestzeit\u201c im Bitburger Event Center sowie in zwei Zelten direkt am Ring. Von 9 bis 18 Uhr pr\u00e4sentiert das Unternehmen mit zahlreichen Partnern eine Ausstellung namhafter Marken, Produkte und Neuheiten.<\/p>\n<p>Dar\u00fcber hinaus gibt es Informationen \u00fcber Dienstleistungen und Services rund um Nutzfahrzeugteile. Europart-Vertriebsleiter D-A-CH Olaf Giesen \u00fcber das Konzept der Hausmesse: &#8218;Wir m\u00f6chten unseren Kunden nicht nur einen Querschnitt aus unserem Lieferprogramm pr\u00e4sentieren, sondern auch \u00fcber Neuheiten informieren, unsere Dienstleistungen vorstellen und Gelegenheit zur individuellen Beratung geben.&#8216;<br \/>\n<b>Unterst\u00fctzung f\u00fcr Truck-Race-Teams<br \/><\/b>Den N\u00fcrburgring hat Europart bewusst als Veranstaltungsort gew\u00e4hlt, unterst\u00fctzt das Unternehmen doch seit einigen Jahren markenfreie Truck-Race-Teams in der Europameisterschaft als Sponsor und stellt dabei Europart-Teile und -Produkte f\u00fcr den Werkstattbedarf zur Verf\u00fcgung.<br \/>\n<b>Messekatalog<br \/><\/b>In dieser Rennsaison unterst\u00fctzt Europart das Team Reinert-Racing, das mit zwei Fahrzeugen bei der Europameisterschaft am Start sein wird. Rechtzeitig zur Hausmesse ver\u00f6ffentlicht Europart seinen 120 Seiten starken Messekatalog mit aktuellen Angeboten aus allen Bereichen des Reparatur- und Werkstattbedarfs von Teilen f\u00fcr Fahrwerk, Motor oder Antrieb \u00fcber Bremsen, Beleuchtung und Elektrik bis hin zu \u00d6len und Chemieprodukten.<br \/>\n<b>Werkstattausstattungen<br \/><\/b>So sind Wasserpumpen f\u00fcr verschiedene Lkw- und Busmotoren ebenso im Angebot wie Kupplungss\u00e4tze, Batterien oder Bremszylinder und Gest\u00e4ngesteller. Im zweiten Teil des Kataloges findet sich zudem ein Sortiment an Werkstattausstattungen, von der Reifenmontiermaschine bis zum Mig\/Mag- Schwei\u00dfger\u00e4t, vom 40-t-Rangierwagenheber bis zum 850-Nm-Drehmomentschl\u00fcssel. Im Aktionszeitraum vom 1. Juni bis 15. Juli warten f\u00fcr Besteller attraktive Sonderpr\u00e4mien, wie etwa ein Original Weber-Kugelgrill oder ein Erlebnis-Wochenende auf der Reinert-Ranch in Trebendorf in der Oberlausitz. Der Europart-Messekatalog ist ab Ende Mai bei allen Europart-Niederlassungen erh\u00e4ltlich und l\u00e4sst sich zudem kostenlos telefonisch bestellen unter der Hotline 0180 22 55 330.<\/p>\n","protected":false},"excerpt":{"rendered":"<p>Europart veranstaltet beim ADAC-Truck-Grand-Prix am 2. Juli seine Hausmesse \u201eEuropart Bestzeit\u201c im Bitburger Event Center sowie in zwei Zelten direkt am Ring. Von 9 bis 18 Uhr pr\u00e4sentiert das Unternehmen mit zahlreichen Partnern eine Ausstellung namhafter Marken, Produkte und Neuheiten. <span class=\"excerpt-more__dots\">&#8230;<\/span> <a class=\"excerpt-more__link\" href=\"https:\/\/www.krafthand.de\/truck\/artikel\/hausmesse-europart-stellt-am-2-juli-am-nuerburgring-aus-2706\/\" >weiter<\/a><\/p>\n","protected":false},"author":3,"featured_media":2707,"comment_status":"closed","ping_status":"closed","sticky":false,"template":"","format":"standard","meta":{"footnotes":""},"categories":[5],"tags":[121,146],"settings":[],"class_list":["post-2706","post","type-post","status-publish","format-standard","has-post-thumbnail","hentry","category-branche","tag-europart","tag-nuerburgring"],"yoast_head":"<!-- This site is optimized with the Yoast SEO plugin v27.3 - https:\/\/yoast.com\/product\/yoast-seo-wordpress\/ -->\n<title>Hausmesse: Europart stellt am 2. Juli am N\u00fcrburgring aus - Krafthand-Truck<\/title>\n<meta name=\"robots\" content=\"index, follow, max-snippet:-1, max-image-preview:large, max-video-preview:-1\" \/>\n<link rel=\"canonical\" href=\"https:\/\/www.krafthand.de\/truck\/artikel\/hausmesse-europart-stellt-am-2-juli-am-nuerburgring-aus-2706\/\" \/>\n<meta property=\"og:locale\" content=\"de_DE\" \/>\n<meta property=\"og:type\" content=\"article\" \/>\n<meta property=\"og:title\" content=\"Hausmesse: Europart stellt am 2. Juli am N\u00fcrburgring aus - Krafthand-Truck\" \/>\n<meta property=\"og:description\" content=\"Europart veranstaltet beim ADAC-Truck-Grand-Prix am 2. Juli seine Hausmesse \u201eEuropart Bestzeit\u201c im Bitburger Event Center sowie in zwei Zelten direkt am Ring. Von 9 bis 18 Uhr pr\u00e4sentiert das Unternehmen mit zahlreichen Partnern eine Ausstellung namhafter Marken, Produkte und Neuheiten. ... weiter\" \/>\n<meta property=\"og:url\" content=\"https:\/\/www.krafthand-truck.de\/artikel\/hausmesse-europart-stellt-am-2-juli-am-nuerburgring-aus-2706\/\" \/>\n<meta property=\"og:site_name\" content=\"Krafthand-Truck\" \/>\n<meta property=\"article:published_time\" content=\"2016-06-01T08:03:42+00:00\" \/>\n<meta property=\"og:image\" content=\"https:\/\/www.krafthand.de\/truck\/wp-content\/uploads\/2016\/06\/Europart___-1.jpg\" \/>\n\t<meta property=\"og:image:width\" content=\"1200\" \/>\n\t<meta property=\"og:image:height\" content=\"403\" \/>\n\t<meta property=\"og:image:type\" content=\"image\/jpeg\" \/>\n<meta name=\"author\" content=\"katja.heid@krafthand.de\" \/>\n<meta name=\"twitter:card\" content=\"summary_large_image\" \/>\n<meta name=\"twitter:label1\" content=\"Verfasst von\" \/>\n\t<meta name=\"twitter:data1\" content=\"katja.heid@krafthand.de\" \/>\n\t<meta name=\"twitter:label2\" content=\"Gesch\u00e4tzte Lesezeit\" \/>\n\t<meta name=\"twitter:data2\" content=\"1\u00a0Minute\" \/>\n<script type=\"application\/ld+json\" class=\"yoast-schema-graph\">{\"@context\":\"https:\\\/\\\/schema.org\",\"@graph\":[{\"@type\":\"Article\",\"@id\":\"https:\\\/\\\/www.krafthand.de\\\/truck\\\/artikel\\\/hausmesse-europart-stellt-am-2-juli-am-nuerburgring-aus-2706\\\/#article\",\"isPartOf\":{\"@id\":\"https:\\\/\\\/www.krafthand.de\\\/truck\\\/artikel\\\/hausmesse-europart-stellt-am-2-juli-am-nuerburgring-aus-2706\\\/\"},\"author\":{\"name\":\"katja.heid@krafthand.de\",\"@id\":\"https:\\\/\\\/www.krafthand.de\\\/truck\\\/#\\\/schema\\\/person\\\/8e290c6d425b72d176adc7767a251001\"},\"headline\":\"Hausmesse: Europart stellt am 2. Juli am N\u00fcrburgring aus\",\"datePublished\":\"2016-06-01T08:03:42+00:00\",\"mainEntityOfPage\":{\"@id\":\"https:\\\/\\\/www.krafthand.de\\\/truck\\\/artikel\\\/hausmesse-europart-stellt-am-2-juli-am-nuerburgring-aus-2706\\\/\"},\"wordCount\":303,\"image\":{\"@id\":\"https:\\\/\\\/www.krafthand.de\\\/truck\\\/artikel\\\/hausmesse-europart-stellt-am-2-juli-am-nuerburgring-aus-2706\\\/#primaryimage\"},\"thumbnailUrl\":\"https:\\\/\\\/static.krafthand-truck.de\\\/uploads\\\/2016\\\/06\\\/Europart___-1.jpg\",\"keywords\":[\"Europart\",\"N\u00fcrburgring\"],\"articleSection\":[\"Nfz-Branche\"],\"inLanguage\":\"de\"},{\"@type\":\"WebPage\",\"@id\":\"https:\\\/\\\/www.krafthand.de\\\/truck\\\/artikel\\\/hausmesse-europart-stellt-am-2-juli-am-nuerburgring-aus-2706\\\/\",\"url\":\"https:\\\/\\\/www.krafthand.de\\\/truck\\\/artikel\\\/hausmesse-europart-stellt-am-2-juli-am-nuerburgring-aus-2706\\\/\",\"name\":\"Hausmesse: Europart stellt am 2. Juli am N\u00fcrburgring aus - Krafthand-Truck\",\"isPartOf\":{\"@id\":\"https:\\\/\\\/www.krafthand.de\\\/truck\\\/#website\"},\"primaryImageOfPage\":{\"@id\":\"https:\\\/\\\/www.krafthand.de\\\/truck\\\/artikel\\\/hausmesse-europart-stellt-am-2-juli-am-nuerburgring-aus-2706\\\/#primaryimage\"},\"image\":{\"@id\":\"https:\\\/\\\/www.krafthand.de\\\/truck\\\/artikel\\\/hausmesse-europart-stellt-am-2-juli-am-nuerburgring-aus-2706\\\/#primaryimage\"},\"thumbnailUrl\":\"https:\\\/\\\/static.krafthand-truck.de\\\/uploads\\\/2016\\\/06\\\/Europart___-1.jpg\",\"datePublished\":\"2016-06-01T08:03:42+00:00\",\"author\":{\"@id\":\"https:\\\/\\\/www.krafthand.de\\\/truck\\\/#\\\/schema\\\/person\\\/8e290c6d425b72d176adc7767a251001\"},\"breadcrumb\":{\"@id\":\"https:\\\/\\\/www.krafthand.de\\\/truck\\\/artikel\\\/hausmesse-europart-stellt-am-2-juli-am-nuerburgring-aus-2706\\\/#breadcrumb\"},\"inLanguage\":\"de\",\"potentialAction\":[{\"@type\":\"ReadAction\",\"target\":[\"https:\\\/\\\/www.krafthand.de\\\/truck\\\/artikel\\\/hausmesse-europart-stellt-am-2-juli-am-nuerburgring-aus-2706\\\/\"]}]},{\"@type\":\"ImageObject\",\"inLanguage\":\"de\",\"@id\":\"https:\\\/\\\/www.krafthand.de\\\/truck\\\/artikel\\\/hausmesse-europart-stellt-am-2-juli-am-nuerburgring-aus-2706\\\/#primaryimage\",\"url\":\"https:\\\/\\\/static.krafthand-truck.de\\\/uploads\\\/2016\\\/06\\\/Europart___-1.jpg\",\"contentUrl\":\"https:\\\/\\\/static.krafthand-truck.de\\\/uploads\\\/2016\\\/06\\\/Europart___-1.jpg\",\"width\":1200,\"height\":403,\"caption\":\"Europart nutzt den Grand Prix am N\u00fcrburgring und veranstaltet am Samstag, 2. Juli seine Hausmesse \u201eEuropart Bestzeit\u201c im Bitburger Event Center sowie in zwei Zelten direkt am Ring. Foto: Europart\"},{\"@type\":\"BreadcrumbList\",\"@id\":\"https:\\\/\\\/www.krafthand.de\\\/truck\\\/artikel\\\/hausmesse-europart-stellt-am-2-juli-am-nuerburgring-aus-2706\\\/#breadcrumb\",\"itemListElement\":[{\"@type\":\"ListItem\",\"position\":1,\"name\":\"Krafthand-Truck\",\"item\":\"https:\\\/\\\/www.krafthand.de\\\/truck\\\/\"},{\"@type\":\"ListItem\",\"position\":2,\"name\":\"Nfz-Branche\",\"item\":\"https:\\\/\\\/www.krafthand.de\\\/truck\\\/kategorie\\\/branche\\\/\"},{\"@type\":\"ListItem\",\"position\":3,\"name\":\"Hausmesse: Europart stellt am 2. Juli am N\u00fcrburgring aus\"}]},{\"@type\":\"WebSite\",\"@id\":\"https:\\\/\\\/www.krafthand.de\\\/truck\\\/#website\",\"url\":\"https:\\\/\\\/www.krafthand.de\\\/truck\\\/\",\"name\":\"Krafthand-Truck\",\"description\":\"\",\"potentialAction\":[{\"@type\":\"SearchAction\",\"target\":{\"@type\":\"EntryPoint\",\"urlTemplate\":\"https:\\\/\\\/www.krafthand.de\\\/truck\\\/?s={search_term_string}\"},\"query-input\":{\"@type\":\"PropertyValueSpecification\",\"valueRequired\":true,\"valueName\":\"search_term_string\"}}],\"inLanguage\":\"de\"},{\"@type\":\"Person\",\"@id\":\"https:\\\/\\\/www.krafthand.de\\\/truck\\\/#\\\/schema\\\/person\\\/8e290c6d425b72d176adc7767a251001\",\"name\":\"katja.heid@krafthand.de\",\"image\":{\"@type\":\"ImageObject\",\"inLanguage\":\"de\",\"@id\":\"https:\\\/\\\/secure.gravatar.com\\\/avatar\\\/9a2930c54ede0e0a76c0f8abfb74704de273084f2aa0e3c6deb2c86704c7402b?s=96&d=mm&r=g\",\"url\":\"https:\\\/\\\/secure.gravatar.com\\\/avatar\\\/9a2930c54ede0e0a76c0f8abfb74704de273084f2aa0e3c6deb2c86704c7402b?s=96&d=mm&r=g\",\"contentUrl\":\"https:\\\/\\\/secure.gravatar.com\\\/avatar\\\/9a2930c54ede0e0a76c0f8abfb74704de273084f2aa0e3c6deb2c86704c7402b?s=96&d=mm&r=g\",\"caption\":\"katja.heid@krafthand.de\"}}]}<\/script>\n<!-- \/ Yoast SEO plugin. -->","yoast_head_json":{"title":"Hausmesse: Europart stellt am 2. Juli am N\u00fcrburgring aus - Krafthand-Truck","robots":{"index":"index","follow":"follow","max-snippet":"max-snippet:-1","max-image-preview":"max-image-preview:large","max-video-preview":"max-video-preview:-1"},"canonical":"https:\/\/www.krafthand.de\/truck\/artikel\/hausmesse-europart-stellt-am-2-juli-am-nuerburgring-aus-2706\/","og_locale":"de_DE","og_type":"article","og_title":"Hausmesse: Europart stellt am 2. Juli am N\u00fcrburgring aus - Krafthand-Truck","og_description":"Europart veranstaltet beim ADAC-Truck-Grand-Prix am 2. Juli seine Hausmesse \u201eEuropart Bestzeit\u201c im Bitburger Event Center sowie in zwei Zelten direkt am Ring. Von 9 bis 18 Uhr pr\u00e4sentiert das Unternehmen mit zahlreichen Partnern eine Ausstellung namhafter Marken, Produkte und Neuheiten. ... weiter","og_url":"https:\/\/www.krafthand-truck.de\/artikel\/hausmesse-europart-stellt-am-2-juli-am-nuerburgring-aus-2706\/","og_site_name":"Krafthand-Truck","article_published_time":"2016-06-01T08:03:42+00:00","og_image":[{"width":1200,"height":403,"url":"https:\/\/www.krafthand.de\/truck\/wp-content\/uploads\/2016\/06\/Europart___-1.jpg","type":"image\/jpeg"}],"author":"katja.heid@krafthand.de","twitter_card":"summary_large_image","twitter_misc":{"Verfasst von":"katja.heid@krafthand.de","Gesch\u00e4tzte Lesezeit":"1\u00a0Minute"},"schema":{"@context":"https:\/\/schema.org","@graph":[{"@type":"Article","@id":"https:\/\/www.krafthand.de\/truck\/artikel\/hausmesse-europart-stellt-am-2-juli-am-nuerburgring-aus-2706\/#article","isPartOf":{"@id":"https:\/\/www.krafthand.de\/truck\/artikel\/hausmesse-europart-stellt-am-2-juli-am-nuerburgring-aus-2706\/"},"author":{"name":"katja.heid@krafthand.de","@id":"https:\/\/www.krafthand.de\/truck\/#\/schema\/person\/8e290c6d425b72d176adc7767a251001"},"headline":"Hausmesse: Europart stellt am 2. Juli am N\u00fcrburgring aus","datePublished":"2016-06-01T08:03:42+00:00","mainEntityOfPage":{"@id":"https:\/\/www.krafthand.de\/truck\/artikel\/hausmesse-europart-stellt-am-2-juli-am-nuerburgring-aus-2706\/"},"wordCount":303,"image":{"@id":"https:\/\/www.krafthand.de\/truck\/artikel\/hausmesse-europart-stellt-am-2-juli-am-nuerburgring-aus-2706\/#primaryimage"},"thumbnailUrl":"https:\/\/static.krafthand-truck.de\/uploads\/2016\/06\/Europart___-1.jpg","keywords":["Europart","N\u00fcrburgring"],"articleSection":["Nfz-Branche"],"inLanguage":"de"},{"@type":"WebPage","@id":"https:\/\/www.krafthand.de\/truck\/artikel\/hausmesse-europart-stellt-am-2-juli-am-nuerburgring-aus-2706\/","url":"https:\/\/www.krafthand.de\/truck\/artikel\/hausmesse-europart-stellt-am-2-juli-am-nuerburgring-aus-2706\/","name":"Hausmesse: Europart stellt am 2. Juli am N\u00fcrburgring aus - Krafthand-Truck","isPartOf":{"@id":"https:\/\/www.krafthand.de\/truck\/#website"},"primaryImageOfPage":{"@id":"https:\/\/www.krafthand.de\/truck\/artikel\/hausmesse-europart-stellt-am-2-juli-am-nuerburgring-aus-2706\/#primaryimage"},"image":{"@id":"https:\/\/www.krafthand.de\/truck\/artikel\/hausmesse-europart-stellt-am-2-juli-am-nuerburgring-aus-2706\/#primaryimage"},"thumbnailUrl":"https:\/\/static.krafthand-truck.de\/uploads\/2016\/06\/Europart___-1.jpg","datePublished":"2016-06-01T08:03:42+00:00","author":{"@id":"https:\/\/www.krafthand.de\/truck\/#\/schema\/person\/8e290c6d425b72d176adc7767a251001"},"breadcrumb":{"@id":"https:\/\/www.krafthand.de\/truck\/artikel\/hausmesse-europart-stellt-am-2-juli-am-nuerburgring-aus-2706\/#breadcrumb"},"inLanguage":"de","potentialAction":[{"@type":"ReadAction","target":["https:\/\/www.krafthand.de\/truck\/artikel\/hausmesse-europart-stellt-am-2-juli-am-nuerburgring-aus-2706\/"]}]},{"@type":"ImageObject","inLanguage":"de","@id":"https:\/\/www.krafthand.de\/truck\/artikel\/hausmesse-europart-stellt-am-2-juli-am-nuerburgring-aus-2706\/#primaryimage","url":"https:\/\/static.krafthand-truck.de\/uploads\/2016\/06\/Europart___-1.jpg","contentUrl":"https:\/\/static.krafthand-truck.de\/uploads\/2016\/06\/Europart___-1.jpg","width":1200,"height":403,"caption":"Europart nutzt den Grand Prix am N\u00fcrburgring und veranstaltet am Samstag, 2. Juli seine Hausmesse \u201eEuropart Bestzeit\u201c im Bitburger Event Center sowie in zwei Zelten direkt am Ring. Foto: Europart"},{"@type":"BreadcrumbList","@id":"https:\/\/www.krafthand.de\/truck\/artikel\/hausmesse-europart-stellt-am-2-juli-am-nuerburgring-aus-2706\/#breadcrumb","itemListElement":[{"@type":"ListItem","position":1,"name":"Krafthand-Truck","item":"https:\/\/www.krafthand.de\/truck\/"},{"@type":"ListItem","position":2,"name":"Nfz-Branche","item":"https:\/\/www.krafthand.de\/truck\/kategorie\/branche\/"},{"@type":"ListItem","position":3,"name":"Hausmesse: Europart stellt am 2. Juli am N\u00fcrburgring aus"}]},{"@type":"WebSite","@id":"https:\/\/www.krafthand.de\/truck\/#website","url":"https:\/\/www.krafthand.de\/truck\/","name":"Krafthand-Truck","description":"","potentialAction":[{"@type":"SearchAction","target":{"@type":"EntryPoint","urlTemplate":"https:\/\/www.krafthand.de\/truck\/?s={search_term_string}"},"query-input":{"@type":"PropertyValueSpecification","valueRequired":true,"valueName":"search_term_string"}}],"inLanguage":"de"},{"@type":"Person","@id":"https:\/\/www.krafthand.de\/truck\/#\/schema\/person\/8e290c6d425b72d176adc7767a251001","name":"katja.heid@krafthand.de","image":{"@type":"ImageObject","inLanguage":"de","@id":"https:\/\/secure.gravatar.com\/avatar\/9a2930c54ede0e0a76c0f8abfb74704de273084f2aa0e3c6deb2c86704c7402b?s=96&d=mm&r=g","url":"https:\/\/secure.gravatar.com\/avatar\/9a2930c54ede0e0a76c0f8abfb74704de273084f2aa0e3c6deb2c86704c7402b?s=96&d=mm&r=g","contentUrl":"https:\/\/secure.gravatar.com\/avatar\/9a2930c54ede0e0a76c0f8abfb74704de273084f2aa0e3c6deb2c86704c7402b?s=96&d=mm&r=g","caption":"katja.heid@krafthand.de"}}]}},"_links":{"self":[{"href":"https:\/\/www.krafthand.de\/truck\/wp-json\/wp\/v2\/posts\/2706","targetHints":{"allow":["GET"]}}],"collection":[{"href":"https:\/\/www.krafthand.de\/truck\/wp-json\/wp\/v2\/posts"}],"about":[{"href":"https:\/\/www.krafthand.de\/truck\/wp-json\/wp\/v2\/types\/post"}],"author":[{"embeddable":true,"href":"https:\/\/www.krafthand.de\/truck\/wp-json\/wp\/v2\/users\/3"}],"replies":[{"embeddable":true,"href":"https:\/\/www.krafthand.de\/truck\/wp-json\/wp\/v2\/comments?post=2706"}],"version-history":[{"count":0,"href":"https:\/\/www.krafthand.de\/truck\/wp-json\/wp\/v2\/posts\/2706\/revisions"}],"wp:featuredmedia":[{"embeddable":true,"href":"https:\/\/www.krafthand.de\/truck\/wp-json\/wp\/v2\/media\/2707"}],"wp:attachment":[{"href":"https:\/\/www.krafthand.de\/truck\/wp-json\/wp\/v2\/media?parent=2706"}],"wp:term":[{"taxonomy":"category","embeddable":true,"href":"https:\/\/www.krafthand.de\/truck\/wp-json\/wp\/v2\/categories?post=2706"},{"taxonomy":"post_tag","embeddable":true,"href":"https:\/\/www.krafthand.de\/truck\/wp-json\/wp\/v2\/tags?post=2706"},{"taxonomy":"settings","embeddable":true,"href":"https:\/\/www.krafthand.de\/truck\/wp-json\/wp\/v2\/settings?post=2706"}],"curies":[{"name":"wp","href":"https:\/\/api.w.org\/{rel}","templated":true}]}}