{"id":27050,"date":"2021-03-18T09:59:25","date_gmt":"2021-03-18T08:59:25","guid":{"rendered":"https:\/\/www.krafthand.de\/truck\/?p=27050"},"modified":"2021-03-18T09:59:25","modified_gmt":"2021-03-18T08:59:25","slug":"hintergrundinfos-video-zum-thema-turbolader","status":"publish","type":"post","link":"https:\/\/www.krafthand.de\/truck\/artikel\/hintergrundinfos-video-zum-thema-turbolader-27050\/","title":{"rendered":"Hintergrundinfos: Video zum Thema Turbolader"},"content":{"rendered":"<p>Im neuen Video der Parts-Specialists dreht sich alles um den Turbolader. Die Teile-Profis Lars und Kevin analysieren\u00a0 diverse Fehlerbilder wie sie im Werkstattalltag h\u00e4ufig vorkommen k\u00f6nnen. Passend dazu liefert das Duo verschiedene Ans\u00e4tze zur Probleml\u00f6sung. Ratschl\u00e4ge f\u00fcr die Zuschauer sollen zudem daf\u00fcr sorgen, m\u00f6gliche Sch\u00e4den bereits im Vorfeld zu vermeiden.<\/p>\n<p>W\u00e4hrend ihres Videos untersuchen Lars und Kevin unterschiedliche Turbolader als auch dazugeh\u00f6rige Anbaukomponenten wie Luftfilter und Ladeluftk\u00fchler, um herauszufinden, wo die jeweilige Ursache des Schadens liegt. Zu den verursachenden Faktoren z\u00e4hlen unter anderem \u00d6lr\u00fcckst\u00e4nde, ein erh\u00f6htes Lagerspiel, thermische \u00dcberlastungen sowie Fremdpartikel.<\/p>\n<div class=\"brlbs-cmpnt-container brlbs-cmpnt-content-blocker brlbs-cmpnt-with-individual-styles\" data-borlabs-cookie-content-blocker-id=\"youtube-content-blocker\" data-borlabs-cookie-content=\"PGlmcmFtZSB0aXRsZT0iUFMgVGlwczogVHVyYm9sYWRlciDigJMgUHJheGlzdGlwcHMgZsO8ciBNZWNoYW5pa2VyIiB3aWR0aD0iNjY1IiBoZWlnaHQ9IjM3NCIgc3JjPSJodHRwczovL3d3dy55b3V0dWJlLW5vY29va2llLmNvbS9lbWJlZC9nQlJ4ckdmRTRqcz9mZWF0dXJlPW9lbWJlZCIgZnJhbWVib3JkZXI9IjAiIGFsbG93PSJhY2NlbGVyb21ldGVyOyBhdXRvcGxheTsgY2xpcGJvYXJkLXdyaXRlOyBlbmNyeXB0ZWQtbWVkaWE7IGd5cm9zY29wZTsgcGljdHVyZS1pbi1waWN0dXJlOyB3ZWItc2hhcmUiIHJlZmVycmVycG9saWN5PSJzdHJpY3Qtb3JpZ2luLXdoZW4tY3Jvc3Mtb3JpZ2luIiBhbGxvd2Z1bGxzY3JlZW4+PC9pZnJhbWU+\">\n<div class=\"brlbs-cmpnt-cb-preset-c brlbs-cmpnt-cb-youtube\">\n<div class=\"brlbs-cmpnt-cb-thumbnail\" style=\"background-image: url('https:\/\/static.krafthand-truck.de\/uploads\/borlabs-cookie\/1\/yt_gBRxrGfE4js_hqdefault.jpg')\"><\/div>\n<div class=\"brlbs-cmpnt-cb-main\">\n<div class=\"brlbs-cmpnt-cb-play-button\"><\/div>\n<div class=\"brlbs-cmpnt-cb-content\">\n<p class=\"brlbs-cmpnt-cb-description\">Sie sehen gerade einen Platzhalterinhalt von <strong>YouTube<\/strong>. Um auf den eigentlichen Inhalt zuzugreifen, klicken Sie auf die Schaltfl\u00e4che unten. Bitte beachten Sie, dass dabei Daten an Drittanbieter weitergegeben werden.<\/p>\n<p> <a class=\"brlbs-cmpnt-cb-provider-toggle\" href=\"#\" data-borlabs-cookie-show-provider-information role=\"button\">Mehr Informationen<\/a> <\/div>\n<div class=\"brlbs-cmpnt-cb-buttons\"> <a class=\"brlbs-cmpnt-cb-btn\" href=\"#\" data-borlabs-cookie-unblock role=\"button\">Inhalt entsperren<\/a> <a class=\"brlbs-cmpnt-cb-btn\" href=\"#\" data-borlabs-cookie-accept-service role=\"button\" style=\"display: inherit\">Erforderlichen Service akzeptieren und Inhalte entsperren<\/a> <\/div>\n<\/p><\/div>\n<\/p><\/div>\n<\/div>\n<p>Dar\u00fcber hinaus informieren die beiden \u00fcber verschiedene Bauformen sowie deren Besonderheiten und geben einen Hinweis zum Servicebuch \u2013 dessen Verwendung tr\u00e4gt dazu bei, die \u00dcberschreitung des Wartungsintervalls und damit potenzielle negative Konsequenzen zu umgehen. Zur weiteren Hilfe und Unterst\u00fctzung liegen den Produkten der Marke <a href=\"https:\/\/www.dt-spareparts.com\/de\/\" target=\"_blank\" rel=\"noopener\">DT Spare Parts<\/a> Einbauanleitungen bei, welche die Montage erleichtern und au\u00dferdem Aufschluss \u00fcber m\u00f6gliche Fehlerursachen geben.<\/p>\n<p>Das Sortiment von DT Spare Parts umfasst \u00fcber 200 Turbolader sowie zahlreiche Anbaukomponenten wie beispielsweise verschiedenste Dichtungen, \u00d6ldruckleitungen, \u00d6ldrucksensoren, Ladeluftschl\u00e4uche und Ladeluftschellen, aber auch Ladeluftk\u00fchler sowie diverse Auspuffteile.<\/p>\n","protected":false},"excerpt":{"rendered":"<p>Im neuen Video der Parts-Specialists dreht sich alles um den Turbolader. Die Teile-Profis Lars und Kevin analysieren\u00a0diverse Fehlerbilder wie sie im Werkstattalltag h\u00e4ufig vorkommen k\u00f6nnen. <span class=\"excerpt-more__dots\">&#8230;<\/span> <a class=\"excerpt-more__link\" href=\"https:\/\/www.krafthand.de\/truck\/artikel\/hintergrundinfos-video-zum-thema-turbolader-27050\/\" >weiter<\/a><\/p>\n","protected":false},"author":9,"featured_media":27052,"comment_status":"closed","ping_status":"closed","sticky":false,"template":"","format":"standard","meta":{"footnotes":""},"categories":[],"tags":[223,4283,367,3143],"settings":[3524],"class_list":["post-27050","post","type-post","status-publish","format-standard","has-post-thumbnail","hentry","tag-diesel-technic","tag-dt-spareparts","tag-turbolader","tag-video"],"yoast_head":"<!-- This site is optimized with the Yoast SEO plugin v27.3 - https:\/\/yoast.com\/product\/yoast-seo-wordpress\/ -->\n<title>Hintergrundinfos: Video zum Thema Turbolader - Krafthand-Truck<\/title>\n<meta name=\"robots\" content=\"index, follow, max-snippet:-1, max-image-preview:large, max-video-preview:-1\" \/>\n<link rel=\"canonical\" href=\"https:\/\/www.krafthand.de\/truck\/artikel\/hintergrundinfos-video-zum-thema-turbolader-27050\/\" \/>\n<meta property=\"og:locale\" content=\"de_DE\" \/>\n<meta property=\"og:type\" content=\"article\" \/>\n<meta property=\"og:title\" content=\"Hintergrundinfos: Video zum Thema Turbolader - Krafthand-Truck\" \/>\n<meta property=\"og:description\" content=\"Im neuen Video der Parts-Specialists dreht sich alles um den Turbolader. Die Teile-Profis Lars und Kevin analysieren\u00a0diverse Fehlerbilder wie sie im Werkstattalltag h\u00e4ufig vorkommen k\u00f6nnen. ... weiter\" \/>\n<meta property=\"og:url\" content=\"https:\/\/www.krafthand-truck.de\/artikel\/hintergrundinfos-video-zum-thema-turbolader-27050\/\" \/>\n<meta property=\"og:site_name\" content=\"Krafthand-Truck\" \/>\n<meta property=\"article:published_time\" content=\"2021-03-18T08:59:25+00:00\" \/>\n<meta property=\"og:image\" content=\"https:\/\/www.krafthand.de\/truck\/wp-content\/uploads\/2021\/03\/DT_Spareparts_Video_Turbolader.jpg\" \/>\n\t<meta property=\"og:image:width\" content=\"1200\" \/>\n\t<meta property=\"og:image:height\" content=\"670\" \/>\n\t<meta property=\"og:image:type\" content=\"image\/jpeg\" \/>\n<meta name=\"author\" content=\"georg.blenk@krafthand-medien.de\" \/>\n<meta name=\"twitter:card\" content=\"summary_large_image\" \/>\n<meta name=\"twitter:label1\" content=\"Verfasst von\" \/>\n\t<meta name=\"twitter:data1\" content=\"georg.blenk@krafthand-medien.de\" \/>\n\t<meta name=\"twitter:label2\" content=\"Gesch\u00e4tzte Lesezeit\" \/>\n\t<meta name=\"twitter:data2\" content=\"1\u00a0Minute\" \/>\n<script type=\"application\/ld+json\" class=\"yoast-schema-graph\">{\"@context\":\"https:\\\/\\\/schema.org\",\"@graph\":[{\"@type\":\"Article\",\"@id\":\"https:\\\/\\\/www.krafthand.de\\\/truck\\\/artikel\\\/hintergrundinfos-video-zum-thema-turbolader-27050\\\/#article\",\"isPartOf\":{\"@id\":\"https:\\\/\\\/www.krafthand.de\\\/truck\\\/artikel\\\/hintergrundinfos-video-zum-thema-turbolader-27050\\\/\"},\"author\":{\"name\":\"georg.blenk@krafthand-medien.de\",\"@id\":\"https:\\\/\\\/www.krafthand.de\\\/truck\\\/#\\\/schema\\\/person\\\/51fa80b1c57034c4bf63f9f988fc24ce\"},\"headline\":\"Hintergrundinfos: Video zum Thema Turbolader\",\"datePublished\":\"2021-03-18T08:59:25+00:00\",\"mainEntityOfPage\":{\"@id\":\"https:\\\/\\\/www.krafthand.de\\\/truck\\\/artikel\\\/hintergrundinfos-video-zum-thema-turbolader-27050\\\/\"},\"wordCount\":210,\"image\":{\"@id\":\"https:\\\/\\\/www.krafthand.de\\\/truck\\\/artikel\\\/hintergrundinfos-video-zum-thema-turbolader-27050\\\/#primaryimage\"},\"thumbnailUrl\":\"https:\\\/\\\/static.krafthand-truck.de\\\/uploads\\\/2021\\\/03\\\/DT_Spareparts_Video_Turbolader.jpg\",\"keywords\":[\"Diesel Technic\",\"DT Spareparts\",\"Turbolader\",\"video\"],\"inLanguage\":\"de\"},{\"@type\":\"WebPage\",\"@id\":\"https:\\\/\\\/www.krafthand.de\\\/truck\\\/artikel\\\/hintergrundinfos-video-zum-thema-turbolader-27050\\\/\",\"url\":\"https:\\\/\\\/www.krafthand.de\\\/truck\\\/artikel\\\/hintergrundinfos-video-zum-thema-turbolader-27050\\\/\",\"name\":\"Hintergrundinfos: Video zum Thema Turbolader - Krafthand-Truck\",\"isPartOf\":{\"@id\":\"https:\\\/\\\/www.krafthand.de\\\/truck\\\/#website\"},\"primaryImageOfPage\":{\"@id\":\"https:\\\/\\\/www.krafthand.de\\\/truck\\\/artikel\\\/hintergrundinfos-video-zum-thema-turbolader-27050\\\/#primaryimage\"},\"image\":{\"@id\":\"https:\\\/\\\/www.krafthand.de\\\/truck\\\/artikel\\\/hintergrundinfos-video-zum-thema-turbolader-27050\\\/#primaryimage\"},\"thumbnailUrl\":\"https:\\\/\\\/static.krafthand-truck.de\\\/uploads\\\/2021\\\/03\\\/DT_Spareparts_Video_Turbolader.jpg\",\"datePublished\":\"2021-03-18T08:59:25+00:00\",\"author\":{\"@id\":\"https:\\\/\\\/www.krafthand.de\\\/truck\\\/#\\\/schema\\\/person\\\/51fa80b1c57034c4bf63f9f988fc24ce\"},\"breadcrumb\":{\"@id\":\"https:\\\/\\\/www.krafthand.de\\\/truck\\\/artikel\\\/hintergrundinfos-video-zum-thema-turbolader-27050\\\/#breadcrumb\"},\"inLanguage\":\"de\",\"potentialAction\":[{\"@type\":\"ReadAction\",\"target\":[\"https:\\\/\\\/www.krafthand.de\\\/truck\\\/artikel\\\/hintergrundinfos-video-zum-thema-turbolader-27050\\\/\"]}]},{\"@type\":\"ImageObject\",\"inLanguage\":\"de\",\"@id\":\"https:\\\/\\\/www.krafthand.de\\\/truck\\\/artikel\\\/hintergrundinfos-video-zum-thema-turbolader-27050\\\/#primaryimage\",\"url\":\"https:\\\/\\\/static.krafthand-truck.de\\\/uploads\\\/2021\\\/03\\\/DT_Spareparts_Video_Turbolader.jpg\",\"contentUrl\":\"https:\\\/\\\/static.krafthand-truck.de\\\/uploads\\\/2021\\\/03\\\/DT_Spareparts_Video_Turbolader.jpg\",\"width\":1200,\"height\":670},{\"@type\":\"BreadcrumbList\",\"@id\":\"https:\\\/\\\/www.krafthand.de\\\/truck\\\/artikel\\\/hintergrundinfos-video-zum-thema-turbolader-27050\\\/#breadcrumb\",\"itemListElement\":[{\"@type\":\"ListItem\",\"position\":1,\"name\":\"Krafthand-Truck\",\"item\":\"https:\\\/\\\/www.krafthand.de\\\/truck\\\/\"},{\"@type\":\"ListItem\",\"position\":2,\"name\":\"Nfz-Service\",\"item\":\"https:\\\/\\\/www.krafthand.de\\\/truck\\\/kategorie\\\/nfz-service\\\/\"},{\"@type\":\"ListItem\",\"position\":3,\"name\":\"Hintergrundinfos: Video zum Thema Turbolader\"}]},{\"@type\":\"WebSite\",\"@id\":\"https:\\\/\\\/www.krafthand.de\\\/truck\\\/#website\",\"url\":\"https:\\\/\\\/www.krafthand.de\\\/truck\\\/\",\"name\":\"Krafthand-Truck\",\"description\":\"\",\"potentialAction\":[{\"@type\":\"SearchAction\",\"target\":{\"@type\":\"EntryPoint\",\"urlTemplate\":\"https:\\\/\\\/www.krafthand.de\\\/truck\\\/?s={search_term_string}\"},\"query-input\":{\"@type\":\"PropertyValueSpecification\",\"valueRequired\":true,\"valueName\":\"search_term_string\"}}],\"inLanguage\":\"de\"},{\"@type\":\"Person\",\"@id\":\"https:\\\/\\\/www.krafthand.de\\\/truck\\\/#\\\/schema\\\/person\\\/51fa80b1c57034c4bf63f9f988fc24ce\",\"name\":\"georg.blenk@krafthand-medien.de\",\"image\":{\"@type\":\"ImageObject\",\"inLanguage\":\"de\",\"@id\":\"https:\\\/\\\/secure.gravatar.com\\\/avatar\\\/93713c30affe0aa95d3a4130e499bb1abee2eb31adbdd9ce2aa1543538490215?s=96&d=mm&r=g\",\"url\":\"https:\\\/\\\/secure.gravatar.com\\\/avatar\\\/93713c30affe0aa95d3a4130e499bb1abee2eb31adbdd9ce2aa1543538490215?s=96&d=mm&r=g\",\"contentUrl\":\"https:\\\/\\\/secure.gravatar.com\\\/avatar\\\/93713c30affe0aa95d3a4130e499bb1abee2eb31adbdd9ce2aa1543538490215?s=96&d=mm&r=g\",\"caption\":\"georg.blenk@krafthand-medien.de\"}}]}<\/script>\n<!-- \/ Yoast SEO plugin. -->","yoast_head_json":{"title":"Hintergrundinfos: Video zum Thema Turbolader - Krafthand-Truck","robots":{"index":"index","follow":"follow","max-snippet":"max-snippet:-1","max-image-preview":"max-image-preview:large","max-video-preview":"max-video-preview:-1"},"canonical":"https:\/\/www.krafthand.de\/truck\/artikel\/hintergrundinfos-video-zum-thema-turbolader-27050\/","og_locale":"de_DE","og_type":"article","og_title":"Hintergrundinfos: Video zum Thema Turbolader - Krafthand-Truck","og_description":"Im neuen Video der Parts-Specialists dreht sich alles um den Turbolader. Die Teile-Profis Lars und Kevin analysieren\u00a0diverse Fehlerbilder wie sie im Werkstattalltag h\u00e4ufig vorkommen k\u00f6nnen. ... weiter","og_url":"https:\/\/www.krafthand-truck.de\/artikel\/hintergrundinfos-video-zum-thema-turbolader-27050\/","og_site_name":"Krafthand-Truck","article_published_time":"2021-03-18T08:59:25+00:00","og_image":[{"width":1200,"height":670,"url":"https:\/\/www.krafthand.de\/truck\/wp-content\/uploads\/2021\/03\/DT_Spareparts_Video_Turbolader.jpg","type":"image\/jpeg"}],"author":"georg.blenk@krafthand-medien.de","twitter_card":"summary_large_image","twitter_misc":{"Verfasst von":"georg.blenk@krafthand-medien.de","Gesch\u00e4tzte Lesezeit":"1\u00a0Minute"},"schema":{"@context":"https:\/\/schema.org","@graph":[{"@type":"Article","@id":"https:\/\/www.krafthand.de\/truck\/artikel\/hintergrundinfos-video-zum-thema-turbolader-27050\/#article","isPartOf":{"@id":"https:\/\/www.krafthand.de\/truck\/artikel\/hintergrundinfos-video-zum-thema-turbolader-27050\/"},"author":{"name":"georg.blenk@krafthand-medien.de","@id":"https:\/\/www.krafthand.de\/truck\/#\/schema\/person\/51fa80b1c57034c4bf63f9f988fc24ce"},"headline":"Hintergrundinfos: Video zum Thema Turbolader","datePublished":"2021-03-18T08:59:25+00:00","mainEntityOfPage":{"@id":"https:\/\/www.krafthand.de\/truck\/artikel\/hintergrundinfos-video-zum-thema-turbolader-27050\/"},"wordCount":210,"image":{"@id":"https:\/\/www.krafthand.de\/truck\/artikel\/hintergrundinfos-video-zum-thema-turbolader-27050\/#primaryimage"},"thumbnailUrl":"https:\/\/static.krafthand-truck.de\/uploads\/2021\/03\/DT_Spareparts_Video_Turbolader.jpg","keywords":["Diesel Technic","DT Spareparts","Turbolader","video"],"inLanguage":"de"},{"@type":"WebPage","@id":"https:\/\/www.krafthand.de\/truck\/artikel\/hintergrundinfos-video-zum-thema-turbolader-27050\/","url":"https:\/\/www.krafthand.de\/truck\/artikel\/hintergrundinfos-video-zum-thema-turbolader-27050\/","name":"Hintergrundinfos: Video zum Thema Turbolader - Krafthand-Truck","isPartOf":{"@id":"https:\/\/www.krafthand.de\/truck\/#website"},"primaryImageOfPage":{"@id":"https:\/\/www.krafthand.de\/truck\/artikel\/hintergrundinfos-video-zum-thema-turbolader-27050\/#primaryimage"},"image":{"@id":"https:\/\/www.krafthand.de\/truck\/artikel\/hintergrundinfos-video-zum-thema-turbolader-27050\/#primaryimage"},"thumbnailUrl":"https:\/\/static.krafthand-truck.de\/uploads\/2021\/03\/DT_Spareparts_Video_Turbolader.jpg","datePublished":"2021-03-18T08:59:25+00:00","author":{"@id":"https:\/\/www.krafthand.de\/truck\/#\/schema\/person\/51fa80b1c57034c4bf63f9f988fc24ce"},"breadcrumb":{"@id":"https:\/\/www.krafthand.de\/truck\/artikel\/hintergrundinfos-video-zum-thema-turbolader-27050\/#breadcrumb"},"inLanguage":"de","potentialAction":[{"@type":"ReadAction","target":["https:\/\/www.krafthand.de\/truck\/artikel\/hintergrundinfos-video-zum-thema-turbolader-27050\/"]}]},{"@type":"ImageObject","inLanguage":"de","@id":"https:\/\/www.krafthand.de\/truck\/artikel\/hintergrundinfos-video-zum-thema-turbolader-27050\/#primaryimage","url":"https:\/\/static.krafthand-truck.de\/uploads\/2021\/03\/DT_Spareparts_Video_Turbolader.jpg","contentUrl":"https:\/\/static.krafthand-truck.de\/uploads\/2021\/03\/DT_Spareparts_Video_Turbolader.jpg","width":1200,"height":670},{"@type":"BreadcrumbList","@id":"https:\/\/www.krafthand.de\/truck\/artikel\/hintergrundinfos-video-zum-thema-turbolader-27050\/#breadcrumb","itemListElement":[{"@type":"ListItem","position":1,"name":"Krafthand-Truck","item":"https:\/\/www.krafthand.de\/truck\/"},{"@type":"ListItem","position":2,"name":"Nfz-Service","item":"https:\/\/www.krafthand.de\/truck\/kategorie\/nfz-service\/"},{"@type":"ListItem","position":3,"name":"Hintergrundinfos: Video zum Thema Turbolader"}]},{"@type":"WebSite","@id":"https:\/\/www.krafthand.de\/truck\/#website","url":"https:\/\/www.krafthand.de\/truck\/","name":"Krafthand-Truck","description":"","potentialAction":[{"@type":"SearchAction","target":{"@type":"EntryPoint","urlTemplate":"https:\/\/www.krafthand.de\/truck\/?s={search_term_string}"},"query-input":{"@type":"PropertyValueSpecification","valueRequired":true,"valueName":"search_term_string"}}],"inLanguage":"de"},{"@type":"Person","@id":"https:\/\/www.krafthand.de\/truck\/#\/schema\/person\/51fa80b1c57034c4bf63f9f988fc24ce","name":"georg.blenk@krafthand-medien.de","image":{"@type":"ImageObject","inLanguage":"de","@id":"https:\/\/secure.gravatar.com\/avatar\/93713c30affe0aa95d3a4130e499bb1abee2eb31adbdd9ce2aa1543538490215?s=96&d=mm&r=g","url":"https:\/\/secure.gravatar.com\/avatar\/93713c30affe0aa95d3a4130e499bb1abee2eb31adbdd9ce2aa1543538490215?s=96&d=mm&r=g","contentUrl":"https:\/\/secure.gravatar.com\/avatar\/93713c30affe0aa95d3a4130e499bb1abee2eb31adbdd9ce2aa1543538490215?s=96&d=mm&r=g","caption":"georg.blenk@krafthand-medien.de"}}]}},"_links":{"self":[{"href":"https:\/\/www.krafthand.de\/truck\/wp-json\/wp\/v2\/posts\/27050","targetHints":{"allow":["GET"]}}],"collection":[{"href":"https:\/\/www.krafthand.de\/truck\/wp-json\/wp\/v2\/posts"}],"about":[{"href":"https:\/\/www.krafthand.de\/truck\/wp-json\/wp\/v2\/types\/post"}],"author":[{"embeddable":true,"href":"https:\/\/www.krafthand.de\/truck\/wp-json\/wp\/v2\/users\/9"}],"replies":[{"embeddable":true,"href":"https:\/\/www.krafthand.de\/truck\/wp-json\/wp\/v2\/comments?post=27050"}],"version-history":[{"count":2,"href":"https:\/\/www.krafthand.de\/truck\/wp-json\/wp\/v2\/posts\/27050\/revisions"}],"predecessor-version":[{"id":27053,"href":"https:\/\/www.krafthand.de\/truck\/wp-json\/wp\/v2\/posts\/27050\/revisions\/27053"}],"wp:featuredmedia":[{"embeddable":true,"href":"https:\/\/www.krafthand.de\/truck\/wp-json\/wp\/v2\/media\/27052"}],"wp:attachment":[{"href":"https:\/\/www.krafthand.de\/truck\/wp-json\/wp\/v2\/media?parent=27050"}],"wp:term":[{"taxonomy":"category","embeddable":true,"href":"https:\/\/www.krafthand.de\/truck\/wp-json\/wp\/v2\/categories?post=27050"},{"taxonomy":"post_tag","embeddable":true,"href":"https:\/\/www.krafthand.de\/truck\/wp-json\/wp\/v2\/tags?post=27050"},{"taxonomy":"settings","embeddable":true,"href":"https:\/\/www.krafthand.de\/truck\/wp-json\/wp\/v2\/settings?post=27050"}],"curies":[{"name":"wp","href":"https:\/\/api.w.org\/{rel}","templated":true}]}}