{"id":27028,"date":"2021-03-17T13:02:34","date_gmt":"2021-03-17T12:02:34","guid":{"rendered":"https:\/\/www.krafthand.de\/truck\/?p=27028"},"modified":"2021-03-26T08:50:17","modified_gmt":"2021-03-26T07:50:17","slug":"michelin-kooperiert-mit-sennder","status":"publish","type":"post","link":"https:\/\/www.krafthand.de\/truck\/artikel\/michelin-kooperiert-mit-sennder-27028\/","title":{"rendered":"Michelin kooperiert mit Sennder"},"content":{"rendered":"<p>Michelin geht eine Partnerschaft mit dem digitalen Spediteur <a href=\"https:\/\/www.sennder.com\/de\" target=\"_blank\" rel=\"noopener\">Sennder<\/a> ein. Frachtf\u00fchrer des Unternehmens k\u00f6nnen so k\u00fcnftig Reifen von Michelin einfacher und g\u00fcnstiger beziehen. Durch die Zusammenarbeit erhalten Frachtf\u00fchrer von Sennder einen kundenspezifischen Zugang zu den Reifen von Michelin. Ein weitere Teil der Partnerschaft ist die Nutzung des Runderneuerungs-Service von Michelin. Der Fokus der Zusammenarbeit von Sennder und Michelin liegt den Angaben zufolge zun\u00e4chst auf Nordeuropa und der iberischen Halbinsel. Die Zusammenarbeit soll jedoch im Laufe des Jahres 2021 auf weitere europ\u00e4ische M\u00e4rkte ausgebaut werden.<\/p>\n<blockquote><p>&#8222;Wir legen gro\u00dfen Wert auf digitale Mobilit\u00e4ts- und Flottenl\u00f6sungen. Allein in Europa besch\u00e4ftigen wir rund 1.000 Mitarbeiter, die sich um das digitale Services &amp; Solution Portfolio von Michelin k\u00fcmmern. Wir freuen uns deshalb, nun mit Sennder neue, innovative Wege zu erkunden&#8220;, so Philip Cordes, Vice President Marketing B2B Europe North bei Michelin.<\/p><\/blockquote>\n<blockquote><p>\u201eUnsere Partnerschaft mit Michelin zielt auf Innovationen, mit denen wir den europ\u00e4ischen Stra\u00dfeng\u00fcterverkehr fit machen f\u00fcr eine nachhaltige Zukunft \u2013 ein Vorteil f\u00fcr Spediteure und Versender gleicherma\u00dfen\u201c, sagt Franck Marcaire, Head of Value Added Services bei Sennder.<\/p><\/blockquote>\n","protected":false},"excerpt":{"rendered":"<p>Michelin geht eine Partnerschaft mit dem digitalen Spediteur Sennder ein. Frachtf\u00fchrer k\u00f6nnen so k\u00fcnftig Reifen von Michelin einfacher und g\u00fcnstiger beziehen. <span class=\"excerpt-more__dots\">&#8230;<\/span> <a class=\"excerpt-more__link\" href=\"https:\/\/www.krafthand.de\/truck\/artikel\/michelin-kooperiert-mit-sennder-27028\/\" >weiter<\/a><\/p>\n","protected":false},"author":9,"featured_media":27030,"comment_status":"closed","ping_status":"closed","sticky":false,"template":"","format":"standard","meta":{"footnotes":""},"categories":[4238,4235],"tags":[4276,155,4275,4274],"settings":[],"class_list":["post-27028","post","type-post","status-publish","format-standard","has-post-thumbnail","hentry","category-koepfe","category-unternehmen","tag-franck-marcaire","tag-michelin","tag-philip-cordes","tag-sennder"],"yoast_head":"<!-- This site is optimized with the Yoast SEO plugin v27.3 - https:\/\/yoast.com\/product\/yoast-seo-wordpress\/ -->\n<title>Michelin kooperiert mit Sennder - Krafthand-Truck<\/title>\n<meta name=\"robots\" content=\"index, follow, max-snippet:-1, max-image-preview:large, max-video-preview:-1\" \/>\n<link rel=\"canonical\" href=\"https:\/\/www.krafthand.de\/truck\/artikel\/michelin-kooperiert-mit-sennder-27028\/\" \/>\n<meta property=\"og:locale\" content=\"de_DE\" \/>\n<meta property=\"og:type\" content=\"article\" \/>\n<meta property=\"og:title\" content=\"Michelin kooperiert mit Sennder - Krafthand-Truck\" \/>\n<meta property=\"og:description\" content=\"Michelin geht eine Partnerschaft mit dem digitalen Spediteur Sennder ein. Frachtf\u00fchrer k\u00f6nnen so k\u00fcnftig Reifen von Michelin einfacher und g\u00fcnstiger beziehen. ... weiter\" \/>\n<meta property=\"og:url\" content=\"https:\/\/www.krafthand-truck.de\/artikel\/michelin-kooperiert-mit-sennder-27028\/\" \/>\n<meta property=\"og:site_name\" content=\"Krafthand-Truck\" \/>\n<meta property=\"article:published_time\" content=\"2021-03-17T12:02:34+00:00\" \/>\n<meta property=\"article:modified_time\" content=\"2021-03-26T07:50:17+00:00\" \/>\n<meta property=\"og:image\" content=\"https:\/\/www.krafthand.de\/truck\/wp-content\/uploads\/2021\/03\/michelin-philip-cordes.jpg\" \/>\n\t<meta property=\"og:image:width\" content=\"694\" \/>\n\t<meta property=\"og:image:height\" content=\"969\" \/>\n\t<meta property=\"og:image:type\" content=\"image\/jpeg\" \/>\n<meta name=\"author\" content=\"georg.blenk@krafthand-medien.de\" \/>\n<meta name=\"twitter:card\" content=\"summary_large_image\" \/>\n<meta name=\"twitter:label1\" content=\"Verfasst von\" \/>\n\t<meta name=\"twitter:data1\" content=\"georg.blenk@krafthand-medien.de\" \/>\n\t<meta name=\"twitter:label2\" content=\"Gesch\u00e4tzte Lesezeit\" \/>\n\t<meta name=\"twitter:data2\" content=\"1\u00a0Minute\" \/>\n<script type=\"application\/ld+json\" class=\"yoast-schema-graph\">{\"@context\":\"https:\\\/\\\/schema.org\",\"@graph\":[{\"@type\":\"Article\",\"@id\":\"https:\\\/\\\/www.krafthand.de\\\/truck\\\/artikel\\\/michelin-kooperiert-mit-sennder-27028\\\/#article\",\"isPartOf\":{\"@id\":\"https:\\\/\\\/www.krafthand.de\\\/truck\\\/artikel\\\/michelin-kooperiert-mit-sennder-27028\\\/\"},\"author\":{\"name\":\"georg.blenk@krafthand-medien.de\",\"@id\":\"https:\\\/\\\/www.krafthand.de\\\/truck\\\/#\\\/schema\\\/person\\\/51fa80b1c57034c4bf63f9f988fc24ce\"},\"headline\":\"Michelin kooperiert mit Sennder\",\"datePublished\":\"2021-03-17T12:02:34+00:00\",\"dateModified\":\"2021-03-26T07:50:17+00:00\",\"mainEntityOfPage\":{\"@id\":\"https:\\\/\\\/www.krafthand.de\\\/truck\\\/artikel\\\/michelin-kooperiert-mit-sennder-27028\\\/\"},\"wordCount\":194,\"image\":{\"@id\":\"https:\\\/\\\/www.krafthand.de\\\/truck\\\/artikel\\\/michelin-kooperiert-mit-sennder-27028\\\/#primaryimage\"},\"thumbnailUrl\":\"https:\\\/\\\/static.krafthand-truck.de\\\/uploads\\\/2021\\\/03\\\/michelin-philip-cordes.jpg\",\"keywords\":[\"Franck Marcaire\",\"Michelin\",\"Philip Cordes\",\"Sennder\"],\"articleSection\":[\"K\u00f6pfe\\\/Personen\",\"Unternehmen\"],\"inLanguage\":\"de\"},{\"@type\":\"WebPage\",\"@id\":\"https:\\\/\\\/www.krafthand.de\\\/truck\\\/artikel\\\/michelin-kooperiert-mit-sennder-27028\\\/\",\"url\":\"https:\\\/\\\/www.krafthand.de\\\/truck\\\/artikel\\\/michelin-kooperiert-mit-sennder-27028\\\/\",\"name\":\"Michelin kooperiert mit Sennder - Krafthand-Truck\",\"isPartOf\":{\"@id\":\"https:\\\/\\\/www.krafthand.de\\\/truck\\\/#website\"},\"primaryImageOfPage\":{\"@id\":\"https:\\\/\\\/www.krafthand.de\\\/truck\\\/artikel\\\/michelin-kooperiert-mit-sennder-27028\\\/#primaryimage\"},\"image\":{\"@id\":\"https:\\\/\\\/www.krafthand.de\\\/truck\\\/artikel\\\/michelin-kooperiert-mit-sennder-27028\\\/#primaryimage\"},\"thumbnailUrl\":\"https:\\\/\\\/static.krafthand-truck.de\\\/uploads\\\/2021\\\/03\\\/michelin-philip-cordes.jpg\",\"datePublished\":\"2021-03-17T12:02:34+00:00\",\"dateModified\":\"2021-03-26T07:50:17+00:00\",\"author\":{\"@id\":\"https:\\\/\\\/www.krafthand.de\\\/truck\\\/#\\\/schema\\\/person\\\/51fa80b1c57034c4bf63f9f988fc24ce\"},\"breadcrumb\":{\"@id\":\"https:\\\/\\\/www.krafthand.de\\\/truck\\\/artikel\\\/michelin-kooperiert-mit-sennder-27028\\\/#breadcrumb\"},\"inLanguage\":\"de\",\"potentialAction\":[{\"@type\":\"ReadAction\",\"target\":[\"https:\\\/\\\/www.krafthand.de\\\/truck\\\/artikel\\\/michelin-kooperiert-mit-sennder-27028\\\/\"]}]},{\"@type\":\"ImageObject\",\"inLanguage\":\"de\",\"@id\":\"https:\\\/\\\/www.krafthand.de\\\/truck\\\/artikel\\\/michelin-kooperiert-mit-sennder-27028\\\/#primaryimage\",\"url\":\"https:\\\/\\\/static.krafthand-truck.de\\\/uploads\\\/2021\\\/03\\\/michelin-philip-cordes.jpg\",\"contentUrl\":\"https:\\\/\\\/static.krafthand-truck.de\\\/uploads\\\/2021\\\/03\\\/michelin-philip-cordes.jpg\",\"width\":694,\"height\":969,\"caption\":\"Philip Cordes, Michelin\"},{\"@type\":\"BreadcrumbList\",\"@id\":\"https:\\\/\\\/www.krafthand.de\\\/truck\\\/artikel\\\/michelin-kooperiert-mit-sennder-27028\\\/#breadcrumb\",\"itemListElement\":[{\"@type\":\"ListItem\",\"position\":1,\"name\":\"Krafthand-Truck\",\"item\":\"https:\\\/\\\/www.krafthand.de\\\/truck\\\/\"},{\"@type\":\"ListItem\",\"position\":2,\"name\":\"Nfz-Branche\",\"item\":\"https:\\\/\\\/www.krafthand.de\\\/truck\\\/kategorie\\\/branche\\\/\"},{\"@type\":\"ListItem\",\"position\":3,\"name\":\"K\u00f6pfe\\\/Personen\",\"item\":\"https:\\\/\\\/www.krafthand.de\\\/truck\\\/kategorie\\\/branche\\\/koepfe\\\/\"},{\"@type\":\"ListItem\",\"position\":4,\"name\":\"Michelin kooperiert mit Sennder\"}]},{\"@type\":\"WebSite\",\"@id\":\"https:\\\/\\\/www.krafthand.de\\\/truck\\\/#website\",\"url\":\"https:\\\/\\\/www.krafthand.de\\\/truck\\\/\",\"name\":\"Krafthand-Truck\",\"description\":\"\",\"potentialAction\":[{\"@type\":\"SearchAction\",\"target\":{\"@type\":\"EntryPoint\",\"urlTemplate\":\"https:\\\/\\\/www.krafthand.de\\\/truck\\\/?s={search_term_string}\"},\"query-input\":{\"@type\":\"PropertyValueSpecification\",\"valueRequired\":true,\"valueName\":\"search_term_string\"}}],\"inLanguage\":\"de\"},{\"@type\":\"Person\",\"@id\":\"https:\\\/\\\/www.krafthand.de\\\/truck\\\/#\\\/schema\\\/person\\\/51fa80b1c57034c4bf63f9f988fc24ce\",\"name\":\"georg.blenk@krafthand-medien.de\",\"image\":{\"@type\":\"ImageObject\",\"inLanguage\":\"de\",\"@id\":\"https:\\\/\\\/secure.gravatar.com\\\/avatar\\\/93713c30affe0aa95d3a4130e499bb1abee2eb31adbdd9ce2aa1543538490215?s=96&d=mm&r=g\",\"url\":\"https:\\\/\\\/secure.gravatar.com\\\/avatar\\\/93713c30affe0aa95d3a4130e499bb1abee2eb31adbdd9ce2aa1543538490215?s=96&d=mm&r=g\",\"contentUrl\":\"https:\\\/\\\/secure.gravatar.com\\\/avatar\\\/93713c30affe0aa95d3a4130e499bb1abee2eb31adbdd9ce2aa1543538490215?s=96&d=mm&r=g\",\"caption\":\"georg.blenk@krafthand-medien.de\"}}]}<\/script>\n<!-- \/ Yoast SEO plugin. -->","yoast_head_json":{"title":"Michelin kooperiert mit Sennder - Krafthand-Truck","robots":{"index":"index","follow":"follow","max-snippet":"max-snippet:-1","max-image-preview":"max-image-preview:large","max-video-preview":"max-video-preview:-1"},"canonical":"https:\/\/www.krafthand.de\/truck\/artikel\/michelin-kooperiert-mit-sennder-27028\/","og_locale":"de_DE","og_type":"article","og_title":"Michelin kooperiert mit Sennder - Krafthand-Truck","og_description":"Michelin geht eine Partnerschaft mit dem digitalen Spediteur Sennder ein. Frachtf\u00fchrer k\u00f6nnen so k\u00fcnftig Reifen von Michelin einfacher und g\u00fcnstiger beziehen. ... weiter","og_url":"https:\/\/www.krafthand-truck.de\/artikel\/michelin-kooperiert-mit-sennder-27028\/","og_site_name":"Krafthand-Truck","article_published_time":"2021-03-17T12:02:34+00:00","article_modified_time":"2021-03-26T07:50:17+00:00","og_image":[{"width":694,"height":969,"url":"https:\/\/www.krafthand.de\/truck\/wp-content\/uploads\/2021\/03\/michelin-philip-cordes.jpg","type":"image\/jpeg"}],"author":"georg.blenk@krafthand-medien.de","twitter_card":"summary_large_image","twitter_misc":{"Verfasst von":"georg.blenk@krafthand-medien.de","Gesch\u00e4tzte Lesezeit":"1\u00a0Minute"},"schema":{"@context":"https:\/\/schema.org","@graph":[{"@type":"Article","@id":"https:\/\/www.krafthand.de\/truck\/artikel\/michelin-kooperiert-mit-sennder-27028\/#article","isPartOf":{"@id":"https:\/\/www.krafthand.de\/truck\/artikel\/michelin-kooperiert-mit-sennder-27028\/"},"author":{"name":"georg.blenk@krafthand-medien.de","@id":"https:\/\/www.krafthand.de\/truck\/#\/schema\/person\/51fa80b1c57034c4bf63f9f988fc24ce"},"headline":"Michelin kooperiert mit Sennder","datePublished":"2021-03-17T12:02:34+00:00","dateModified":"2021-03-26T07:50:17+00:00","mainEntityOfPage":{"@id":"https:\/\/www.krafthand.de\/truck\/artikel\/michelin-kooperiert-mit-sennder-27028\/"},"wordCount":194,"image":{"@id":"https:\/\/www.krafthand.de\/truck\/artikel\/michelin-kooperiert-mit-sennder-27028\/#primaryimage"},"thumbnailUrl":"https:\/\/static.krafthand-truck.de\/uploads\/2021\/03\/michelin-philip-cordes.jpg","keywords":["Franck Marcaire","Michelin","Philip Cordes","Sennder"],"articleSection":["K\u00f6pfe\/Personen","Unternehmen"],"inLanguage":"de"},{"@type":"WebPage","@id":"https:\/\/www.krafthand.de\/truck\/artikel\/michelin-kooperiert-mit-sennder-27028\/","url":"https:\/\/www.krafthand.de\/truck\/artikel\/michelin-kooperiert-mit-sennder-27028\/","name":"Michelin kooperiert mit Sennder - Krafthand-Truck","isPartOf":{"@id":"https:\/\/www.krafthand.de\/truck\/#website"},"primaryImageOfPage":{"@id":"https:\/\/www.krafthand.de\/truck\/artikel\/michelin-kooperiert-mit-sennder-27028\/#primaryimage"},"image":{"@id":"https:\/\/www.krafthand.de\/truck\/artikel\/michelin-kooperiert-mit-sennder-27028\/#primaryimage"},"thumbnailUrl":"https:\/\/static.krafthand-truck.de\/uploads\/2021\/03\/michelin-philip-cordes.jpg","datePublished":"2021-03-17T12:02:34+00:00","dateModified":"2021-03-26T07:50:17+00:00","author":{"@id":"https:\/\/www.krafthand.de\/truck\/#\/schema\/person\/51fa80b1c57034c4bf63f9f988fc24ce"},"breadcrumb":{"@id":"https:\/\/www.krafthand.de\/truck\/artikel\/michelin-kooperiert-mit-sennder-27028\/#breadcrumb"},"inLanguage":"de","potentialAction":[{"@type":"ReadAction","target":["https:\/\/www.krafthand.de\/truck\/artikel\/michelin-kooperiert-mit-sennder-27028\/"]}]},{"@type":"ImageObject","inLanguage":"de","@id":"https:\/\/www.krafthand.de\/truck\/artikel\/michelin-kooperiert-mit-sennder-27028\/#primaryimage","url":"https:\/\/static.krafthand-truck.de\/uploads\/2021\/03\/michelin-philip-cordes.jpg","contentUrl":"https:\/\/static.krafthand-truck.de\/uploads\/2021\/03\/michelin-philip-cordes.jpg","width":694,"height":969,"caption":"Philip Cordes, Michelin"},{"@type":"BreadcrumbList","@id":"https:\/\/www.krafthand.de\/truck\/artikel\/michelin-kooperiert-mit-sennder-27028\/#breadcrumb","itemListElement":[{"@type":"ListItem","position":1,"name":"Krafthand-Truck","item":"https:\/\/www.krafthand.de\/truck\/"},{"@type":"ListItem","position":2,"name":"Nfz-Branche","item":"https:\/\/www.krafthand.de\/truck\/kategorie\/branche\/"},{"@type":"ListItem","position":3,"name":"K\u00f6pfe\/Personen","item":"https:\/\/www.krafthand.de\/truck\/kategorie\/branche\/koepfe\/"},{"@type":"ListItem","position":4,"name":"Michelin kooperiert mit Sennder"}]},{"@type":"WebSite","@id":"https:\/\/www.krafthand.de\/truck\/#website","url":"https:\/\/www.krafthand.de\/truck\/","name":"Krafthand-Truck","description":"","potentialAction":[{"@type":"SearchAction","target":{"@type":"EntryPoint","urlTemplate":"https:\/\/www.krafthand.de\/truck\/?s={search_term_string}"},"query-input":{"@type":"PropertyValueSpecification","valueRequired":true,"valueName":"search_term_string"}}],"inLanguage":"de"},{"@type":"Person","@id":"https:\/\/www.krafthand.de\/truck\/#\/schema\/person\/51fa80b1c57034c4bf63f9f988fc24ce","name":"georg.blenk@krafthand-medien.de","image":{"@type":"ImageObject","inLanguage":"de","@id":"https:\/\/secure.gravatar.com\/avatar\/93713c30affe0aa95d3a4130e499bb1abee2eb31adbdd9ce2aa1543538490215?s=96&d=mm&r=g","url":"https:\/\/secure.gravatar.com\/avatar\/93713c30affe0aa95d3a4130e499bb1abee2eb31adbdd9ce2aa1543538490215?s=96&d=mm&r=g","contentUrl":"https:\/\/secure.gravatar.com\/avatar\/93713c30affe0aa95d3a4130e499bb1abee2eb31adbdd9ce2aa1543538490215?s=96&d=mm&r=g","caption":"georg.blenk@krafthand-medien.de"}}]}},"_links":{"self":[{"href":"https:\/\/www.krafthand.de\/truck\/wp-json\/wp\/v2\/posts\/27028","targetHints":{"allow":["GET"]}}],"collection":[{"href":"https:\/\/www.krafthand.de\/truck\/wp-json\/wp\/v2\/posts"}],"about":[{"href":"https:\/\/www.krafthand.de\/truck\/wp-json\/wp\/v2\/types\/post"}],"author":[{"embeddable":true,"href":"https:\/\/www.krafthand.de\/truck\/wp-json\/wp\/v2\/users\/9"}],"replies":[{"embeddable":true,"href":"https:\/\/www.krafthand.de\/truck\/wp-json\/wp\/v2\/comments?post=27028"}],"version-history":[{"count":4,"href":"https:\/\/www.krafthand.de\/truck\/wp-json\/wp\/v2\/posts\/27028\/revisions"}],"predecessor-version":[{"id":27033,"href":"https:\/\/www.krafthand.de\/truck\/wp-json\/wp\/v2\/posts\/27028\/revisions\/27033"}],"wp:featuredmedia":[{"embeddable":true,"href":"https:\/\/www.krafthand.de\/truck\/wp-json\/wp\/v2\/media\/27030"}],"wp:attachment":[{"href":"https:\/\/www.krafthand.de\/truck\/wp-json\/wp\/v2\/media?parent=27028"}],"wp:term":[{"taxonomy":"category","embeddable":true,"href":"https:\/\/www.krafthand.de\/truck\/wp-json\/wp\/v2\/categories?post=27028"},{"taxonomy":"post_tag","embeddable":true,"href":"https:\/\/www.krafthand.de\/truck\/wp-json\/wp\/v2\/tags?post=27028"},{"taxonomy":"settings","embeddable":true,"href":"https:\/\/www.krafthand.de\/truck\/wp-json\/wp\/v2\/settings?post=27028"}],"curies":[{"name":"wp","href":"https:\/\/api.w.org\/{rel}","templated":true}]}}