{"id":27012,"date":"2021-03-16T13:12:34","date_gmt":"2021-03-16T12:12:34","guid":{"rendered":"https:\/\/www.krafthand.de\/truck\/?p=27012"},"modified":"2021-04-08T10:23:00","modified_gmt":"2021-04-08T08:23:00","slug":"web-events-zur-kamera-kalibrierung","status":"publish","type":"post","link":"https:\/\/www.krafthand.de\/truck\/artikel\/web-events-zur-kamera-kalibrierung-27012\/","title":{"rendered":"Web-Events zur Kamera-Kalibrierung"},"content":{"rendered":"<p>WabcoW\u00fcrth bietet auch 2021 Web-Events zur Weiterbildung an. Mit zwei Terminen rund um das Thema W.EASY ADAS Calibration startet das Unternehmen am 23. M\u00e4rz 2021 um das Wissen zum Thema Kamera-Kalibrierung zu vertiefen.<\/p>\n<p>In beiden Web-Events\u00a0 erfahren die Teilnehmer zudem mehr \u00fcber die Bestandteile und Angebote zum W.EASY ADAS Calibration Kit. Das Paket umfasst dabei zum Beispiel die Justage inklusive der Kalibriertafeln f\u00fcr MAN\/Scania beziehungsweise Volvo\/Renault sowie weitere Hardwarekomponenten wie das Interface W.EASY Box 2.0 mit zugeh\u00f6rigen Kabeln, Transportkoffer und einem USB-Stick zur Installation der W.EASY Diagnosesoftware auf einen Laptop. Alle weiteren Nutzfahrzeug- und Bushersteller werden dynamisch abgedeckt und sind im Softwarepaket integriert.<\/p>\n<p>&nbsp;<\/p>\n<h4>Die Termine:<\/h4>\n<ul>\n<li>23. M\u00e4rz 2021: 09:00 \u2013 09:45 Uhr &#8211; Web Event \u2013 Kamerakalibrierung schnell durchgef\u00fchrt<br \/>\nZum Inhalt geh\u00f6ren der Aufbau, die live Kalibrierung am Lkw sowie zahlreiche Highlights zur W.EASY ADAS Calibration L\u00f6sung.<\/li>\n<li>23. M\u00e4rz 2021: 16:30 \u2013 17:15 Uhr &#8211; Web Event \u2013 Tipps, Tricks und technische Kniffe bei der Kamerakalibrierung<br \/>\nDie Teilnehmer erfahren, was Sie tun k\u00f6nnen, wenn die Gegebenheiten eine Kalibrierung erschwert sind. Zus\u00e4tzlich liefern die Macher zahlreiche Tipps und Tricks f\u00fcr eine schnelle Kalibrierung.<\/li>\n<\/ul>\n<p>&nbsp;<\/p>\n<p>Die Teilnahme an den Web-Events ist laut WabcoW\u00fcrth kostenlos und unverbindlich. Alle Termine und Informationen zur Anmeldung sind unter <a href=\"http:\/\/www.wabcowuerth.com\/de\/webevent\" target=\"_blank\" rel=\"noopener\">www.wabcowuerth.com\/de\/webevent<\/a> zu finden.<\/p>\n","protected":false},"excerpt":{"rendered":"<p>WabcoW\u00fcrth bietet auch 2021 Web-Events zur Weiterbildung an. Mit zwei Terminen rund um das Thema W.EASY ADAS Calibration startet das Unternehmen am 23. M\u00e4rz 2021 um das Wissen zum Thema Kamera-Kalibrierung bei Nutzfahrzeugen zu vertiefen. <span class=\"excerpt-more__dots\">&#8230;<\/span> <a class=\"excerpt-more__link\" href=\"https:\/\/www.krafthand.de\/truck\/artikel\/web-events-zur-kamera-kalibrierung-27012\/\" >weiter<\/a><\/p>\n","protected":false},"author":9,"featured_media":27013,"comment_status":"closed","ping_status":"closed","sticky":false,"template":"","format":"standard","meta":{"footnotes":""},"categories":[4225,4324,4220,4218],"tags":[895,887,897,259],"settings":[],"class_list":["post-27012","post","type-post","status-publish","format-standard","has-post-thumbnail","hentry","category-ssistenzsysteme","category-schulungen-bildung","category-werkstattausruestung","category-werkstattpraxis","tag-kalibrierung","tag-kamera","tag-scheibentausch","tag-wabcowuerth"],"yoast_head":"<!-- This site is optimized with the Yoast SEO plugin v27.3 - https:\/\/yoast.com\/product\/yoast-seo-wordpress\/ -->\n<title>Web-Events zur Kamera-Kalibrierung - Krafthand-Truck<\/title>\n<meta name=\"robots\" content=\"index, follow, max-snippet:-1, max-image-preview:large, max-video-preview:-1\" \/>\n<link rel=\"canonical\" href=\"https:\/\/www.krafthand.de\/truck\/artikel\/web-events-zur-kamera-kalibrierung-27012\/\" \/>\n<meta property=\"og:locale\" content=\"de_DE\" \/>\n<meta property=\"og:type\" content=\"article\" \/>\n<meta property=\"og:title\" content=\"Web-Events zur Kamera-Kalibrierung - Krafthand-Truck\" \/>\n<meta property=\"og:description\" content=\"WabcoW\u00fcrth bietet auch 2021 Web-Events zur Weiterbildung an. Mit zwei Terminen rund um das Thema W.EASY ADAS Calibration startet das Unternehmen am 23. M\u00e4rz 2021 um das Wissen zum Thema Kamera-Kalibrierung bei Nutzfahrzeugen zu vertiefen. ... weiter\" \/>\n<meta property=\"og:url\" content=\"https:\/\/www.krafthand-truck.de\/artikel\/web-events-zur-kamera-kalibrierung-27012\/\" \/>\n<meta property=\"og:site_name\" content=\"Krafthand-Truck\" \/>\n<meta property=\"article:published_time\" content=\"2021-03-16T12:12:34+00:00\" \/>\n<meta property=\"article:modified_time\" content=\"2021-04-08T08:23:00+00:00\" \/>\n<meta property=\"og:image\" content=\"https:\/\/www.krafthand.de\/truck\/wp-content\/uploads\/2021\/03\/Wabco_Wuerth_Kalibrierung_Kamerasysteme_lkw.jpg\" \/>\n\t<meta property=\"og:image:width\" content=\"1200\" \/>\n\t<meta property=\"og:image:height\" content=\"800\" \/>\n\t<meta property=\"og:image:type\" content=\"image\/jpeg\" \/>\n<meta name=\"author\" content=\"georg.blenk@krafthand-medien.de\" \/>\n<meta name=\"twitter:card\" content=\"summary_large_image\" \/>\n<meta name=\"twitter:label1\" content=\"Verfasst von\" \/>\n\t<meta name=\"twitter:data1\" content=\"georg.blenk@krafthand-medien.de\" \/>\n\t<meta name=\"twitter:label2\" content=\"Gesch\u00e4tzte Lesezeit\" \/>\n\t<meta name=\"twitter:data2\" content=\"1\u00a0Minute\" \/>\n<script type=\"application\/ld+json\" class=\"yoast-schema-graph\">{\"@context\":\"https:\\\/\\\/schema.org\",\"@graph\":[{\"@type\":\"Article\",\"@id\":\"https:\\\/\\\/www.krafthand.de\\\/truck\\\/artikel\\\/web-events-zur-kamera-kalibrierung-27012\\\/#article\",\"isPartOf\":{\"@id\":\"https:\\\/\\\/www.krafthand.de\\\/truck\\\/artikel\\\/web-events-zur-kamera-kalibrierung-27012\\\/\"},\"author\":{\"name\":\"georg.blenk@krafthand-medien.de\",\"@id\":\"https:\\\/\\\/www.krafthand.de\\\/truck\\\/#\\\/schema\\\/person\\\/51fa80b1c57034c4bf63f9f988fc24ce\"},\"headline\":\"Web-Events zur Kamera-Kalibrierung\",\"datePublished\":\"2021-03-16T12:12:34+00:00\",\"dateModified\":\"2021-04-08T08:23:00+00:00\",\"mainEntityOfPage\":{\"@id\":\"https:\\\/\\\/www.krafthand.de\\\/truck\\\/artikel\\\/web-events-zur-kamera-kalibrierung-27012\\\/\"},\"wordCount\":217,\"image\":{\"@id\":\"https:\\\/\\\/www.krafthand.de\\\/truck\\\/artikel\\\/web-events-zur-kamera-kalibrierung-27012\\\/#primaryimage\"},\"thumbnailUrl\":\"https:\\\/\\\/static.krafthand-truck.de\\\/uploads\\\/2021\\\/03\\\/Wabco_Wuerth_Kalibrierung_Kamerasysteme_lkw.jpg\",\"keywords\":[\"Kalibrierung\",\"Kamera\",\"Scheibentausch\",\"Wabcow\u00fcrth\"],\"articleSection\":[\"Assistenzsysteme\",\"Schulungen\\\/Bildung\",\"Werkstattausr\u00fcstung\",\"Werkstattpraxis\"],\"inLanguage\":\"de\"},{\"@type\":\"WebPage\",\"@id\":\"https:\\\/\\\/www.krafthand.de\\\/truck\\\/artikel\\\/web-events-zur-kamera-kalibrierung-27012\\\/\",\"url\":\"https:\\\/\\\/www.krafthand.de\\\/truck\\\/artikel\\\/web-events-zur-kamera-kalibrierung-27012\\\/\",\"name\":\"Web-Events zur Kamera-Kalibrierung - Krafthand-Truck\",\"isPartOf\":{\"@id\":\"https:\\\/\\\/www.krafthand.de\\\/truck\\\/#website\"},\"primaryImageOfPage\":{\"@id\":\"https:\\\/\\\/www.krafthand.de\\\/truck\\\/artikel\\\/web-events-zur-kamera-kalibrierung-27012\\\/#primaryimage\"},\"image\":{\"@id\":\"https:\\\/\\\/www.krafthand.de\\\/truck\\\/artikel\\\/web-events-zur-kamera-kalibrierung-27012\\\/#primaryimage\"},\"thumbnailUrl\":\"https:\\\/\\\/static.krafthand-truck.de\\\/uploads\\\/2021\\\/03\\\/Wabco_Wuerth_Kalibrierung_Kamerasysteme_lkw.jpg\",\"datePublished\":\"2021-03-16T12:12:34+00:00\",\"dateModified\":\"2021-04-08T08:23:00+00:00\",\"author\":{\"@id\":\"https:\\\/\\\/www.krafthand.de\\\/truck\\\/#\\\/schema\\\/person\\\/51fa80b1c57034c4bf63f9f988fc24ce\"},\"breadcrumb\":{\"@id\":\"https:\\\/\\\/www.krafthand.de\\\/truck\\\/artikel\\\/web-events-zur-kamera-kalibrierung-27012\\\/#breadcrumb\"},\"inLanguage\":\"de\",\"potentialAction\":[{\"@type\":\"ReadAction\",\"target\":[\"https:\\\/\\\/www.krafthand.de\\\/truck\\\/artikel\\\/web-events-zur-kamera-kalibrierung-27012\\\/\"]}]},{\"@type\":\"ImageObject\",\"inLanguage\":\"de\",\"@id\":\"https:\\\/\\\/www.krafthand.de\\\/truck\\\/artikel\\\/web-events-zur-kamera-kalibrierung-27012\\\/#primaryimage\",\"url\":\"https:\\\/\\\/static.krafthand-truck.de\\\/uploads\\\/2021\\\/03\\\/Wabco_Wuerth_Kalibrierung_Kamerasysteme_lkw.jpg\",\"contentUrl\":\"https:\\\/\\\/static.krafthand-truck.de\\\/uploads\\\/2021\\\/03\\\/Wabco_Wuerth_Kalibrierung_Kamerasysteme_lkw.jpg\",\"width\":1200,\"height\":800},{\"@type\":\"BreadcrumbList\",\"@id\":\"https:\\\/\\\/www.krafthand.de\\\/truck\\\/artikel\\\/web-events-zur-kamera-kalibrierung-27012\\\/#breadcrumb\",\"itemListElement\":[{\"@type\":\"ListItem\",\"position\":1,\"name\":\"Krafthand-Truck\",\"item\":\"https:\\\/\\\/www.krafthand.de\\\/truck\\\/\"},{\"@type\":\"ListItem\",\"position\":2,\"name\":\"Nfz-Service\",\"item\":\"https:\\\/\\\/www.krafthand.de\\\/truck\\\/kategorie\\\/nfz-service\\\/\"},{\"@type\":\"ListItem\",\"position\":3,\"name\":\"Werkstattpraxis\",\"item\":\"https:\\\/\\\/www.krafthand.de\\\/truck\\\/kategorie\\\/nfz-service\\\/werkstattpraxis\\\/\"},{\"@type\":\"ListItem\",\"position\":4,\"name\":\"Web-Events zur Kamera-Kalibrierung\"}]},{\"@type\":\"WebSite\",\"@id\":\"https:\\\/\\\/www.krafthand.de\\\/truck\\\/#website\",\"url\":\"https:\\\/\\\/www.krafthand.de\\\/truck\\\/\",\"name\":\"Krafthand-Truck\",\"description\":\"\",\"potentialAction\":[{\"@type\":\"SearchAction\",\"target\":{\"@type\":\"EntryPoint\",\"urlTemplate\":\"https:\\\/\\\/www.krafthand.de\\\/truck\\\/?s={search_term_string}\"},\"query-input\":{\"@type\":\"PropertyValueSpecification\",\"valueRequired\":true,\"valueName\":\"search_term_string\"}}],\"inLanguage\":\"de\"},{\"@type\":\"Person\",\"@id\":\"https:\\\/\\\/www.krafthand.de\\\/truck\\\/#\\\/schema\\\/person\\\/51fa80b1c57034c4bf63f9f988fc24ce\",\"name\":\"georg.blenk@krafthand-medien.de\",\"image\":{\"@type\":\"ImageObject\",\"inLanguage\":\"de\",\"@id\":\"https:\\\/\\\/secure.gravatar.com\\\/avatar\\\/93713c30affe0aa95d3a4130e499bb1abee2eb31adbdd9ce2aa1543538490215?s=96&d=mm&r=g\",\"url\":\"https:\\\/\\\/secure.gravatar.com\\\/avatar\\\/93713c30affe0aa95d3a4130e499bb1abee2eb31adbdd9ce2aa1543538490215?s=96&d=mm&r=g\",\"contentUrl\":\"https:\\\/\\\/secure.gravatar.com\\\/avatar\\\/93713c30affe0aa95d3a4130e499bb1abee2eb31adbdd9ce2aa1543538490215?s=96&d=mm&r=g\",\"caption\":\"georg.blenk@krafthand-medien.de\"}}]}<\/script>\n<!-- \/ Yoast SEO plugin. -->","yoast_head_json":{"title":"Web-Events zur Kamera-Kalibrierung - Krafthand-Truck","robots":{"index":"index","follow":"follow","max-snippet":"max-snippet:-1","max-image-preview":"max-image-preview:large","max-video-preview":"max-video-preview:-1"},"canonical":"https:\/\/www.krafthand.de\/truck\/artikel\/web-events-zur-kamera-kalibrierung-27012\/","og_locale":"de_DE","og_type":"article","og_title":"Web-Events zur Kamera-Kalibrierung - Krafthand-Truck","og_description":"WabcoW\u00fcrth bietet auch 2021 Web-Events zur Weiterbildung an. Mit zwei Terminen rund um das Thema W.EASY ADAS Calibration startet das Unternehmen am 23. M\u00e4rz 2021 um das Wissen zum Thema Kamera-Kalibrierung bei Nutzfahrzeugen zu vertiefen. ... weiter","og_url":"https:\/\/www.krafthand-truck.de\/artikel\/web-events-zur-kamera-kalibrierung-27012\/","og_site_name":"Krafthand-Truck","article_published_time":"2021-03-16T12:12:34+00:00","article_modified_time":"2021-04-08T08:23:00+00:00","og_image":[{"width":1200,"height":800,"url":"https:\/\/www.krafthand.de\/truck\/wp-content\/uploads\/2021\/03\/Wabco_Wuerth_Kalibrierung_Kamerasysteme_lkw.jpg","type":"image\/jpeg"}],"author":"georg.blenk@krafthand-medien.de","twitter_card":"summary_large_image","twitter_misc":{"Verfasst von":"georg.blenk@krafthand-medien.de","Gesch\u00e4tzte Lesezeit":"1\u00a0Minute"},"schema":{"@context":"https:\/\/schema.org","@graph":[{"@type":"Article","@id":"https:\/\/www.krafthand.de\/truck\/artikel\/web-events-zur-kamera-kalibrierung-27012\/#article","isPartOf":{"@id":"https:\/\/www.krafthand.de\/truck\/artikel\/web-events-zur-kamera-kalibrierung-27012\/"},"author":{"name":"georg.blenk@krafthand-medien.de","@id":"https:\/\/www.krafthand.de\/truck\/#\/schema\/person\/51fa80b1c57034c4bf63f9f988fc24ce"},"headline":"Web-Events zur Kamera-Kalibrierung","datePublished":"2021-03-16T12:12:34+00:00","dateModified":"2021-04-08T08:23:00+00:00","mainEntityOfPage":{"@id":"https:\/\/www.krafthand.de\/truck\/artikel\/web-events-zur-kamera-kalibrierung-27012\/"},"wordCount":217,"image":{"@id":"https:\/\/www.krafthand.de\/truck\/artikel\/web-events-zur-kamera-kalibrierung-27012\/#primaryimage"},"thumbnailUrl":"https:\/\/static.krafthand-truck.de\/uploads\/2021\/03\/Wabco_Wuerth_Kalibrierung_Kamerasysteme_lkw.jpg","keywords":["Kalibrierung","Kamera","Scheibentausch","Wabcow\u00fcrth"],"articleSection":["Assistenzsysteme","Schulungen\/Bildung","Werkstattausr\u00fcstung","Werkstattpraxis"],"inLanguage":"de"},{"@type":"WebPage","@id":"https:\/\/www.krafthand.de\/truck\/artikel\/web-events-zur-kamera-kalibrierung-27012\/","url":"https:\/\/www.krafthand.de\/truck\/artikel\/web-events-zur-kamera-kalibrierung-27012\/","name":"Web-Events zur Kamera-Kalibrierung - Krafthand-Truck","isPartOf":{"@id":"https:\/\/www.krafthand.de\/truck\/#website"},"primaryImageOfPage":{"@id":"https:\/\/www.krafthand.de\/truck\/artikel\/web-events-zur-kamera-kalibrierung-27012\/#primaryimage"},"image":{"@id":"https:\/\/www.krafthand.de\/truck\/artikel\/web-events-zur-kamera-kalibrierung-27012\/#primaryimage"},"thumbnailUrl":"https:\/\/static.krafthand-truck.de\/uploads\/2021\/03\/Wabco_Wuerth_Kalibrierung_Kamerasysteme_lkw.jpg","datePublished":"2021-03-16T12:12:34+00:00","dateModified":"2021-04-08T08:23:00+00:00","author":{"@id":"https:\/\/www.krafthand.de\/truck\/#\/schema\/person\/51fa80b1c57034c4bf63f9f988fc24ce"},"breadcrumb":{"@id":"https:\/\/www.krafthand.de\/truck\/artikel\/web-events-zur-kamera-kalibrierung-27012\/#breadcrumb"},"inLanguage":"de","potentialAction":[{"@type":"ReadAction","target":["https:\/\/www.krafthand.de\/truck\/artikel\/web-events-zur-kamera-kalibrierung-27012\/"]}]},{"@type":"ImageObject","inLanguage":"de","@id":"https:\/\/www.krafthand.de\/truck\/artikel\/web-events-zur-kamera-kalibrierung-27012\/#primaryimage","url":"https:\/\/static.krafthand-truck.de\/uploads\/2021\/03\/Wabco_Wuerth_Kalibrierung_Kamerasysteme_lkw.jpg","contentUrl":"https:\/\/static.krafthand-truck.de\/uploads\/2021\/03\/Wabco_Wuerth_Kalibrierung_Kamerasysteme_lkw.jpg","width":1200,"height":800},{"@type":"BreadcrumbList","@id":"https:\/\/www.krafthand.de\/truck\/artikel\/web-events-zur-kamera-kalibrierung-27012\/#breadcrumb","itemListElement":[{"@type":"ListItem","position":1,"name":"Krafthand-Truck","item":"https:\/\/www.krafthand.de\/truck\/"},{"@type":"ListItem","position":2,"name":"Nfz-Service","item":"https:\/\/www.krafthand.de\/truck\/kategorie\/nfz-service\/"},{"@type":"ListItem","position":3,"name":"Werkstattpraxis","item":"https:\/\/www.krafthand.de\/truck\/kategorie\/nfz-service\/werkstattpraxis\/"},{"@type":"ListItem","position":4,"name":"Web-Events zur Kamera-Kalibrierung"}]},{"@type":"WebSite","@id":"https:\/\/www.krafthand.de\/truck\/#website","url":"https:\/\/www.krafthand.de\/truck\/","name":"Krafthand-Truck","description":"","potentialAction":[{"@type":"SearchAction","target":{"@type":"EntryPoint","urlTemplate":"https:\/\/www.krafthand.de\/truck\/?s={search_term_string}"},"query-input":{"@type":"PropertyValueSpecification","valueRequired":true,"valueName":"search_term_string"}}],"inLanguage":"de"},{"@type":"Person","@id":"https:\/\/www.krafthand.de\/truck\/#\/schema\/person\/51fa80b1c57034c4bf63f9f988fc24ce","name":"georg.blenk@krafthand-medien.de","image":{"@type":"ImageObject","inLanguage":"de","@id":"https:\/\/secure.gravatar.com\/avatar\/93713c30affe0aa95d3a4130e499bb1abee2eb31adbdd9ce2aa1543538490215?s=96&d=mm&r=g","url":"https:\/\/secure.gravatar.com\/avatar\/93713c30affe0aa95d3a4130e499bb1abee2eb31adbdd9ce2aa1543538490215?s=96&d=mm&r=g","contentUrl":"https:\/\/secure.gravatar.com\/avatar\/93713c30affe0aa95d3a4130e499bb1abee2eb31adbdd9ce2aa1543538490215?s=96&d=mm&r=g","caption":"georg.blenk@krafthand-medien.de"}}]}},"_links":{"self":[{"href":"https:\/\/www.krafthand.de\/truck\/wp-json\/wp\/v2\/posts\/27012","targetHints":{"allow":["GET"]}}],"collection":[{"href":"https:\/\/www.krafthand.de\/truck\/wp-json\/wp\/v2\/posts"}],"about":[{"href":"https:\/\/www.krafthand.de\/truck\/wp-json\/wp\/v2\/types\/post"}],"author":[{"embeddable":true,"href":"https:\/\/www.krafthand.de\/truck\/wp-json\/wp\/v2\/users\/9"}],"replies":[{"embeddable":true,"href":"https:\/\/www.krafthand.de\/truck\/wp-json\/wp\/v2\/comments?post=27012"}],"version-history":[{"count":11,"href":"https:\/\/www.krafthand.de\/truck\/wp-json\/wp\/v2\/posts\/27012\/revisions"}],"predecessor-version":[{"id":27027,"href":"https:\/\/www.krafthand.de\/truck\/wp-json\/wp\/v2\/posts\/27012\/revisions\/27027"}],"wp:featuredmedia":[{"embeddable":true,"href":"https:\/\/www.krafthand.de\/truck\/wp-json\/wp\/v2\/media\/27013"}],"wp:attachment":[{"href":"https:\/\/www.krafthand.de\/truck\/wp-json\/wp\/v2\/media?parent=27012"}],"wp:term":[{"taxonomy":"category","embeddable":true,"href":"https:\/\/www.krafthand.de\/truck\/wp-json\/wp\/v2\/categories?post=27012"},{"taxonomy":"post_tag","embeddable":true,"href":"https:\/\/www.krafthand.de\/truck\/wp-json\/wp\/v2\/tags?post=27012"},{"taxonomy":"settings","embeddable":true,"href":"https:\/\/www.krafthand.de\/truck\/wp-json\/wp\/v2\/settings?post=27012"}],"curies":[{"name":"wp","href":"https:\/\/api.w.org\/{rel}","templated":true}]}}