{"id":26612,"date":"2021-03-09T11:58:46","date_gmt":"2021-03-09T10:58:46","guid":{"rendered":"https:\/\/www.krafthand.de\/truck\/?p=26612"},"modified":"2021-03-10T08:57:45","modified_gmt":"2021-03-10T07:57:45","slug":"erster-e-truck-wird-in-kuerze-ausgeliefert","status":"publish","type":"post","link":"https:\/\/www.krafthand.de\/truck\/artikel\/erster-e-truck-wird-in-kuerze-ausgeliefert-26612\/","title":{"rendered":"Erster E-Truck wird in K\u00fcrze ausgeliefert"},"content":{"rendered":"<div class=\"col wysiwyg\">\n<p>Der private Renault Trucks H\u00e4ndler A+T Nutzfahrzeuge aus Garrel in Niedersachsen bekommt den ersten vollelektrischen Renault Truck Deutschlands aus der Serienproduktion, einen D Wide Z.E. 26-Tonner.. Der E-Truck mit Abrollaufbau soll laut Renault als Demo-Fahrzeug dienen und vor allem Kommunen und landwirtschaftlichen Betrieben zeigen, wie gut elektrische Nutzfahrzeuge sich auch im l\u00e4ndlichen Raum nutzen lassen.<\/p>\n<p>Der vollelektrische Renault Trucks D Wide Z.E. f\u00fcr A+T Nutzfahrzeuge ist das erste vollelektrische Fahrzeug aus der Serienproduktion, das in Deutschland ausgeliefert wird.<\/p>\n<blockquote><p>\u201eWir freuen uns, dass unser langj\u00e4hriger Partner A+T Nutzfahrzeuge dieses besondere, erste Fahrzeug in den Einsatz nehmen wird. Mutige Pioniere wie A+T zeigen der Branche, was im Bereich des elektrischen G\u00fcterverkehrs heute schon m\u00f6glich ist. Und das nicht nur in der klassischen Umgebung von E-Lkw, der Stadt, sondern auch im l\u00e4ndlichen Raum\u201c, so J\u00f6rg Novy, Private Dealer Manager bei Renault Trucks.<\/p><\/blockquote>\n<h3>Nachhaltigkeit durch vollelektrischen Transport<\/h3>\n<p>A+T Nutzfahrzeuge ist seit 2014 Renault-Trucks- und bereits seit 1993 Volvo-Trucks-H\u00e4ndler. Das Unternehmen befasst sich seit geraumer Zeit mit alternativen Antrieben, bislang vor allem mit Gas-Lkw. Nun will sich der H\u00e4ndler mit Standorten in Garrel, Uplengen, M\u00fcnster, Osnabr\u00fcck und Meppen stark auf Elektromobilit\u00e4t fokussieren. Gesch\u00e4ftsf\u00fchrer Tobias T\u00f6njes erkl\u00e4rt: \u201eNachhaltigkeit wird bei uns gro\u00df geschrieben, deswegen wollen wir einen Schwerpunkt auf vollelektrische Fahrzeuge setzen und unsere Kunden f\u00fcr den <span class=\"Eq0J8 LrzXr kno-fv\">CO<sub>2<\/sub><\/span>-freien Transport begeistern.\u201c<\/p>\n<h3>Schulung der Mitarbeiter<\/h3>\n<p>Die Mitarbeiterinnen und Mitarbeiter aus Vertrieb und Werkstatt werden den Angaben zufolge sukzessive in allen Elektromobilit\u00e4tsthemen geschult, von Bedarfsanalysen f\u00fcr Kunden bis hin zu Wartung und Reparatur von Fahrzeugen. Dazu geh\u00f6ren auch hohe Investitionen in die Umr\u00fcstung der Werkstatt und in Spezialwerkzeug sowie die Installation mehrerer Lades\u00e4ulen.<\/p>\n<h3>Abrollaufbau f\u00fcr Kommunen und Landwirtschaft<\/h3>\n<p>Der vollelektrische 26-Tonner wird im zweiten Quartal 2021 ausgeliefert und von A+T Nutzfahrzeuge mit einem Abrollhaken aufgebaut. Dieser Aufbau auf einem E-Lkw soll vor allem Betriebsh\u00f6fe von Kommunen sowie landwirtschaftliche Betriebe ansprechen und zum Testen anregen. Der Dreiachser ist mit einem Lithium-Ionen-Batteriepaket mit insgesamt 265 kWh ausgestattet. Zwei Elektromotoren bringen gemeinsam eine Dauerleistung von 260 kW (350 PS) und eine maximale Leistung von 370 kW (500 PS), das maximale Drehmoment liegt bei 850 Nm. Der E-Truck verf\u00fcgt \u00fcber ein 2-Gang-Getriebe. Aufgeladen wird das Fahrzeug per AC-Aufladung (Typ 2) in durchschnittlich 8-10 Stunden, es ist zudem f\u00fcr DC-Laden (CCS) geeignet und kann so auch in unter zwei Stunden aufgeladen werden.<\/p>\n<\/div>\n","protected":false},"excerpt":{"rendered":"<p>Der Renault Trucks H\u00e4ndler A+T Nutzfahrzeuge aus Garrel in Niedersachsen bekommt den ersten vollelektrischen Renault Truck Deutschlands. <span class=\"excerpt-more__dots\">&#8230;<\/span> <a class=\"excerpt-more__link\" href=\"https:\/\/www.krafthand.de\/truck\/artikel\/erster-e-truck-wird-in-kuerze-ausgeliefert-26612\/\" >weiter<\/a><\/p>\n","protected":false},"author":9,"featured_media":26615,"comment_status":"closed","ping_status":"closed","sticky":false,"template":"","format":"standard","meta":{"footnotes":""},"categories":[4224,4222,4235],"tags":[4177,1343],"settings":[],"class_list":["post-26612","post","type-post","status-publish","format-standard","has-post-thumbnail","hentry","category-e-antrieb","category-nfz-technik","category-unternehmen","tag-e-lkw","tag-renault-trucks"],"yoast_head":"<!-- This site is optimized with the Yoast SEO plugin v27.3 - https:\/\/yoast.com\/product\/yoast-seo-wordpress\/ -->\n<title>Erster E-Truck wird in K\u00fcrze ausgeliefert - Krafthand-Truck<\/title>\n<meta name=\"robots\" content=\"index, follow, max-snippet:-1, max-image-preview:large, max-video-preview:-1\" \/>\n<link rel=\"canonical\" href=\"https:\/\/www.krafthand.de\/truck\/artikel\/erster-e-truck-wird-in-kuerze-ausgeliefert-26612\/\" \/>\n<meta property=\"og:locale\" content=\"de_DE\" \/>\n<meta property=\"og:type\" content=\"article\" \/>\n<meta property=\"og:title\" content=\"Erster E-Truck wird in K\u00fcrze ausgeliefert - Krafthand-Truck\" \/>\n<meta property=\"og:description\" content=\"Der Renault Trucks H\u00e4ndler A+T Nutzfahrzeuge aus Garrel in Niedersachsen bekommt den ersten vollelektrischen Renault Truck Deutschlands. ... weiter\" \/>\n<meta property=\"og:url\" content=\"https:\/\/www.krafthand-truck.de\/artikel\/erster-e-truck-wird-in-kuerze-ausgeliefert-26612\/\" \/>\n<meta property=\"og:site_name\" content=\"Krafthand-Truck\" \/>\n<meta property=\"article:published_time\" content=\"2021-03-09T10:58:46+00:00\" \/>\n<meta property=\"article:modified_time\" content=\"2021-03-10T07:57:45+00:00\" \/>\n<meta property=\"og:image\" content=\"https:\/\/www.krafthand.de\/truck\/wp-content\/uploads\/2021\/03\/renault-trucks-d-wide-ze-fur-at-01.jpg\" \/>\n\t<meta property=\"og:image:width\" content=\"1000\" \/>\n\t<meta property=\"og:image:height\" content=\"1051\" \/>\n\t<meta property=\"og:image:type\" content=\"image\/jpeg\" \/>\n<meta name=\"author\" content=\"georg.blenk@krafthand-medien.de\" \/>\n<meta name=\"twitter:card\" content=\"summary_large_image\" \/>\n<meta name=\"twitter:label1\" content=\"Verfasst von\" \/>\n\t<meta name=\"twitter:data1\" content=\"georg.blenk@krafthand-medien.de\" \/>\n\t<meta name=\"twitter:label2\" content=\"Gesch\u00e4tzte Lesezeit\" \/>\n\t<meta name=\"twitter:data2\" content=\"2\u00a0Minuten\" \/>\n<script type=\"application\/ld+json\" class=\"yoast-schema-graph\">{\"@context\":\"https:\\\/\\\/schema.org\",\"@graph\":[{\"@type\":\"Article\",\"@id\":\"https:\\\/\\\/www.krafthand.de\\\/truck\\\/artikel\\\/erster-e-truck-wird-in-kuerze-ausgeliefert-26612\\\/#article\",\"isPartOf\":{\"@id\":\"https:\\\/\\\/www.krafthand.de\\\/truck\\\/artikel\\\/erster-e-truck-wird-in-kuerze-ausgeliefert-26612\\\/\"},\"author\":{\"name\":\"georg.blenk@krafthand-medien.de\",\"@id\":\"https:\\\/\\\/www.krafthand.de\\\/truck\\\/#\\\/schema\\\/person\\\/51fa80b1c57034c4bf63f9f988fc24ce\"},\"headline\":\"Erster E-Truck wird in K\u00fcrze ausgeliefert\",\"datePublished\":\"2021-03-09T10:58:46+00:00\",\"dateModified\":\"2021-03-10T07:57:45+00:00\",\"mainEntityOfPage\":{\"@id\":\"https:\\\/\\\/www.krafthand.de\\\/truck\\\/artikel\\\/erster-e-truck-wird-in-kuerze-ausgeliefert-26612\\\/\"},\"wordCount\":411,\"image\":{\"@id\":\"https:\\\/\\\/www.krafthand.de\\\/truck\\\/artikel\\\/erster-e-truck-wird-in-kuerze-ausgeliefert-26612\\\/#primaryimage\"},\"thumbnailUrl\":\"https:\\\/\\\/static.krafthand-truck.de\\\/uploads\\\/2021\\\/03\\\/renault-trucks-d-wide-ze-fur-at-01.jpg\",\"keywords\":[\"E-Lkw\",\"Renault Trucks\"],\"articleSection\":[\"E-Antrieb (BEV\\\/FCEV)\",\"Nfz-Technik\",\"Unternehmen\"],\"inLanguage\":\"de\"},{\"@type\":\"WebPage\",\"@id\":\"https:\\\/\\\/www.krafthand.de\\\/truck\\\/artikel\\\/erster-e-truck-wird-in-kuerze-ausgeliefert-26612\\\/\",\"url\":\"https:\\\/\\\/www.krafthand.de\\\/truck\\\/artikel\\\/erster-e-truck-wird-in-kuerze-ausgeliefert-26612\\\/\",\"name\":\"Erster E-Truck wird in K\u00fcrze ausgeliefert - Krafthand-Truck\",\"isPartOf\":{\"@id\":\"https:\\\/\\\/www.krafthand.de\\\/truck\\\/#website\"},\"primaryImageOfPage\":{\"@id\":\"https:\\\/\\\/www.krafthand.de\\\/truck\\\/artikel\\\/erster-e-truck-wird-in-kuerze-ausgeliefert-26612\\\/#primaryimage\"},\"image\":{\"@id\":\"https:\\\/\\\/www.krafthand.de\\\/truck\\\/artikel\\\/erster-e-truck-wird-in-kuerze-ausgeliefert-26612\\\/#primaryimage\"},\"thumbnailUrl\":\"https:\\\/\\\/static.krafthand-truck.de\\\/uploads\\\/2021\\\/03\\\/renault-trucks-d-wide-ze-fur-at-01.jpg\",\"datePublished\":\"2021-03-09T10:58:46+00:00\",\"dateModified\":\"2021-03-10T07:57:45+00:00\",\"author\":{\"@id\":\"https:\\\/\\\/www.krafthand.de\\\/truck\\\/#\\\/schema\\\/person\\\/51fa80b1c57034c4bf63f9f988fc24ce\"},\"breadcrumb\":{\"@id\":\"https:\\\/\\\/www.krafthand.de\\\/truck\\\/artikel\\\/erster-e-truck-wird-in-kuerze-ausgeliefert-26612\\\/#breadcrumb\"},\"inLanguage\":\"de\",\"potentialAction\":[{\"@type\":\"ReadAction\",\"target\":[\"https:\\\/\\\/www.krafthand.de\\\/truck\\\/artikel\\\/erster-e-truck-wird-in-kuerze-ausgeliefert-26612\\\/\"]}]},{\"@type\":\"ImageObject\",\"inLanguage\":\"de\",\"@id\":\"https:\\\/\\\/www.krafthand.de\\\/truck\\\/artikel\\\/erster-e-truck-wird-in-kuerze-ausgeliefert-26612\\\/#primaryimage\",\"url\":\"https:\\\/\\\/static.krafthand-truck.de\\\/uploads\\\/2021\\\/03\\\/renault-trucks-d-wide-ze-fur-at-01.jpg\",\"contentUrl\":\"https:\\\/\\\/static.krafthand-truck.de\\\/uploads\\\/2021\\\/03\\\/renault-trucks-d-wide-ze-fur-at-01.jpg\",\"width\":1000,\"height\":1051,\"caption\":\"Renault, E-Lkw\"},{\"@type\":\"BreadcrumbList\",\"@id\":\"https:\\\/\\\/www.krafthand.de\\\/truck\\\/artikel\\\/erster-e-truck-wird-in-kuerze-ausgeliefert-26612\\\/#breadcrumb\",\"itemListElement\":[{\"@type\":\"ListItem\",\"position\":1,\"name\":\"Krafthand-Truck\",\"item\":\"https:\\\/\\\/www.krafthand.de\\\/truck\\\/\"},{\"@type\":\"ListItem\",\"position\":2,\"name\":\"Nfz-Technik\",\"item\":\"https:\\\/\\\/www.krafthand.de\\\/truck\\\/kategorie\\\/nfz-technik\\\/\"},{\"@type\":\"ListItem\",\"position\":3,\"name\":\"E-Antrieb (BEV\\\/FCEV)\",\"item\":\"https:\\\/\\\/www.krafthand.de\\\/truck\\\/kategorie\\\/nfz-technik\\\/e-antrieb\\\/\"},{\"@type\":\"ListItem\",\"position\":4,\"name\":\"Erster E-Truck wird in K\u00fcrze ausgeliefert\"}]},{\"@type\":\"WebSite\",\"@id\":\"https:\\\/\\\/www.krafthand.de\\\/truck\\\/#website\",\"url\":\"https:\\\/\\\/www.krafthand.de\\\/truck\\\/\",\"name\":\"Krafthand-Truck\",\"description\":\"\",\"potentialAction\":[{\"@type\":\"SearchAction\",\"target\":{\"@type\":\"EntryPoint\",\"urlTemplate\":\"https:\\\/\\\/www.krafthand.de\\\/truck\\\/?s={search_term_string}\"},\"query-input\":{\"@type\":\"PropertyValueSpecification\",\"valueRequired\":true,\"valueName\":\"search_term_string\"}}],\"inLanguage\":\"de\"},{\"@type\":\"Person\",\"@id\":\"https:\\\/\\\/www.krafthand.de\\\/truck\\\/#\\\/schema\\\/person\\\/51fa80b1c57034c4bf63f9f988fc24ce\",\"name\":\"georg.blenk@krafthand-medien.de\",\"image\":{\"@type\":\"ImageObject\",\"inLanguage\":\"de\",\"@id\":\"https:\\\/\\\/secure.gravatar.com\\\/avatar\\\/93713c30affe0aa95d3a4130e499bb1abee2eb31adbdd9ce2aa1543538490215?s=96&d=mm&r=g\",\"url\":\"https:\\\/\\\/secure.gravatar.com\\\/avatar\\\/93713c30affe0aa95d3a4130e499bb1abee2eb31adbdd9ce2aa1543538490215?s=96&d=mm&r=g\",\"contentUrl\":\"https:\\\/\\\/secure.gravatar.com\\\/avatar\\\/93713c30affe0aa95d3a4130e499bb1abee2eb31adbdd9ce2aa1543538490215?s=96&d=mm&r=g\",\"caption\":\"georg.blenk@krafthand-medien.de\"}}]}<\/script>\n<!-- \/ Yoast SEO plugin. -->","yoast_head_json":{"title":"Erster E-Truck wird in K\u00fcrze ausgeliefert - Krafthand-Truck","robots":{"index":"index","follow":"follow","max-snippet":"max-snippet:-1","max-image-preview":"max-image-preview:large","max-video-preview":"max-video-preview:-1"},"canonical":"https:\/\/www.krafthand.de\/truck\/artikel\/erster-e-truck-wird-in-kuerze-ausgeliefert-26612\/","og_locale":"de_DE","og_type":"article","og_title":"Erster E-Truck wird in K\u00fcrze ausgeliefert - Krafthand-Truck","og_description":"Der Renault Trucks H\u00e4ndler A+T Nutzfahrzeuge aus Garrel in Niedersachsen bekommt den ersten vollelektrischen Renault Truck Deutschlands. ... weiter","og_url":"https:\/\/www.krafthand-truck.de\/artikel\/erster-e-truck-wird-in-kuerze-ausgeliefert-26612\/","og_site_name":"Krafthand-Truck","article_published_time":"2021-03-09T10:58:46+00:00","article_modified_time":"2021-03-10T07:57:45+00:00","og_image":[{"width":1000,"height":1051,"url":"https:\/\/www.krafthand.de\/truck\/wp-content\/uploads\/2021\/03\/renault-trucks-d-wide-ze-fur-at-01.jpg","type":"image\/jpeg"}],"author":"georg.blenk@krafthand-medien.de","twitter_card":"summary_large_image","twitter_misc":{"Verfasst von":"georg.blenk@krafthand-medien.de","Gesch\u00e4tzte Lesezeit":"2\u00a0Minuten"},"schema":{"@context":"https:\/\/schema.org","@graph":[{"@type":"Article","@id":"https:\/\/www.krafthand.de\/truck\/artikel\/erster-e-truck-wird-in-kuerze-ausgeliefert-26612\/#article","isPartOf":{"@id":"https:\/\/www.krafthand.de\/truck\/artikel\/erster-e-truck-wird-in-kuerze-ausgeliefert-26612\/"},"author":{"name":"georg.blenk@krafthand-medien.de","@id":"https:\/\/www.krafthand.de\/truck\/#\/schema\/person\/51fa80b1c57034c4bf63f9f988fc24ce"},"headline":"Erster E-Truck wird in K\u00fcrze ausgeliefert","datePublished":"2021-03-09T10:58:46+00:00","dateModified":"2021-03-10T07:57:45+00:00","mainEntityOfPage":{"@id":"https:\/\/www.krafthand.de\/truck\/artikel\/erster-e-truck-wird-in-kuerze-ausgeliefert-26612\/"},"wordCount":411,"image":{"@id":"https:\/\/www.krafthand.de\/truck\/artikel\/erster-e-truck-wird-in-kuerze-ausgeliefert-26612\/#primaryimage"},"thumbnailUrl":"https:\/\/static.krafthand-truck.de\/uploads\/2021\/03\/renault-trucks-d-wide-ze-fur-at-01.jpg","keywords":["E-Lkw","Renault Trucks"],"articleSection":["E-Antrieb (BEV\/FCEV)","Nfz-Technik","Unternehmen"],"inLanguage":"de"},{"@type":"WebPage","@id":"https:\/\/www.krafthand.de\/truck\/artikel\/erster-e-truck-wird-in-kuerze-ausgeliefert-26612\/","url":"https:\/\/www.krafthand.de\/truck\/artikel\/erster-e-truck-wird-in-kuerze-ausgeliefert-26612\/","name":"Erster E-Truck wird in K\u00fcrze ausgeliefert - Krafthand-Truck","isPartOf":{"@id":"https:\/\/www.krafthand.de\/truck\/#website"},"primaryImageOfPage":{"@id":"https:\/\/www.krafthand.de\/truck\/artikel\/erster-e-truck-wird-in-kuerze-ausgeliefert-26612\/#primaryimage"},"image":{"@id":"https:\/\/www.krafthand.de\/truck\/artikel\/erster-e-truck-wird-in-kuerze-ausgeliefert-26612\/#primaryimage"},"thumbnailUrl":"https:\/\/static.krafthand-truck.de\/uploads\/2021\/03\/renault-trucks-d-wide-ze-fur-at-01.jpg","datePublished":"2021-03-09T10:58:46+00:00","dateModified":"2021-03-10T07:57:45+00:00","author":{"@id":"https:\/\/www.krafthand.de\/truck\/#\/schema\/person\/51fa80b1c57034c4bf63f9f988fc24ce"},"breadcrumb":{"@id":"https:\/\/www.krafthand.de\/truck\/artikel\/erster-e-truck-wird-in-kuerze-ausgeliefert-26612\/#breadcrumb"},"inLanguage":"de","potentialAction":[{"@type":"ReadAction","target":["https:\/\/www.krafthand.de\/truck\/artikel\/erster-e-truck-wird-in-kuerze-ausgeliefert-26612\/"]}]},{"@type":"ImageObject","inLanguage":"de","@id":"https:\/\/www.krafthand.de\/truck\/artikel\/erster-e-truck-wird-in-kuerze-ausgeliefert-26612\/#primaryimage","url":"https:\/\/static.krafthand-truck.de\/uploads\/2021\/03\/renault-trucks-d-wide-ze-fur-at-01.jpg","contentUrl":"https:\/\/static.krafthand-truck.de\/uploads\/2021\/03\/renault-trucks-d-wide-ze-fur-at-01.jpg","width":1000,"height":1051,"caption":"Renault, E-Lkw"},{"@type":"BreadcrumbList","@id":"https:\/\/www.krafthand.de\/truck\/artikel\/erster-e-truck-wird-in-kuerze-ausgeliefert-26612\/#breadcrumb","itemListElement":[{"@type":"ListItem","position":1,"name":"Krafthand-Truck","item":"https:\/\/www.krafthand.de\/truck\/"},{"@type":"ListItem","position":2,"name":"Nfz-Technik","item":"https:\/\/www.krafthand.de\/truck\/kategorie\/nfz-technik\/"},{"@type":"ListItem","position":3,"name":"E-Antrieb (BEV\/FCEV)","item":"https:\/\/www.krafthand.de\/truck\/kategorie\/nfz-technik\/e-antrieb\/"},{"@type":"ListItem","position":4,"name":"Erster E-Truck wird in K\u00fcrze ausgeliefert"}]},{"@type":"WebSite","@id":"https:\/\/www.krafthand.de\/truck\/#website","url":"https:\/\/www.krafthand.de\/truck\/","name":"Krafthand-Truck","description":"","potentialAction":[{"@type":"SearchAction","target":{"@type":"EntryPoint","urlTemplate":"https:\/\/www.krafthand.de\/truck\/?s={search_term_string}"},"query-input":{"@type":"PropertyValueSpecification","valueRequired":true,"valueName":"search_term_string"}}],"inLanguage":"de"},{"@type":"Person","@id":"https:\/\/www.krafthand.de\/truck\/#\/schema\/person\/51fa80b1c57034c4bf63f9f988fc24ce","name":"georg.blenk@krafthand-medien.de","image":{"@type":"ImageObject","inLanguage":"de","@id":"https:\/\/secure.gravatar.com\/avatar\/93713c30affe0aa95d3a4130e499bb1abee2eb31adbdd9ce2aa1543538490215?s=96&d=mm&r=g","url":"https:\/\/secure.gravatar.com\/avatar\/93713c30affe0aa95d3a4130e499bb1abee2eb31adbdd9ce2aa1543538490215?s=96&d=mm&r=g","contentUrl":"https:\/\/secure.gravatar.com\/avatar\/93713c30affe0aa95d3a4130e499bb1abee2eb31adbdd9ce2aa1543538490215?s=96&d=mm&r=g","caption":"georg.blenk@krafthand-medien.de"}}]}},"_links":{"self":[{"href":"https:\/\/www.krafthand.de\/truck\/wp-json\/wp\/v2\/posts\/26612","targetHints":{"allow":["GET"]}}],"collection":[{"href":"https:\/\/www.krafthand.de\/truck\/wp-json\/wp\/v2\/posts"}],"about":[{"href":"https:\/\/www.krafthand.de\/truck\/wp-json\/wp\/v2\/types\/post"}],"author":[{"embeddable":true,"href":"https:\/\/www.krafthand.de\/truck\/wp-json\/wp\/v2\/users\/9"}],"replies":[{"embeddable":true,"href":"https:\/\/www.krafthand.de\/truck\/wp-json\/wp\/v2\/comments?post=26612"}],"version-history":[{"count":9,"href":"https:\/\/www.krafthand.de\/truck\/wp-json\/wp\/v2\/posts\/26612\/revisions"}],"predecessor-version":[{"id":26719,"href":"https:\/\/www.krafthand.de\/truck\/wp-json\/wp\/v2\/posts\/26612\/revisions\/26719"}],"wp:featuredmedia":[{"embeddable":true,"href":"https:\/\/www.krafthand.de\/truck\/wp-json\/wp\/v2\/media\/26615"}],"wp:attachment":[{"href":"https:\/\/www.krafthand.de\/truck\/wp-json\/wp\/v2\/media?parent=26612"}],"wp:term":[{"taxonomy":"category","embeddable":true,"href":"https:\/\/www.krafthand.de\/truck\/wp-json\/wp\/v2\/categories?post=26612"},{"taxonomy":"post_tag","embeddable":true,"href":"https:\/\/www.krafthand.de\/truck\/wp-json\/wp\/v2\/tags?post=26612"},{"taxonomy":"settings","embeddable":true,"href":"https:\/\/www.krafthand.de\/truck\/wp-json\/wp\/v2\/settings?post=26612"}],"curies":[{"name":"wp","href":"https:\/\/api.w.org\/{rel}","templated":true}]}}