{"id":26588,"date":"2021-03-05T13:23:51","date_gmt":"2021-03-05T12:23:51","guid":{"rendered":"https:\/\/www.krafthand.de\/truck\/?p=26588"},"modified":"2021-03-09T17:41:13","modified_gmt":"2021-03-09T16:41:13","slug":"oe-germany-ist-mitglied-der-temot-international","status":"publish","type":"post","link":"https:\/\/www.krafthand.de\/truck\/artikel\/oe-germany-ist-mitglied-der-temot-international-26588\/","title":{"rendered":"OE Germany ist Mitglied der Temot International."},"content":{"rendered":"<p>Seit kurzem ist die OE Germany Handels GmbH als \u201eListed Supplier\u201c Mitglied der Temot International. Die OE Germany Handels GmbH ist ein weltweit t\u00e4tiger Spezialist f\u00fcr OE-Teile, Komponenten und Bauteile im Bereich der Diesel- und Gasmotoren.<\/p>\n<p>Aktuell ist das Unternehmen aus Esslingen in 140 L\u00e4ndern im Independent Aftermarket aktiv und tr\u00e4gt dazu bei die Mobilit\u00e4t von Nutzfahrzeugen, aufrecht zu halten. Nach den Worten von Gesch\u00e4ftsf\u00fchrer Mario Jahn stelle die Einbindung in das Netzwerk der Temot International schon allein aufgrund der eigenen Marktpositionierung einen\u00a0 Mehrwert dar.<\/p>\n<blockquote><p>\u201eWir profitieren nicht nur von dem guten Ruf der Temot International und dem Netzwerk von 25.000 Werkst\u00e4tten in zahlreichen L\u00e4ndern, sondern auch dem Zugang zu zus\u00e4tzlichen Distributoren. Hinzu kommt die Versorgung mit aktuellen Marktinformationen und die sich ergebenen internationalen Kooperationsm\u00f6glichkeiten mit den Temot-Gesellschaftern.&#8220;<\/p><\/blockquote>\n<p>Als unabh\u00e4ngiger und freier Anbieter richtet sich die OE Germany GmbH mit ihren Angeboten an den besonderen Anforderungen der Kunden, der Wirtschaftlichkeit der angebotenen L\u00f6sungen sowie einer hochwertigen Marken- und Produktqualit\u00e4t aus. &#8222;Damit passen wir sehr gut zur \u201eTemot Familie\u201c und sind dank unserer Spezialisierung sicher auch ein Mehrwert f\u00fcr das Netzwerk&#8220;, so Jahn.<\/p>\n<p>Dass effektive Netzwerke an Bedeutung gewinnen, steht f\u00fcr Mario Jahn au\u00dfer Frage. Dies gelte auch f\u00fcr den deutschen Markt. \u201eSchon seit Oktober 2020 sind wir deshalb Mitglied des GVA.\u201c<\/p>\n","protected":false},"excerpt":{"rendered":"<p>Seit kurzem ist die OE Germany Handels GmbH als \u201eListed Supplier\u201c Mitglied der Temot International. <span class=\"excerpt-more__dots\">&#8230;<\/span> <a class=\"excerpt-more__link\" href=\"https:\/\/www.krafthand.de\/truck\/artikel\/oe-germany-ist-mitglied-der-temot-international-26588\/\" >weiter<\/a><\/p>\n","protected":false},"author":9,"featured_media":26590,"comment_status":"closed","ping_status":"closed","sticky":false,"template":"","format":"standard","meta":{"footnotes":""},"categories":[4229,4235],"tags":[4214,4212,4129,4215,522,4213],"settings":[],"class_list":["post-26588","post","type-post","status-publish","format-standard","has-post-thumbnail","hentry","category-nfz-teile-systeme","category-unternehmen","tag-gva","tag-mario-jahn","tag-oe-germany","tag-oe-germany-handels-gmbh","tag-teilehandel","tag-temot"],"yoast_head":"<!-- This site is optimized with the Yoast SEO plugin v27.3 - https:\/\/yoast.com\/product\/yoast-seo-wordpress\/ -->\n<title>OE Germany ist Mitglied der Temot International. - Krafthand-Truck<\/title>\n<meta name=\"robots\" content=\"index, follow, max-snippet:-1, max-image-preview:large, max-video-preview:-1\" \/>\n<link rel=\"canonical\" href=\"https:\/\/www.krafthand.de\/truck\/artikel\/oe-germany-ist-mitglied-der-temot-international-26588\/\" \/>\n<meta property=\"og:locale\" content=\"de_DE\" \/>\n<meta property=\"og:type\" content=\"article\" \/>\n<meta property=\"og:title\" content=\"OE Germany ist Mitglied der Temot International. - Krafthand-Truck\" \/>\n<meta property=\"og:description\" content=\"Seit kurzem ist die OE Germany Handels GmbH als \u201eListed Supplier\u201c Mitglied der Temot International. ... weiter\" \/>\n<meta property=\"og:url\" content=\"https:\/\/www.krafthand-truck.de\/artikel\/oe-germany-ist-mitglied-der-temot-international-26588\/\" \/>\n<meta property=\"og:site_name\" content=\"Krafthand-Truck\" \/>\n<meta property=\"article:published_time\" content=\"2021-03-05T12:23:51+00:00\" \/>\n<meta property=\"article:modified_time\" content=\"2021-03-09T16:41:13+00:00\" \/>\n<meta property=\"og:image\" content=\"https:\/\/www.krafthand.de\/truck\/wp-content\/uploads\/2021\/03\/OE_Teile_Mario_Jahn.jpg\" \/>\n\t<meta property=\"og:image:width\" content=\"1000\" \/>\n\t<meta property=\"og:image:height\" content=\"690\" \/>\n\t<meta property=\"og:image:type\" content=\"image\/jpeg\" \/>\n<meta name=\"author\" content=\"georg.blenk@krafthand-medien.de\" \/>\n<meta name=\"twitter:card\" content=\"summary_large_image\" \/>\n<meta name=\"twitter:label1\" content=\"Verfasst von\" \/>\n\t<meta name=\"twitter:data1\" content=\"georg.blenk@krafthand-medien.de\" \/>\n\t<meta name=\"twitter:label2\" content=\"Gesch\u00e4tzte Lesezeit\" \/>\n\t<meta name=\"twitter:data2\" content=\"1\u00a0Minute\" \/>\n<script type=\"application\/ld+json\" class=\"yoast-schema-graph\">{\"@context\":\"https:\\\/\\\/schema.org\",\"@graph\":[{\"@type\":\"Article\",\"@id\":\"https:\\\/\\\/www.krafthand.de\\\/truck\\\/artikel\\\/oe-germany-ist-mitglied-der-temot-international-26588\\\/#article\",\"isPartOf\":{\"@id\":\"https:\\\/\\\/www.krafthand.de\\\/truck\\\/artikel\\\/oe-germany-ist-mitglied-der-temot-international-26588\\\/\"},\"author\":{\"name\":\"georg.blenk@krafthand-medien.de\",\"@id\":\"https:\\\/\\\/www.krafthand.de\\\/truck\\\/#\\\/schema\\\/person\\\/51fa80b1c57034c4bf63f9f988fc24ce\"},\"headline\":\"OE Germany ist Mitglied der Temot International.\",\"datePublished\":\"2021-03-05T12:23:51+00:00\",\"dateModified\":\"2021-03-09T16:41:13+00:00\",\"mainEntityOfPage\":{\"@id\":\"https:\\\/\\\/www.krafthand.de\\\/truck\\\/artikel\\\/oe-germany-ist-mitglied-der-temot-international-26588\\\/\"},\"wordCount\":233,\"image\":{\"@id\":\"https:\\\/\\\/www.krafthand.de\\\/truck\\\/artikel\\\/oe-germany-ist-mitglied-der-temot-international-26588\\\/#primaryimage\"},\"thumbnailUrl\":\"https:\\\/\\\/static.krafthand-truck.de\\\/uploads\\\/2021\\\/03\\\/OE_Teile_Mario_Jahn.jpg\",\"keywords\":[\"GVA\",\"Mario Jahn\",\"OE Germany\",\"OE Germany Handels GmbH\",\"Teilehandel\",\"Temot\"],\"articleSection\":[\"Nfz-Teile\\\/Systeme\",\"Unternehmen\"],\"inLanguage\":\"de\"},{\"@type\":\"WebPage\",\"@id\":\"https:\\\/\\\/www.krafthand.de\\\/truck\\\/artikel\\\/oe-germany-ist-mitglied-der-temot-international-26588\\\/\",\"url\":\"https:\\\/\\\/www.krafthand.de\\\/truck\\\/artikel\\\/oe-germany-ist-mitglied-der-temot-international-26588\\\/\",\"name\":\"OE Germany ist Mitglied der Temot International. - Krafthand-Truck\",\"isPartOf\":{\"@id\":\"https:\\\/\\\/www.krafthand.de\\\/truck\\\/#website\"},\"primaryImageOfPage\":{\"@id\":\"https:\\\/\\\/www.krafthand.de\\\/truck\\\/artikel\\\/oe-germany-ist-mitglied-der-temot-international-26588\\\/#primaryimage\"},\"image\":{\"@id\":\"https:\\\/\\\/www.krafthand.de\\\/truck\\\/artikel\\\/oe-germany-ist-mitglied-der-temot-international-26588\\\/#primaryimage\"},\"thumbnailUrl\":\"https:\\\/\\\/static.krafthand-truck.de\\\/uploads\\\/2021\\\/03\\\/OE_Teile_Mario_Jahn.jpg\",\"datePublished\":\"2021-03-05T12:23:51+00:00\",\"dateModified\":\"2021-03-09T16:41:13+00:00\",\"author\":{\"@id\":\"https:\\\/\\\/www.krafthand.de\\\/truck\\\/#\\\/schema\\\/person\\\/51fa80b1c57034c4bf63f9f988fc24ce\"},\"breadcrumb\":{\"@id\":\"https:\\\/\\\/www.krafthand.de\\\/truck\\\/artikel\\\/oe-germany-ist-mitglied-der-temot-international-26588\\\/#breadcrumb\"},\"inLanguage\":\"de\",\"potentialAction\":[{\"@type\":\"ReadAction\",\"target\":[\"https:\\\/\\\/www.krafthand.de\\\/truck\\\/artikel\\\/oe-germany-ist-mitglied-der-temot-international-26588\\\/\"]}]},{\"@type\":\"ImageObject\",\"inLanguage\":\"de\",\"@id\":\"https:\\\/\\\/www.krafthand.de\\\/truck\\\/artikel\\\/oe-germany-ist-mitglied-der-temot-international-26588\\\/#primaryimage\",\"url\":\"https:\\\/\\\/static.krafthand-truck.de\\\/uploads\\\/2021\\\/03\\\/OE_Teile_Mario_Jahn.jpg\",\"contentUrl\":\"https:\\\/\\\/static.krafthand-truck.de\\\/uploads\\\/2021\\\/03\\\/OE_Teile_Mario_Jahn.jpg\",\"width\":1000,\"height\":690,\"caption\":\"Mario Jahn, OE Germany\"},{\"@type\":\"BreadcrumbList\",\"@id\":\"https:\\\/\\\/www.krafthand.de\\\/truck\\\/artikel\\\/oe-germany-ist-mitglied-der-temot-international-26588\\\/#breadcrumb\",\"itemListElement\":[{\"@type\":\"ListItem\",\"position\":1,\"name\":\"Krafthand-Truck\",\"item\":\"https:\\\/\\\/www.krafthand.de\\\/truck\\\/\"},{\"@type\":\"ListItem\",\"position\":2,\"name\":\"Nfz-Technik\",\"item\":\"https:\\\/\\\/www.krafthand.de\\\/truck\\\/kategorie\\\/nfz-technik\\\/\"},{\"@type\":\"ListItem\",\"position\":3,\"name\":\"Nfz-Teile\\\/Systeme\",\"item\":\"https:\\\/\\\/www.krafthand.de\\\/truck\\\/kategorie\\\/nfz-technik\\\/nfz-teile-systeme\\\/\"},{\"@type\":\"ListItem\",\"position\":4,\"name\":\"OE Germany ist Mitglied der Temot International.\"}]},{\"@type\":\"WebSite\",\"@id\":\"https:\\\/\\\/www.krafthand.de\\\/truck\\\/#website\",\"url\":\"https:\\\/\\\/www.krafthand.de\\\/truck\\\/\",\"name\":\"Krafthand-Truck\",\"description\":\"\",\"potentialAction\":[{\"@type\":\"SearchAction\",\"target\":{\"@type\":\"EntryPoint\",\"urlTemplate\":\"https:\\\/\\\/www.krafthand.de\\\/truck\\\/?s={search_term_string}\"},\"query-input\":{\"@type\":\"PropertyValueSpecification\",\"valueRequired\":true,\"valueName\":\"search_term_string\"}}],\"inLanguage\":\"de\"},{\"@type\":\"Person\",\"@id\":\"https:\\\/\\\/www.krafthand.de\\\/truck\\\/#\\\/schema\\\/person\\\/51fa80b1c57034c4bf63f9f988fc24ce\",\"name\":\"georg.blenk@krafthand-medien.de\",\"image\":{\"@type\":\"ImageObject\",\"inLanguage\":\"de\",\"@id\":\"https:\\\/\\\/secure.gravatar.com\\\/avatar\\\/93713c30affe0aa95d3a4130e499bb1abee2eb31adbdd9ce2aa1543538490215?s=96&d=mm&r=g\",\"url\":\"https:\\\/\\\/secure.gravatar.com\\\/avatar\\\/93713c30affe0aa95d3a4130e499bb1abee2eb31adbdd9ce2aa1543538490215?s=96&d=mm&r=g\",\"contentUrl\":\"https:\\\/\\\/secure.gravatar.com\\\/avatar\\\/93713c30affe0aa95d3a4130e499bb1abee2eb31adbdd9ce2aa1543538490215?s=96&d=mm&r=g\",\"caption\":\"georg.blenk@krafthand-medien.de\"}}]}<\/script>\n<!-- \/ Yoast SEO plugin. -->","yoast_head_json":{"title":"OE Germany ist Mitglied der Temot International. - Krafthand-Truck","robots":{"index":"index","follow":"follow","max-snippet":"max-snippet:-1","max-image-preview":"max-image-preview:large","max-video-preview":"max-video-preview:-1"},"canonical":"https:\/\/www.krafthand.de\/truck\/artikel\/oe-germany-ist-mitglied-der-temot-international-26588\/","og_locale":"de_DE","og_type":"article","og_title":"OE Germany ist Mitglied der Temot International. - Krafthand-Truck","og_description":"Seit kurzem ist die OE Germany Handels GmbH als \u201eListed Supplier\u201c Mitglied der Temot International. ... weiter","og_url":"https:\/\/www.krafthand-truck.de\/artikel\/oe-germany-ist-mitglied-der-temot-international-26588\/","og_site_name":"Krafthand-Truck","article_published_time":"2021-03-05T12:23:51+00:00","article_modified_time":"2021-03-09T16:41:13+00:00","og_image":[{"width":1000,"height":690,"url":"https:\/\/www.krafthand.de\/truck\/wp-content\/uploads\/2021\/03\/OE_Teile_Mario_Jahn.jpg","type":"image\/jpeg"}],"author":"georg.blenk@krafthand-medien.de","twitter_card":"summary_large_image","twitter_misc":{"Verfasst von":"georg.blenk@krafthand-medien.de","Gesch\u00e4tzte Lesezeit":"1\u00a0Minute"},"schema":{"@context":"https:\/\/schema.org","@graph":[{"@type":"Article","@id":"https:\/\/www.krafthand.de\/truck\/artikel\/oe-germany-ist-mitglied-der-temot-international-26588\/#article","isPartOf":{"@id":"https:\/\/www.krafthand.de\/truck\/artikel\/oe-germany-ist-mitglied-der-temot-international-26588\/"},"author":{"name":"georg.blenk@krafthand-medien.de","@id":"https:\/\/www.krafthand.de\/truck\/#\/schema\/person\/51fa80b1c57034c4bf63f9f988fc24ce"},"headline":"OE Germany ist Mitglied der Temot International.","datePublished":"2021-03-05T12:23:51+00:00","dateModified":"2021-03-09T16:41:13+00:00","mainEntityOfPage":{"@id":"https:\/\/www.krafthand.de\/truck\/artikel\/oe-germany-ist-mitglied-der-temot-international-26588\/"},"wordCount":233,"image":{"@id":"https:\/\/www.krafthand.de\/truck\/artikel\/oe-germany-ist-mitglied-der-temot-international-26588\/#primaryimage"},"thumbnailUrl":"https:\/\/static.krafthand-truck.de\/uploads\/2021\/03\/OE_Teile_Mario_Jahn.jpg","keywords":["GVA","Mario Jahn","OE Germany","OE Germany Handels GmbH","Teilehandel","Temot"],"articleSection":["Nfz-Teile\/Systeme","Unternehmen"],"inLanguage":"de"},{"@type":"WebPage","@id":"https:\/\/www.krafthand.de\/truck\/artikel\/oe-germany-ist-mitglied-der-temot-international-26588\/","url":"https:\/\/www.krafthand.de\/truck\/artikel\/oe-germany-ist-mitglied-der-temot-international-26588\/","name":"OE Germany ist Mitglied der Temot International. - Krafthand-Truck","isPartOf":{"@id":"https:\/\/www.krafthand.de\/truck\/#website"},"primaryImageOfPage":{"@id":"https:\/\/www.krafthand.de\/truck\/artikel\/oe-germany-ist-mitglied-der-temot-international-26588\/#primaryimage"},"image":{"@id":"https:\/\/www.krafthand.de\/truck\/artikel\/oe-germany-ist-mitglied-der-temot-international-26588\/#primaryimage"},"thumbnailUrl":"https:\/\/static.krafthand-truck.de\/uploads\/2021\/03\/OE_Teile_Mario_Jahn.jpg","datePublished":"2021-03-05T12:23:51+00:00","dateModified":"2021-03-09T16:41:13+00:00","author":{"@id":"https:\/\/www.krafthand.de\/truck\/#\/schema\/person\/51fa80b1c57034c4bf63f9f988fc24ce"},"breadcrumb":{"@id":"https:\/\/www.krafthand.de\/truck\/artikel\/oe-germany-ist-mitglied-der-temot-international-26588\/#breadcrumb"},"inLanguage":"de","potentialAction":[{"@type":"ReadAction","target":["https:\/\/www.krafthand.de\/truck\/artikel\/oe-germany-ist-mitglied-der-temot-international-26588\/"]}]},{"@type":"ImageObject","inLanguage":"de","@id":"https:\/\/www.krafthand.de\/truck\/artikel\/oe-germany-ist-mitglied-der-temot-international-26588\/#primaryimage","url":"https:\/\/static.krafthand-truck.de\/uploads\/2021\/03\/OE_Teile_Mario_Jahn.jpg","contentUrl":"https:\/\/static.krafthand-truck.de\/uploads\/2021\/03\/OE_Teile_Mario_Jahn.jpg","width":1000,"height":690,"caption":"Mario Jahn, OE Germany"},{"@type":"BreadcrumbList","@id":"https:\/\/www.krafthand.de\/truck\/artikel\/oe-germany-ist-mitglied-der-temot-international-26588\/#breadcrumb","itemListElement":[{"@type":"ListItem","position":1,"name":"Krafthand-Truck","item":"https:\/\/www.krafthand.de\/truck\/"},{"@type":"ListItem","position":2,"name":"Nfz-Technik","item":"https:\/\/www.krafthand.de\/truck\/kategorie\/nfz-technik\/"},{"@type":"ListItem","position":3,"name":"Nfz-Teile\/Systeme","item":"https:\/\/www.krafthand.de\/truck\/kategorie\/nfz-technik\/nfz-teile-systeme\/"},{"@type":"ListItem","position":4,"name":"OE Germany ist Mitglied der Temot International."}]},{"@type":"WebSite","@id":"https:\/\/www.krafthand.de\/truck\/#website","url":"https:\/\/www.krafthand.de\/truck\/","name":"Krafthand-Truck","description":"","potentialAction":[{"@type":"SearchAction","target":{"@type":"EntryPoint","urlTemplate":"https:\/\/www.krafthand.de\/truck\/?s={search_term_string}"},"query-input":{"@type":"PropertyValueSpecification","valueRequired":true,"valueName":"search_term_string"}}],"inLanguage":"de"},{"@type":"Person","@id":"https:\/\/www.krafthand.de\/truck\/#\/schema\/person\/51fa80b1c57034c4bf63f9f988fc24ce","name":"georg.blenk@krafthand-medien.de","image":{"@type":"ImageObject","inLanguage":"de","@id":"https:\/\/secure.gravatar.com\/avatar\/93713c30affe0aa95d3a4130e499bb1abee2eb31adbdd9ce2aa1543538490215?s=96&d=mm&r=g","url":"https:\/\/secure.gravatar.com\/avatar\/93713c30affe0aa95d3a4130e499bb1abee2eb31adbdd9ce2aa1543538490215?s=96&d=mm&r=g","contentUrl":"https:\/\/secure.gravatar.com\/avatar\/93713c30affe0aa95d3a4130e499bb1abee2eb31adbdd9ce2aa1543538490215?s=96&d=mm&r=g","caption":"georg.blenk@krafthand-medien.de"}}]}},"_links":{"self":[{"href":"https:\/\/www.krafthand.de\/truck\/wp-json\/wp\/v2\/posts\/26588","targetHints":{"allow":["GET"]}}],"collection":[{"href":"https:\/\/www.krafthand.de\/truck\/wp-json\/wp\/v2\/posts"}],"about":[{"href":"https:\/\/www.krafthand.de\/truck\/wp-json\/wp\/v2\/types\/post"}],"author":[{"embeddable":true,"href":"https:\/\/www.krafthand.de\/truck\/wp-json\/wp\/v2\/users\/9"}],"replies":[{"embeddable":true,"href":"https:\/\/www.krafthand.de\/truck\/wp-json\/wp\/v2\/comments?post=26588"}],"version-history":[{"count":4,"href":"https:\/\/www.krafthand.de\/truck\/wp-json\/wp\/v2\/posts\/26588\/revisions"}],"predecessor-version":[{"id":26593,"href":"https:\/\/www.krafthand.de\/truck\/wp-json\/wp\/v2\/posts\/26588\/revisions\/26593"}],"wp:featuredmedia":[{"embeddable":true,"href":"https:\/\/www.krafthand.de\/truck\/wp-json\/wp\/v2\/media\/26590"}],"wp:attachment":[{"href":"https:\/\/www.krafthand.de\/truck\/wp-json\/wp\/v2\/media?parent=26588"}],"wp:term":[{"taxonomy":"category","embeddable":true,"href":"https:\/\/www.krafthand.de\/truck\/wp-json\/wp\/v2\/categories?post=26588"},{"taxonomy":"post_tag","embeddable":true,"href":"https:\/\/www.krafthand.de\/truck\/wp-json\/wp\/v2\/tags?post=26588"},{"taxonomy":"settings","embeddable":true,"href":"https:\/\/www.krafthand.de\/truck\/wp-json\/wp\/v2\/settings?post=26588"}],"curies":[{"name":"wp","href":"https:\/\/api.w.org\/{rel}","templated":true}]}}