{"id":26579,"date":"2021-03-05T12:33:25","date_gmt":"2021-03-05T11:33:25","guid":{"rendered":"https:\/\/www.krafthand.de\/truck\/?p=26579"},"modified":"2021-03-09T17:41:44","modified_gmt":"2021-03-09T16:41:44","slug":"josef-warmeling-verlaesst-koegel","status":"publish","type":"post","link":"https:\/\/www.krafthand.de\/truck\/artikel\/josef-warmeling-verlaesst-koegel-26579\/","title":{"rendered":"Josef Warmeling verl\u00e4sst K\u00f6gel"},"content":{"rendered":"<p><!--StartFragment --><\/p>\n<p>Josef Warmeling, Gesch\u00e4ftsf\u00fchrer Vertrieb Nord- und Westeuropa, Gebrauchtfahrzeuge, Finance-Fullservice-Telematik, Marketing und Kommunikation, scheidet bei K\u00f6gel zum 31. M\u00e4rz 2021 in bestem Einvernehmen aus.<\/p>\n<blockquote><p>\u201eWir danken Josef Warmeling f\u00fcr seinen Einsatz und w\u00fcnschen ihm f\u00fcr seinen weiteren Berufsweg alles Gute!\u201c, erkl\u00e4rt Ulrich Humbaur, Inhaber von K\u00f6gel. \u201eNach drei spannenden Jahren bei K\u00f6gel ist es f\u00fcr mich an der Zeit, neue Wege zu gehen. Ich bedanke mich bei den Kunden, Partnern und Mitarbeitern von K\u00f6gel f\u00fcr das entgegengebrachte gro\u00dfe Vertrauen\u201c, sagt Josef Warmeling.<\/p><\/blockquote>\n<p>Zun\u00e4chst \u00fcbernehmen die beiden Gesch\u00e4ftsf\u00fchrer Thomas Heckel, verantwortlich f\u00fcr Einkauf, Finanzen und Controlling und Thomas Eschey, verantwortlich f\u00fcr Technik und Produktion, die Aufgaben von Josef Warmeling. Dabei arbeiten sie eng mit den Vertriebsverantwortlichen der einzelnen Regionen zusammen. Massimo Dodoni ist als Gesch\u00e4ftsf\u00fchrer verantwortlich f\u00fcr den Bereich After Market sowie f\u00fcr den Vertrieb in Regionen au\u00dferhalb der EU.<!--EndFragment --><\/p>\n","protected":false},"excerpt":{"rendered":"<p>Josef Warmeling, Gesch\u00e4ftsf\u00fchrer Vertrieb Nord- und Westeuropa, Gebrauchtfahrzeuge, Finance-Fullservice-Telematik, Marketing und Kommunikation, scheidet bei K\u00f6gel zum 31. M\u00e4rz 2021 aus. <span class=\"excerpt-more__dots\">&#8230;<\/span> <a class=\"excerpt-more__link\" href=\"https:\/\/www.krafthand.de\/truck\/artikel\/josef-warmeling-verlaesst-koegel-26579\/\" >weiter<\/a><\/p>\n","protected":false},"author":9,"featured_media":26581,"comment_status":"closed","ping_status":"closed","sticky":false,"template":"","format":"standard","meta":{"footnotes":""},"categories":[4238,4235],"tags":[3123,202,599],"settings":[],"class_list":["post-26579","post","type-post","status-publish","format-standard","has-post-thumbnail","hentry","category-koepfe","category-unternehmen","tag-josef-warmeling","tag-koegel","tag-trailer"],"yoast_head":"<!-- This site is optimized with the Yoast SEO plugin v27.3 - https:\/\/yoast.com\/product\/yoast-seo-wordpress\/ -->\n<title>Josef Warmeling verl\u00e4sst K\u00f6gel - Krafthand-Truck<\/title>\n<meta name=\"robots\" content=\"index, follow, max-snippet:-1, max-image-preview:large, max-video-preview:-1\" \/>\n<link rel=\"canonical\" href=\"https:\/\/www.krafthand.de\/truck\/artikel\/josef-warmeling-verlaesst-koegel-26579\/\" \/>\n<meta property=\"og:locale\" content=\"de_DE\" \/>\n<meta property=\"og:type\" content=\"article\" \/>\n<meta property=\"og:title\" content=\"Josef Warmeling verl\u00e4sst K\u00f6gel - Krafthand-Truck\" \/>\n<meta property=\"og:description\" content=\"Josef Warmeling, Gesch\u00e4ftsf\u00fchrer Vertrieb Nord- und Westeuropa, Gebrauchtfahrzeuge, Finance-Fullservice-Telematik, Marketing und Kommunikation, scheidet bei K\u00f6gel zum 31. M\u00e4rz 2021 aus. ... weiter\" \/>\n<meta property=\"og:url\" content=\"https:\/\/www.krafthand-truck.de\/artikel\/josef-warmeling-verlaesst-koegel-26579\/\" \/>\n<meta property=\"og:site_name\" content=\"Krafthand-Truck\" \/>\n<meta property=\"article:published_time\" content=\"2021-03-05T11:33:25+00:00\" \/>\n<meta property=\"article:modified_time\" content=\"2021-03-09T16:41:44+00:00\" \/>\n<meta property=\"og:image\" content=\"https:\/\/www.krafthand.de\/truck\/wp-content\/uploads\/2021\/03\/Josef_Warmeling_Koegel.jpg\" \/>\n\t<meta property=\"og:image:width\" content=\"1000\" \/>\n\t<meta property=\"og:image:height\" content=\"740\" \/>\n\t<meta property=\"og:image:type\" content=\"image\/jpeg\" \/>\n<meta name=\"author\" content=\"georg.blenk@krafthand-medien.de\" \/>\n<meta name=\"twitter:card\" content=\"summary_large_image\" \/>\n<meta name=\"twitter:label1\" content=\"Verfasst von\" \/>\n\t<meta name=\"twitter:data1\" content=\"georg.blenk@krafthand-medien.de\" \/>\n\t<meta name=\"twitter:label2\" content=\"Gesch\u00e4tzte Lesezeit\" \/>\n\t<meta name=\"twitter:data2\" content=\"1\u00a0Minute\" \/>\n<script type=\"application\/ld+json\" class=\"yoast-schema-graph\">{\"@context\":\"https:\\\/\\\/schema.org\",\"@graph\":[{\"@type\":\"Article\",\"@id\":\"https:\\\/\\\/www.krafthand.de\\\/truck\\\/artikel\\\/josef-warmeling-verlaesst-koegel-26579\\\/#article\",\"isPartOf\":{\"@id\":\"https:\\\/\\\/www.krafthand.de\\\/truck\\\/artikel\\\/josef-warmeling-verlaesst-koegel-26579\\\/\"},\"author\":{\"name\":\"georg.blenk@krafthand-medien.de\",\"@id\":\"https:\\\/\\\/www.krafthand.de\\\/truck\\\/#\\\/schema\\\/person\\\/51fa80b1c57034c4bf63f9f988fc24ce\"},\"headline\":\"Josef Warmeling verl\u00e4sst K\u00f6gel\",\"datePublished\":\"2021-03-05T11:33:25+00:00\",\"dateModified\":\"2021-03-09T16:41:44+00:00\",\"mainEntityOfPage\":{\"@id\":\"https:\\\/\\\/www.krafthand.de\\\/truck\\\/artikel\\\/josef-warmeling-verlaesst-koegel-26579\\\/\"},\"wordCount\":166,\"image\":{\"@id\":\"https:\\\/\\\/www.krafthand.de\\\/truck\\\/artikel\\\/josef-warmeling-verlaesst-koegel-26579\\\/#primaryimage\"},\"thumbnailUrl\":\"https:\\\/\\\/static.krafthand-truck.de\\\/uploads\\\/2021\\\/03\\\/Josef_Warmeling_Koegel.jpg\",\"keywords\":[\"Josef Warmeling\",\"K\u00f6gel\",\"Trailer\"],\"articleSection\":[\"K\u00f6pfe\\\/Personen\",\"Unternehmen\"],\"inLanguage\":\"de\"},{\"@type\":\"WebPage\",\"@id\":\"https:\\\/\\\/www.krafthand.de\\\/truck\\\/artikel\\\/josef-warmeling-verlaesst-koegel-26579\\\/\",\"url\":\"https:\\\/\\\/www.krafthand.de\\\/truck\\\/artikel\\\/josef-warmeling-verlaesst-koegel-26579\\\/\",\"name\":\"Josef Warmeling verl\u00e4sst K\u00f6gel - Krafthand-Truck\",\"isPartOf\":{\"@id\":\"https:\\\/\\\/www.krafthand.de\\\/truck\\\/#website\"},\"primaryImageOfPage\":{\"@id\":\"https:\\\/\\\/www.krafthand.de\\\/truck\\\/artikel\\\/josef-warmeling-verlaesst-koegel-26579\\\/#primaryimage\"},\"image\":{\"@id\":\"https:\\\/\\\/www.krafthand.de\\\/truck\\\/artikel\\\/josef-warmeling-verlaesst-koegel-26579\\\/#primaryimage\"},\"thumbnailUrl\":\"https:\\\/\\\/static.krafthand-truck.de\\\/uploads\\\/2021\\\/03\\\/Josef_Warmeling_Koegel.jpg\",\"datePublished\":\"2021-03-05T11:33:25+00:00\",\"dateModified\":\"2021-03-09T16:41:44+00:00\",\"author\":{\"@id\":\"https:\\\/\\\/www.krafthand.de\\\/truck\\\/#\\\/schema\\\/person\\\/51fa80b1c57034c4bf63f9f988fc24ce\"},\"breadcrumb\":{\"@id\":\"https:\\\/\\\/www.krafthand.de\\\/truck\\\/artikel\\\/josef-warmeling-verlaesst-koegel-26579\\\/#breadcrumb\"},\"inLanguage\":\"de\",\"potentialAction\":[{\"@type\":\"ReadAction\",\"target\":[\"https:\\\/\\\/www.krafthand.de\\\/truck\\\/artikel\\\/josef-warmeling-verlaesst-koegel-26579\\\/\"]}]},{\"@type\":\"ImageObject\",\"inLanguage\":\"de\",\"@id\":\"https:\\\/\\\/www.krafthand.de\\\/truck\\\/artikel\\\/josef-warmeling-verlaesst-koegel-26579\\\/#primaryimage\",\"url\":\"https:\\\/\\\/static.krafthand-truck.de\\\/uploads\\\/2021\\\/03\\\/Josef_Warmeling_Koegel.jpg\",\"contentUrl\":\"https:\\\/\\\/static.krafthand-truck.de\\\/uploads\\\/2021\\\/03\\\/Josef_Warmeling_Koegel.jpg\",\"width\":1000,\"height\":740},{\"@type\":\"BreadcrumbList\",\"@id\":\"https:\\\/\\\/www.krafthand.de\\\/truck\\\/artikel\\\/josef-warmeling-verlaesst-koegel-26579\\\/#breadcrumb\",\"itemListElement\":[{\"@type\":\"ListItem\",\"position\":1,\"name\":\"Krafthand-Truck\",\"item\":\"https:\\\/\\\/www.krafthand.de\\\/truck\\\/\"},{\"@type\":\"ListItem\",\"position\":2,\"name\":\"Nfz-Branche\",\"item\":\"https:\\\/\\\/www.krafthand.de\\\/truck\\\/kategorie\\\/branche\\\/\"},{\"@type\":\"ListItem\",\"position\":3,\"name\":\"K\u00f6pfe\\\/Personen\",\"item\":\"https:\\\/\\\/www.krafthand.de\\\/truck\\\/kategorie\\\/branche\\\/koepfe\\\/\"},{\"@type\":\"ListItem\",\"position\":4,\"name\":\"Josef Warmeling verl\u00e4sst K\u00f6gel\"}]},{\"@type\":\"WebSite\",\"@id\":\"https:\\\/\\\/www.krafthand.de\\\/truck\\\/#website\",\"url\":\"https:\\\/\\\/www.krafthand.de\\\/truck\\\/\",\"name\":\"Krafthand-Truck\",\"description\":\"\",\"potentialAction\":[{\"@type\":\"SearchAction\",\"target\":{\"@type\":\"EntryPoint\",\"urlTemplate\":\"https:\\\/\\\/www.krafthand.de\\\/truck\\\/?s={search_term_string}\"},\"query-input\":{\"@type\":\"PropertyValueSpecification\",\"valueRequired\":true,\"valueName\":\"search_term_string\"}}],\"inLanguage\":\"de\"},{\"@type\":\"Person\",\"@id\":\"https:\\\/\\\/www.krafthand.de\\\/truck\\\/#\\\/schema\\\/person\\\/51fa80b1c57034c4bf63f9f988fc24ce\",\"name\":\"georg.blenk@krafthand-medien.de\",\"image\":{\"@type\":\"ImageObject\",\"inLanguage\":\"de\",\"@id\":\"https:\\\/\\\/secure.gravatar.com\\\/avatar\\\/93713c30affe0aa95d3a4130e499bb1abee2eb31adbdd9ce2aa1543538490215?s=96&d=mm&r=g\",\"url\":\"https:\\\/\\\/secure.gravatar.com\\\/avatar\\\/93713c30affe0aa95d3a4130e499bb1abee2eb31adbdd9ce2aa1543538490215?s=96&d=mm&r=g\",\"contentUrl\":\"https:\\\/\\\/secure.gravatar.com\\\/avatar\\\/93713c30affe0aa95d3a4130e499bb1abee2eb31adbdd9ce2aa1543538490215?s=96&d=mm&r=g\",\"caption\":\"georg.blenk@krafthand-medien.de\"}}]}<\/script>\n<!-- \/ Yoast SEO plugin. -->","yoast_head_json":{"title":"Josef Warmeling verl\u00e4sst K\u00f6gel - Krafthand-Truck","robots":{"index":"index","follow":"follow","max-snippet":"max-snippet:-1","max-image-preview":"max-image-preview:large","max-video-preview":"max-video-preview:-1"},"canonical":"https:\/\/www.krafthand.de\/truck\/artikel\/josef-warmeling-verlaesst-koegel-26579\/","og_locale":"de_DE","og_type":"article","og_title":"Josef Warmeling verl\u00e4sst K\u00f6gel - Krafthand-Truck","og_description":"Josef Warmeling, Gesch\u00e4ftsf\u00fchrer Vertrieb Nord- und Westeuropa, Gebrauchtfahrzeuge, Finance-Fullservice-Telematik, Marketing und Kommunikation, scheidet bei K\u00f6gel zum 31. M\u00e4rz 2021 aus. ... weiter","og_url":"https:\/\/www.krafthand-truck.de\/artikel\/josef-warmeling-verlaesst-koegel-26579\/","og_site_name":"Krafthand-Truck","article_published_time":"2021-03-05T11:33:25+00:00","article_modified_time":"2021-03-09T16:41:44+00:00","og_image":[{"width":1000,"height":740,"url":"https:\/\/www.krafthand.de\/truck\/wp-content\/uploads\/2021\/03\/Josef_Warmeling_Koegel.jpg","type":"image\/jpeg"}],"author":"georg.blenk@krafthand-medien.de","twitter_card":"summary_large_image","twitter_misc":{"Verfasst von":"georg.blenk@krafthand-medien.de","Gesch\u00e4tzte Lesezeit":"1\u00a0Minute"},"schema":{"@context":"https:\/\/schema.org","@graph":[{"@type":"Article","@id":"https:\/\/www.krafthand.de\/truck\/artikel\/josef-warmeling-verlaesst-koegel-26579\/#article","isPartOf":{"@id":"https:\/\/www.krafthand.de\/truck\/artikel\/josef-warmeling-verlaesst-koegel-26579\/"},"author":{"name":"georg.blenk@krafthand-medien.de","@id":"https:\/\/www.krafthand.de\/truck\/#\/schema\/person\/51fa80b1c57034c4bf63f9f988fc24ce"},"headline":"Josef Warmeling verl\u00e4sst K\u00f6gel","datePublished":"2021-03-05T11:33:25+00:00","dateModified":"2021-03-09T16:41:44+00:00","mainEntityOfPage":{"@id":"https:\/\/www.krafthand.de\/truck\/artikel\/josef-warmeling-verlaesst-koegel-26579\/"},"wordCount":166,"image":{"@id":"https:\/\/www.krafthand.de\/truck\/artikel\/josef-warmeling-verlaesst-koegel-26579\/#primaryimage"},"thumbnailUrl":"https:\/\/static.krafthand-truck.de\/uploads\/2021\/03\/Josef_Warmeling_Koegel.jpg","keywords":["Josef Warmeling","K\u00f6gel","Trailer"],"articleSection":["K\u00f6pfe\/Personen","Unternehmen"],"inLanguage":"de"},{"@type":"WebPage","@id":"https:\/\/www.krafthand.de\/truck\/artikel\/josef-warmeling-verlaesst-koegel-26579\/","url":"https:\/\/www.krafthand.de\/truck\/artikel\/josef-warmeling-verlaesst-koegel-26579\/","name":"Josef Warmeling verl\u00e4sst K\u00f6gel - Krafthand-Truck","isPartOf":{"@id":"https:\/\/www.krafthand.de\/truck\/#website"},"primaryImageOfPage":{"@id":"https:\/\/www.krafthand.de\/truck\/artikel\/josef-warmeling-verlaesst-koegel-26579\/#primaryimage"},"image":{"@id":"https:\/\/www.krafthand.de\/truck\/artikel\/josef-warmeling-verlaesst-koegel-26579\/#primaryimage"},"thumbnailUrl":"https:\/\/static.krafthand-truck.de\/uploads\/2021\/03\/Josef_Warmeling_Koegel.jpg","datePublished":"2021-03-05T11:33:25+00:00","dateModified":"2021-03-09T16:41:44+00:00","author":{"@id":"https:\/\/www.krafthand.de\/truck\/#\/schema\/person\/51fa80b1c57034c4bf63f9f988fc24ce"},"breadcrumb":{"@id":"https:\/\/www.krafthand.de\/truck\/artikel\/josef-warmeling-verlaesst-koegel-26579\/#breadcrumb"},"inLanguage":"de","potentialAction":[{"@type":"ReadAction","target":["https:\/\/www.krafthand.de\/truck\/artikel\/josef-warmeling-verlaesst-koegel-26579\/"]}]},{"@type":"ImageObject","inLanguage":"de","@id":"https:\/\/www.krafthand.de\/truck\/artikel\/josef-warmeling-verlaesst-koegel-26579\/#primaryimage","url":"https:\/\/static.krafthand-truck.de\/uploads\/2021\/03\/Josef_Warmeling_Koegel.jpg","contentUrl":"https:\/\/static.krafthand-truck.de\/uploads\/2021\/03\/Josef_Warmeling_Koegel.jpg","width":1000,"height":740},{"@type":"BreadcrumbList","@id":"https:\/\/www.krafthand.de\/truck\/artikel\/josef-warmeling-verlaesst-koegel-26579\/#breadcrumb","itemListElement":[{"@type":"ListItem","position":1,"name":"Krafthand-Truck","item":"https:\/\/www.krafthand.de\/truck\/"},{"@type":"ListItem","position":2,"name":"Nfz-Branche","item":"https:\/\/www.krafthand.de\/truck\/kategorie\/branche\/"},{"@type":"ListItem","position":3,"name":"K\u00f6pfe\/Personen","item":"https:\/\/www.krafthand.de\/truck\/kategorie\/branche\/koepfe\/"},{"@type":"ListItem","position":4,"name":"Josef Warmeling verl\u00e4sst K\u00f6gel"}]},{"@type":"WebSite","@id":"https:\/\/www.krafthand.de\/truck\/#website","url":"https:\/\/www.krafthand.de\/truck\/","name":"Krafthand-Truck","description":"","potentialAction":[{"@type":"SearchAction","target":{"@type":"EntryPoint","urlTemplate":"https:\/\/www.krafthand.de\/truck\/?s={search_term_string}"},"query-input":{"@type":"PropertyValueSpecification","valueRequired":true,"valueName":"search_term_string"}}],"inLanguage":"de"},{"@type":"Person","@id":"https:\/\/www.krafthand.de\/truck\/#\/schema\/person\/51fa80b1c57034c4bf63f9f988fc24ce","name":"georg.blenk@krafthand-medien.de","image":{"@type":"ImageObject","inLanguage":"de","@id":"https:\/\/secure.gravatar.com\/avatar\/93713c30affe0aa95d3a4130e499bb1abee2eb31adbdd9ce2aa1543538490215?s=96&d=mm&r=g","url":"https:\/\/secure.gravatar.com\/avatar\/93713c30affe0aa95d3a4130e499bb1abee2eb31adbdd9ce2aa1543538490215?s=96&d=mm&r=g","contentUrl":"https:\/\/secure.gravatar.com\/avatar\/93713c30affe0aa95d3a4130e499bb1abee2eb31adbdd9ce2aa1543538490215?s=96&d=mm&r=g","caption":"georg.blenk@krafthand-medien.de"}}]}},"_links":{"self":[{"href":"https:\/\/www.krafthand.de\/truck\/wp-json\/wp\/v2\/posts\/26579","targetHints":{"allow":["GET"]}}],"collection":[{"href":"https:\/\/www.krafthand.de\/truck\/wp-json\/wp\/v2\/posts"}],"about":[{"href":"https:\/\/www.krafthand.de\/truck\/wp-json\/wp\/v2\/types\/post"}],"author":[{"embeddable":true,"href":"https:\/\/www.krafthand.de\/truck\/wp-json\/wp\/v2\/users\/9"}],"replies":[{"embeddable":true,"href":"https:\/\/www.krafthand.de\/truck\/wp-json\/wp\/v2\/comments?post=26579"}],"version-history":[{"count":4,"href":"https:\/\/www.krafthand.de\/truck\/wp-json\/wp\/v2\/posts\/26579\/revisions"}],"predecessor-version":[{"id":26584,"href":"https:\/\/www.krafthand.de\/truck\/wp-json\/wp\/v2\/posts\/26579\/revisions\/26584"}],"wp:featuredmedia":[{"embeddable":true,"href":"https:\/\/www.krafthand.de\/truck\/wp-json\/wp\/v2\/media\/26581"}],"wp:attachment":[{"href":"https:\/\/www.krafthand.de\/truck\/wp-json\/wp\/v2\/media?parent=26579"}],"wp:term":[{"taxonomy":"category","embeddable":true,"href":"https:\/\/www.krafthand.de\/truck\/wp-json\/wp\/v2\/categories?post=26579"},{"taxonomy":"post_tag","embeddable":true,"href":"https:\/\/www.krafthand.de\/truck\/wp-json\/wp\/v2\/tags?post=26579"},{"taxonomy":"settings","embeddable":true,"href":"https:\/\/www.krafthand.de\/truck\/wp-json\/wp\/v2\/settings?post=26579"}],"curies":[{"name":"wp","href":"https:\/\/api.w.org\/{rel}","templated":true}]}}