{"id":26566,"date":"2021-03-04T10:23:02","date_gmt":"2021-03-04T09:23:02","guid":{"rendered":"https:\/\/www.krafthand.de\/truck\/?p=26566"},"modified":"2022-02-15T09:12:30","modified_gmt":"2022-02-15T08:12:30","slug":"mueller-transporte-setzt-auf-lng-lkw","status":"publish","type":"post","link":"https:\/\/www.krafthand.de\/truck\/artikel\/mueller-transporte-setzt-auf-lng-lkw-26566\/","title":{"rendered":"M\u00fcller-Transporte setzt auf LNG-Lkw"},"content":{"rendered":"<p>Das familiengef\u00fchrte Unternehmen M\u00fcller-Transporte aus dem \u00f6sterreichischen Wiener Neudorf erweitert seine Flotte erstmals um zwei Scania R 410 A4x2NA mit LNG-Antrieb (Liquid-Natural-Gas). Am 1. M\u00e4rz 2021 erhielt das Unternehmen zwei Scania Gas-Fahrzeuge.<\/p>\n<p>Das Thema Umweltschutz ist Fritz M\u00fcller, Gesch\u00e4ftsf\u00fchrer des familiengef\u00fchrten Transportunternehmens f\u00fcr temperaturgef\u00fchrte Ladungen seit jeher ein Anliegen. So wird das Hauptgeb\u00e4ude am Firmenstandort demn\u00e4chst auch mit einer Photovoltaikanlage ausgestattet. Im Nutzfahrzeugbereich h\u00e4tte sich vor allem der Fl\u00fcssiggas-Antrieb bew\u00e4hrt. Als Transportunternehmer m\u00f6chte M\u00fcller Transporte zuk\u00fcnftig nur noch <span class=\"Eq0J8 LrzXr kno-fv\">CO<sub>2<\/sub><\/span>-neutral durchzuf\u00fchren.<\/p>\n<blockquote><p>&#8222;Wir werden uns immer f\u00fcr das Produkt entscheiden, das f\u00fcr die Umwelt am besten ist. Bedauerlich ist, dass seitens des BMK (Bundesministerium f\u00fcr Klimaschutz, Umwelt, Energie, Mobilit\u00e4t, Innovation und Technologie) s\u00e4mtliche Bem\u00fchungen der Transporteure zur Reduzierung des <span class=\"Eq0J8 LrzXr kno-fv\">CO<sub>2-<\/sub><\/span>Aussto\u00dfes ignoriert werden. F\u00f6rderungen f\u00fcr entsprechende Fahrzeuge, wie sie zum Beispiel in Deutschland \u00fcblich sind, werden in \u00d6sterreich abgelehnt&#8220;, so\u00a0 Fritz M\u00fcller.<\/p><\/blockquote>\n<p>Tats\u00e4chlich sind beispielsweise Lkw mit Gasantrieb in Deutschland bis 2023 von der Lkw-Maut befreit.<\/p>\n<blockquote><p>&#8222;Unsere LNG-Lkw sind verf\u00fcgbar, die <span class=\"Eq0J8 LrzXr kno-fv\">CO<sub>2<\/sub><\/span>-Emissionen werden ab dem ersten Einsatztag reduziert\u201c, so Manfred Streit, Direktor Scania \u00d6sterreich. &#8222;Die LNG-Fahrzeuge \u00fcberzeugen aber nicht nur durch die bessere Umweltbilanz, sondern auch durch die optimierten Kosten im Vergleich zu Diesel-Lkw. Sie eignen sich vorzugsweise f\u00fcr Langstrecken-Fahrten.\u201c<\/p><\/blockquote>\n<p>Das Unternehmen M\u00fcller Transporte legt laut Scania nicht nur Wert auf den Antrieb und die Umweltfreundlichkeit seiner Flotte, sondern auch auf die Ausstattung der Fahrzeuge. Die zwei Scania R 410 sind mit Retarder, Standklimaanlage und zahlreichen Sicherheitsfeatures, wie Abbiegeassistent, Spurhalteassistent, Notbremsassistent und vorausschauender Geschwindigkeitsregelanlage, ausgestattet. Dar\u00fcber hinaus besteht auch f\u00fcr diese beiden Gas-Lkw ein Scania Reparatur- und Wartungsvertrag.<\/p>\n","protected":false},"excerpt":{"rendered":"<p>M\u00fcller-Transporte aus dem \u00f6sterreichischen Wiener Neudorf erweitert seine Flotte  um zwei Scania R 410 A4x2NA mit LNG-Antrieb. <span class=\"excerpt-more__dots\">&#8230;<\/span> <a class=\"excerpt-more__link\" href=\"https:\/\/www.krafthand.de\/truck\/artikel\/mueller-transporte-setzt-auf-lng-lkw-26566\/\" >weiter<\/a><\/p>\n","protected":false},"author":9,"featured_media":26570,"comment_status":"closed","ping_status":"closed","sticky":false,"template":"","format":"standard","meta":{"footnotes":""},"categories":[4913,4235],"tags":[3173,4210,1422,4211,136],"settings":[3523],"class_list":["post-26566","post","type-post","status-publish","format-standard","has-post-thumbnail","hentry","category-alternative-kraftstoffe","category-unternehmen","tag-lng","tag-mueller-transporte","tag-oesterreich","tag-r410","tag-scania"],"yoast_head":"<!-- This site is optimized with the Yoast SEO plugin v27.3 - https:\/\/yoast.com\/product\/yoast-seo-wordpress\/ -->\n<title>M\u00fcller-Transporte setzt auf LNG-Lkw - Krafthand-Truck<\/title>\n<meta name=\"robots\" content=\"index, follow, max-snippet:-1, max-image-preview:large, max-video-preview:-1\" \/>\n<link rel=\"canonical\" href=\"https:\/\/www.krafthand.de\/truck\/artikel\/mueller-transporte-setzt-auf-lng-lkw-26566\/\" \/>\n<meta property=\"og:locale\" content=\"de_DE\" \/>\n<meta property=\"og:type\" content=\"article\" \/>\n<meta property=\"og:title\" content=\"M\u00fcller-Transporte setzt auf LNG-Lkw - Krafthand-Truck\" \/>\n<meta property=\"og:description\" content=\"M\u00fcller-Transporte aus dem \u00f6sterreichischen Wiener Neudorf erweitert seine Flotte um zwei Scania R 410 A4x2NA mit LNG-Antrieb. ... weiter\" \/>\n<meta property=\"og:url\" content=\"https:\/\/www.krafthand-truck.de\/artikel\/mueller-transporte-setzt-auf-lng-lkw-26566\/\" \/>\n<meta property=\"og:site_name\" content=\"Krafthand-Truck\" \/>\n<meta property=\"article:published_time\" content=\"2021-03-04T09:23:02+00:00\" \/>\n<meta property=\"article:modified_time\" content=\"2022-02-15T08:12:30+00:00\" \/>\n<meta property=\"og:image\" content=\"https:\/\/static.krafthand-truck.de\/uploads\/2021\/03\/Elsnigg_Mueller_Peter_Cania_LNG_Oesterreich_Mueller_Transporte.jpg\" \/>\n\t<meta property=\"og:image:width\" content=\"1200\" \/>\n\t<meta property=\"og:image:height\" content=\"776\" \/>\n\t<meta property=\"og:image:type\" content=\"image\/jpeg\" \/>\n<meta name=\"author\" content=\"georg.blenk@krafthand-medien.de\" \/>\n<meta name=\"twitter:card\" content=\"summary_large_image\" \/>\n<meta name=\"twitter:label1\" content=\"Verfasst von\" \/>\n\t<meta name=\"twitter:data1\" content=\"georg.blenk@krafthand-medien.de\" \/>\n\t<meta name=\"twitter:label2\" content=\"Gesch\u00e4tzte Lesezeit\" \/>\n\t<meta name=\"twitter:data2\" content=\"2\u00a0Minuten\" \/>\n<script type=\"application\/ld+json\" class=\"yoast-schema-graph\">{\"@context\":\"https:\\\/\\\/schema.org\",\"@graph\":[{\"@type\":\"Article\",\"@id\":\"https:\\\/\\\/www.krafthand.de\\\/truck\\\/artikel\\\/mueller-transporte-setzt-auf-lng-lkw-26566\\\/#article\",\"isPartOf\":{\"@id\":\"https:\\\/\\\/www.krafthand.de\\\/truck\\\/artikel\\\/mueller-transporte-setzt-auf-lng-lkw-26566\\\/\"},\"author\":{\"name\":\"georg.blenk@krafthand-medien.de\",\"@id\":\"https:\\\/\\\/www.krafthand.de\\\/truck\\\/#\\\/schema\\\/person\\\/51fa80b1c57034c4bf63f9f988fc24ce\"},\"headline\":\"M\u00fcller-Transporte setzt auf LNG-Lkw\",\"datePublished\":\"2021-03-04T09:23:02+00:00\",\"dateModified\":\"2022-02-15T08:12:30+00:00\",\"mainEntityOfPage\":{\"@id\":\"https:\\\/\\\/www.krafthand.de\\\/truck\\\/artikel\\\/mueller-transporte-setzt-auf-lng-lkw-26566\\\/\"},\"wordCount\":295,\"image\":{\"@id\":\"https:\\\/\\\/www.krafthand.de\\\/truck\\\/artikel\\\/mueller-transporte-setzt-auf-lng-lkw-26566\\\/#primaryimage\"},\"thumbnailUrl\":\"https:\\\/\\\/static.krafthand-truck.de\\\/uploads\\\/2021\\\/03\\\/Elsnigg_Mueller_Peter_Cania_LNG_Oesterreich_Mueller_Transporte.jpg\",\"keywords\":[\"LNG\",\"M\u00fcller-Transporte\",\"\u00d6sterreich\",\"R410\",\"Scania\"],\"articleSection\":[\"Alternative Kraftstoffe\",\"Unternehmen\"],\"inLanguage\":\"de\"},{\"@type\":\"WebPage\",\"@id\":\"https:\\\/\\\/www.krafthand.de\\\/truck\\\/artikel\\\/mueller-transporte-setzt-auf-lng-lkw-26566\\\/\",\"url\":\"https:\\\/\\\/www.krafthand.de\\\/truck\\\/artikel\\\/mueller-transporte-setzt-auf-lng-lkw-26566\\\/\",\"name\":\"M\u00fcller-Transporte setzt auf LNG-Lkw - Krafthand-Truck\",\"isPartOf\":{\"@id\":\"https:\\\/\\\/www.krafthand.de\\\/truck\\\/#website\"},\"primaryImageOfPage\":{\"@id\":\"https:\\\/\\\/www.krafthand.de\\\/truck\\\/artikel\\\/mueller-transporte-setzt-auf-lng-lkw-26566\\\/#primaryimage\"},\"image\":{\"@id\":\"https:\\\/\\\/www.krafthand.de\\\/truck\\\/artikel\\\/mueller-transporte-setzt-auf-lng-lkw-26566\\\/#primaryimage\"},\"thumbnailUrl\":\"https:\\\/\\\/static.krafthand-truck.de\\\/uploads\\\/2021\\\/03\\\/Elsnigg_Mueller_Peter_Cania_LNG_Oesterreich_Mueller_Transporte.jpg\",\"datePublished\":\"2021-03-04T09:23:02+00:00\",\"dateModified\":\"2022-02-15T08:12:30+00:00\",\"author\":{\"@id\":\"https:\\\/\\\/www.krafthand.de\\\/truck\\\/#\\\/schema\\\/person\\\/51fa80b1c57034c4bf63f9f988fc24ce\"},\"breadcrumb\":{\"@id\":\"https:\\\/\\\/www.krafthand.de\\\/truck\\\/artikel\\\/mueller-transporte-setzt-auf-lng-lkw-26566\\\/#breadcrumb\"},\"inLanguage\":\"de\",\"potentialAction\":[{\"@type\":\"ReadAction\",\"target\":[\"https:\\\/\\\/www.krafthand.de\\\/truck\\\/artikel\\\/mueller-transporte-setzt-auf-lng-lkw-26566\\\/\"]}]},{\"@type\":\"ImageObject\",\"inLanguage\":\"de\",\"@id\":\"https:\\\/\\\/www.krafthand.de\\\/truck\\\/artikel\\\/mueller-transporte-setzt-auf-lng-lkw-26566\\\/#primaryimage\",\"url\":\"https:\\\/\\\/static.krafthand-truck.de\\\/uploads\\\/2021\\\/03\\\/Elsnigg_Mueller_Peter_Cania_LNG_Oesterreich_Mueller_Transporte.jpg\",\"contentUrl\":\"https:\\\/\\\/static.krafthand-truck.de\\\/uploads\\\/2021\\\/03\\\/Elsnigg_Mueller_Peter_Cania_LNG_Oesterreich_Mueller_Transporte.jpg\",\"width\":1200,\"height\":776,\"caption\":\"Scania, LNG, M\u00fcller-Transporte\"},{\"@type\":\"BreadcrumbList\",\"@id\":\"https:\\\/\\\/www.krafthand.de\\\/truck\\\/artikel\\\/mueller-transporte-setzt-auf-lng-lkw-26566\\\/#breadcrumb\",\"itemListElement\":[{\"@type\":\"ListItem\",\"position\":1,\"name\":\"Krafthand-Truck\",\"item\":\"https:\\\/\\\/www.krafthand.de\\\/truck\\\/\"},{\"@type\":\"ListItem\",\"position\":2,\"name\":\"Nfz-Branche\",\"item\":\"https:\\\/\\\/www.krafthand.de\\\/truck\\\/kategorie\\\/branche\\\/\"},{\"@type\":\"ListItem\",\"position\":3,\"name\":\"Unternehmen\",\"item\":\"https:\\\/\\\/www.krafthand.de\\\/truck\\\/kategorie\\\/branche\\\/unternehmen\\\/\"},{\"@type\":\"ListItem\",\"position\":4,\"name\":\"M\u00fcller-Transporte setzt auf LNG-Lkw\"}]},{\"@type\":\"WebSite\",\"@id\":\"https:\\\/\\\/www.krafthand.de\\\/truck\\\/#website\",\"url\":\"https:\\\/\\\/www.krafthand.de\\\/truck\\\/\",\"name\":\"Krafthand-Truck\",\"description\":\"\",\"potentialAction\":[{\"@type\":\"SearchAction\",\"target\":{\"@type\":\"EntryPoint\",\"urlTemplate\":\"https:\\\/\\\/www.krafthand.de\\\/truck\\\/?s={search_term_string}\"},\"query-input\":{\"@type\":\"PropertyValueSpecification\",\"valueRequired\":true,\"valueName\":\"search_term_string\"}}],\"inLanguage\":\"de\"},{\"@type\":\"Person\",\"@id\":\"https:\\\/\\\/www.krafthand.de\\\/truck\\\/#\\\/schema\\\/person\\\/51fa80b1c57034c4bf63f9f988fc24ce\",\"name\":\"georg.blenk@krafthand-medien.de\",\"image\":{\"@type\":\"ImageObject\",\"inLanguage\":\"de\",\"@id\":\"https:\\\/\\\/secure.gravatar.com\\\/avatar\\\/93713c30affe0aa95d3a4130e499bb1abee2eb31adbdd9ce2aa1543538490215?s=96&d=mm&r=g\",\"url\":\"https:\\\/\\\/secure.gravatar.com\\\/avatar\\\/93713c30affe0aa95d3a4130e499bb1abee2eb31adbdd9ce2aa1543538490215?s=96&d=mm&r=g\",\"contentUrl\":\"https:\\\/\\\/secure.gravatar.com\\\/avatar\\\/93713c30affe0aa95d3a4130e499bb1abee2eb31adbdd9ce2aa1543538490215?s=96&d=mm&r=g\",\"caption\":\"georg.blenk@krafthand-medien.de\"}}]}<\/script>\n<!-- \/ Yoast SEO plugin. -->","yoast_head_json":{"title":"M\u00fcller-Transporte setzt auf LNG-Lkw - Krafthand-Truck","robots":{"index":"index","follow":"follow","max-snippet":"max-snippet:-1","max-image-preview":"max-image-preview:large","max-video-preview":"max-video-preview:-1"},"canonical":"https:\/\/www.krafthand.de\/truck\/artikel\/mueller-transporte-setzt-auf-lng-lkw-26566\/","og_locale":"de_DE","og_type":"article","og_title":"M\u00fcller-Transporte setzt auf LNG-Lkw - Krafthand-Truck","og_description":"M\u00fcller-Transporte aus dem \u00f6sterreichischen Wiener Neudorf erweitert seine Flotte um zwei Scania R 410 A4x2NA mit LNG-Antrieb. ... weiter","og_url":"https:\/\/www.krafthand-truck.de\/artikel\/mueller-transporte-setzt-auf-lng-lkw-26566\/","og_site_name":"Krafthand-Truck","article_published_time":"2021-03-04T09:23:02+00:00","article_modified_time":"2022-02-15T08:12:30+00:00","og_image":[{"width":1200,"height":776,"url":"https:\/\/static.krafthand-truck.de\/uploads\/2021\/03\/Elsnigg_Mueller_Peter_Cania_LNG_Oesterreich_Mueller_Transporte.jpg","type":"image\/jpeg"}],"author":"georg.blenk@krafthand-medien.de","twitter_card":"summary_large_image","twitter_misc":{"Verfasst von":"georg.blenk@krafthand-medien.de","Gesch\u00e4tzte Lesezeit":"2\u00a0Minuten"},"schema":{"@context":"https:\/\/schema.org","@graph":[{"@type":"Article","@id":"https:\/\/www.krafthand.de\/truck\/artikel\/mueller-transporte-setzt-auf-lng-lkw-26566\/#article","isPartOf":{"@id":"https:\/\/www.krafthand.de\/truck\/artikel\/mueller-transporte-setzt-auf-lng-lkw-26566\/"},"author":{"name":"georg.blenk@krafthand-medien.de","@id":"https:\/\/www.krafthand.de\/truck\/#\/schema\/person\/51fa80b1c57034c4bf63f9f988fc24ce"},"headline":"M\u00fcller-Transporte setzt auf LNG-Lkw","datePublished":"2021-03-04T09:23:02+00:00","dateModified":"2022-02-15T08:12:30+00:00","mainEntityOfPage":{"@id":"https:\/\/www.krafthand.de\/truck\/artikel\/mueller-transporte-setzt-auf-lng-lkw-26566\/"},"wordCount":295,"image":{"@id":"https:\/\/www.krafthand.de\/truck\/artikel\/mueller-transporte-setzt-auf-lng-lkw-26566\/#primaryimage"},"thumbnailUrl":"https:\/\/static.krafthand-truck.de\/uploads\/2021\/03\/Elsnigg_Mueller_Peter_Cania_LNG_Oesterreich_Mueller_Transporte.jpg","keywords":["LNG","M\u00fcller-Transporte","\u00d6sterreich","R410","Scania"],"articleSection":["Alternative Kraftstoffe","Unternehmen"],"inLanguage":"de"},{"@type":"WebPage","@id":"https:\/\/www.krafthand.de\/truck\/artikel\/mueller-transporte-setzt-auf-lng-lkw-26566\/","url":"https:\/\/www.krafthand.de\/truck\/artikel\/mueller-transporte-setzt-auf-lng-lkw-26566\/","name":"M\u00fcller-Transporte setzt auf LNG-Lkw - Krafthand-Truck","isPartOf":{"@id":"https:\/\/www.krafthand.de\/truck\/#website"},"primaryImageOfPage":{"@id":"https:\/\/www.krafthand.de\/truck\/artikel\/mueller-transporte-setzt-auf-lng-lkw-26566\/#primaryimage"},"image":{"@id":"https:\/\/www.krafthand.de\/truck\/artikel\/mueller-transporte-setzt-auf-lng-lkw-26566\/#primaryimage"},"thumbnailUrl":"https:\/\/static.krafthand-truck.de\/uploads\/2021\/03\/Elsnigg_Mueller_Peter_Cania_LNG_Oesterreich_Mueller_Transporte.jpg","datePublished":"2021-03-04T09:23:02+00:00","dateModified":"2022-02-15T08:12:30+00:00","author":{"@id":"https:\/\/www.krafthand.de\/truck\/#\/schema\/person\/51fa80b1c57034c4bf63f9f988fc24ce"},"breadcrumb":{"@id":"https:\/\/www.krafthand.de\/truck\/artikel\/mueller-transporte-setzt-auf-lng-lkw-26566\/#breadcrumb"},"inLanguage":"de","potentialAction":[{"@type":"ReadAction","target":["https:\/\/www.krafthand.de\/truck\/artikel\/mueller-transporte-setzt-auf-lng-lkw-26566\/"]}]},{"@type":"ImageObject","inLanguage":"de","@id":"https:\/\/www.krafthand.de\/truck\/artikel\/mueller-transporte-setzt-auf-lng-lkw-26566\/#primaryimage","url":"https:\/\/static.krafthand-truck.de\/uploads\/2021\/03\/Elsnigg_Mueller_Peter_Cania_LNG_Oesterreich_Mueller_Transporte.jpg","contentUrl":"https:\/\/static.krafthand-truck.de\/uploads\/2021\/03\/Elsnigg_Mueller_Peter_Cania_LNG_Oesterreich_Mueller_Transporte.jpg","width":1200,"height":776,"caption":"Scania, LNG, M\u00fcller-Transporte"},{"@type":"BreadcrumbList","@id":"https:\/\/www.krafthand.de\/truck\/artikel\/mueller-transporte-setzt-auf-lng-lkw-26566\/#breadcrumb","itemListElement":[{"@type":"ListItem","position":1,"name":"Krafthand-Truck","item":"https:\/\/www.krafthand.de\/truck\/"},{"@type":"ListItem","position":2,"name":"Nfz-Branche","item":"https:\/\/www.krafthand.de\/truck\/kategorie\/branche\/"},{"@type":"ListItem","position":3,"name":"Unternehmen","item":"https:\/\/www.krafthand.de\/truck\/kategorie\/branche\/unternehmen\/"},{"@type":"ListItem","position":4,"name":"M\u00fcller-Transporte setzt auf LNG-Lkw"}]},{"@type":"WebSite","@id":"https:\/\/www.krafthand.de\/truck\/#website","url":"https:\/\/www.krafthand.de\/truck\/","name":"Krafthand-Truck","description":"","potentialAction":[{"@type":"SearchAction","target":{"@type":"EntryPoint","urlTemplate":"https:\/\/www.krafthand.de\/truck\/?s={search_term_string}"},"query-input":{"@type":"PropertyValueSpecification","valueRequired":true,"valueName":"search_term_string"}}],"inLanguage":"de"},{"@type":"Person","@id":"https:\/\/www.krafthand.de\/truck\/#\/schema\/person\/51fa80b1c57034c4bf63f9f988fc24ce","name":"georg.blenk@krafthand-medien.de","image":{"@type":"ImageObject","inLanguage":"de","@id":"https:\/\/secure.gravatar.com\/avatar\/93713c30affe0aa95d3a4130e499bb1abee2eb31adbdd9ce2aa1543538490215?s=96&d=mm&r=g","url":"https:\/\/secure.gravatar.com\/avatar\/93713c30affe0aa95d3a4130e499bb1abee2eb31adbdd9ce2aa1543538490215?s=96&d=mm&r=g","contentUrl":"https:\/\/secure.gravatar.com\/avatar\/93713c30affe0aa95d3a4130e499bb1abee2eb31adbdd9ce2aa1543538490215?s=96&d=mm&r=g","caption":"georg.blenk@krafthand-medien.de"}}]}},"_links":{"self":[{"href":"https:\/\/www.krafthand.de\/truck\/wp-json\/wp\/v2\/posts\/26566","targetHints":{"allow":["GET"]}}],"collection":[{"href":"https:\/\/www.krafthand.de\/truck\/wp-json\/wp\/v2\/posts"}],"about":[{"href":"https:\/\/www.krafthand.de\/truck\/wp-json\/wp\/v2\/types\/post"}],"author":[{"embeddable":true,"href":"https:\/\/www.krafthand.de\/truck\/wp-json\/wp\/v2\/users\/9"}],"replies":[{"embeddable":true,"href":"https:\/\/www.krafthand.de\/truck\/wp-json\/wp\/v2\/comments?post=26566"}],"version-history":[{"count":10,"href":"https:\/\/www.krafthand.de\/truck\/wp-json\/wp\/v2\/posts\/26566\/revisions"}],"predecessor-version":[{"id":26577,"href":"https:\/\/www.krafthand.de\/truck\/wp-json\/wp\/v2\/posts\/26566\/revisions\/26577"}],"wp:featuredmedia":[{"embeddable":true,"href":"https:\/\/www.krafthand.de\/truck\/wp-json\/wp\/v2\/media\/26570"}],"wp:attachment":[{"href":"https:\/\/www.krafthand.de\/truck\/wp-json\/wp\/v2\/media?parent=26566"}],"wp:term":[{"taxonomy":"category","embeddable":true,"href":"https:\/\/www.krafthand.de\/truck\/wp-json\/wp\/v2\/categories?post=26566"},{"taxonomy":"post_tag","embeddable":true,"href":"https:\/\/www.krafthand.de\/truck\/wp-json\/wp\/v2\/tags?post=26566"},{"taxonomy":"settings","embeddable":true,"href":"https:\/\/www.krafthand.de\/truck\/wp-json\/wp\/v2\/settings?post=26566"}],"curies":[{"name":"wp","href":"https:\/\/api.w.org\/{rel}","templated":true}]}}