{"id":26562,"date":"2021-03-03T10:42:59","date_gmt":"2021-03-03T09:42:59","guid":{"rendered":"https:\/\/www.krafthand.de\/truck\/?p=26562"},"modified":"2021-03-30T07:59:35","modified_gmt":"2021-03-30T05:59:35","slug":"brennstoffzelle-daimler-und-volvo-gruenden-joint-venture","status":"publish","type":"post","link":"https:\/\/www.krafthand.de\/truck\/artikel\/brennstoffzelle-daimler-und-volvo-gruenden-joint-venture-26562\/","title":{"rendered":"Brennstoffzelle: Daimler und Volvo gr\u00fcnden Joint-Venture"},"content":{"rendered":"<p class=\"11SubheadCxSpFirst\">Die Daimler Truck AG und die Volvo Group haben am 1.3.2021 das angek\u00fcndigte Brennstoffzellen-Joint Venture gegr\u00fcndet. Die Volvo Group hat den Angaben zufolge hierf\u00fcr 50 Prozent der Anteile am bestehenden Unternehmen Daimler Truck Fuel Cell GmbH &amp; Co. KG f\u00fcr die Summe von etwa 0,6 Milliarden Euro auf einer barmittel- und schuldenfreien Basis erworben.<\/p>\n<p>Die Partner wollen laut Daimler das neue Joint Venture als einen weltweit f\u00fchrenden Hersteller von Brennstoffzellen etablieren und damit zu einem klimaneutralen und nachhaltigen Transport bis zum Jahr 2050 beitragen. Die Daimler Truck AG und die Volvo Group haben ferner die Umbenennung des Unternehmens in cellcentric GmbH &amp; Co. KG vereinbart.<\/p>\n<p class=\"11SubheadCxSpMiddle\">Das Joint Venture wird serienreife Brennstoffzellensysteme entwickeln, produzieren und vermarkten. Der Fokus liegt auf dem Einsatz in schweren Lkw, zus\u00e4tzlich sollen die Systeme auch f\u00fcr andere Anwendungen angeboten werden. Ein zentrales Ziel der Daimler Truck AG und der Volvo Group ist der Beginn der Kundenerprobung von Brennstoffzellen-Lkw in etwa drei Jahren. Die Unternehmen planen den Beginn der Serienproduktion f\u00fcr die zweite H\u00e4lfte des Jahrzehnts.<\/p>\n<p class=\"11SubheadCxSpMiddle\">Die Daimler Truck AG und die Volvo Group verf\u00fcgen \u00fcber gleiche Anteile am Brennstoffzellen-Joint Venture. Die Unternehmen bleiben in allen anderen Gesch\u00e4ftsfeldern wie der Fahrzeugtechnologie oder der Fahrzeugintegration von Brennstoffzellen weiterhin Wettbewerber.<\/p>\n<p class=\"11SubheadCxSpLast\">Die Volvo Group und die Daimler Truck AG hatten im November 2020 eine verbindliche Vereinbarung zur Gr\u00fcndung des Joint Ventures geschlossen. Eine vorl\u00e4ufige, nicht bindende Vereinbarung wurde bereits im April 2020 unterzeichnet.<\/p>\n","protected":false},"excerpt":{"rendered":"<p>Die Daimler Truck AG und die Volvo Group haben  das angek\u00fcndigte Brennstoffzellen-Joint Venture gegr\u00fcndet. Kundenerprobung von Brennstoffzellen-Lkw in etwa drei Jahren geplant. <span class=\"excerpt-more__dots\">&#8230;<\/span> <a class=\"excerpt-more__link\" href=\"https:\/\/www.krafthand.de\/truck\/artikel\/brennstoffzelle-daimler-und-volvo-gruenden-joint-venture-26562\/\" >weiter<\/a><\/p>\n","protected":false},"author":9,"featured_media":26563,"comment_status":"closed","ping_status":"closed","sticky":false,"template":"","format":"standard","meta":{"footnotes":""},"categories":[4224,4235],"tags":[4209,1040,3624,752],"settings":[],"class_list":["post-26562","post","type-post","status-publish","format-standard","has-post-thumbnail","hentry","category-e-antrieb","category-unternehmen","tag-brennstoffzelle","tag-daimler","tag-mercedes","tag-volvo"],"yoast_head":"<!-- This site is optimized with the Yoast SEO plugin v27.3 - https:\/\/yoast.com\/product\/yoast-seo-wordpress\/ -->\n<title>Brennstoffzelle: Daimler und Volvo gr\u00fcnden Joint-Venture - Krafthand-Truck<\/title>\n<meta name=\"robots\" content=\"index, follow, max-snippet:-1, max-image-preview:large, max-video-preview:-1\" \/>\n<link rel=\"canonical\" href=\"https:\/\/www.krafthand.de\/truck\/artikel\/brennstoffzelle-daimler-und-volvo-gruenden-joint-venture-26562\/\" \/>\n<meta property=\"og:locale\" content=\"de_DE\" \/>\n<meta property=\"og:type\" content=\"article\" \/>\n<meta property=\"og:title\" content=\"Brennstoffzelle: Daimler und Volvo gr\u00fcnden Joint-Venture - Krafthand-Truck\" \/>\n<meta property=\"og:description\" content=\"Die Daimler Truck AG und die Volvo Group haben das angek\u00fcndigte Brennstoffzellen-Joint Venture gegr\u00fcndet. Kundenerprobung von Brennstoffzellen-Lkw in etwa drei Jahren geplant. ... weiter\" \/>\n<meta property=\"og:url\" content=\"https:\/\/www.krafthand-truck.de\/artikel\/brennstoffzelle-daimler-und-volvo-gruenden-joint-venture-26562\/\" \/>\n<meta property=\"og:site_name\" content=\"Krafthand-Truck\" \/>\n<meta property=\"article:published_time\" content=\"2021-03-03T09:42:59+00:00\" \/>\n<meta property=\"article:modified_time\" content=\"2021-03-30T05:59:35+00:00\" \/>\n<meta property=\"og:image\" content=\"https:\/\/www.krafthand.de\/truck\/wp-content\/uploads\/2021\/03\/Mercedes-Benz_Volvo_Kooperation_Brennstoffzelle_21C0114_001.jpg\" \/>\n\t<meta property=\"og:image:width\" content=\"1024\" \/>\n\t<meta property=\"og:image:height\" content=\"576\" \/>\n\t<meta property=\"og:image:type\" content=\"image\/jpeg\" \/>\n<meta name=\"author\" content=\"georg.blenk@krafthand-medien.de\" \/>\n<meta name=\"twitter:card\" content=\"summary_large_image\" \/>\n<meta name=\"twitter:label1\" content=\"Verfasst von\" \/>\n\t<meta name=\"twitter:data1\" content=\"georg.blenk@krafthand-medien.de\" \/>\n\t<meta name=\"twitter:label2\" content=\"Gesch\u00e4tzte Lesezeit\" \/>\n\t<meta name=\"twitter:data2\" content=\"2\u00a0Minuten\" \/>\n<script type=\"application\/ld+json\" class=\"yoast-schema-graph\">{\"@context\":\"https:\\\/\\\/schema.org\",\"@graph\":[{\"@type\":\"Article\",\"@id\":\"https:\\\/\\\/www.krafthand.de\\\/truck\\\/artikel\\\/brennstoffzelle-daimler-und-volvo-gruenden-joint-venture-26562\\\/#article\",\"isPartOf\":{\"@id\":\"https:\\\/\\\/www.krafthand.de\\\/truck\\\/artikel\\\/brennstoffzelle-daimler-und-volvo-gruenden-joint-venture-26562\\\/\"},\"author\":{\"name\":\"georg.blenk@krafthand-medien.de\",\"@id\":\"https:\\\/\\\/www.krafthand.de\\\/truck\\\/#\\\/schema\\\/person\\\/51fa80b1c57034c4bf63f9f988fc24ce\"},\"headline\":\"Brennstoffzelle: Daimler und Volvo gr\u00fcnden Joint-Venture\",\"datePublished\":\"2021-03-03T09:42:59+00:00\",\"dateModified\":\"2021-03-30T05:59:35+00:00\",\"mainEntityOfPage\":{\"@id\":\"https:\\\/\\\/www.krafthand.de\\\/truck\\\/artikel\\\/brennstoffzelle-daimler-und-volvo-gruenden-joint-venture-26562\\\/\"},\"wordCount\":247,\"image\":{\"@id\":\"https:\\\/\\\/www.krafthand.de\\\/truck\\\/artikel\\\/brennstoffzelle-daimler-und-volvo-gruenden-joint-venture-26562\\\/#primaryimage\"},\"thumbnailUrl\":\"https:\\\/\\\/static.krafthand-truck.de\\\/uploads\\\/2021\\\/03\\\/Mercedes-Benz_Volvo_Kooperation_Brennstoffzelle_21C0114_001.jpg\",\"keywords\":[\"Brennstoffzelle\",\"Daimler\",\"Mercedes\",\"Volvo\"],\"articleSection\":[\"E-Antrieb (BEV\\\/FCEV)\",\"Unternehmen\"],\"inLanguage\":\"de\"},{\"@type\":\"WebPage\",\"@id\":\"https:\\\/\\\/www.krafthand.de\\\/truck\\\/artikel\\\/brennstoffzelle-daimler-und-volvo-gruenden-joint-venture-26562\\\/\",\"url\":\"https:\\\/\\\/www.krafthand.de\\\/truck\\\/artikel\\\/brennstoffzelle-daimler-und-volvo-gruenden-joint-venture-26562\\\/\",\"name\":\"Brennstoffzelle: Daimler und Volvo gr\u00fcnden Joint-Venture - Krafthand-Truck\",\"isPartOf\":{\"@id\":\"https:\\\/\\\/www.krafthand.de\\\/truck\\\/#website\"},\"primaryImageOfPage\":{\"@id\":\"https:\\\/\\\/www.krafthand.de\\\/truck\\\/artikel\\\/brennstoffzelle-daimler-und-volvo-gruenden-joint-venture-26562\\\/#primaryimage\"},\"image\":{\"@id\":\"https:\\\/\\\/www.krafthand.de\\\/truck\\\/artikel\\\/brennstoffzelle-daimler-und-volvo-gruenden-joint-venture-26562\\\/#primaryimage\"},\"thumbnailUrl\":\"https:\\\/\\\/static.krafthand-truck.de\\\/uploads\\\/2021\\\/03\\\/Mercedes-Benz_Volvo_Kooperation_Brennstoffzelle_21C0114_001.jpg\",\"datePublished\":\"2021-03-03T09:42:59+00:00\",\"dateModified\":\"2021-03-30T05:59:35+00:00\",\"author\":{\"@id\":\"https:\\\/\\\/www.krafthand.de\\\/truck\\\/#\\\/schema\\\/person\\\/51fa80b1c57034c4bf63f9f988fc24ce\"},\"breadcrumb\":{\"@id\":\"https:\\\/\\\/www.krafthand.de\\\/truck\\\/artikel\\\/brennstoffzelle-daimler-und-volvo-gruenden-joint-venture-26562\\\/#breadcrumb\"},\"inLanguage\":\"de\",\"potentialAction\":[{\"@type\":\"ReadAction\",\"target\":[\"https:\\\/\\\/www.krafthand.de\\\/truck\\\/artikel\\\/brennstoffzelle-daimler-und-volvo-gruenden-joint-venture-26562\\\/\"]}]},{\"@type\":\"ImageObject\",\"inLanguage\":\"de\",\"@id\":\"https:\\\/\\\/www.krafthand.de\\\/truck\\\/artikel\\\/brennstoffzelle-daimler-und-volvo-gruenden-joint-venture-26562\\\/#primaryimage\",\"url\":\"https:\\\/\\\/static.krafthand-truck.de\\\/uploads\\\/2021\\\/03\\\/Mercedes-Benz_Volvo_Kooperation_Brennstoffzelle_21C0114_001.jpg\",\"contentUrl\":\"https:\\\/\\\/static.krafthand-truck.de\\\/uploads\\\/2021\\\/03\\\/Mercedes-Benz_Volvo_Kooperation_Brennstoffzelle_21C0114_001.jpg\",\"width\":1024,\"height\":576,\"caption\":\"\\\"Joining Forces for Hydrogen-Powered CO2-Neutral Transportation\u201d: Daimler Truck AG und Volvo Group gr\u00fcnden Brennstoffzellen-Joint Venture cellcentric. Daimler Truck AG and the Volvo Group complete creation of fuel-cell joint venture: cellcentric.\"},{\"@type\":\"BreadcrumbList\",\"@id\":\"https:\\\/\\\/www.krafthand.de\\\/truck\\\/artikel\\\/brennstoffzelle-daimler-und-volvo-gruenden-joint-venture-26562\\\/#breadcrumb\",\"itemListElement\":[{\"@type\":\"ListItem\",\"position\":1,\"name\":\"Krafthand-Truck\",\"item\":\"https:\\\/\\\/www.krafthand.de\\\/truck\\\/\"},{\"@type\":\"ListItem\",\"position\":2,\"name\":\"Nfz-Technik\",\"item\":\"https:\\\/\\\/www.krafthand.de\\\/truck\\\/kategorie\\\/nfz-technik\\\/\"},{\"@type\":\"ListItem\",\"position\":3,\"name\":\"E-Antrieb (BEV\\\/FCEV)\",\"item\":\"https:\\\/\\\/www.krafthand.de\\\/truck\\\/kategorie\\\/nfz-technik\\\/e-antrieb\\\/\"},{\"@type\":\"ListItem\",\"position\":4,\"name\":\"Brennstoffzelle: Daimler und Volvo gr\u00fcnden Joint-Venture\"}]},{\"@type\":\"WebSite\",\"@id\":\"https:\\\/\\\/www.krafthand.de\\\/truck\\\/#website\",\"url\":\"https:\\\/\\\/www.krafthand.de\\\/truck\\\/\",\"name\":\"Krafthand-Truck\",\"description\":\"\",\"potentialAction\":[{\"@type\":\"SearchAction\",\"target\":{\"@type\":\"EntryPoint\",\"urlTemplate\":\"https:\\\/\\\/www.krafthand.de\\\/truck\\\/?s={search_term_string}\"},\"query-input\":{\"@type\":\"PropertyValueSpecification\",\"valueRequired\":true,\"valueName\":\"search_term_string\"}}],\"inLanguage\":\"de\"},{\"@type\":\"Person\",\"@id\":\"https:\\\/\\\/www.krafthand.de\\\/truck\\\/#\\\/schema\\\/person\\\/51fa80b1c57034c4bf63f9f988fc24ce\",\"name\":\"georg.blenk@krafthand-medien.de\",\"image\":{\"@type\":\"ImageObject\",\"inLanguage\":\"de\",\"@id\":\"https:\\\/\\\/secure.gravatar.com\\\/avatar\\\/93713c30affe0aa95d3a4130e499bb1abee2eb31adbdd9ce2aa1543538490215?s=96&d=mm&r=g\",\"url\":\"https:\\\/\\\/secure.gravatar.com\\\/avatar\\\/93713c30affe0aa95d3a4130e499bb1abee2eb31adbdd9ce2aa1543538490215?s=96&d=mm&r=g\",\"contentUrl\":\"https:\\\/\\\/secure.gravatar.com\\\/avatar\\\/93713c30affe0aa95d3a4130e499bb1abee2eb31adbdd9ce2aa1543538490215?s=96&d=mm&r=g\",\"caption\":\"georg.blenk@krafthand-medien.de\"}}]}<\/script>\n<!-- \/ Yoast SEO plugin. -->","yoast_head_json":{"title":"Brennstoffzelle: Daimler und Volvo gr\u00fcnden Joint-Venture - Krafthand-Truck","robots":{"index":"index","follow":"follow","max-snippet":"max-snippet:-1","max-image-preview":"max-image-preview:large","max-video-preview":"max-video-preview:-1"},"canonical":"https:\/\/www.krafthand.de\/truck\/artikel\/brennstoffzelle-daimler-und-volvo-gruenden-joint-venture-26562\/","og_locale":"de_DE","og_type":"article","og_title":"Brennstoffzelle: Daimler und Volvo gr\u00fcnden Joint-Venture - Krafthand-Truck","og_description":"Die Daimler Truck AG und die Volvo Group haben das angek\u00fcndigte Brennstoffzellen-Joint Venture gegr\u00fcndet. Kundenerprobung von Brennstoffzellen-Lkw in etwa drei Jahren geplant. ... weiter","og_url":"https:\/\/www.krafthand-truck.de\/artikel\/brennstoffzelle-daimler-und-volvo-gruenden-joint-venture-26562\/","og_site_name":"Krafthand-Truck","article_published_time":"2021-03-03T09:42:59+00:00","article_modified_time":"2021-03-30T05:59:35+00:00","og_image":[{"width":1024,"height":576,"url":"https:\/\/www.krafthand.de\/truck\/wp-content\/uploads\/2021\/03\/Mercedes-Benz_Volvo_Kooperation_Brennstoffzelle_21C0114_001.jpg","type":"image\/jpeg"}],"author":"georg.blenk@krafthand-medien.de","twitter_card":"summary_large_image","twitter_misc":{"Verfasst von":"georg.blenk@krafthand-medien.de","Gesch\u00e4tzte Lesezeit":"2\u00a0Minuten"},"schema":{"@context":"https:\/\/schema.org","@graph":[{"@type":"Article","@id":"https:\/\/www.krafthand.de\/truck\/artikel\/brennstoffzelle-daimler-und-volvo-gruenden-joint-venture-26562\/#article","isPartOf":{"@id":"https:\/\/www.krafthand.de\/truck\/artikel\/brennstoffzelle-daimler-und-volvo-gruenden-joint-venture-26562\/"},"author":{"name":"georg.blenk@krafthand-medien.de","@id":"https:\/\/www.krafthand.de\/truck\/#\/schema\/person\/51fa80b1c57034c4bf63f9f988fc24ce"},"headline":"Brennstoffzelle: Daimler und Volvo gr\u00fcnden Joint-Venture","datePublished":"2021-03-03T09:42:59+00:00","dateModified":"2021-03-30T05:59:35+00:00","mainEntityOfPage":{"@id":"https:\/\/www.krafthand.de\/truck\/artikel\/brennstoffzelle-daimler-und-volvo-gruenden-joint-venture-26562\/"},"wordCount":247,"image":{"@id":"https:\/\/www.krafthand.de\/truck\/artikel\/brennstoffzelle-daimler-und-volvo-gruenden-joint-venture-26562\/#primaryimage"},"thumbnailUrl":"https:\/\/static.krafthand-truck.de\/uploads\/2021\/03\/Mercedes-Benz_Volvo_Kooperation_Brennstoffzelle_21C0114_001.jpg","keywords":["Brennstoffzelle","Daimler","Mercedes","Volvo"],"articleSection":["E-Antrieb (BEV\/FCEV)","Unternehmen"],"inLanguage":"de"},{"@type":"WebPage","@id":"https:\/\/www.krafthand.de\/truck\/artikel\/brennstoffzelle-daimler-und-volvo-gruenden-joint-venture-26562\/","url":"https:\/\/www.krafthand.de\/truck\/artikel\/brennstoffzelle-daimler-und-volvo-gruenden-joint-venture-26562\/","name":"Brennstoffzelle: Daimler und Volvo gr\u00fcnden Joint-Venture - Krafthand-Truck","isPartOf":{"@id":"https:\/\/www.krafthand.de\/truck\/#website"},"primaryImageOfPage":{"@id":"https:\/\/www.krafthand.de\/truck\/artikel\/brennstoffzelle-daimler-und-volvo-gruenden-joint-venture-26562\/#primaryimage"},"image":{"@id":"https:\/\/www.krafthand.de\/truck\/artikel\/brennstoffzelle-daimler-und-volvo-gruenden-joint-venture-26562\/#primaryimage"},"thumbnailUrl":"https:\/\/static.krafthand-truck.de\/uploads\/2021\/03\/Mercedes-Benz_Volvo_Kooperation_Brennstoffzelle_21C0114_001.jpg","datePublished":"2021-03-03T09:42:59+00:00","dateModified":"2021-03-30T05:59:35+00:00","author":{"@id":"https:\/\/www.krafthand.de\/truck\/#\/schema\/person\/51fa80b1c57034c4bf63f9f988fc24ce"},"breadcrumb":{"@id":"https:\/\/www.krafthand.de\/truck\/artikel\/brennstoffzelle-daimler-und-volvo-gruenden-joint-venture-26562\/#breadcrumb"},"inLanguage":"de","potentialAction":[{"@type":"ReadAction","target":["https:\/\/www.krafthand.de\/truck\/artikel\/brennstoffzelle-daimler-und-volvo-gruenden-joint-venture-26562\/"]}]},{"@type":"ImageObject","inLanguage":"de","@id":"https:\/\/www.krafthand.de\/truck\/artikel\/brennstoffzelle-daimler-und-volvo-gruenden-joint-venture-26562\/#primaryimage","url":"https:\/\/static.krafthand-truck.de\/uploads\/2021\/03\/Mercedes-Benz_Volvo_Kooperation_Brennstoffzelle_21C0114_001.jpg","contentUrl":"https:\/\/static.krafthand-truck.de\/uploads\/2021\/03\/Mercedes-Benz_Volvo_Kooperation_Brennstoffzelle_21C0114_001.jpg","width":1024,"height":576,"caption":"\"Joining Forces for Hydrogen-Powered CO2-Neutral Transportation\u201d: Daimler Truck AG und Volvo Group gr\u00fcnden Brennstoffzellen-Joint Venture cellcentric. Daimler Truck AG and the Volvo Group complete creation of fuel-cell joint venture: cellcentric."},{"@type":"BreadcrumbList","@id":"https:\/\/www.krafthand.de\/truck\/artikel\/brennstoffzelle-daimler-und-volvo-gruenden-joint-venture-26562\/#breadcrumb","itemListElement":[{"@type":"ListItem","position":1,"name":"Krafthand-Truck","item":"https:\/\/www.krafthand.de\/truck\/"},{"@type":"ListItem","position":2,"name":"Nfz-Technik","item":"https:\/\/www.krafthand.de\/truck\/kategorie\/nfz-technik\/"},{"@type":"ListItem","position":3,"name":"E-Antrieb (BEV\/FCEV)","item":"https:\/\/www.krafthand.de\/truck\/kategorie\/nfz-technik\/e-antrieb\/"},{"@type":"ListItem","position":4,"name":"Brennstoffzelle: Daimler und Volvo gr\u00fcnden Joint-Venture"}]},{"@type":"WebSite","@id":"https:\/\/www.krafthand.de\/truck\/#website","url":"https:\/\/www.krafthand.de\/truck\/","name":"Krafthand-Truck","description":"","potentialAction":[{"@type":"SearchAction","target":{"@type":"EntryPoint","urlTemplate":"https:\/\/www.krafthand.de\/truck\/?s={search_term_string}"},"query-input":{"@type":"PropertyValueSpecification","valueRequired":true,"valueName":"search_term_string"}}],"inLanguage":"de"},{"@type":"Person","@id":"https:\/\/www.krafthand.de\/truck\/#\/schema\/person\/51fa80b1c57034c4bf63f9f988fc24ce","name":"georg.blenk@krafthand-medien.de","image":{"@type":"ImageObject","inLanguage":"de","@id":"https:\/\/secure.gravatar.com\/avatar\/93713c30affe0aa95d3a4130e499bb1abee2eb31adbdd9ce2aa1543538490215?s=96&d=mm&r=g","url":"https:\/\/secure.gravatar.com\/avatar\/93713c30affe0aa95d3a4130e499bb1abee2eb31adbdd9ce2aa1543538490215?s=96&d=mm&r=g","contentUrl":"https:\/\/secure.gravatar.com\/avatar\/93713c30affe0aa95d3a4130e499bb1abee2eb31adbdd9ce2aa1543538490215?s=96&d=mm&r=g","caption":"georg.blenk@krafthand-medien.de"}}]}},"_links":{"self":[{"href":"https:\/\/www.krafthand.de\/truck\/wp-json\/wp\/v2\/posts\/26562","targetHints":{"allow":["GET"]}}],"collection":[{"href":"https:\/\/www.krafthand.de\/truck\/wp-json\/wp\/v2\/posts"}],"about":[{"href":"https:\/\/www.krafthand.de\/truck\/wp-json\/wp\/v2\/types\/post"}],"author":[{"embeddable":true,"href":"https:\/\/www.krafthand.de\/truck\/wp-json\/wp\/v2\/users\/9"}],"replies":[{"embeddable":true,"href":"https:\/\/www.krafthand.de\/truck\/wp-json\/wp\/v2\/comments?post=26562"}],"version-history":[{"count":2,"href":"https:\/\/www.krafthand.de\/truck\/wp-json\/wp\/v2\/posts\/26562\/revisions"}],"predecessor-version":[{"id":26565,"href":"https:\/\/www.krafthand.de\/truck\/wp-json\/wp\/v2\/posts\/26562\/revisions\/26565"}],"wp:featuredmedia":[{"embeddable":true,"href":"https:\/\/www.krafthand.de\/truck\/wp-json\/wp\/v2\/media\/26563"}],"wp:attachment":[{"href":"https:\/\/www.krafthand.de\/truck\/wp-json\/wp\/v2\/media?parent=26562"}],"wp:term":[{"taxonomy":"category","embeddable":true,"href":"https:\/\/www.krafthand.de\/truck\/wp-json\/wp\/v2\/categories?post=26562"},{"taxonomy":"post_tag","embeddable":true,"href":"https:\/\/www.krafthand.de\/truck\/wp-json\/wp\/v2\/tags?post=26562"},{"taxonomy":"settings","embeddable":true,"href":"https:\/\/www.krafthand.de\/truck\/wp-json\/wp\/v2\/settings?post=26562"}],"curies":[{"name":"wp","href":"https:\/\/api.w.org\/{rel}","templated":true}]}}