{"id":26521,"date":"2021-02-23T16:12:14","date_gmt":"2021-02-23T15:12:14","guid":{"rendered":"https:\/\/www.krafthand.de\/truck\/?p=26521"},"modified":"2021-03-09T17:48:38","modified_gmt":"2021-03-09T16:48:38","slug":"kooperation-auf-verbandsebene","status":"publish","type":"post","link":"https:\/\/www.krafthand.de\/truck\/artikel\/kooperation-auf-verbandsebene-26521\/","title":{"rendered":"Kooperation auf Verbandsebene"},"content":{"rendered":"<p>Die BPW Bergische Achsen KG und der Bundesverband G\u00fcterkraftverkehr Logistik (BGL) forcieren die Zusammenarbeit.\u00a0 Die BPW\u00a0 m\u00f6chte den Verband noch st\u00e4rker in zentralen Zukunftsthemen der Transport- und Logistikbranche unterst\u00fctzen. Ein wichtiger Fokus l\u00e4ge dabei auf der Digitalisierung und der E-Mobilit\u00e4t.<\/p>\n<p>Der BGL, Spitzenverband f\u00fcr Stra\u00dfeng\u00fcterverkehr, Logistik und Entsorgung, begr\u00fc\u00dft, dass BPW und BGL gleiche Ziele verfolgen und sich BPW zuk\u00fcnftig im Rahmen der F\u00f6rdermitgliedschaft aktiv engagiert, die Interessen des Verbandes gegen\u00fcber Politik und Medien zu unterst\u00fctzten. Bereits im vergangenen Jahr wurde BPW F\u00f6rdermitglied des BGL und z\u00e4hlt damit zu den ersten F\u00f6rdermitgliedern aus den Reihen der Nutzfahrzeugindustrie.<\/p>\n<p>In gemeinsamen Workshops in Frankfurt und Wiehl identifizierten der BGL und BPW zusammen mit weiteren Branchenvertretern die wichtigsten Handlungsfelder, in denen man zuk\u00fcnftig gemeinsam aktiv werden m\u00f6chte. Erste gemeinsame Themen, bei denen BPW den Angaben zufolge mit technologischem Know-how unterst\u00fctzt, sind die Digitalisierung und die E-Mobilit\u00e4t.<\/p>\n<p>Durch fehlende Datentransparenz und unzureichende Regelungen zum Datenaustausch von Komponenten und Sensoren k\u00f6nne das gro\u00dfe Potenzial der Digitalisierung in der Transportbranche aktuell noch nicht ausgesch\u00f6pft werden. Unzureichende und zum Teil sich widersprechende Gesetze w\u00fcrden dabei auch die Entwicklung des emissionsfreien Transports erschweren, so die \u00fcbereinstimmende Feststellung.<\/p>\n<blockquote><p>\u201eWir m\u00f6chten den BGL darin unterst\u00fctzen, auch in der verkehrspolitischen Diskussion die Interessen der Transporteure und ihrer Fahrer nachhaltig zu st\u00e4rken. Gemeinsam k\u00f6nnen wir sp\u00fcrbare Verbesserungen der Transporteffizienz, der Verkehrssicherheit und der Arbeitsbedingungen f\u00fcr Fahrer voranbringen&#8220;, erkl\u00e4rt Ralf Merkelbach, Leiter Key Account Management Gro\u00dfflotten Europa bei BPW.<\/p><\/blockquote>\n<p>In j\u00fcngster Zeit schloss sich BPW bereits den Brancheninitiativen unter Mitwirkung des BGL an, darunter \u201e#Logistikhilft\u201c, \u201eDocStop\u201c und der Verband \u201ePROFI\u201c (Pro Fahrer-Image e.V.).<\/p>\n\r\n\t\t\t\t<div class=\"post-author\">\r\n\t\t\t\t\t<div class=\"khm-cp-author clearfix\">\r\n\t\t\t\t\t\t<div class=\"khm-cp-author__content\">\r\n\t\t\t\t\t\t\t\tKontakt zum Autor:<br \/>\r\n\t\t\t\t\t\t\t\t<strong>Georg Blenk<\/strong>, 08247 \/ 3007-45 |  <a href=\"mailto:georg.blenk@krafthand-medien.de\">georg.blenk@krafthand-medien.de<\/a>\r\n\t\t\t\t\t\t\t<div class=\"khm-cp-author__image\">\r\n\t\t\t\t\t\t<img src=\"https:\/\/static.krafthand-truck.de\/uploads\/2021\/01\/Blenk_6104-250x300-1-removebg-preview.png\" class=\"img-responsive\">\r\n\t\t\t\t\t<\/div>\r\n\t\t\t\t\t\t<\/div>\r\n\t\t\t\t\t<\/div>\r\n\t\t\t\t<\/div>\r\n\t\t\t\t","protected":false},"excerpt":{"rendered":"<p>Die BPW Bergische Achsen KG und der Bundesverband G\u00fcterkraftverkehr Logistik (BGL) forcieren die Zusammenarbeit. <span class=\"excerpt-more__dots\">&#8230;<\/span> <a class=\"excerpt-more__link\" href=\"https:\/\/www.krafthand.de\/truck\/artikel\/kooperation-auf-verbandsebene-26521\/\" >weiter<\/a><\/p>\n","protected":false},"author":9,"featured_media":26522,"comment_status":"closed","ping_status":"closed","sticky":false,"template":"","format":"standard","meta":{"footnotes":""},"categories":[5,4235,4245],"tags":[4195,173,3700,4196],"settings":[3524,3523],"class_list":["post-26521","post","type-post","status-publish","format-standard","has-post-thumbnail","hentry","category-branche","category-unternehmen","category-verbaende","tag-bgl","tag-bpw","tag-digitalisierung","tag-e-mobilitaet"],"yoast_head":"<!-- This site is optimized with the Yoast SEO plugin v27.3 - https:\/\/yoast.com\/product\/yoast-seo-wordpress\/ -->\n<title>Kooperation auf Verbandsebene - Krafthand-Truck<\/title>\n<meta name=\"robots\" content=\"index, follow, max-snippet:-1, max-image-preview:large, max-video-preview:-1\" \/>\n<link rel=\"canonical\" href=\"https:\/\/www.krafthand.de\/truck\/artikel\/kooperation-auf-verbandsebene-26521\/\" \/>\n<meta property=\"og:locale\" content=\"de_DE\" \/>\n<meta property=\"og:type\" content=\"article\" \/>\n<meta property=\"og:title\" content=\"Kooperation auf Verbandsebene - Krafthand-Truck\" \/>\n<meta property=\"og:description\" content=\"Die BPW Bergische Achsen KG und der Bundesverband G\u00fcterkraftverkehr Logistik (BGL) forcieren die Zusammenarbeit. ... weiter\" \/>\n<meta property=\"og:url\" content=\"https:\/\/www.krafthand-truck.de\/artikel\/kooperation-auf-verbandsebene-26521\/\" \/>\n<meta property=\"og:site_name\" content=\"Krafthand-Truck\" \/>\n<meta property=\"article:published_time\" content=\"2021-02-23T15:12:14+00:00\" \/>\n<meta property=\"article:modified_time\" content=\"2021-03-09T16:48:38+00:00\" \/>\n<meta property=\"og:image\" content=\"https:\/\/www.krafthand.de\/truck\/wp-content\/uploads\/2021\/02\/PROFI-c-martin-leissl-6.jpg\" \/>\n\t<meta property=\"og:image:width\" content=\"1200\" \/>\n\t<meta property=\"og:image:height\" content=\"901\" \/>\n\t<meta property=\"og:image:type\" content=\"image\/jpeg\" \/>\n<meta name=\"author\" content=\"georg.blenk@krafthand-medien.de\" \/>\n<meta name=\"twitter:card\" content=\"summary_large_image\" \/>\n<meta name=\"twitter:label1\" content=\"Verfasst von\" \/>\n\t<meta name=\"twitter:data1\" content=\"georg.blenk@krafthand-medien.de\" \/>\n\t<meta name=\"twitter:label2\" content=\"Gesch\u00e4tzte Lesezeit\" \/>\n\t<meta name=\"twitter:data2\" content=\"2\u00a0Minuten\" \/>\n<script type=\"application\/ld+json\" class=\"yoast-schema-graph\">{\"@context\":\"https:\\\/\\\/schema.org\",\"@graph\":[{\"@type\":\"Article\",\"@id\":\"https:\\\/\\\/www.krafthand.de\\\/truck\\\/artikel\\\/kooperation-auf-verbandsebene-26521\\\/#article\",\"isPartOf\":{\"@id\":\"https:\\\/\\\/www.krafthand.de\\\/truck\\\/artikel\\\/kooperation-auf-verbandsebene-26521\\\/\"},\"author\":{\"name\":\"georg.blenk@krafthand-medien.de\",\"@id\":\"https:\\\/\\\/www.krafthand.de\\\/truck\\\/#\\\/schema\\\/person\\\/51fa80b1c57034c4bf63f9f988fc24ce\"},\"headline\":\"Kooperation auf Verbandsebene\",\"datePublished\":\"2021-02-23T15:12:14+00:00\",\"dateModified\":\"2021-03-09T16:48:38+00:00\",\"mainEntityOfPage\":{\"@id\":\"https:\\\/\\\/www.krafthand.de\\\/truck\\\/artikel\\\/kooperation-auf-verbandsebene-26521\\\/\"},\"wordCount\":298,\"image\":{\"@id\":\"https:\\\/\\\/www.krafthand.de\\\/truck\\\/artikel\\\/kooperation-auf-verbandsebene-26521\\\/#primaryimage\"},\"thumbnailUrl\":\"https:\\\/\\\/static.krafthand-truck.de\\\/uploads\\\/2021\\\/02\\\/PROFI-c-martin-leissl-6.jpg\",\"keywords\":[\"BGL\",\"BPW\",\"Digitalisierung\",\"E-Mobilit\u00e4t\"],\"articleSection\":[\"Nfz-Branche\",\"Unternehmen\",\"Verb\u00e4nde\\\/Politik\\\/Recht\"],\"inLanguage\":\"de\"},{\"@type\":\"WebPage\",\"@id\":\"https:\\\/\\\/www.krafthand.de\\\/truck\\\/artikel\\\/kooperation-auf-verbandsebene-26521\\\/\",\"url\":\"https:\\\/\\\/www.krafthand.de\\\/truck\\\/artikel\\\/kooperation-auf-verbandsebene-26521\\\/\",\"name\":\"Kooperation auf Verbandsebene - Krafthand-Truck\",\"isPartOf\":{\"@id\":\"https:\\\/\\\/www.krafthand.de\\\/truck\\\/#website\"},\"primaryImageOfPage\":{\"@id\":\"https:\\\/\\\/www.krafthand.de\\\/truck\\\/artikel\\\/kooperation-auf-verbandsebene-26521\\\/#primaryimage\"},\"image\":{\"@id\":\"https:\\\/\\\/www.krafthand.de\\\/truck\\\/artikel\\\/kooperation-auf-verbandsebene-26521\\\/#primaryimage\"},\"thumbnailUrl\":\"https:\\\/\\\/static.krafthand-truck.de\\\/uploads\\\/2021\\\/02\\\/PROFI-c-martin-leissl-6.jpg\",\"datePublished\":\"2021-02-23T15:12:14+00:00\",\"dateModified\":\"2021-03-09T16:48:38+00:00\",\"author\":{\"@id\":\"https:\\\/\\\/www.krafthand.de\\\/truck\\\/#\\\/schema\\\/person\\\/51fa80b1c57034c4bf63f9f988fc24ce\"},\"breadcrumb\":{\"@id\":\"https:\\\/\\\/www.krafthand.de\\\/truck\\\/artikel\\\/kooperation-auf-verbandsebene-26521\\\/#breadcrumb\"},\"inLanguage\":\"de\",\"potentialAction\":[{\"@type\":\"ReadAction\",\"target\":[\"https:\\\/\\\/www.krafthand.de\\\/truck\\\/artikel\\\/kooperation-auf-verbandsebene-26521\\\/\"]}]},{\"@type\":\"ImageObject\",\"inLanguage\":\"de\",\"@id\":\"https:\\\/\\\/www.krafthand.de\\\/truck\\\/artikel\\\/kooperation-auf-verbandsebene-26521\\\/#primaryimage\",\"url\":\"https:\\\/\\\/static.krafthand-truck.de\\\/uploads\\\/2021\\\/02\\\/PROFI-c-martin-leissl-6.jpg\",\"contentUrl\":\"https:\\\/\\\/static.krafthand-truck.de\\\/uploads\\\/2021\\\/02\\\/PROFI-c-martin-leissl-6.jpg\",\"width\":1200,\"height\":901},{\"@type\":\"BreadcrumbList\",\"@id\":\"https:\\\/\\\/www.krafthand.de\\\/truck\\\/artikel\\\/kooperation-auf-verbandsebene-26521\\\/#breadcrumb\",\"itemListElement\":[{\"@type\":\"ListItem\",\"position\":1,\"name\":\"Krafthand-Truck\",\"item\":\"https:\\\/\\\/www.krafthand.de\\\/truck\\\/\"},{\"@type\":\"ListItem\",\"position\":2,\"name\":\"Nfz-Branche\",\"item\":\"https:\\\/\\\/www.krafthand.de\\\/truck\\\/kategorie\\\/branche\\\/\"},{\"@type\":\"ListItem\",\"position\":3,\"name\":\"Kooperation auf Verbandsebene\"}]},{\"@type\":\"WebSite\",\"@id\":\"https:\\\/\\\/www.krafthand.de\\\/truck\\\/#website\",\"url\":\"https:\\\/\\\/www.krafthand.de\\\/truck\\\/\",\"name\":\"Krafthand-Truck\",\"description\":\"\",\"potentialAction\":[{\"@type\":\"SearchAction\",\"target\":{\"@type\":\"EntryPoint\",\"urlTemplate\":\"https:\\\/\\\/www.krafthand.de\\\/truck\\\/?s={search_term_string}\"},\"query-input\":{\"@type\":\"PropertyValueSpecification\",\"valueRequired\":true,\"valueName\":\"search_term_string\"}}],\"inLanguage\":\"de\"},{\"@type\":\"Person\",\"@id\":\"https:\\\/\\\/www.krafthand.de\\\/truck\\\/#\\\/schema\\\/person\\\/51fa80b1c57034c4bf63f9f988fc24ce\",\"name\":\"georg.blenk@krafthand-medien.de\",\"image\":{\"@type\":\"ImageObject\",\"inLanguage\":\"de\",\"@id\":\"https:\\\/\\\/secure.gravatar.com\\\/avatar\\\/93713c30affe0aa95d3a4130e499bb1abee2eb31adbdd9ce2aa1543538490215?s=96&d=mm&r=g\",\"url\":\"https:\\\/\\\/secure.gravatar.com\\\/avatar\\\/93713c30affe0aa95d3a4130e499bb1abee2eb31adbdd9ce2aa1543538490215?s=96&d=mm&r=g\",\"contentUrl\":\"https:\\\/\\\/secure.gravatar.com\\\/avatar\\\/93713c30affe0aa95d3a4130e499bb1abee2eb31adbdd9ce2aa1543538490215?s=96&d=mm&r=g\",\"caption\":\"georg.blenk@krafthand-medien.de\"}}]}<\/script>\n<!-- \/ Yoast SEO plugin. -->","yoast_head_json":{"title":"Kooperation auf Verbandsebene - Krafthand-Truck","robots":{"index":"index","follow":"follow","max-snippet":"max-snippet:-1","max-image-preview":"max-image-preview:large","max-video-preview":"max-video-preview:-1"},"canonical":"https:\/\/www.krafthand.de\/truck\/artikel\/kooperation-auf-verbandsebene-26521\/","og_locale":"de_DE","og_type":"article","og_title":"Kooperation auf Verbandsebene - Krafthand-Truck","og_description":"Die BPW Bergische Achsen KG und der Bundesverband G\u00fcterkraftverkehr Logistik (BGL) forcieren die Zusammenarbeit. ... weiter","og_url":"https:\/\/www.krafthand-truck.de\/artikel\/kooperation-auf-verbandsebene-26521\/","og_site_name":"Krafthand-Truck","article_published_time":"2021-02-23T15:12:14+00:00","article_modified_time":"2021-03-09T16:48:38+00:00","og_image":[{"width":1200,"height":901,"url":"https:\/\/www.krafthand.de\/truck\/wp-content\/uploads\/2021\/02\/PROFI-c-martin-leissl-6.jpg","type":"image\/jpeg"}],"author":"georg.blenk@krafthand-medien.de","twitter_card":"summary_large_image","twitter_misc":{"Verfasst von":"georg.blenk@krafthand-medien.de","Gesch\u00e4tzte Lesezeit":"2\u00a0Minuten"},"schema":{"@context":"https:\/\/schema.org","@graph":[{"@type":"Article","@id":"https:\/\/www.krafthand.de\/truck\/artikel\/kooperation-auf-verbandsebene-26521\/#article","isPartOf":{"@id":"https:\/\/www.krafthand.de\/truck\/artikel\/kooperation-auf-verbandsebene-26521\/"},"author":{"name":"georg.blenk@krafthand-medien.de","@id":"https:\/\/www.krafthand.de\/truck\/#\/schema\/person\/51fa80b1c57034c4bf63f9f988fc24ce"},"headline":"Kooperation auf Verbandsebene","datePublished":"2021-02-23T15:12:14+00:00","dateModified":"2021-03-09T16:48:38+00:00","mainEntityOfPage":{"@id":"https:\/\/www.krafthand.de\/truck\/artikel\/kooperation-auf-verbandsebene-26521\/"},"wordCount":298,"image":{"@id":"https:\/\/www.krafthand.de\/truck\/artikel\/kooperation-auf-verbandsebene-26521\/#primaryimage"},"thumbnailUrl":"https:\/\/static.krafthand-truck.de\/uploads\/2021\/02\/PROFI-c-martin-leissl-6.jpg","keywords":["BGL","BPW","Digitalisierung","E-Mobilit\u00e4t"],"articleSection":["Nfz-Branche","Unternehmen","Verb\u00e4nde\/Politik\/Recht"],"inLanguage":"de"},{"@type":"WebPage","@id":"https:\/\/www.krafthand.de\/truck\/artikel\/kooperation-auf-verbandsebene-26521\/","url":"https:\/\/www.krafthand.de\/truck\/artikel\/kooperation-auf-verbandsebene-26521\/","name":"Kooperation auf Verbandsebene - Krafthand-Truck","isPartOf":{"@id":"https:\/\/www.krafthand.de\/truck\/#website"},"primaryImageOfPage":{"@id":"https:\/\/www.krafthand.de\/truck\/artikel\/kooperation-auf-verbandsebene-26521\/#primaryimage"},"image":{"@id":"https:\/\/www.krafthand.de\/truck\/artikel\/kooperation-auf-verbandsebene-26521\/#primaryimage"},"thumbnailUrl":"https:\/\/static.krafthand-truck.de\/uploads\/2021\/02\/PROFI-c-martin-leissl-6.jpg","datePublished":"2021-02-23T15:12:14+00:00","dateModified":"2021-03-09T16:48:38+00:00","author":{"@id":"https:\/\/www.krafthand.de\/truck\/#\/schema\/person\/51fa80b1c57034c4bf63f9f988fc24ce"},"breadcrumb":{"@id":"https:\/\/www.krafthand.de\/truck\/artikel\/kooperation-auf-verbandsebene-26521\/#breadcrumb"},"inLanguage":"de","potentialAction":[{"@type":"ReadAction","target":["https:\/\/www.krafthand.de\/truck\/artikel\/kooperation-auf-verbandsebene-26521\/"]}]},{"@type":"ImageObject","inLanguage":"de","@id":"https:\/\/www.krafthand.de\/truck\/artikel\/kooperation-auf-verbandsebene-26521\/#primaryimage","url":"https:\/\/static.krafthand-truck.de\/uploads\/2021\/02\/PROFI-c-martin-leissl-6.jpg","contentUrl":"https:\/\/static.krafthand-truck.de\/uploads\/2021\/02\/PROFI-c-martin-leissl-6.jpg","width":1200,"height":901},{"@type":"BreadcrumbList","@id":"https:\/\/www.krafthand.de\/truck\/artikel\/kooperation-auf-verbandsebene-26521\/#breadcrumb","itemListElement":[{"@type":"ListItem","position":1,"name":"Krafthand-Truck","item":"https:\/\/www.krafthand.de\/truck\/"},{"@type":"ListItem","position":2,"name":"Nfz-Branche","item":"https:\/\/www.krafthand.de\/truck\/kategorie\/branche\/"},{"@type":"ListItem","position":3,"name":"Kooperation auf Verbandsebene"}]},{"@type":"WebSite","@id":"https:\/\/www.krafthand.de\/truck\/#website","url":"https:\/\/www.krafthand.de\/truck\/","name":"Krafthand-Truck","description":"","potentialAction":[{"@type":"SearchAction","target":{"@type":"EntryPoint","urlTemplate":"https:\/\/www.krafthand.de\/truck\/?s={search_term_string}"},"query-input":{"@type":"PropertyValueSpecification","valueRequired":true,"valueName":"search_term_string"}}],"inLanguage":"de"},{"@type":"Person","@id":"https:\/\/www.krafthand.de\/truck\/#\/schema\/person\/51fa80b1c57034c4bf63f9f988fc24ce","name":"georg.blenk@krafthand-medien.de","image":{"@type":"ImageObject","inLanguage":"de","@id":"https:\/\/secure.gravatar.com\/avatar\/93713c30affe0aa95d3a4130e499bb1abee2eb31adbdd9ce2aa1543538490215?s=96&d=mm&r=g","url":"https:\/\/secure.gravatar.com\/avatar\/93713c30affe0aa95d3a4130e499bb1abee2eb31adbdd9ce2aa1543538490215?s=96&d=mm&r=g","contentUrl":"https:\/\/secure.gravatar.com\/avatar\/93713c30affe0aa95d3a4130e499bb1abee2eb31adbdd9ce2aa1543538490215?s=96&d=mm&r=g","caption":"georg.blenk@krafthand-medien.de"}}]}},"_links":{"self":[{"href":"https:\/\/www.krafthand.de\/truck\/wp-json\/wp\/v2\/posts\/26521","targetHints":{"allow":["GET"]}}],"collection":[{"href":"https:\/\/www.krafthand.de\/truck\/wp-json\/wp\/v2\/posts"}],"about":[{"href":"https:\/\/www.krafthand.de\/truck\/wp-json\/wp\/v2\/types\/post"}],"author":[{"embeddable":true,"href":"https:\/\/www.krafthand.de\/truck\/wp-json\/wp\/v2\/users\/9"}],"replies":[{"embeddable":true,"href":"https:\/\/www.krafthand.de\/truck\/wp-json\/wp\/v2\/comments?post=26521"}],"version-history":[{"count":9,"href":"https:\/\/www.krafthand.de\/truck\/wp-json\/wp\/v2\/posts\/26521\/revisions"}],"predecessor-version":[{"id":26531,"href":"https:\/\/www.krafthand.de\/truck\/wp-json\/wp\/v2\/posts\/26521\/revisions\/26531"}],"wp:featuredmedia":[{"embeddable":true,"href":"https:\/\/www.krafthand.de\/truck\/wp-json\/wp\/v2\/media\/26522"}],"wp:attachment":[{"href":"https:\/\/www.krafthand.de\/truck\/wp-json\/wp\/v2\/media?parent=26521"}],"wp:term":[{"taxonomy":"category","embeddable":true,"href":"https:\/\/www.krafthand.de\/truck\/wp-json\/wp\/v2\/categories?post=26521"},{"taxonomy":"post_tag","embeddable":true,"href":"https:\/\/www.krafthand.de\/truck\/wp-json\/wp\/v2\/tags?post=26521"},{"taxonomy":"settings","embeddable":true,"href":"https:\/\/www.krafthand.de\/truck\/wp-json\/wp\/v2\/settings?post=26521"}],"curies":[{"name":"wp","href":"https:\/\/api.w.org\/{rel}","templated":true}]}}