{"id":26506,"date":"2021-02-23T15:29:29","date_gmt":"2021-02-23T14:29:29","guid":{"rendered":"https:\/\/www.krafthand.de\/truck\/?p=26506"},"modified":"2021-11-26T15:11:43","modified_gmt":"2021-11-26T14:11:43","slug":"25-jahre-im-zeichen-der-sauberkeit","status":"publish","type":"post","link":"https:\/\/www.krafthand.de\/truck\/artikel\/25-jahre-im-zeichen-der-sauberkeit-26506\/","title":{"rendered":"25 Jahre im Zeichen der Sauberkeit"},"content":{"rendered":"<p>Im Jahr 1996 gr\u00fcndete J\u00fcrgen und Matthias Stark die Stark Reinigungsger\u00e4te GmbH. Bereits der Vater war seit aufkommen der Dampfstrahler in den 70er Jahren im Reinigungstechnikvertrieb t\u00e4tig. So kann heute die Familie Stark neben dem 25 j\u00e4hrigen Jubil\u00e4um auf \u00fcber 40 Jahre Familiengeschichte im Vertrieb von Reinigungstechnik zur\u00fcckblicken. Ein Schwerpunkt der beiden Br\u00fcder war von Anfang an der Vertrieb von mobilen Waschanlagen f\u00fcr Lkw &#8211; eine Innovation in den neunziger-Jahren.<\/p>\n<figure id=\"attachment_26514\" aria-describedby=\"caption-attachment-26514\" style=\"width: 234px\" class=\"wp-caption alignleft\"><img fetchpriority=\"high\" decoding=\"async\" class=\"wp-image-26514 size-medium\" src=\"https:\/\/www.krafthand.de\/truck\/wp-content\/uploads\/2021\/02\/Stark_Reinigungsgeraete_SBTW_E_silent-Battery_Lkw--234x300.jpg\" alt=\"SBTW E silent Battery, Waschanlage, Stark, Lkw\" width=\"234\" height=\"300\" srcset=\"https:\/\/static.krafthand-truck.de\/uploads\/2021\/02\/Stark_Reinigungsgeraete_SBTW_E_silent-Battery_Lkw--234x300.jpg 234w, https:\/\/static.krafthand-truck.de\/uploads\/2021\/02\/Stark_Reinigungsgeraete_SBTW_E_silent-Battery_Lkw--798x1024.jpg 798w, https:\/\/static.krafthand-truck.de\/uploads\/2021\/02\/Stark_Reinigungsgeraete_SBTW_E_silent-Battery_Lkw--768x986.jpg 768w, https:\/\/static.krafthand-truck.de\/uploads\/2021\/02\/Stark_Reinigungsgeraete_SBTW_E_silent-Battery_Lkw-.jpg 800w\" sizes=\"(max-width: 234px) 100vw, 234px\" \/><figcaption id=\"caption-attachment-26514\" class=\"wp-caption-text\">Die Akku-betriebene, mobile Waschanlage SBTW E silent Battery im Einsatz. Bild: Stark Reinigungsger\u00e4te GmbH<\/figcaption><\/figure>\n<p>Die Stark-Br\u00fcder erweiterten stetig das Programm und erwarben 1998 ein Grundst\u00fcck im verkehrsg\u00fcnstig gelegenen Ellwanger Industriegebiet, direkt an der A7. Es folgte im jahr 1999 der Bau einer SB-Waschanlage f\u00fcr Pkw. Das Kerngesch\u00e4ft war jedoch weiterhin der Vertrieb von Reinigungstechnik. Unter anderem baute man das Programm f\u00fcr mobile Reinigungsanlagen f\u00fcr Lkw stetig aus.<\/p>\n<p>2011 realisierten die beiden Br\u00fcder mit dem hauseigenen Testcenter ein neuartiges Konzept f\u00fcr den Vertrieb von Waschanlagen und Reinigungsger\u00e4te. Seitdem haben potenzielle Kunden direkt vor Ort die M\u00f6glichkeit verschiedenste Modelle und Ausf\u00fchrungen vor Ort zu begutachten und direkt zu testen. Im Jahr 2022 ist eine Erweiterung des Testcenters geplant.<\/p>\n<blockquote><p><span style=\"font-size: 12.0pt;\">&#8222;Nicht jeder Betreiber einer Lkw-Werkstatt oder Spediteur hat den Platz f\u00fcr eine teure automatische Waschstra\u00dfe. Zudem sind die beh\u00f6rdliche Auflagen f\u00fcr\u00a0 Portalwaschanlagen hoch.\u00a0 Eine Alternative sind leistungsf\u00e4hige, mobile Waschanlagen&#8220;, so J\u00fcrgen Stark.<\/span><\/p><\/blockquote>\n<p>Mittlerweile sind die mobilen Lkw-Waschanlagen von Stark in \u00fcber 15 Versionen und Ausstattungsvarianten erh\u00e4ltlich, mit Benzin- oder Dieselmotor, elektrisch, mit Kabel oder Akku.<\/p>\n<p>&nbsp;<\/p>\n","protected":false},"excerpt":{"rendered":"<p>Im Jahr 1996 gr\u00fcndete J\u00fcrgen und Matthias Stark die Stark Reinigungsger\u00e4te GmbH. <span class=\"excerpt-more__dots\">&#8230;<\/span> <a class=\"excerpt-more__link\" href=\"https:\/\/www.krafthand.de\/truck\/artikel\/25-jahre-im-zeichen-der-sauberkeit-26506\/\" >weiter<\/a><\/p>\n","protected":false},"author":9,"featured_media":26510,"comment_status":"closed","ping_status":"closed","sticky":false,"template":"","format":"standard","meta":{"footnotes":""},"categories":[4216,4235],"tags":[1618,56,3419,4091],"settings":[],"class_list":["post-26506","post","type-post","status-publish","format-standard","has-post-thumbnail","hentry","category-nfz-service","category-unternehmen","tag-fahrzeugreinigung","tag-lkw","tag-stark","tag-waschanlage"],"yoast_head":"<!-- This site is optimized with the Yoast SEO plugin v27.3 - https:\/\/yoast.com\/product\/yoast-seo-wordpress\/ -->\n<title>25 Jahre im Zeichen der Sauberkeit - Krafthand-Truck<\/title>\n<meta name=\"robots\" content=\"index, follow, max-snippet:-1, max-image-preview:large, max-video-preview:-1\" \/>\n<link rel=\"canonical\" href=\"https:\/\/www.krafthand.de\/truck\/artikel\/25-jahre-im-zeichen-der-sauberkeit-26506\/\" \/>\n<meta property=\"og:locale\" content=\"de_DE\" \/>\n<meta property=\"og:type\" content=\"article\" \/>\n<meta property=\"og:title\" content=\"25 Jahre im Zeichen der Sauberkeit - Krafthand-Truck\" \/>\n<meta property=\"og:description\" content=\"Im Jahr 1996 gr\u00fcndete J\u00fcrgen und Matthias Stark die Stark Reinigungsger\u00e4te GmbH. ... weiter\" \/>\n<meta property=\"og:url\" content=\"https:\/\/www.krafthand-truck.de\/artikel\/25-jahre-im-zeichen-der-sauberkeit-26506\/\" \/>\n<meta property=\"og:site_name\" content=\"Krafthand-Truck\" \/>\n<meta property=\"article:published_time\" content=\"2021-02-23T14:29:29+00:00\" \/>\n<meta property=\"article:modified_time\" content=\"2021-11-26T14:11:43+00:00\" \/>\n<meta property=\"og:image\" content=\"https:\/\/www.krafthand.de\/truck\/wp-content\/uploads\/2021\/02\/Jubilaeum_Stark_Reinigungsgeraete_Vorfuehrcenter.jpg\" \/>\n\t<meta property=\"og:image:width\" content=\"1000\" \/>\n\t<meta property=\"og:image:height\" content=\"615\" \/>\n\t<meta property=\"og:image:type\" content=\"image\/jpeg\" \/>\n<meta name=\"author\" content=\"georg.blenk@krafthand-medien.de\" \/>\n<meta name=\"twitter:card\" content=\"summary_large_image\" \/>\n<meta name=\"twitter:label1\" content=\"Verfasst von\" \/>\n\t<meta name=\"twitter:data1\" content=\"georg.blenk@krafthand-medien.de\" \/>\n\t<meta name=\"twitter:label2\" content=\"Gesch\u00e4tzte Lesezeit\" \/>\n\t<meta name=\"twitter:data2\" content=\"2\u00a0Minuten\" \/>\n<script type=\"application\/ld+json\" class=\"yoast-schema-graph\">{\"@context\":\"https:\\\/\\\/schema.org\",\"@graph\":[{\"@type\":\"Article\",\"@id\":\"https:\\\/\\\/www.krafthand.de\\\/truck\\\/artikel\\\/25-jahre-im-zeichen-der-sauberkeit-26506\\\/#article\",\"isPartOf\":{\"@id\":\"https:\\\/\\\/www.krafthand.de\\\/truck\\\/artikel\\\/25-jahre-im-zeichen-der-sauberkeit-26506\\\/\"},\"author\":{\"name\":\"georg.blenk@krafthand-medien.de\",\"@id\":\"https:\\\/\\\/www.krafthand.de\\\/truck\\\/#\\\/schema\\\/person\\\/51fa80b1c57034c4bf63f9f988fc24ce\"},\"headline\":\"25 Jahre im Zeichen der Sauberkeit\",\"datePublished\":\"2021-02-23T14:29:29+00:00\",\"dateModified\":\"2021-11-26T14:11:43+00:00\",\"mainEntityOfPage\":{\"@id\":\"https:\\\/\\\/www.krafthand.de\\\/truck\\\/artikel\\\/25-jahre-im-zeichen-der-sauberkeit-26506\\\/\"},\"wordCount\":275,\"image\":{\"@id\":\"https:\\\/\\\/www.krafthand.de\\\/truck\\\/artikel\\\/25-jahre-im-zeichen-der-sauberkeit-26506\\\/#primaryimage\"},\"thumbnailUrl\":\"https:\\\/\\\/static.krafthand-truck.de\\\/uploads\\\/2021\\\/02\\\/Jubilaeum_Stark_Reinigungsgeraete_Vorfuehrcenter.jpg\",\"keywords\":[\"Fahrzeugreinigung\",\"Lkw\",\"Stark\",\"Waschanlage\"],\"articleSection\":[\"Nfz-Service\",\"Unternehmen\"],\"inLanguage\":\"de\"},{\"@type\":\"WebPage\",\"@id\":\"https:\\\/\\\/www.krafthand.de\\\/truck\\\/artikel\\\/25-jahre-im-zeichen-der-sauberkeit-26506\\\/\",\"url\":\"https:\\\/\\\/www.krafthand.de\\\/truck\\\/artikel\\\/25-jahre-im-zeichen-der-sauberkeit-26506\\\/\",\"name\":\"25 Jahre im Zeichen der Sauberkeit - Krafthand-Truck\",\"isPartOf\":{\"@id\":\"https:\\\/\\\/www.krafthand.de\\\/truck\\\/#website\"},\"primaryImageOfPage\":{\"@id\":\"https:\\\/\\\/www.krafthand.de\\\/truck\\\/artikel\\\/25-jahre-im-zeichen-der-sauberkeit-26506\\\/#primaryimage\"},\"image\":{\"@id\":\"https:\\\/\\\/www.krafthand.de\\\/truck\\\/artikel\\\/25-jahre-im-zeichen-der-sauberkeit-26506\\\/#primaryimage\"},\"thumbnailUrl\":\"https:\\\/\\\/static.krafthand-truck.de\\\/uploads\\\/2021\\\/02\\\/Jubilaeum_Stark_Reinigungsgeraete_Vorfuehrcenter.jpg\",\"datePublished\":\"2021-02-23T14:29:29+00:00\",\"dateModified\":\"2021-11-26T14:11:43+00:00\",\"author\":{\"@id\":\"https:\\\/\\\/www.krafthand.de\\\/truck\\\/#\\\/schema\\\/person\\\/51fa80b1c57034c4bf63f9f988fc24ce\"},\"breadcrumb\":{\"@id\":\"https:\\\/\\\/www.krafthand.de\\\/truck\\\/artikel\\\/25-jahre-im-zeichen-der-sauberkeit-26506\\\/#breadcrumb\"},\"inLanguage\":\"de\",\"potentialAction\":[{\"@type\":\"ReadAction\",\"target\":[\"https:\\\/\\\/www.krafthand.de\\\/truck\\\/artikel\\\/25-jahre-im-zeichen-der-sauberkeit-26506\\\/\"]}]},{\"@type\":\"ImageObject\",\"inLanguage\":\"de\",\"@id\":\"https:\\\/\\\/www.krafthand.de\\\/truck\\\/artikel\\\/25-jahre-im-zeichen-der-sauberkeit-26506\\\/#primaryimage\",\"url\":\"https:\\\/\\\/static.krafthand-truck.de\\\/uploads\\\/2021\\\/02\\\/Jubilaeum_Stark_Reinigungsgeraete_Vorfuehrcenter.jpg\",\"contentUrl\":\"https:\\\/\\\/static.krafthand-truck.de\\\/uploads\\\/2021\\\/02\\\/Jubilaeum_Stark_Reinigungsgeraete_Vorfuehrcenter.jpg\",\"width\":1000,\"height\":615,\"caption\":\"Fahrzeugw\u00e4sche, Stark, Reinigungsger\u00e4te, Lkw, Waschanlage\"},{\"@type\":\"BreadcrumbList\",\"@id\":\"https:\\\/\\\/www.krafthand.de\\\/truck\\\/artikel\\\/25-jahre-im-zeichen-der-sauberkeit-26506\\\/#breadcrumb\",\"itemListElement\":[{\"@type\":\"ListItem\",\"position\":1,\"name\":\"Krafthand-Truck\",\"item\":\"https:\\\/\\\/www.krafthand.de\\\/truck\\\/\"},{\"@type\":\"ListItem\",\"position\":2,\"name\":\"Nfz-Service\",\"item\":\"https:\\\/\\\/www.krafthand.de\\\/truck\\\/kategorie\\\/nfz-service\\\/\"},{\"@type\":\"ListItem\",\"position\":3,\"name\":\"25 Jahre im Zeichen der Sauberkeit\"}]},{\"@type\":\"WebSite\",\"@id\":\"https:\\\/\\\/www.krafthand.de\\\/truck\\\/#website\",\"url\":\"https:\\\/\\\/www.krafthand.de\\\/truck\\\/\",\"name\":\"Krafthand-Truck\",\"description\":\"\",\"potentialAction\":[{\"@type\":\"SearchAction\",\"target\":{\"@type\":\"EntryPoint\",\"urlTemplate\":\"https:\\\/\\\/www.krafthand.de\\\/truck\\\/?s={search_term_string}\"},\"query-input\":{\"@type\":\"PropertyValueSpecification\",\"valueRequired\":true,\"valueName\":\"search_term_string\"}}],\"inLanguage\":\"de\"},{\"@type\":\"Person\",\"@id\":\"https:\\\/\\\/www.krafthand.de\\\/truck\\\/#\\\/schema\\\/person\\\/51fa80b1c57034c4bf63f9f988fc24ce\",\"name\":\"georg.blenk@krafthand-medien.de\",\"image\":{\"@type\":\"ImageObject\",\"inLanguage\":\"de\",\"@id\":\"https:\\\/\\\/secure.gravatar.com\\\/avatar\\\/93713c30affe0aa95d3a4130e499bb1abee2eb31adbdd9ce2aa1543538490215?s=96&d=mm&r=g\",\"url\":\"https:\\\/\\\/secure.gravatar.com\\\/avatar\\\/93713c30affe0aa95d3a4130e499bb1abee2eb31adbdd9ce2aa1543538490215?s=96&d=mm&r=g\",\"contentUrl\":\"https:\\\/\\\/secure.gravatar.com\\\/avatar\\\/93713c30affe0aa95d3a4130e499bb1abee2eb31adbdd9ce2aa1543538490215?s=96&d=mm&r=g\",\"caption\":\"georg.blenk@krafthand-medien.de\"}}]}<\/script>\n<!-- \/ Yoast SEO plugin. -->","yoast_head_json":{"title":"25 Jahre im Zeichen der Sauberkeit - Krafthand-Truck","robots":{"index":"index","follow":"follow","max-snippet":"max-snippet:-1","max-image-preview":"max-image-preview:large","max-video-preview":"max-video-preview:-1"},"canonical":"https:\/\/www.krafthand.de\/truck\/artikel\/25-jahre-im-zeichen-der-sauberkeit-26506\/","og_locale":"de_DE","og_type":"article","og_title":"25 Jahre im Zeichen der Sauberkeit - Krafthand-Truck","og_description":"Im Jahr 1996 gr\u00fcndete J\u00fcrgen und Matthias Stark die Stark Reinigungsger\u00e4te GmbH. ... weiter","og_url":"https:\/\/www.krafthand-truck.de\/artikel\/25-jahre-im-zeichen-der-sauberkeit-26506\/","og_site_name":"Krafthand-Truck","article_published_time":"2021-02-23T14:29:29+00:00","article_modified_time":"2021-11-26T14:11:43+00:00","og_image":[{"width":1000,"height":615,"url":"https:\/\/www.krafthand.de\/truck\/wp-content\/uploads\/2021\/02\/Jubilaeum_Stark_Reinigungsgeraete_Vorfuehrcenter.jpg","type":"image\/jpeg"}],"author":"georg.blenk@krafthand-medien.de","twitter_card":"summary_large_image","twitter_misc":{"Verfasst von":"georg.blenk@krafthand-medien.de","Gesch\u00e4tzte Lesezeit":"2\u00a0Minuten"},"schema":{"@context":"https:\/\/schema.org","@graph":[{"@type":"Article","@id":"https:\/\/www.krafthand.de\/truck\/artikel\/25-jahre-im-zeichen-der-sauberkeit-26506\/#article","isPartOf":{"@id":"https:\/\/www.krafthand.de\/truck\/artikel\/25-jahre-im-zeichen-der-sauberkeit-26506\/"},"author":{"name":"georg.blenk@krafthand-medien.de","@id":"https:\/\/www.krafthand.de\/truck\/#\/schema\/person\/51fa80b1c57034c4bf63f9f988fc24ce"},"headline":"25 Jahre im Zeichen der Sauberkeit","datePublished":"2021-02-23T14:29:29+00:00","dateModified":"2021-11-26T14:11:43+00:00","mainEntityOfPage":{"@id":"https:\/\/www.krafthand.de\/truck\/artikel\/25-jahre-im-zeichen-der-sauberkeit-26506\/"},"wordCount":275,"image":{"@id":"https:\/\/www.krafthand.de\/truck\/artikel\/25-jahre-im-zeichen-der-sauberkeit-26506\/#primaryimage"},"thumbnailUrl":"https:\/\/static.krafthand-truck.de\/uploads\/2021\/02\/Jubilaeum_Stark_Reinigungsgeraete_Vorfuehrcenter.jpg","keywords":["Fahrzeugreinigung","Lkw","Stark","Waschanlage"],"articleSection":["Nfz-Service","Unternehmen"],"inLanguage":"de"},{"@type":"WebPage","@id":"https:\/\/www.krafthand.de\/truck\/artikel\/25-jahre-im-zeichen-der-sauberkeit-26506\/","url":"https:\/\/www.krafthand.de\/truck\/artikel\/25-jahre-im-zeichen-der-sauberkeit-26506\/","name":"25 Jahre im Zeichen der Sauberkeit - Krafthand-Truck","isPartOf":{"@id":"https:\/\/www.krafthand.de\/truck\/#website"},"primaryImageOfPage":{"@id":"https:\/\/www.krafthand.de\/truck\/artikel\/25-jahre-im-zeichen-der-sauberkeit-26506\/#primaryimage"},"image":{"@id":"https:\/\/www.krafthand.de\/truck\/artikel\/25-jahre-im-zeichen-der-sauberkeit-26506\/#primaryimage"},"thumbnailUrl":"https:\/\/static.krafthand-truck.de\/uploads\/2021\/02\/Jubilaeum_Stark_Reinigungsgeraete_Vorfuehrcenter.jpg","datePublished":"2021-02-23T14:29:29+00:00","dateModified":"2021-11-26T14:11:43+00:00","author":{"@id":"https:\/\/www.krafthand.de\/truck\/#\/schema\/person\/51fa80b1c57034c4bf63f9f988fc24ce"},"breadcrumb":{"@id":"https:\/\/www.krafthand.de\/truck\/artikel\/25-jahre-im-zeichen-der-sauberkeit-26506\/#breadcrumb"},"inLanguage":"de","potentialAction":[{"@type":"ReadAction","target":["https:\/\/www.krafthand.de\/truck\/artikel\/25-jahre-im-zeichen-der-sauberkeit-26506\/"]}]},{"@type":"ImageObject","inLanguage":"de","@id":"https:\/\/www.krafthand.de\/truck\/artikel\/25-jahre-im-zeichen-der-sauberkeit-26506\/#primaryimage","url":"https:\/\/static.krafthand-truck.de\/uploads\/2021\/02\/Jubilaeum_Stark_Reinigungsgeraete_Vorfuehrcenter.jpg","contentUrl":"https:\/\/static.krafthand-truck.de\/uploads\/2021\/02\/Jubilaeum_Stark_Reinigungsgeraete_Vorfuehrcenter.jpg","width":1000,"height":615,"caption":"Fahrzeugw\u00e4sche, Stark, Reinigungsger\u00e4te, Lkw, Waschanlage"},{"@type":"BreadcrumbList","@id":"https:\/\/www.krafthand.de\/truck\/artikel\/25-jahre-im-zeichen-der-sauberkeit-26506\/#breadcrumb","itemListElement":[{"@type":"ListItem","position":1,"name":"Krafthand-Truck","item":"https:\/\/www.krafthand.de\/truck\/"},{"@type":"ListItem","position":2,"name":"Nfz-Service","item":"https:\/\/www.krafthand.de\/truck\/kategorie\/nfz-service\/"},{"@type":"ListItem","position":3,"name":"25 Jahre im Zeichen der Sauberkeit"}]},{"@type":"WebSite","@id":"https:\/\/www.krafthand.de\/truck\/#website","url":"https:\/\/www.krafthand.de\/truck\/","name":"Krafthand-Truck","description":"","potentialAction":[{"@type":"SearchAction","target":{"@type":"EntryPoint","urlTemplate":"https:\/\/www.krafthand.de\/truck\/?s={search_term_string}"},"query-input":{"@type":"PropertyValueSpecification","valueRequired":true,"valueName":"search_term_string"}}],"inLanguage":"de"},{"@type":"Person","@id":"https:\/\/www.krafthand.de\/truck\/#\/schema\/person\/51fa80b1c57034c4bf63f9f988fc24ce","name":"georg.blenk@krafthand-medien.de","image":{"@type":"ImageObject","inLanguage":"de","@id":"https:\/\/secure.gravatar.com\/avatar\/93713c30affe0aa95d3a4130e499bb1abee2eb31adbdd9ce2aa1543538490215?s=96&d=mm&r=g","url":"https:\/\/secure.gravatar.com\/avatar\/93713c30affe0aa95d3a4130e499bb1abee2eb31adbdd9ce2aa1543538490215?s=96&d=mm&r=g","contentUrl":"https:\/\/secure.gravatar.com\/avatar\/93713c30affe0aa95d3a4130e499bb1abee2eb31adbdd9ce2aa1543538490215?s=96&d=mm&r=g","caption":"georg.blenk@krafthand-medien.de"}}]}},"_links":{"self":[{"href":"https:\/\/www.krafthand.de\/truck\/wp-json\/wp\/v2\/posts\/26506","targetHints":{"allow":["GET"]}}],"collection":[{"href":"https:\/\/www.krafthand.de\/truck\/wp-json\/wp\/v2\/posts"}],"about":[{"href":"https:\/\/www.krafthand.de\/truck\/wp-json\/wp\/v2\/types\/post"}],"author":[{"embeddable":true,"href":"https:\/\/www.krafthand.de\/truck\/wp-json\/wp\/v2\/users\/9"}],"replies":[{"embeddable":true,"href":"https:\/\/www.krafthand.de\/truck\/wp-json\/wp\/v2\/comments?post=26506"}],"version-history":[{"count":12,"href":"https:\/\/www.krafthand.de\/truck\/wp-json\/wp\/v2\/posts\/26506\/revisions"}],"predecessor-version":[{"id":26520,"href":"https:\/\/www.krafthand.de\/truck\/wp-json\/wp\/v2\/posts\/26506\/revisions\/26520"}],"wp:featuredmedia":[{"embeddable":true,"href":"https:\/\/www.krafthand.de\/truck\/wp-json\/wp\/v2\/media\/26510"}],"wp:attachment":[{"href":"https:\/\/www.krafthand.de\/truck\/wp-json\/wp\/v2\/media?parent=26506"}],"wp:term":[{"taxonomy":"category","embeddable":true,"href":"https:\/\/www.krafthand.de\/truck\/wp-json\/wp\/v2\/categories?post=26506"},{"taxonomy":"post_tag","embeddable":true,"href":"https:\/\/www.krafthand.de\/truck\/wp-json\/wp\/v2\/tags?post=26506"},{"taxonomy":"settings","embeddable":true,"href":"https:\/\/www.krafthand.de\/truck\/wp-json\/wp\/v2\/settings?post=26506"}],"curies":[{"name":"wp","href":"https:\/\/api.w.org\/{rel}","templated":true}]}}