{"id":26493,"date":"2021-02-22T11:01:01","date_gmt":"2021-02-22T10:01:01","guid":{"rendered":"https:\/\/www.krafthand.de\/truck\/?p=26493"},"modified":"2021-03-09T17:49:18","modified_gmt":"2021-03-09T16:49:18","slug":"eactros-und-eeconic-im-wintertest","status":"publish","type":"post","link":"https:\/\/www.krafthand.de\/truck\/artikel\/eactros-und-eeconic-im-wintertest-26493\/","title":{"rendered":"eActros und eEconic im Wintertest"},"content":{"rendered":"<p>Mercedes-Benz unterzog je einen seriennahen Prototypen eines eActros und eines eEconic einem Wintertest. Die batterieelektrischen Lkw mussten sich bei Schnee und Eis &#8211; sowohl im Transportalltag bei Kunden als auch im intensiven Einsatz auf der Teststrecke &#8211; beweisen.<\/p>\n<p>Versuchsingenieure von Mercedes-Benz Lkw haben bei klirrender K\u00e4lte beide Fahrzeuge auf Herz und Nieren gepr\u00fcft und unterschiedlichsten Tests unterzogen. Besonderes Augenmerk haben die Experten den Angaben zufolge auf das Verhalten der Batterien und des elektrischen Antriebsstrangs bei widrigen Witterungsverh\u00e4ltnissen gelegt. Zudem wurden das Thermo- und Energiemanagement intensiv getestet. Beides sorgt daf\u00fcr, dass sowohl der Antriebsstrang als auch die Fahrerkabine selbst bei tiefen Temperaturen richtig und energieeffizient temperiert sind. Im \u00dcbrigen: Der eActros ist bereits seit 2018 als Prototyp bei im Kundeneinsatz. Man darf gespannt sein, wie sich die beiden Nutzfahrzeuge tats\u00e4chlich im Arbeitsalltag bew\u00e4hren. Detaillierte Testergebnisse gab Mercedes-Benz Trucks vorerst nicht bekannt.<\/p>\n<p><img fetchpriority=\"high\" decoding=\"async\" class=\"alignleft wp-image-26497 size-medium\" src=\"https:\/\/www.krafthand.de\/truck\/wp-content\/uploads\/2021\/02\/Wintertest_eActros_eConic_Mercedes_003-238x300.jpg\" alt=\"eActros, eConic, Wintertest\" width=\"238\" height=\"300\" srcset=\"https:\/\/static.krafthand-truck.de\/uploads\/2021\/02\/Wintertest_eActros_eConic_Mercedes_003-238x300.jpg 238w, https:\/\/static.krafthand-truck.de\/uploads\/2021\/02\/Wintertest_eActros_eConic_Mercedes_003.jpg 682w\" sizes=\"(max-width: 238px) 100vw, 238px\" \/><\/p>\n<p>Start der Serienproduktion des Mercedes-Benz eActros f\u00fcr den schweren Verteilerverkehr ist f\u00fcr dieses Jahr geplant. Der Serien-eActros wird dem bisherigen Prototyp in einigen Punkten \u2013 wie beispielsweise der Reichweite, der Antriebsleistung und der Sicherheit \u2013 \u00fcberlegen sein. Der Serienstart des Niederflur-Lkw Mercedes-Benz eEconic f\u00fcr den Kommunaleinsatz, der auf dem eActros basiert, ist f\u00fcr kommendes Jahr vorgesehen \u2013 erste Kundenerprobungen sind in Planung. Der eEconic wird \u00fcberwiegend als Abfallsammelfahrzeug im urbanen Einsatz in der Entsorgungswirtschaft unterwegs sein.<\/p>\n","protected":false},"excerpt":{"rendered":"<p>Mercedes-Benz testete je einen seriennahen Prototypen eines eActros und eines eEconic unter winterlichen Bedingungen. <span class=\"excerpt-more__dots\">&#8230;<\/span> <a class=\"excerpt-more__link\" href=\"https:\/\/www.krafthand.de\/truck\/artikel\/eactros-und-eeconic-im-wintertest-26493\/\" >weiter<\/a><\/p>\n","protected":false},"author":9,"featured_media":26494,"comment_status":"closed","ping_status":"closed","sticky":false,"template":"","format":"standard","meta":{"footnotes":""},"categories":[4224,4222],"tags":[481,4197,479],"settings":[3523],"class_list":["post-26493","post","type-post","status-publish","format-standard","has-post-thumbnail","hentry","category-e-antrieb","category-nfz-technik","tag-actros","tag-econic","tag-mercedes-benz"],"yoast_head":"<!-- This site is optimized with the Yoast SEO plugin v27.3 - https:\/\/yoast.com\/product\/yoast-seo-wordpress\/ -->\n<title>eActros und eEconic im Wintertest - Krafthand-Truck<\/title>\n<meta name=\"robots\" content=\"index, follow, max-snippet:-1, max-image-preview:large, max-video-preview:-1\" \/>\n<link rel=\"canonical\" href=\"https:\/\/www.krafthand.de\/truck\/artikel\/eactros-und-eeconic-im-wintertest-26493\/\" \/>\n<meta property=\"og:locale\" content=\"de_DE\" \/>\n<meta property=\"og:type\" content=\"article\" \/>\n<meta property=\"og:title\" content=\"eActros und eEconic im Wintertest - Krafthand-Truck\" \/>\n<meta property=\"og:description\" content=\"Mercedes-Benz testete je einen seriennahen Prototypen eines eActros und eines eEconic unter winterlichen Bedingungen. ... weiter\" \/>\n<meta property=\"og:url\" content=\"https:\/\/www.krafthand-truck.de\/artikel\/eactros-und-eeconic-im-wintertest-26493\/\" \/>\n<meta property=\"og:site_name\" content=\"Krafthand-Truck\" \/>\n<meta property=\"article:published_time\" content=\"2021-02-22T10:01:01+00:00\" \/>\n<meta property=\"article:modified_time\" content=\"2021-03-09T16:49:18+00:00\" \/>\n<meta property=\"og:image\" content=\"https:\/\/www.krafthand.de\/truck\/wp-content\/uploads\/2021\/02\/Wintertest_eActros_Mercedes_002.jpg\" \/>\n\t<meta property=\"og:image:width\" content=\"1024\" \/>\n\t<meta property=\"og:image:height\" content=\"683\" \/>\n\t<meta property=\"og:image:type\" content=\"image\/jpeg\" \/>\n<meta name=\"author\" content=\"georg.blenk@krafthand-medien.de\" \/>\n<meta name=\"twitter:card\" content=\"summary_large_image\" \/>\n<meta name=\"twitter:label1\" content=\"Verfasst von\" \/>\n\t<meta name=\"twitter:data1\" content=\"georg.blenk@krafthand-medien.de\" \/>\n\t<meta name=\"twitter:label2\" content=\"Gesch\u00e4tzte Lesezeit\" \/>\n\t<meta name=\"twitter:data2\" content=\"2\u00a0Minuten\" \/>\n<script type=\"application\/ld+json\" class=\"yoast-schema-graph\">{\"@context\":\"https:\\\/\\\/schema.org\",\"@graph\":[{\"@type\":\"Article\",\"@id\":\"https:\\\/\\\/www.krafthand.de\\\/truck\\\/artikel\\\/eactros-und-eeconic-im-wintertest-26493\\\/#article\",\"isPartOf\":{\"@id\":\"https:\\\/\\\/www.krafthand.de\\\/truck\\\/artikel\\\/eactros-und-eeconic-im-wintertest-26493\\\/\"},\"author\":{\"name\":\"georg.blenk@krafthand-medien.de\",\"@id\":\"https:\\\/\\\/www.krafthand.de\\\/truck\\\/#\\\/schema\\\/person\\\/51fa80b1c57034c4bf63f9f988fc24ce\"},\"headline\":\"eActros und eEconic im Wintertest\",\"datePublished\":\"2021-02-22T10:01:01+00:00\",\"dateModified\":\"2021-03-09T16:49:18+00:00\",\"mainEntityOfPage\":{\"@id\":\"https:\\\/\\\/www.krafthand.de\\\/truck\\\/artikel\\\/eactros-und-eeconic-im-wintertest-26493\\\/\"},\"wordCount\":227,\"image\":{\"@id\":\"https:\\\/\\\/www.krafthand.de\\\/truck\\\/artikel\\\/eactros-und-eeconic-im-wintertest-26493\\\/#primaryimage\"},\"thumbnailUrl\":\"https:\\\/\\\/static.krafthand-truck.de\\\/uploads\\\/2021\\\/02\\\/Wintertest_eActros_Mercedes_002.jpg\",\"keywords\":[\"Actros\",\"Econic\",\"Mercedes-Benz\"],\"articleSection\":[\"E-Antrieb (BEV\\\/FCEV)\",\"Nfz-Technik\"],\"inLanguage\":\"de\"},{\"@type\":\"WebPage\",\"@id\":\"https:\\\/\\\/www.krafthand.de\\\/truck\\\/artikel\\\/eactros-und-eeconic-im-wintertest-26493\\\/\",\"url\":\"https:\\\/\\\/www.krafthand.de\\\/truck\\\/artikel\\\/eactros-und-eeconic-im-wintertest-26493\\\/\",\"name\":\"eActros und eEconic im Wintertest - Krafthand-Truck\",\"isPartOf\":{\"@id\":\"https:\\\/\\\/www.krafthand.de\\\/truck\\\/#website\"},\"primaryImageOfPage\":{\"@id\":\"https:\\\/\\\/www.krafthand.de\\\/truck\\\/artikel\\\/eactros-und-eeconic-im-wintertest-26493\\\/#primaryimage\"},\"image\":{\"@id\":\"https:\\\/\\\/www.krafthand.de\\\/truck\\\/artikel\\\/eactros-und-eeconic-im-wintertest-26493\\\/#primaryimage\"},\"thumbnailUrl\":\"https:\\\/\\\/static.krafthand-truck.de\\\/uploads\\\/2021\\\/02\\\/Wintertest_eActros_Mercedes_002.jpg\",\"datePublished\":\"2021-02-22T10:01:01+00:00\",\"dateModified\":\"2021-03-09T16:49:18+00:00\",\"author\":{\"@id\":\"https:\\\/\\\/www.krafthand.de\\\/truck\\\/#\\\/schema\\\/person\\\/51fa80b1c57034c4bf63f9f988fc24ce\"},\"breadcrumb\":{\"@id\":\"https:\\\/\\\/www.krafthand.de\\\/truck\\\/artikel\\\/eactros-und-eeconic-im-wintertest-26493\\\/#breadcrumb\"},\"inLanguage\":\"de\",\"potentialAction\":[{\"@type\":\"ReadAction\",\"target\":[\"https:\\\/\\\/www.krafthand.de\\\/truck\\\/artikel\\\/eactros-und-eeconic-im-wintertest-26493\\\/\"]}]},{\"@type\":\"ImageObject\",\"inLanguage\":\"de\",\"@id\":\"https:\\\/\\\/www.krafthand.de\\\/truck\\\/artikel\\\/eactros-und-eeconic-im-wintertest-26493\\\/#primaryimage\",\"url\":\"https:\\\/\\\/static.krafthand-truck.de\\\/uploads\\\/2021\\\/02\\\/Wintertest_eActros_Mercedes_002.jpg\",\"contentUrl\":\"https:\\\/\\\/static.krafthand-truck.de\\\/uploads\\\/2021\\\/02\\\/Wintertest_eActros_Mercedes_002.jpg\",\"width\":1024,\"height\":683,\"caption\":\"eAcros, eConic, Mercedes, Wintertest\"},{\"@type\":\"BreadcrumbList\",\"@id\":\"https:\\\/\\\/www.krafthand.de\\\/truck\\\/artikel\\\/eactros-und-eeconic-im-wintertest-26493\\\/#breadcrumb\",\"itemListElement\":[{\"@type\":\"ListItem\",\"position\":1,\"name\":\"Krafthand-Truck\",\"item\":\"https:\\\/\\\/www.krafthand.de\\\/truck\\\/\"},{\"@type\":\"ListItem\",\"position\":2,\"name\":\"Nfz-Technik\",\"item\":\"https:\\\/\\\/www.krafthand.de\\\/truck\\\/kategorie\\\/nfz-technik\\\/\"},{\"@type\":\"ListItem\",\"position\":3,\"name\":\"eActros und eEconic im Wintertest\"}]},{\"@type\":\"WebSite\",\"@id\":\"https:\\\/\\\/www.krafthand.de\\\/truck\\\/#website\",\"url\":\"https:\\\/\\\/www.krafthand.de\\\/truck\\\/\",\"name\":\"Krafthand-Truck\",\"description\":\"\",\"potentialAction\":[{\"@type\":\"SearchAction\",\"target\":{\"@type\":\"EntryPoint\",\"urlTemplate\":\"https:\\\/\\\/www.krafthand.de\\\/truck\\\/?s={search_term_string}\"},\"query-input\":{\"@type\":\"PropertyValueSpecification\",\"valueRequired\":true,\"valueName\":\"search_term_string\"}}],\"inLanguage\":\"de\"},{\"@type\":\"Person\",\"@id\":\"https:\\\/\\\/www.krafthand.de\\\/truck\\\/#\\\/schema\\\/person\\\/51fa80b1c57034c4bf63f9f988fc24ce\",\"name\":\"georg.blenk@krafthand-medien.de\",\"image\":{\"@type\":\"ImageObject\",\"inLanguage\":\"de\",\"@id\":\"https:\\\/\\\/secure.gravatar.com\\\/avatar\\\/93713c30affe0aa95d3a4130e499bb1abee2eb31adbdd9ce2aa1543538490215?s=96&d=mm&r=g\",\"url\":\"https:\\\/\\\/secure.gravatar.com\\\/avatar\\\/93713c30affe0aa95d3a4130e499bb1abee2eb31adbdd9ce2aa1543538490215?s=96&d=mm&r=g\",\"contentUrl\":\"https:\\\/\\\/secure.gravatar.com\\\/avatar\\\/93713c30affe0aa95d3a4130e499bb1abee2eb31adbdd9ce2aa1543538490215?s=96&d=mm&r=g\",\"caption\":\"georg.blenk@krafthand-medien.de\"}}]}<\/script>\n<!-- \/ Yoast SEO plugin. -->","yoast_head_json":{"title":"eActros und eEconic im Wintertest - Krafthand-Truck","robots":{"index":"index","follow":"follow","max-snippet":"max-snippet:-1","max-image-preview":"max-image-preview:large","max-video-preview":"max-video-preview:-1"},"canonical":"https:\/\/www.krafthand.de\/truck\/artikel\/eactros-und-eeconic-im-wintertest-26493\/","og_locale":"de_DE","og_type":"article","og_title":"eActros und eEconic im Wintertest - Krafthand-Truck","og_description":"Mercedes-Benz testete je einen seriennahen Prototypen eines eActros und eines eEconic unter winterlichen Bedingungen. ... weiter","og_url":"https:\/\/www.krafthand-truck.de\/artikel\/eactros-und-eeconic-im-wintertest-26493\/","og_site_name":"Krafthand-Truck","article_published_time":"2021-02-22T10:01:01+00:00","article_modified_time":"2021-03-09T16:49:18+00:00","og_image":[{"width":1024,"height":683,"url":"https:\/\/www.krafthand.de\/truck\/wp-content\/uploads\/2021\/02\/Wintertest_eActros_Mercedes_002.jpg","type":"image\/jpeg"}],"author":"georg.blenk@krafthand-medien.de","twitter_card":"summary_large_image","twitter_misc":{"Verfasst von":"georg.blenk@krafthand-medien.de","Gesch\u00e4tzte Lesezeit":"2\u00a0Minuten"},"schema":{"@context":"https:\/\/schema.org","@graph":[{"@type":"Article","@id":"https:\/\/www.krafthand.de\/truck\/artikel\/eactros-und-eeconic-im-wintertest-26493\/#article","isPartOf":{"@id":"https:\/\/www.krafthand.de\/truck\/artikel\/eactros-und-eeconic-im-wintertest-26493\/"},"author":{"name":"georg.blenk@krafthand-medien.de","@id":"https:\/\/www.krafthand.de\/truck\/#\/schema\/person\/51fa80b1c57034c4bf63f9f988fc24ce"},"headline":"eActros und eEconic im Wintertest","datePublished":"2021-02-22T10:01:01+00:00","dateModified":"2021-03-09T16:49:18+00:00","mainEntityOfPage":{"@id":"https:\/\/www.krafthand.de\/truck\/artikel\/eactros-und-eeconic-im-wintertest-26493\/"},"wordCount":227,"image":{"@id":"https:\/\/www.krafthand.de\/truck\/artikel\/eactros-und-eeconic-im-wintertest-26493\/#primaryimage"},"thumbnailUrl":"https:\/\/static.krafthand-truck.de\/uploads\/2021\/02\/Wintertest_eActros_Mercedes_002.jpg","keywords":["Actros","Econic","Mercedes-Benz"],"articleSection":["E-Antrieb (BEV\/FCEV)","Nfz-Technik"],"inLanguage":"de"},{"@type":"WebPage","@id":"https:\/\/www.krafthand.de\/truck\/artikel\/eactros-und-eeconic-im-wintertest-26493\/","url":"https:\/\/www.krafthand.de\/truck\/artikel\/eactros-und-eeconic-im-wintertest-26493\/","name":"eActros und eEconic im Wintertest - Krafthand-Truck","isPartOf":{"@id":"https:\/\/www.krafthand.de\/truck\/#website"},"primaryImageOfPage":{"@id":"https:\/\/www.krafthand.de\/truck\/artikel\/eactros-und-eeconic-im-wintertest-26493\/#primaryimage"},"image":{"@id":"https:\/\/www.krafthand.de\/truck\/artikel\/eactros-und-eeconic-im-wintertest-26493\/#primaryimage"},"thumbnailUrl":"https:\/\/static.krafthand-truck.de\/uploads\/2021\/02\/Wintertest_eActros_Mercedes_002.jpg","datePublished":"2021-02-22T10:01:01+00:00","dateModified":"2021-03-09T16:49:18+00:00","author":{"@id":"https:\/\/www.krafthand.de\/truck\/#\/schema\/person\/51fa80b1c57034c4bf63f9f988fc24ce"},"breadcrumb":{"@id":"https:\/\/www.krafthand.de\/truck\/artikel\/eactros-und-eeconic-im-wintertest-26493\/#breadcrumb"},"inLanguage":"de","potentialAction":[{"@type":"ReadAction","target":["https:\/\/www.krafthand.de\/truck\/artikel\/eactros-und-eeconic-im-wintertest-26493\/"]}]},{"@type":"ImageObject","inLanguage":"de","@id":"https:\/\/www.krafthand.de\/truck\/artikel\/eactros-und-eeconic-im-wintertest-26493\/#primaryimage","url":"https:\/\/static.krafthand-truck.de\/uploads\/2021\/02\/Wintertest_eActros_Mercedes_002.jpg","contentUrl":"https:\/\/static.krafthand-truck.de\/uploads\/2021\/02\/Wintertest_eActros_Mercedes_002.jpg","width":1024,"height":683,"caption":"eAcros, eConic, Mercedes, Wintertest"},{"@type":"BreadcrumbList","@id":"https:\/\/www.krafthand.de\/truck\/artikel\/eactros-und-eeconic-im-wintertest-26493\/#breadcrumb","itemListElement":[{"@type":"ListItem","position":1,"name":"Krafthand-Truck","item":"https:\/\/www.krafthand.de\/truck\/"},{"@type":"ListItem","position":2,"name":"Nfz-Technik","item":"https:\/\/www.krafthand.de\/truck\/kategorie\/nfz-technik\/"},{"@type":"ListItem","position":3,"name":"eActros und eEconic im Wintertest"}]},{"@type":"WebSite","@id":"https:\/\/www.krafthand.de\/truck\/#website","url":"https:\/\/www.krafthand.de\/truck\/","name":"Krafthand-Truck","description":"","potentialAction":[{"@type":"SearchAction","target":{"@type":"EntryPoint","urlTemplate":"https:\/\/www.krafthand.de\/truck\/?s={search_term_string}"},"query-input":{"@type":"PropertyValueSpecification","valueRequired":true,"valueName":"search_term_string"}}],"inLanguage":"de"},{"@type":"Person","@id":"https:\/\/www.krafthand.de\/truck\/#\/schema\/person\/51fa80b1c57034c4bf63f9f988fc24ce","name":"georg.blenk@krafthand-medien.de","image":{"@type":"ImageObject","inLanguage":"de","@id":"https:\/\/secure.gravatar.com\/avatar\/93713c30affe0aa95d3a4130e499bb1abee2eb31adbdd9ce2aa1543538490215?s=96&d=mm&r=g","url":"https:\/\/secure.gravatar.com\/avatar\/93713c30affe0aa95d3a4130e499bb1abee2eb31adbdd9ce2aa1543538490215?s=96&d=mm&r=g","contentUrl":"https:\/\/secure.gravatar.com\/avatar\/93713c30affe0aa95d3a4130e499bb1abee2eb31adbdd9ce2aa1543538490215?s=96&d=mm&r=g","caption":"georg.blenk@krafthand-medien.de"}}]}},"_links":{"self":[{"href":"https:\/\/www.krafthand.de\/truck\/wp-json\/wp\/v2\/posts\/26493","targetHints":{"allow":["GET"]}}],"collection":[{"href":"https:\/\/www.krafthand.de\/truck\/wp-json\/wp\/v2\/posts"}],"about":[{"href":"https:\/\/www.krafthand.de\/truck\/wp-json\/wp\/v2\/types\/post"}],"author":[{"embeddable":true,"href":"https:\/\/www.krafthand.de\/truck\/wp-json\/wp\/v2\/users\/9"}],"replies":[{"embeddable":true,"href":"https:\/\/www.krafthand.de\/truck\/wp-json\/wp\/v2\/comments?post=26493"}],"version-history":[{"count":10,"href":"https:\/\/www.krafthand.de\/truck\/wp-json\/wp\/v2\/posts\/26493\/revisions"}],"predecessor-version":[{"id":26505,"href":"https:\/\/www.krafthand.de\/truck\/wp-json\/wp\/v2\/posts\/26493\/revisions\/26505"}],"wp:featuredmedia":[{"embeddable":true,"href":"https:\/\/www.krafthand.de\/truck\/wp-json\/wp\/v2\/media\/26494"}],"wp:attachment":[{"href":"https:\/\/www.krafthand.de\/truck\/wp-json\/wp\/v2\/media?parent=26493"}],"wp:term":[{"taxonomy":"category","embeddable":true,"href":"https:\/\/www.krafthand.de\/truck\/wp-json\/wp\/v2\/categories?post=26493"},{"taxonomy":"post_tag","embeddable":true,"href":"https:\/\/www.krafthand.de\/truck\/wp-json\/wp\/v2\/tags?post=26493"},{"taxonomy":"settings","embeddable":true,"href":"https:\/\/www.krafthand.de\/truck\/wp-json\/wp\/v2\/settings?post=26493"}],"curies":[{"name":"wp","href":"https:\/\/api.w.org\/{rel}","templated":true}]}}