{"id":26478,"date":"2021-02-16T11:58:17","date_gmt":"2021-02-16T10:58:17","guid":{"rendered":"https:\/\/www.krafthand.de\/truck\/?p=26478"},"modified":"2021-06-24T14:54:36","modified_gmt":"2021-06-24T12:54:36","slug":"christian-loidolt-ist-neuer-geschaeftsfuehrer","status":"publish","type":"post","link":"https:\/\/www.krafthand.de\/truck\/artikel\/christian-loidolt-ist-neuer-geschaeftsfuehrer-26478\/","title":{"rendered":"Christian Loidolt ist neuer Gesch\u00e4ftsf\u00fchrer"},"content":{"rendered":"<p>Christian Loidolt \u00fcbernimmt die Gesch\u00e4ftsf\u00fchrung und den Vorsitz der Gesch\u00e4ftsleitung der <a href=\"https:\/\/www.original-pe.com\/de\/start.html\" target=\"_blank\" rel=\"noopener\">PE Automotive GmbH &amp; Co. KG<\/a>. Er ist Nachfolger von Ralf Maurer, der ebenfalls beide Positionen inne hatte. Bereits am 01.02.2021 nahm er seine T\u00e4tigkeit auf. Loidolt soll laut PE Automotive, gemeinsam mit dem langj\u00e4hrigen Gesch\u00e4ftsf\u00fchrer Markus Seitz, die Gesch\u00e4ftst\u00e4tigkeiten bei PE vorantreiben.<\/p>\n<p>Christian Loidolt verf\u00fcgt \u00fcber langj\u00e4hrige Erfahrungen in unterschiedlichen F\u00fchrungsfunktionen bei international agierenden Unternehmen wie der W\u00fcrth-Gruppe und Electrocomponents plc. Zuletzt verantwortete Loidolt als Gesch\u00e4ftsf\u00fchrer und Country Manager von RS Components, der Handelsmarke von Electrocomponents plc, die M\u00e4rkte \u00d6sterreich, Schweiz und Slowenien. Christian Loidolt besitzt die Ausbildung als Master of Arts in Business.<\/p>\n<blockquote><p>\u00a0\u201eWir bedanken uns bei Ralf Maurer, der in den letzten Jahren mit seiner Erfahrung und gro\u00dfem Engagement hervorragende Arbeit f\u00fcr die PE Automotive Group geleistet hat. Mit Christian Loidolt gewinnen wir eine \u00e4u\u00dferst kompetente, erfahrene und dynamische F\u00fchrungspers\u00f6nlichkeit. Gemeinsam mit Markus Seitz wird er die erfolgreiche Arbeit der letzten Jahre fortsetzen und weiter vorantreiben&#8220;, so Achim Kotz, gesch\u00e4ftsf\u00fchrender Gesellschafter BPW Bergische Achsen KG.<\/p><\/blockquote>\n","protected":false},"excerpt":{"rendered":"<p>Christian Loidolt \u00fcbernimmt die Gesch\u00e4ftsf\u00fchrung und den Vorsitz der Gesch\u00e4ftsleitung der PE Automotive GmbH &#038; Co. KG. <span class=\"excerpt-more__dots\">&#8230;<\/span> <a class=\"excerpt-more__link\" href=\"https:\/\/www.krafthand.de\/truck\/artikel\/christian-loidolt-ist-neuer-geschaeftsfuehrer-26478\/\" >weiter<\/a><\/p>\n","protected":false},"author":9,"featured_media":26483,"comment_status":"closed","ping_status":"closed","sticky":false,"template":"","format":"standard","meta":{"footnotes":""},"categories":[4238,5,4235],"tags":[4192,173,4190,4191,2148,2066],"settings":[],"class_list":["post-26478","post","type-post","status-publish","format-standard","has-post-thumbnail","hentry","category-koepfe","category-branche","category-unternehmen","tag-achim-kotz","tag-bpw","tag-christian-loidolt","tag-markus-seitz","tag-pe-automotive","tag-ralf-maurer"],"yoast_head":"<!-- This site is optimized with the Yoast SEO plugin v27.3 - https:\/\/yoast.com\/product\/yoast-seo-wordpress\/ -->\n<title>Christian Loidolt ist neuer Gesch\u00e4ftsf\u00fchrer - Krafthand-Truck<\/title>\n<meta name=\"robots\" content=\"index, follow, max-snippet:-1, max-image-preview:large, max-video-preview:-1\" \/>\n<link rel=\"canonical\" href=\"https:\/\/www.krafthand.de\/truck\/artikel\/christian-loidolt-ist-neuer-geschaeftsfuehrer-26478\/\" \/>\n<meta property=\"og:locale\" content=\"de_DE\" \/>\n<meta property=\"og:type\" content=\"article\" \/>\n<meta property=\"og:title\" content=\"Christian Loidolt ist neuer Gesch\u00e4ftsf\u00fchrer - Krafthand-Truck\" \/>\n<meta property=\"og:description\" content=\"Christian Loidolt \u00fcbernimmt die Gesch\u00e4ftsf\u00fchrung und den Vorsitz der Gesch\u00e4ftsleitung der PE Automotive GmbH &amp; Co. KG. ... weiter\" \/>\n<meta property=\"og:url\" content=\"https:\/\/www.krafthand-truck.de\/artikel\/christian-loidolt-ist-neuer-geschaeftsfuehrer-26478\/\" \/>\n<meta property=\"og:site_name\" content=\"Krafthand-Truck\" \/>\n<meta property=\"article:published_time\" content=\"2021-02-16T10:58:17+00:00\" \/>\n<meta property=\"article:modified_time\" content=\"2021-06-24T12:54:36+00:00\" \/>\n<meta property=\"og:image\" content=\"https:\/\/www.krafthand.de\/truck\/wp-content\/uploads\/2021\/02\/Christian_Loidolt_PE_Automotive-1.jpg\" \/>\n\t<meta property=\"og:image:width\" content=\"600\" \/>\n\t<meta property=\"og:image:height\" content=\"430\" \/>\n\t<meta property=\"og:image:type\" content=\"image\/jpeg\" \/>\n<meta name=\"author\" content=\"georg.blenk@krafthand-medien.de\" \/>\n<meta name=\"twitter:card\" content=\"summary_large_image\" \/>\n<meta name=\"twitter:label1\" content=\"Verfasst von\" \/>\n\t<meta name=\"twitter:data1\" content=\"georg.blenk@krafthand-medien.de\" \/>\n\t<meta name=\"twitter:label2\" content=\"Gesch\u00e4tzte Lesezeit\" \/>\n\t<meta name=\"twitter:data2\" content=\"1\u00a0Minute\" \/>\n<script type=\"application\/ld+json\" class=\"yoast-schema-graph\">{\"@context\":\"https:\\\/\\\/schema.org\",\"@graph\":[{\"@type\":\"Article\",\"@id\":\"https:\\\/\\\/www.krafthand.de\\\/truck\\\/artikel\\\/christian-loidolt-ist-neuer-geschaeftsfuehrer-26478\\\/#article\",\"isPartOf\":{\"@id\":\"https:\\\/\\\/www.krafthand.de\\\/truck\\\/artikel\\\/christian-loidolt-ist-neuer-geschaeftsfuehrer-26478\\\/\"},\"author\":{\"name\":\"georg.blenk@krafthand-medien.de\",\"@id\":\"https:\\\/\\\/www.krafthand.de\\\/truck\\\/#\\\/schema\\\/person\\\/51fa80b1c57034c4bf63f9f988fc24ce\"},\"headline\":\"Christian Loidolt ist neuer Gesch\u00e4ftsf\u00fchrer\",\"datePublished\":\"2021-02-16T10:58:17+00:00\",\"dateModified\":\"2021-06-24T12:54:36+00:00\",\"mainEntityOfPage\":{\"@id\":\"https:\\\/\\\/www.krafthand.de\\\/truck\\\/artikel\\\/christian-loidolt-ist-neuer-geschaeftsfuehrer-26478\\\/\"},\"wordCount\":198,\"image\":{\"@id\":\"https:\\\/\\\/www.krafthand.de\\\/truck\\\/artikel\\\/christian-loidolt-ist-neuer-geschaeftsfuehrer-26478\\\/#primaryimage\"},\"thumbnailUrl\":\"https:\\\/\\\/static.krafthand-truck.de\\\/uploads\\\/2021\\\/02\\\/Christian_Loidolt_PE_Automotive-1.jpg\",\"keywords\":[\"Achim Kotz\",\"BPW\",\"Christian Loidolt\",\"Markus Seitz\",\"PE Automotive\",\"Ralf Maurer\"],\"articleSection\":[\"K\u00f6pfe\\\/Personen\",\"Nfz-Branche\",\"Unternehmen\"],\"inLanguage\":\"de\"},{\"@type\":\"WebPage\",\"@id\":\"https:\\\/\\\/www.krafthand.de\\\/truck\\\/artikel\\\/christian-loidolt-ist-neuer-geschaeftsfuehrer-26478\\\/\",\"url\":\"https:\\\/\\\/www.krafthand.de\\\/truck\\\/artikel\\\/christian-loidolt-ist-neuer-geschaeftsfuehrer-26478\\\/\",\"name\":\"Christian Loidolt ist neuer Gesch\u00e4ftsf\u00fchrer - Krafthand-Truck\",\"isPartOf\":{\"@id\":\"https:\\\/\\\/www.krafthand.de\\\/truck\\\/#website\"},\"primaryImageOfPage\":{\"@id\":\"https:\\\/\\\/www.krafthand.de\\\/truck\\\/artikel\\\/christian-loidolt-ist-neuer-geschaeftsfuehrer-26478\\\/#primaryimage\"},\"image\":{\"@id\":\"https:\\\/\\\/www.krafthand.de\\\/truck\\\/artikel\\\/christian-loidolt-ist-neuer-geschaeftsfuehrer-26478\\\/#primaryimage\"},\"thumbnailUrl\":\"https:\\\/\\\/static.krafthand-truck.de\\\/uploads\\\/2021\\\/02\\\/Christian_Loidolt_PE_Automotive-1.jpg\",\"datePublished\":\"2021-02-16T10:58:17+00:00\",\"dateModified\":\"2021-06-24T12:54:36+00:00\",\"author\":{\"@id\":\"https:\\\/\\\/www.krafthand.de\\\/truck\\\/#\\\/schema\\\/person\\\/51fa80b1c57034c4bf63f9f988fc24ce\"},\"breadcrumb\":{\"@id\":\"https:\\\/\\\/www.krafthand.de\\\/truck\\\/artikel\\\/christian-loidolt-ist-neuer-geschaeftsfuehrer-26478\\\/#breadcrumb\"},\"inLanguage\":\"de\",\"potentialAction\":[{\"@type\":\"ReadAction\",\"target\":[\"https:\\\/\\\/www.krafthand.de\\\/truck\\\/artikel\\\/christian-loidolt-ist-neuer-geschaeftsfuehrer-26478\\\/\"]}]},{\"@type\":\"ImageObject\",\"inLanguage\":\"de\",\"@id\":\"https:\\\/\\\/www.krafthand.de\\\/truck\\\/artikel\\\/christian-loidolt-ist-neuer-geschaeftsfuehrer-26478\\\/#primaryimage\",\"url\":\"https:\\\/\\\/static.krafthand-truck.de\\\/uploads\\\/2021\\\/02\\\/Christian_Loidolt_PE_Automotive-1.jpg\",\"contentUrl\":\"https:\\\/\\\/static.krafthand-truck.de\\\/uploads\\\/2021\\\/02\\\/Christian_Loidolt_PE_Automotive-1.jpg\",\"width\":600,\"height\":430,\"caption\":\"Christian Loidolt, BPW, PE Automotive\"},{\"@type\":\"BreadcrumbList\",\"@id\":\"https:\\\/\\\/www.krafthand.de\\\/truck\\\/artikel\\\/christian-loidolt-ist-neuer-geschaeftsfuehrer-26478\\\/#breadcrumb\",\"itemListElement\":[{\"@type\":\"ListItem\",\"position\":1,\"name\":\"Krafthand-Truck\",\"item\":\"https:\\\/\\\/www.krafthand.de\\\/truck\\\/\"},{\"@type\":\"ListItem\",\"position\":2,\"name\":\"Nfz-Branche\",\"item\":\"https:\\\/\\\/www.krafthand.de\\\/truck\\\/kategorie\\\/branche\\\/\"},{\"@type\":\"ListItem\",\"position\":3,\"name\":\"K\u00f6pfe\\\/Personen\",\"item\":\"https:\\\/\\\/www.krafthand.de\\\/truck\\\/kategorie\\\/branche\\\/koepfe\\\/\"},{\"@type\":\"ListItem\",\"position\":4,\"name\":\"Christian Loidolt ist neuer Gesch\u00e4ftsf\u00fchrer\"}]},{\"@type\":\"WebSite\",\"@id\":\"https:\\\/\\\/www.krafthand.de\\\/truck\\\/#website\",\"url\":\"https:\\\/\\\/www.krafthand.de\\\/truck\\\/\",\"name\":\"Krafthand-Truck\",\"description\":\"\",\"potentialAction\":[{\"@type\":\"SearchAction\",\"target\":{\"@type\":\"EntryPoint\",\"urlTemplate\":\"https:\\\/\\\/www.krafthand.de\\\/truck\\\/?s={search_term_string}\"},\"query-input\":{\"@type\":\"PropertyValueSpecification\",\"valueRequired\":true,\"valueName\":\"search_term_string\"}}],\"inLanguage\":\"de\"},{\"@type\":\"Person\",\"@id\":\"https:\\\/\\\/www.krafthand.de\\\/truck\\\/#\\\/schema\\\/person\\\/51fa80b1c57034c4bf63f9f988fc24ce\",\"name\":\"georg.blenk@krafthand-medien.de\",\"image\":{\"@type\":\"ImageObject\",\"inLanguage\":\"de\",\"@id\":\"https:\\\/\\\/secure.gravatar.com\\\/avatar\\\/93713c30affe0aa95d3a4130e499bb1abee2eb31adbdd9ce2aa1543538490215?s=96&d=mm&r=g\",\"url\":\"https:\\\/\\\/secure.gravatar.com\\\/avatar\\\/93713c30affe0aa95d3a4130e499bb1abee2eb31adbdd9ce2aa1543538490215?s=96&d=mm&r=g\",\"contentUrl\":\"https:\\\/\\\/secure.gravatar.com\\\/avatar\\\/93713c30affe0aa95d3a4130e499bb1abee2eb31adbdd9ce2aa1543538490215?s=96&d=mm&r=g\",\"caption\":\"georg.blenk@krafthand-medien.de\"}}]}<\/script>\n<!-- \/ Yoast SEO plugin. -->","yoast_head_json":{"title":"Christian Loidolt ist neuer Gesch\u00e4ftsf\u00fchrer - Krafthand-Truck","robots":{"index":"index","follow":"follow","max-snippet":"max-snippet:-1","max-image-preview":"max-image-preview:large","max-video-preview":"max-video-preview:-1"},"canonical":"https:\/\/www.krafthand.de\/truck\/artikel\/christian-loidolt-ist-neuer-geschaeftsfuehrer-26478\/","og_locale":"de_DE","og_type":"article","og_title":"Christian Loidolt ist neuer Gesch\u00e4ftsf\u00fchrer - Krafthand-Truck","og_description":"Christian Loidolt \u00fcbernimmt die Gesch\u00e4ftsf\u00fchrung und den Vorsitz der Gesch\u00e4ftsleitung der PE Automotive GmbH & Co. KG. ... weiter","og_url":"https:\/\/www.krafthand-truck.de\/artikel\/christian-loidolt-ist-neuer-geschaeftsfuehrer-26478\/","og_site_name":"Krafthand-Truck","article_published_time":"2021-02-16T10:58:17+00:00","article_modified_time":"2021-06-24T12:54:36+00:00","og_image":[{"width":600,"height":430,"url":"https:\/\/www.krafthand.de\/truck\/wp-content\/uploads\/2021\/02\/Christian_Loidolt_PE_Automotive-1.jpg","type":"image\/jpeg"}],"author":"georg.blenk@krafthand-medien.de","twitter_card":"summary_large_image","twitter_misc":{"Verfasst von":"georg.blenk@krafthand-medien.de","Gesch\u00e4tzte Lesezeit":"1\u00a0Minute"},"schema":{"@context":"https:\/\/schema.org","@graph":[{"@type":"Article","@id":"https:\/\/www.krafthand.de\/truck\/artikel\/christian-loidolt-ist-neuer-geschaeftsfuehrer-26478\/#article","isPartOf":{"@id":"https:\/\/www.krafthand.de\/truck\/artikel\/christian-loidolt-ist-neuer-geschaeftsfuehrer-26478\/"},"author":{"name":"georg.blenk@krafthand-medien.de","@id":"https:\/\/www.krafthand.de\/truck\/#\/schema\/person\/51fa80b1c57034c4bf63f9f988fc24ce"},"headline":"Christian Loidolt ist neuer Gesch\u00e4ftsf\u00fchrer","datePublished":"2021-02-16T10:58:17+00:00","dateModified":"2021-06-24T12:54:36+00:00","mainEntityOfPage":{"@id":"https:\/\/www.krafthand.de\/truck\/artikel\/christian-loidolt-ist-neuer-geschaeftsfuehrer-26478\/"},"wordCount":198,"image":{"@id":"https:\/\/www.krafthand.de\/truck\/artikel\/christian-loidolt-ist-neuer-geschaeftsfuehrer-26478\/#primaryimage"},"thumbnailUrl":"https:\/\/static.krafthand-truck.de\/uploads\/2021\/02\/Christian_Loidolt_PE_Automotive-1.jpg","keywords":["Achim Kotz","BPW","Christian Loidolt","Markus Seitz","PE Automotive","Ralf Maurer"],"articleSection":["K\u00f6pfe\/Personen","Nfz-Branche","Unternehmen"],"inLanguage":"de"},{"@type":"WebPage","@id":"https:\/\/www.krafthand.de\/truck\/artikel\/christian-loidolt-ist-neuer-geschaeftsfuehrer-26478\/","url":"https:\/\/www.krafthand.de\/truck\/artikel\/christian-loidolt-ist-neuer-geschaeftsfuehrer-26478\/","name":"Christian Loidolt ist neuer Gesch\u00e4ftsf\u00fchrer - Krafthand-Truck","isPartOf":{"@id":"https:\/\/www.krafthand.de\/truck\/#website"},"primaryImageOfPage":{"@id":"https:\/\/www.krafthand.de\/truck\/artikel\/christian-loidolt-ist-neuer-geschaeftsfuehrer-26478\/#primaryimage"},"image":{"@id":"https:\/\/www.krafthand.de\/truck\/artikel\/christian-loidolt-ist-neuer-geschaeftsfuehrer-26478\/#primaryimage"},"thumbnailUrl":"https:\/\/static.krafthand-truck.de\/uploads\/2021\/02\/Christian_Loidolt_PE_Automotive-1.jpg","datePublished":"2021-02-16T10:58:17+00:00","dateModified":"2021-06-24T12:54:36+00:00","author":{"@id":"https:\/\/www.krafthand.de\/truck\/#\/schema\/person\/51fa80b1c57034c4bf63f9f988fc24ce"},"breadcrumb":{"@id":"https:\/\/www.krafthand.de\/truck\/artikel\/christian-loidolt-ist-neuer-geschaeftsfuehrer-26478\/#breadcrumb"},"inLanguage":"de","potentialAction":[{"@type":"ReadAction","target":["https:\/\/www.krafthand.de\/truck\/artikel\/christian-loidolt-ist-neuer-geschaeftsfuehrer-26478\/"]}]},{"@type":"ImageObject","inLanguage":"de","@id":"https:\/\/www.krafthand.de\/truck\/artikel\/christian-loidolt-ist-neuer-geschaeftsfuehrer-26478\/#primaryimage","url":"https:\/\/static.krafthand-truck.de\/uploads\/2021\/02\/Christian_Loidolt_PE_Automotive-1.jpg","contentUrl":"https:\/\/static.krafthand-truck.de\/uploads\/2021\/02\/Christian_Loidolt_PE_Automotive-1.jpg","width":600,"height":430,"caption":"Christian Loidolt, BPW, PE Automotive"},{"@type":"BreadcrumbList","@id":"https:\/\/www.krafthand.de\/truck\/artikel\/christian-loidolt-ist-neuer-geschaeftsfuehrer-26478\/#breadcrumb","itemListElement":[{"@type":"ListItem","position":1,"name":"Krafthand-Truck","item":"https:\/\/www.krafthand.de\/truck\/"},{"@type":"ListItem","position":2,"name":"Nfz-Branche","item":"https:\/\/www.krafthand.de\/truck\/kategorie\/branche\/"},{"@type":"ListItem","position":3,"name":"K\u00f6pfe\/Personen","item":"https:\/\/www.krafthand.de\/truck\/kategorie\/branche\/koepfe\/"},{"@type":"ListItem","position":4,"name":"Christian Loidolt ist neuer Gesch\u00e4ftsf\u00fchrer"}]},{"@type":"WebSite","@id":"https:\/\/www.krafthand.de\/truck\/#website","url":"https:\/\/www.krafthand.de\/truck\/","name":"Krafthand-Truck","description":"","potentialAction":[{"@type":"SearchAction","target":{"@type":"EntryPoint","urlTemplate":"https:\/\/www.krafthand.de\/truck\/?s={search_term_string}"},"query-input":{"@type":"PropertyValueSpecification","valueRequired":true,"valueName":"search_term_string"}}],"inLanguage":"de"},{"@type":"Person","@id":"https:\/\/www.krafthand.de\/truck\/#\/schema\/person\/51fa80b1c57034c4bf63f9f988fc24ce","name":"georg.blenk@krafthand-medien.de","image":{"@type":"ImageObject","inLanguage":"de","@id":"https:\/\/secure.gravatar.com\/avatar\/93713c30affe0aa95d3a4130e499bb1abee2eb31adbdd9ce2aa1543538490215?s=96&d=mm&r=g","url":"https:\/\/secure.gravatar.com\/avatar\/93713c30affe0aa95d3a4130e499bb1abee2eb31adbdd9ce2aa1543538490215?s=96&d=mm&r=g","contentUrl":"https:\/\/secure.gravatar.com\/avatar\/93713c30affe0aa95d3a4130e499bb1abee2eb31adbdd9ce2aa1543538490215?s=96&d=mm&r=g","caption":"georg.blenk@krafthand-medien.de"}}]}},"_links":{"self":[{"href":"https:\/\/www.krafthand.de\/truck\/wp-json\/wp\/v2\/posts\/26478","targetHints":{"allow":["GET"]}}],"collection":[{"href":"https:\/\/www.krafthand.de\/truck\/wp-json\/wp\/v2\/posts"}],"about":[{"href":"https:\/\/www.krafthand.de\/truck\/wp-json\/wp\/v2\/types\/post"}],"author":[{"embeddable":true,"href":"https:\/\/www.krafthand.de\/truck\/wp-json\/wp\/v2\/users\/9"}],"replies":[{"embeddable":true,"href":"https:\/\/www.krafthand.de\/truck\/wp-json\/wp\/v2\/comments?post=26478"}],"version-history":[{"count":6,"href":"https:\/\/www.krafthand.de\/truck\/wp-json\/wp\/v2\/posts\/26478\/revisions"}],"predecessor-version":[{"id":28485,"href":"https:\/\/www.krafthand.de\/truck\/wp-json\/wp\/v2\/posts\/26478\/revisions\/28485"}],"wp:featuredmedia":[{"embeddable":true,"href":"https:\/\/www.krafthand.de\/truck\/wp-json\/wp\/v2\/media\/26483"}],"wp:attachment":[{"href":"https:\/\/www.krafthand.de\/truck\/wp-json\/wp\/v2\/media?parent=26478"}],"wp:term":[{"taxonomy":"category","embeddable":true,"href":"https:\/\/www.krafthand.de\/truck\/wp-json\/wp\/v2\/categories?post=26478"},{"taxonomy":"post_tag","embeddable":true,"href":"https:\/\/www.krafthand.de\/truck\/wp-json\/wp\/v2\/tags?post=26478"},{"taxonomy":"settings","embeddable":true,"href":"https:\/\/www.krafthand.de\/truck\/wp-json\/wp\/v2\/settings?post=26478"}],"curies":[{"name":"wp","href":"https:\/\/api.w.org\/{rel}","templated":true}]}}