{"id":26441,"date":"2021-02-11T12:02:43","date_gmt":"2021-02-11T11:02:43","guid":{"rendered":"https:\/\/www.krafthand.de\/truck\/?p=26441"},"modified":"2021-03-09T18:39:21","modified_gmt":"2021-03-09T17:39:21","slug":"frankreich-machst-ernst-ab-2024-sind-lkws-mit-verbrennungsmotoren-in-innerstaedtischen-zonen-verboten","status":"publish","type":"post","link":"https:\/\/www.krafthand.de\/truck\/artikel\/frankreich-machst-ernst-ab-2024-sind-lkws-mit-verbrennungsmotoren-in-innerstaedtischen-zonen-verboten-26441\/","title":{"rendered":"Frankreich macht ernst: Ab 2024 sind Lkws mit Verbrennungsmotoren in innerst\u00e4dtischen Zonen verboten."},"content":{"rendered":"<p>Um die Schadstoffemissionen in Gro\u00dfst\u00e4dten zu reduzieren, f\u00fchrt Frankreich ab 2024 ein auf spezielle innerst\u00e4dtische Zonen begrenztes Verbot von Lkws in St\u00e4dten mit mehr als 150.000 Einwohnern ein. Im Rahmen der Gesetzgebung bietet die franz\u00f6sische Regierung Anreize von bis zu 50.000 EUR f\u00fcr den Kauf von emissionsfreien Nutzfahrzeugen. So soll die Beschleunigung der Elektrifizierung der Flotte f\u00fcr franz\u00f6sische Speditionen gelingen.<\/p>\n<h3>Der Volta Zero<\/h3>\n<p>Vor diesem Hintergrund veranstaltet der britische Hersteller von E-Lkw, Volta Trucks, zusammen mit der Firma Swoopin, einem Anbieter von Transport- und Stadtlogistikdienstleistungen, ab 15.2.2021 in Paris\u00a0 eine Demo-Show. W\u00e4hrend der vierw\u00f6chigen Veranstaltung k\u00f6nnen potenzielle und bestehende Kunden, Flottenbetreiber und Zulieferer den vollelektrischen Volta Zero erleben und testen.<\/p>\n<blockquote><p>\u201eAngesichts der bevorstehenden Gesetzes\u00e4nderungen in franz\u00f6sischen St\u00e4dten ist klar, dass die Einf\u00fchrung von elektrischen Nutzfahrzeugen sehr schnell beschleunigt werden muss. Derzeit gibt es einen echten Mangel an elektrifizierten Produkten, die Flottenbetreibern angeboten werden. Mit dem Volta Zero k\u00f6nnen wir jedoch zeigen, dass wir eine L\u00f6sung haben, die ihren Anforderungen entspricht\u201c, erkl\u00e4rt Rob Fowler, Chief Executive Officer von Volta Trucks.<\/p><\/blockquote>\n<p>Der Volta Zero ist laut Hersteller Volta Trucks das weltweit erste vollelektrische 16-Tonnen-Fahrzeug, das speziell f\u00fcr innerst\u00e4dtische Frachtlieferungen und die &#8218;Last-Mile-Distribution&#8216; entwickelt wurde. Der Lkw schaftt eine rein elektrischen Reichweite von 150 bis 200 km. Der\/die Fahrer(in) eines Volta Zero sitzt in einer zentralen Fahrposition mit einer viel geringeren Sitzh\u00f6he als in einem herk\u00f6mmlichen Lkw. Diese Kombination sowie das Design der Kabine im Stil eines Glashauses bieten dem\/der Fahrer(in) eine breite Sichtweite von 220 Grad und soll den toten Winkel minimieren. Der Prototyp Volta Zero wurde im September 2020 vorgestellt, die ersten Fahrzeuge kommen den Angaben zufolge voraussichtlich Ende 2021 bei den ersten Kunden zum Einsatz.<\/p>\n<p>Eine Video zum Volta Zero finden Sie <a href=\"https:\/\/youtu.be\/I3_tqT8mrvw\" target=\"_blank\" rel=\"noopener\">hier<\/a>.<\/p>\n","protected":false},"excerpt":{"rendered":"<p>Um die Schadstoffemissionen in Gro\u00dfst\u00e4dten zu reduzieren, f\u00fchrt Frankreich ab 2024 ein auf spezielle innerst\u00e4dtische Zonen begrenztes Verbot von Lkws in St\u00e4dten mit mehr als 150.000 Einwohnern ein. <span class=\"excerpt-more__dots\">&#8230;<\/span> <a class=\"excerpt-more__link\" href=\"https:\/\/www.krafthand.de\/truck\/artikel\/frankreich-machst-ernst-ab-2024-sind-lkws-mit-verbrennungsmotoren-in-innerstaedtischen-zonen-verboten-26441\/\" >weiter<\/a><\/p>\n","protected":false},"author":9,"featured_media":26446,"comment_status":"closed","ping_status":"closed","sticky":false,"template":"","format":"standard","meta":{"footnotes":""},"categories":[4223,4224,5],"tags":[4177,4178,4174,4175,4176],"settings":[],"class_list":["post-26441","post","type-post","status-publish","format-standard","has-post-thumbnail","hentry","category-antrieb","category-e-antrieb","category-branche","tag-e-lkw","tag-e-truck","tag-rob-fowler","tag-volta-zero","tag-volta-trucks"],"yoast_head":"<!-- This site is optimized with the Yoast SEO plugin v27.3 - https:\/\/yoast.com\/product\/yoast-seo-wordpress\/ -->\n<title>Frankreich macht ernst: Ab 2024 sind Lkws mit Verbrennungsmotoren in innerst\u00e4dtischen Zonen verboten. - Krafthand-Truck<\/title>\n<meta name=\"robots\" content=\"index, follow, max-snippet:-1, max-image-preview:large, max-video-preview:-1\" \/>\n<link rel=\"canonical\" href=\"https:\/\/www.krafthand.de\/truck\/artikel\/frankreich-machst-ernst-ab-2024-sind-lkws-mit-verbrennungsmotoren-in-innerstaedtischen-zonen-verboten-26441\/\" \/>\n<meta property=\"og:locale\" content=\"de_DE\" \/>\n<meta property=\"og:type\" content=\"article\" \/>\n<meta property=\"og:title\" content=\"Frankreich macht ernst: Ab 2024 sind Lkws mit Verbrennungsmotoren in innerst\u00e4dtischen Zonen verboten. - Krafthand-Truck\" \/>\n<meta property=\"og:description\" content=\"Um die Schadstoffemissionen in Gro\u00dfst\u00e4dten zu reduzieren, f\u00fchrt Frankreich ab 2024 ein auf spezielle innerst\u00e4dtische Zonen begrenztes Verbot von Lkws in St\u00e4dten mit mehr als 150.000 Einwohnern ein. ... weiter\" \/>\n<meta property=\"og:url\" content=\"https:\/\/www.krafthand-truck.de\/artikel\/frankreich-machst-ernst-ab-2024-sind-lkws-mit-verbrennungsmotoren-in-innerstaedtischen-zonen-verboten-26441\/\" \/>\n<meta property=\"og:site_name\" content=\"Krafthand-Truck\" \/>\n<meta property=\"article:published_time\" content=\"2021-02-11T11:02:43+00:00\" \/>\n<meta property=\"article:modified_time\" content=\"2021-03-09T17:39:21+00:00\" \/>\n<meta property=\"og:image\" content=\"https:\/\/www.krafthand.de\/truck\/wp-content\/uploads\/2021\/02\/Volta_Zero_DSCF1038.jpg\" \/>\n\t<meta property=\"og:image:width\" content=\"1000\" \/>\n\t<meta property=\"og:image:height\" content=\"687\" \/>\n\t<meta property=\"og:image:type\" content=\"image\/jpeg\" \/>\n<meta name=\"author\" content=\"georg.blenk@krafthand-medien.de\" \/>\n<meta name=\"twitter:card\" content=\"summary_large_image\" \/>\n<meta name=\"twitter:label1\" content=\"Verfasst von\" \/>\n\t<meta name=\"twitter:data1\" content=\"georg.blenk@krafthand-medien.de\" \/>\n\t<meta name=\"twitter:label2\" content=\"Gesch\u00e4tzte Lesezeit\" \/>\n\t<meta name=\"twitter:data2\" content=\"2\u00a0Minuten\" \/>\n<script type=\"application\/ld+json\" class=\"yoast-schema-graph\">{\"@context\":\"https:\\\/\\\/schema.org\",\"@graph\":[{\"@type\":\"Article\",\"@id\":\"https:\\\/\\\/www.krafthand.de\\\/truck\\\/artikel\\\/frankreich-machst-ernst-ab-2024-sind-lkws-mit-verbrennungsmotoren-in-innerstaedtischen-zonen-verboten-26441\\\/#article\",\"isPartOf\":{\"@id\":\"https:\\\/\\\/www.krafthand.de\\\/truck\\\/artikel\\\/frankreich-machst-ernst-ab-2024-sind-lkws-mit-verbrennungsmotoren-in-innerstaedtischen-zonen-verboten-26441\\\/\"},\"author\":{\"name\":\"georg.blenk@krafthand-medien.de\",\"@id\":\"https:\\\/\\\/www.krafthand.de\\\/truck\\\/#\\\/schema\\\/person\\\/51fa80b1c57034c4bf63f9f988fc24ce\"},\"headline\":\"Frankreich macht ernst: Ab 2024 sind Lkws mit Verbrennungsmotoren in innerst\u00e4dtischen Zonen verboten.\",\"datePublished\":\"2021-02-11T11:02:43+00:00\",\"dateModified\":\"2021-03-09T17:39:21+00:00\",\"mainEntityOfPage\":{\"@id\":\"https:\\\/\\\/www.krafthand.de\\\/truck\\\/artikel\\\/frankreich-machst-ernst-ab-2024-sind-lkws-mit-verbrennungsmotoren-in-innerstaedtischen-zonen-verboten-26441\\\/\"},\"wordCount\":314,\"image\":{\"@id\":\"https:\\\/\\\/www.krafthand.de\\\/truck\\\/artikel\\\/frankreich-machst-ernst-ab-2024-sind-lkws-mit-verbrennungsmotoren-in-innerstaedtischen-zonen-verboten-26441\\\/#primaryimage\"},\"thumbnailUrl\":\"https:\\\/\\\/static.krafthand-truck.de\\\/uploads\\\/2021\\\/02\\\/Volta_Zero_DSCF1038.jpg\",\"keywords\":[\"E-Lkw\",\"E-Truck\",\"Rob Fowler\",\"Volta Zero\",\"Volta-Trucks\"],\"articleSection\":[\"Antrieb (Motor\\\/Getriebe)\",\"E-Antrieb (BEV\\\/FCEV)\",\"Nfz-Branche\"],\"inLanguage\":\"de\"},{\"@type\":\"WebPage\",\"@id\":\"https:\\\/\\\/www.krafthand.de\\\/truck\\\/artikel\\\/frankreich-machst-ernst-ab-2024-sind-lkws-mit-verbrennungsmotoren-in-innerstaedtischen-zonen-verboten-26441\\\/\",\"url\":\"https:\\\/\\\/www.krafthand.de\\\/truck\\\/artikel\\\/frankreich-machst-ernst-ab-2024-sind-lkws-mit-verbrennungsmotoren-in-innerstaedtischen-zonen-verboten-26441\\\/\",\"name\":\"Frankreich macht ernst: Ab 2024 sind Lkws mit Verbrennungsmotoren in innerst\u00e4dtischen Zonen verboten. - Krafthand-Truck\",\"isPartOf\":{\"@id\":\"https:\\\/\\\/www.krafthand.de\\\/truck\\\/#website\"},\"primaryImageOfPage\":{\"@id\":\"https:\\\/\\\/www.krafthand.de\\\/truck\\\/artikel\\\/frankreich-machst-ernst-ab-2024-sind-lkws-mit-verbrennungsmotoren-in-innerstaedtischen-zonen-verboten-26441\\\/#primaryimage\"},\"image\":{\"@id\":\"https:\\\/\\\/www.krafthand.de\\\/truck\\\/artikel\\\/frankreich-machst-ernst-ab-2024-sind-lkws-mit-verbrennungsmotoren-in-innerstaedtischen-zonen-verboten-26441\\\/#primaryimage\"},\"thumbnailUrl\":\"https:\\\/\\\/static.krafthand-truck.de\\\/uploads\\\/2021\\\/02\\\/Volta_Zero_DSCF1038.jpg\",\"datePublished\":\"2021-02-11T11:02:43+00:00\",\"dateModified\":\"2021-03-09T17:39:21+00:00\",\"author\":{\"@id\":\"https:\\\/\\\/www.krafthand.de\\\/truck\\\/#\\\/schema\\\/person\\\/51fa80b1c57034c4bf63f9f988fc24ce\"},\"breadcrumb\":{\"@id\":\"https:\\\/\\\/www.krafthand.de\\\/truck\\\/artikel\\\/frankreich-machst-ernst-ab-2024-sind-lkws-mit-verbrennungsmotoren-in-innerstaedtischen-zonen-verboten-26441\\\/#breadcrumb\"},\"inLanguage\":\"de\",\"potentialAction\":[{\"@type\":\"ReadAction\",\"target\":[\"https:\\\/\\\/www.krafthand.de\\\/truck\\\/artikel\\\/frankreich-machst-ernst-ab-2024-sind-lkws-mit-verbrennungsmotoren-in-innerstaedtischen-zonen-verboten-26441\\\/\"]}]},{\"@type\":\"ImageObject\",\"inLanguage\":\"de\",\"@id\":\"https:\\\/\\\/www.krafthand.de\\\/truck\\\/artikel\\\/frankreich-machst-ernst-ab-2024-sind-lkws-mit-verbrennungsmotoren-in-innerstaedtischen-zonen-verboten-26441\\\/#primaryimage\",\"url\":\"https:\\\/\\\/static.krafthand-truck.de\\\/uploads\\\/2021\\\/02\\\/Volta_Zero_DSCF1038.jpg\",\"contentUrl\":\"https:\\\/\\\/static.krafthand-truck.de\\\/uploads\\\/2021\\\/02\\\/Volta_Zero_DSCF1038.jpg\",\"width\":1000,\"height\":687,\"caption\":\"Volta Zero, E-Lkw\"},{\"@type\":\"BreadcrumbList\",\"@id\":\"https:\\\/\\\/www.krafthand.de\\\/truck\\\/artikel\\\/frankreich-machst-ernst-ab-2024-sind-lkws-mit-verbrennungsmotoren-in-innerstaedtischen-zonen-verboten-26441\\\/#breadcrumb\",\"itemListElement\":[{\"@type\":\"ListItem\",\"position\":1,\"name\":\"Krafthand-Truck\",\"item\":\"https:\\\/\\\/www.krafthand.de\\\/truck\\\/\"},{\"@type\":\"ListItem\",\"position\":2,\"name\":\"Nfz-Branche\",\"item\":\"https:\\\/\\\/www.krafthand.de\\\/truck\\\/kategorie\\\/branche\\\/\"},{\"@type\":\"ListItem\",\"position\":3,\"name\":\"Frankreich macht ernst: Ab 2024 sind Lkws mit Verbrennungsmotoren in innerst\u00e4dtischen Zonen verboten.\"}]},{\"@type\":\"WebSite\",\"@id\":\"https:\\\/\\\/www.krafthand.de\\\/truck\\\/#website\",\"url\":\"https:\\\/\\\/www.krafthand.de\\\/truck\\\/\",\"name\":\"Krafthand-Truck\",\"description\":\"\",\"potentialAction\":[{\"@type\":\"SearchAction\",\"target\":{\"@type\":\"EntryPoint\",\"urlTemplate\":\"https:\\\/\\\/www.krafthand.de\\\/truck\\\/?s={search_term_string}\"},\"query-input\":{\"@type\":\"PropertyValueSpecification\",\"valueRequired\":true,\"valueName\":\"search_term_string\"}}],\"inLanguage\":\"de\"},{\"@type\":\"Person\",\"@id\":\"https:\\\/\\\/www.krafthand.de\\\/truck\\\/#\\\/schema\\\/person\\\/51fa80b1c57034c4bf63f9f988fc24ce\",\"name\":\"georg.blenk@krafthand-medien.de\",\"image\":{\"@type\":\"ImageObject\",\"inLanguage\":\"de\",\"@id\":\"https:\\\/\\\/secure.gravatar.com\\\/avatar\\\/93713c30affe0aa95d3a4130e499bb1abee2eb31adbdd9ce2aa1543538490215?s=96&d=mm&r=g\",\"url\":\"https:\\\/\\\/secure.gravatar.com\\\/avatar\\\/93713c30affe0aa95d3a4130e499bb1abee2eb31adbdd9ce2aa1543538490215?s=96&d=mm&r=g\",\"contentUrl\":\"https:\\\/\\\/secure.gravatar.com\\\/avatar\\\/93713c30affe0aa95d3a4130e499bb1abee2eb31adbdd9ce2aa1543538490215?s=96&d=mm&r=g\",\"caption\":\"georg.blenk@krafthand-medien.de\"}}]}<\/script>\n<!-- \/ Yoast SEO plugin. -->","yoast_head_json":{"title":"Frankreich macht ernst: Ab 2024 sind Lkws mit Verbrennungsmotoren in innerst\u00e4dtischen Zonen verboten. - Krafthand-Truck","robots":{"index":"index","follow":"follow","max-snippet":"max-snippet:-1","max-image-preview":"max-image-preview:large","max-video-preview":"max-video-preview:-1"},"canonical":"https:\/\/www.krafthand.de\/truck\/artikel\/frankreich-machst-ernst-ab-2024-sind-lkws-mit-verbrennungsmotoren-in-innerstaedtischen-zonen-verboten-26441\/","og_locale":"de_DE","og_type":"article","og_title":"Frankreich macht ernst: Ab 2024 sind Lkws mit Verbrennungsmotoren in innerst\u00e4dtischen Zonen verboten. - Krafthand-Truck","og_description":"Um die Schadstoffemissionen in Gro\u00dfst\u00e4dten zu reduzieren, f\u00fchrt Frankreich ab 2024 ein auf spezielle innerst\u00e4dtische Zonen begrenztes Verbot von Lkws in St\u00e4dten mit mehr als 150.000 Einwohnern ein. ... weiter","og_url":"https:\/\/www.krafthand-truck.de\/artikel\/frankreich-machst-ernst-ab-2024-sind-lkws-mit-verbrennungsmotoren-in-innerstaedtischen-zonen-verboten-26441\/","og_site_name":"Krafthand-Truck","article_published_time":"2021-02-11T11:02:43+00:00","article_modified_time":"2021-03-09T17:39:21+00:00","og_image":[{"width":1000,"height":687,"url":"https:\/\/www.krafthand.de\/truck\/wp-content\/uploads\/2021\/02\/Volta_Zero_DSCF1038.jpg","type":"image\/jpeg"}],"author":"georg.blenk@krafthand-medien.de","twitter_card":"summary_large_image","twitter_misc":{"Verfasst von":"georg.blenk@krafthand-medien.de","Gesch\u00e4tzte Lesezeit":"2\u00a0Minuten"},"schema":{"@context":"https:\/\/schema.org","@graph":[{"@type":"Article","@id":"https:\/\/www.krafthand.de\/truck\/artikel\/frankreich-machst-ernst-ab-2024-sind-lkws-mit-verbrennungsmotoren-in-innerstaedtischen-zonen-verboten-26441\/#article","isPartOf":{"@id":"https:\/\/www.krafthand.de\/truck\/artikel\/frankreich-machst-ernst-ab-2024-sind-lkws-mit-verbrennungsmotoren-in-innerstaedtischen-zonen-verboten-26441\/"},"author":{"name":"georg.blenk@krafthand-medien.de","@id":"https:\/\/www.krafthand.de\/truck\/#\/schema\/person\/51fa80b1c57034c4bf63f9f988fc24ce"},"headline":"Frankreich macht ernst: Ab 2024 sind Lkws mit Verbrennungsmotoren in innerst\u00e4dtischen Zonen verboten.","datePublished":"2021-02-11T11:02:43+00:00","dateModified":"2021-03-09T17:39:21+00:00","mainEntityOfPage":{"@id":"https:\/\/www.krafthand.de\/truck\/artikel\/frankreich-machst-ernst-ab-2024-sind-lkws-mit-verbrennungsmotoren-in-innerstaedtischen-zonen-verboten-26441\/"},"wordCount":314,"image":{"@id":"https:\/\/www.krafthand.de\/truck\/artikel\/frankreich-machst-ernst-ab-2024-sind-lkws-mit-verbrennungsmotoren-in-innerstaedtischen-zonen-verboten-26441\/#primaryimage"},"thumbnailUrl":"https:\/\/static.krafthand-truck.de\/uploads\/2021\/02\/Volta_Zero_DSCF1038.jpg","keywords":["E-Lkw","E-Truck","Rob Fowler","Volta Zero","Volta-Trucks"],"articleSection":["Antrieb (Motor\/Getriebe)","E-Antrieb (BEV\/FCEV)","Nfz-Branche"],"inLanguage":"de"},{"@type":"WebPage","@id":"https:\/\/www.krafthand.de\/truck\/artikel\/frankreich-machst-ernst-ab-2024-sind-lkws-mit-verbrennungsmotoren-in-innerstaedtischen-zonen-verboten-26441\/","url":"https:\/\/www.krafthand.de\/truck\/artikel\/frankreich-machst-ernst-ab-2024-sind-lkws-mit-verbrennungsmotoren-in-innerstaedtischen-zonen-verboten-26441\/","name":"Frankreich macht ernst: Ab 2024 sind Lkws mit Verbrennungsmotoren in innerst\u00e4dtischen Zonen verboten. - Krafthand-Truck","isPartOf":{"@id":"https:\/\/www.krafthand.de\/truck\/#website"},"primaryImageOfPage":{"@id":"https:\/\/www.krafthand.de\/truck\/artikel\/frankreich-machst-ernst-ab-2024-sind-lkws-mit-verbrennungsmotoren-in-innerstaedtischen-zonen-verboten-26441\/#primaryimage"},"image":{"@id":"https:\/\/www.krafthand.de\/truck\/artikel\/frankreich-machst-ernst-ab-2024-sind-lkws-mit-verbrennungsmotoren-in-innerstaedtischen-zonen-verboten-26441\/#primaryimage"},"thumbnailUrl":"https:\/\/static.krafthand-truck.de\/uploads\/2021\/02\/Volta_Zero_DSCF1038.jpg","datePublished":"2021-02-11T11:02:43+00:00","dateModified":"2021-03-09T17:39:21+00:00","author":{"@id":"https:\/\/www.krafthand.de\/truck\/#\/schema\/person\/51fa80b1c57034c4bf63f9f988fc24ce"},"breadcrumb":{"@id":"https:\/\/www.krafthand.de\/truck\/artikel\/frankreich-machst-ernst-ab-2024-sind-lkws-mit-verbrennungsmotoren-in-innerstaedtischen-zonen-verboten-26441\/#breadcrumb"},"inLanguage":"de","potentialAction":[{"@type":"ReadAction","target":["https:\/\/www.krafthand.de\/truck\/artikel\/frankreich-machst-ernst-ab-2024-sind-lkws-mit-verbrennungsmotoren-in-innerstaedtischen-zonen-verboten-26441\/"]}]},{"@type":"ImageObject","inLanguage":"de","@id":"https:\/\/www.krafthand.de\/truck\/artikel\/frankreich-machst-ernst-ab-2024-sind-lkws-mit-verbrennungsmotoren-in-innerstaedtischen-zonen-verboten-26441\/#primaryimage","url":"https:\/\/static.krafthand-truck.de\/uploads\/2021\/02\/Volta_Zero_DSCF1038.jpg","contentUrl":"https:\/\/static.krafthand-truck.de\/uploads\/2021\/02\/Volta_Zero_DSCF1038.jpg","width":1000,"height":687,"caption":"Volta Zero, E-Lkw"},{"@type":"BreadcrumbList","@id":"https:\/\/www.krafthand.de\/truck\/artikel\/frankreich-machst-ernst-ab-2024-sind-lkws-mit-verbrennungsmotoren-in-innerstaedtischen-zonen-verboten-26441\/#breadcrumb","itemListElement":[{"@type":"ListItem","position":1,"name":"Krafthand-Truck","item":"https:\/\/www.krafthand.de\/truck\/"},{"@type":"ListItem","position":2,"name":"Nfz-Branche","item":"https:\/\/www.krafthand.de\/truck\/kategorie\/branche\/"},{"@type":"ListItem","position":3,"name":"Frankreich macht ernst: Ab 2024 sind Lkws mit Verbrennungsmotoren in innerst\u00e4dtischen Zonen verboten."}]},{"@type":"WebSite","@id":"https:\/\/www.krafthand.de\/truck\/#website","url":"https:\/\/www.krafthand.de\/truck\/","name":"Krafthand-Truck","description":"","potentialAction":[{"@type":"SearchAction","target":{"@type":"EntryPoint","urlTemplate":"https:\/\/www.krafthand.de\/truck\/?s={search_term_string}"},"query-input":{"@type":"PropertyValueSpecification","valueRequired":true,"valueName":"search_term_string"}}],"inLanguage":"de"},{"@type":"Person","@id":"https:\/\/www.krafthand.de\/truck\/#\/schema\/person\/51fa80b1c57034c4bf63f9f988fc24ce","name":"georg.blenk@krafthand-medien.de","image":{"@type":"ImageObject","inLanguage":"de","@id":"https:\/\/secure.gravatar.com\/avatar\/93713c30affe0aa95d3a4130e499bb1abee2eb31adbdd9ce2aa1543538490215?s=96&d=mm&r=g","url":"https:\/\/secure.gravatar.com\/avatar\/93713c30affe0aa95d3a4130e499bb1abee2eb31adbdd9ce2aa1543538490215?s=96&d=mm&r=g","contentUrl":"https:\/\/secure.gravatar.com\/avatar\/93713c30affe0aa95d3a4130e499bb1abee2eb31adbdd9ce2aa1543538490215?s=96&d=mm&r=g","caption":"georg.blenk@krafthand-medien.de"}}]}},"_links":{"self":[{"href":"https:\/\/www.krafthand.de\/truck\/wp-json\/wp\/v2\/posts\/26441","targetHints":{"allow":["GET"]}}],"collection":[{"href":"https:\/\/www.krafthand.de\/truck\/wp-json\/wp\/v2\/posts"}],"about":[{"href":"https:\/\/www.krafthand.de\/truck\/wp-json\/wp\/v2\/types\/post"}],"author":[{"embeddable":true,"href":"https:\/\/www.krafthand.de\/truck\/wp-json\/wp\/v2\/users\/9"}],"replies":[{"embeddable":true,"href":"https:\/\/www.krafthand.de\/truck\/wp-json\/wp\/v2\/comments?post=26441"}],"version-history":[{"count":7,"href":"https:\/\/www.krafthand.de\/truck\/wp-json\/wp\/v2\/posts\/26441\/revisions"}],"predecessor-version":[{"id":26473,"href":"https:\/\/www.krafthand.de\/truck\/wp-json\/wp\/v2\/posts\/26441\/revisions\/26473"}],"wp:featuredmedia":[{"embeddable":true,"href":"https:\/\/www.krafthand.de\/truck\/wp-json\/wp\/v2\/media\/26446"}],"wp:attachment":[{"href":"https:\/\/www.krafthand.de\/truck\/wp-json\/wp\/v2\/media?parent=26441"}],"wp:term":[{"taxonomy":"category","embeddable":true,"href":"https:\/\/www.krafthand.de\/truck\/wp-json\/wp\/v2\/categories?post=26441"},{"taxonomy":"post_tag","embeddable":true,"href":"https:\/\/www.krafthand.de\/truck\/wp-json\/wp\/v2\/tags?post=26441"},{"taxonomy":"settings","embeddable":true,"href":"https:\/\/www.krafthand.de\/truck\/wp-json\/wp\/v2\/settings?post=26441"}],"curies":[{"name":"wp","href":"https:\/\/api.w.org\/{rel}","templated":true}]}}