{"id":26410,"date":"2021-02-10T09:44:22","date_gmt":"2021-02-10T08:44:22","guid":{"rendered":"https:\/\/www.krafthand.de\/truck\/?p=26410"},"modified":"2021-03-09T19:09:22","modified_gmt":"2021-03-09T18:09:22","slug":"wo-geht-die-reise-hin-neue-entwicklungsplattform-ecubator-fuer-e-mobilitaet","status":"publish","type":"post","link":"https:\/\/www.krafthand.de\/truck\/artikel\/wo-geht-die-reise-hin-neue-entwicklungsplattform-ecubator-fuer-e-mobilitaet-26410\/","title":{"rendered":"Zukunftsmusik? Neue Entwicklungsplattform &#8218;eCUBATOR&#8216; f\u00fcr E-Mobilit\u00e4t"},"content":{"rendered":"<p>Knorr-Bremse m\u00f6chte den n\u00e4chsten Schritt auf dem Weg in Richtung Elektromobilit\u00e4tszeitalter machen und\u00a0 sein Know-how im Bereich der E-Mobilit\u00e4t in der neuen, unternehmenseigenen Entwicklungseinheit eCUBATOR b\u00fcndeln. Bis zu 60 interne und externe Experten sollen an den Knorr-Bremse-Standorten M\u00fcnchen und Budapest an innovativen Zukunftsl\u00f6sungen arbeiten.<\/p>\n<p>Die Elektromobilit\u00e4t wird den Experten von Knorr-Bremse zufolge die Systemanforderungen der Nutzfahrzeuge grundlegend ver\u00e4ndern. Denn die Elektrifizierung des Nutzfahrzeugs und damit einhergehend der schrittweisen Substitution des Verbrennungsmotors erfordert eine Anpassung der Fahrzeugarchitektur. Von der Traktion \u00fcber das Bremsen und Lenken bis hin zur Federung und D\u00e4mpfung sowie zur Energieversorgung der Systeme ergeben sich zahlreiche neue M\u00f6glichkeiten f\u00fcr effiziente und skalierbare Technologien. Dies bietet laut Knorr-Bremse die einmalige Chance, zuk\u00fcnftige Systeme f\u00fcr vollelektrifizierte Nutzfahrzeuge neu zu gestalten.<\/p>\n<h3>Agile Denkfabrik<\/h3>\n<p>Der neu geschaffene Bereich eCUBATOR steht laut Knorr-Bremse f\u00fcr ein agiles Arbeitsumfeld, funktions\u00fcbergreifende Teams und flache Hierarchien. Er b\u00fcndelt technische Erfahrung und interdisziplin\u00e4res Know-how und bietet Raum f\u00fcr das Denken \u00fcber den Tellerrand hinaus.<\/p>\n<blockquote><p>\u201eWir sehen die Elektrifizierung von Nutzfahrzeugen als einen der gro\u00dfen Industrietrends der Nutzfahrzeugbranche. Um innovative L\u00f6sungen in diesem Bereich weiter voranzutreiben, hat Knorr-Bremse mit dem eCUBATOR eine eigene, aus dem normalen Entwicklungsbetrieb herausgel\u00f6ste Entwicklungseinheit mit rund 60 internen und externen Spezialisten gegr\u00fcndet. Ziel des eCUBATORs ist es, unser bestehendes Produktportfolio an die Mobilit\u00e4tsanforderungen der elektrischen Antriebe anzupassen und gleichzeitig Wachstumsm\u00f6glichkeiten f\u00fcr Knorr-Bremse im Umfeld der E-Mobilit\u00e4t zu identifizieren und zu entwickeln\u201c, so Dr. Peter Laier, Mitglied des Vorstands der Knorr-Bremse AG und verantwortlich f\u00fcr die Division Systeme f\u00fcr Nutzfahrzeuge.<\/p><\/blockquote>\n<p>Bereits jetzt wird den Angaben zufolge an einer Vielzahl von unterschiedlichen Projekten gearbeitet, die w\u00e4hrend der kommenden Monate um weitere Produktideen erg\u00e4nzt werden.<\/p>\n<h3>Aktueller Stand<\/h3>\n<p>F\u00fcr elektrisch angetriebene Nutzfahrzeuge der ersten Generation hat Knorr-Bremse bereits zahlreiche Produkte entwickelt und teilweise auf den Markt gebracht. Zum Portfolio z\u00e4hlen beispielsweise neben Schraubenkompressoren, die insbesondere in E-Bussen und auch in Lkws verbaut werden. Zudem ist Knorr-Bremse im Bereich Brake Control gut positioniert: Die Erfahrungen aus dem Brake Blending, wobei die Reibbremse, der Retarder sowie eine weitere Motorbremse zusammenarbeiten, wurden genutzt, um Brake Blending auch f\u00fcr E-Fahrzeuge umzusetzen. Die Bremswirkung des Elektromotors wird dabei mit einer Reibbremse kombiniert und erzeugt so eine optimale Bremswirkung sowie eine maximale Energier\u00fcckgewinnung.<\/p>\n<h3>Der Blick in die Zukunft<\/h3>\n<p>Mit Blick auf die E-Fahrzeuge der zweiten Generation, die Unternehmensangaben zufolge ab circa 2025 auf den Markt kommen werden, besch\u00e4ftigt sich Knorr-Bremse unter anderem mit zuk\u00fcnftigen Energiemanagement-Systemen, elektromechanischen Aktuatoren sowie erweiterten Funktionen zur Fahrzeugstabilisierung und zum Antrieb.<\/p>\n<p>Weitere Informationen zum eCUBATOR finden Sie unter <a href=\"http:\/\/www.emobility.knorr-bremse.com\" target=\"_blank\" rel=\"noopener\">emobility.knorr-bremse.com.<\/a><\/p>\n","protected":false},"excerpt":{"rendered":"<p>Knorr-Bremse m\u00f6chte den n\u00e4chsten Schritt auf dem Weg in Richtung Elektromobilit\u00e4tszeitalter machen und b\u00fcndelt sein Know-how im Bereich der E-Mobilit\u00e4t in der neuen, unternehmenseigenen Entwicklungseinheit eCUBATOR. <span class=\"excerpt-more__dots\">&#8230;<\/span> <a class=\"excerpt-more__link\" href=\"https:\/\/www.krafthand.de\/truck\/artikel\/wo-geht-die-reise-hin-neue-entwicklungsplattform-ecubator-fuer-e-mobilitaet-26410\/\" >weiter<\/a><\/p>\n","protected":false},"author":9,"featured_media":26412,"comment_status":"closed","ping_status":"closed","sticky":false,"template":"","format":"standard","meta":{"footnotes":""},"categories":[4224,4222],"tags":[2776,4170,4171,186],"settings":[],"class_list":["post-26410","post","type-post","status-publish","format-standard","has-post-thumbnail","hentry","category-e-antrieb","category-nfz-technik","tag-dr-peter-laier","tag-ecubator","tag-elektromobilitaet","tag-knorr-bremse"],"yoast_head":"<!-- This site is optimized with the Yoast SEO plugin v27.3 - https:\/\/yoast.com\/product\/yoast-seo-wordpress\/ -->\n<title>Zukunftsmusik? Neue Entwicklungsplattform &#039;eCUBATOR&#039; f\u00fcr E-Mobilit\u00e4t - Krafthand-Truck<\/title>\n<meta name=\"robots\" content=\"index, follow, max-snippet:-1, max-image-preview:large, max-video-preview:-1\" \/>\n<link rel=\"canonical\" href=\"https:\/\/www.krafthand.de\/truck\/artikel\/wo-geht-die-reise-hin-neue-entwicklungsplattform-ecubator-fuer-e-mobilitaet-26410\/\" \/>\n<meta property=\"og:locale\" content=\"de_DE\" \/>\n<meta property=\"og:type\" content=\"article\" \/>\n<meta property=\"og:title\" content=\"Zukunftsmusik? Neue Entwicklungsplattform &#039;eCUBATOR&#039; f\u00fcr E-Mobilit\u00e4t - Krafthand-Truck\" \/>\n<meta property=\"og:description\" content=\"Knorr-Bremse m\u00f6chte den n\u00e4chsten Schritt auf dem Weg in Richtung Elektromobilit\u00e4tszeitalter machen und b\u00fcndelt sein Know-how im Bereich der E-Mobilit\u00e4t in der neuen, unternehmenseigenen Entwicklungseinheit eCUBATOR. ... weiter\" \/>\n<meta property=\"og:url\" content=\"https:\/\/www.krafthand-truck.de\/artikel\/wo-geht-die-reise-hin-neue-entwicklungsplattform-ecubator-fuer-e-mobilitaet-26410\/\" \/>\n<meta property=\"og:site_name\" content=\"Krafthand-Truck\" \/>\n<meta property=\"article:published_time\" content=\"2021-02-10T08:44:22+00:00\" \/>\n<meta property=\"article:modified_time\" content=\"2021-03-09T18:09:22+00:00\" \/>\n<meta property=\"og:image\" content=\"https:\/\/www.krafthand.de\/truck\/wp-content\/uploads\/2021\/02\/truck-ecubator-knorr-bremse_wlo_original_low.jpg\" \/>\n\t<meta property=\"og:image:width\" content=\"1280\" \/>\n\t<meta property=\"og:image:height\" content=\"720\" \/>\n\t<meta property=\"og:image:type\" content=\"image\/jpeg\" \/>\n<meta name=\"author\" content=\"georg.blenk@krafthand-medien.de\" \/>\n<meta name=\"twitter:card\" content=\"summary_large_image\" \/>\n<meta name=\"twitter:label1\" content=\"Verfasst von\" \/>\n\t<meta name=\"twitter:data1\" content=\"georg.blenk@krafthand-medien.de\" \/>\n\t<meta name=\"twitter:label2\" content=\"Gesch\u00e4tzte Lesezeit\" \/>\n\t<meta name=\"twitter:data2\" content=\"2\u00a0Minuten\" \/>\n<script type=\"application\/ld+json\" class=\"yoast-schema-graph\">{\"@context\":\"https:\\\/\\\/schema.org\",\"@graph\":[{\"@type\":\"Article\",\"@id\":\"https:\\\/\\\/www.krafthand.de\\\/truck\\\/artikel\\\/wo-geht-die-reise-hin-neue-entwicklungsplattform-ecubator-fuer-e-mobilitaet-26410\\\/#article\",\"isPartOf\":{\"@id\":\"https:\\\/\\\/www.krafthand.de\\\/truck\\\/artikel\\\/wo-geht-die-reise-hin-neue-entwicklungsplattform-ecubator-fuer-e-mobilitaet-26410\\\/\"},\"author\":{\"name\":\"georg.blenk@krafthand-medien.de\",\"@id\":\"https:\\\/\\\/www.krafthand.de\\\/truck\\\/#\\\/schema\\\/person\\\/51fa80b1c57034c4bf63f9f988fc24ce\"},\"headline\":\"Zukunftsmusik? Neue Entwicklungsplattform &#8218;eCUBATOR&#8216; f\u00fcr E-Mobilit\u00e4t\",\"datePublished\":\"2021-02-10T08:44:22+00:00\",\"dateModified\":\"2021-03-09T18:09:22+00:00\",\"mainEntityOfPage\":{\"@id\":\"https:\\\/\\\/www.krafthand.de\\\/truck\\\/artikel\\\/wo-geht-die-reise-hin-neue-entwicklungsplattform-ecubator-fuer-e-mobilitaet-26410\\\/\"},\"wordCount\":453,\"image\":{\"@id\":\"https:\\\/\\\/www.krafthand.de\\\/truck\\\/artikel\\\/wo-geht-die-reise-hin-neue-entwicklungsplattform-ecubator-fuer-e-mobilitaet-26410\\\/#primaryimage\"},\"thumbnailUrl\":\"https:\\\/\\\/static.krafthand-truck.de\\\/uploads\\\/2021\\\/02\\\/truck-ecubator-knorr-bremse_wlo_original_low.jpg\",\"keywords\":[\"Dr. Peter Laier\",\"eCubator\",\"Elektromobilit\u00e4t\",\"Knorr-Bremse\"],\"articleSection\":[\"E-Antrieb (BEV\\\/FCEV)\",\"Nfz-Technik\"],\"inLanguage\":\"de\"},{\"@type\":\"WebPage\",\"@id\":\"https:\\\/\\\/www.krafthand.de\\\/truck\\\/artikel\\\/wo-geht-die-reise-hin-neue-entwicklungsplattform-ecubator-fuer-e-mobilitaet-26410\\\/\",\"url\":\"https:\\\/\\\/www.krafthand.de\\\/truck\\\/artikel\\\/wo-geht-die-reise-hin-neue-entwicklungsplattform-ecubator-fuer-e-mobilitaet-26410\\\/\",\"name\":\"Zukunftsmusik? Neue Entwicklungsplattform 'eCUBATOR' f\u00fcr E-Mobilit\u00e4t - Krafthand-Truck\",\"isPartOf\":{\"@id\":\"https:\\\/\\\/www.krafthand.de\\\/truck\\\/#website\"},\"primaryImageOfPage\":{\"@id\":\"https:\\\/\\\/www.krafthand.de\\\/truck\\\/artikel\\\/wo-geht-die-reise-hin-neue-entwicklungsplattform-ecubator-fuer-e-mobilitaet-26410\\\/#primaryimage\"},\"image\":{\"@id\":\"https:\\\/\\\/www.krafthand.de\\\/truck\\\/artikel\\\/wo-geht-die-reise-hin-neue-entwicklungsplattform-ecubator-fuer-e-mobilitaet-26410\\\/#primaryimage\"},\"thumbnailUrl\":\"https:\\\/\\\/static.krafthand-truck.de\\\/uploads\\\/2021\\\/02\\\/truck-ecubator-knorr-bremse_wlo_original_low.jpg\",\"datePublished\":\"2021-02-10T08:44:22+00:00\",\"dateModified\":\"2021-03-09T18:09:22+00:00\",\"author\":{\"@id\":\"https:\\\/\\\/www.krafthand.de\\\/truck\\\/#\\\/schema\\\/person\\\/51fa80b1c57034c4bf63f9f988fc24ce\"},\"breadcrumb\":{\"@id\":\"https:\\\/\\\/www.krafthand.de\\\/truck\\\/artikel\\\/wo-geht-die-reise-hin-neue-entwicklungsplattform-ecubator-fuer-e-mobilitaet-26410\\\/#breadcrumb\"},\"inLanguage\":\"de\",\"potentialAction\":[{\"@type\":\"ReadAction\",\"target\":[\"https:\\\/\\\/www.krafthand.de\\\/truck\\\/artikel\\\/wo-geht-die-reise-hin-neue-entwicklungsplattform-ecubator-fuer-e-mobilitaet-26410\\\/\"]}]},{\"@type\":\"ImageObject\",\"inLanguage\":\"de\",\"@id\":\"https:\\\/\\\/www.krafthand.de\\\/truck\\\/artikel\\\/wo-geht-die-reise-hin-neue-entwicklungsplattform-ecubator-fuer-e-mobilitaet-26410\\\/#primaryimage\",\"url\":\"https:\\\/\\\/static.krafthand-truck.de\\\/uploads\\\/2021\\\/02\\\/truck-ecubator-knorr-bremse_wlo_original_low.jpg\",\"contentUrl\":\"https:\\\/\\\/static.krafthand-truck.de\\\/uploads\\\/2021\\\/02\\\/truck-ecubator-knorr-bremse_wlo_original_low.jpg\",\"width\":1280,\"height\":720,\"caption\":\"eCubator, Knorr-Bremse, Elektromobilit\u00e4t\"},{\"@type\":\"BreadcrumbList\",\"@id\":\"https:\\\/\\\/www.krafthand.de\\\/truck\\\/artikel\\\/wo-geht-die-reise-hin-neue-entwicklungsplattform-ecubator-fuer-e-mobilitaet-26410\\\/#breadcrumb\",\"itemListElement\":[{\"@type\":\"ListItem\",\"position\":1,\"name\":\"Krafthand-Truck\",\"item\":\"https:\\\/\\\/www.krafthand.de\\\/truck\\\/\"},{\"@type\":\"ListItem\",\"position\":2,\"name\":\"Nfz-Technik\",\"item\":\"https:\\\/\\\/www.krafthand.de\\\/truck\\\/kategorie\\\/nfz-technik\\\/\"},{\"@type\":\"ListItem\",\"position\":3,\"name\":\"Zukunftsmusik? Neue Entwicklungsplattform &#8218;eCUBATOR&#8216; f\u00fcr E-Mobilit\u00e4t\"}]},{\"@type\":\"WebSite\",\"@id\":\"https:\\\/\\\/www.krafthand.de\\\/truck\\\/#website\",\"url\":\"https:\\\/\\\/www.krafthand.de\\\/truck\\\/\",\"name\":\"Krafthand-Truck\",\"description\":\"\",\"potentialAction\":[{\"@type\":\"SearchAction\",\"target\":{\"@type\":\"EntryPoint\",\"urlTemplate\":\"https:\\\/\\\/www.krafthand.de\\\/truck\\\/?s={search_term_string}\"},\"query-input\":{\"@type\":\"PropertyValueSpecification\",\"valueRequired\":true,\"valueName\":\"search_term_string\"}}],\"inLanguage\":\"de\"},{\"@type\":\"Person\",\"@id\":\"https:\\\/\\\/www.krafthand.de\\\/truck\\\/#\\\/schema\\\/person\\\/51fa80b1c57034c4bf63f9f988fc24ce\",\"name\":\"georg.blenk@krafthand-medien.de\",\"image\":{\"@type\":\"ImageObject\",\"inLanguage\":\"de\",\"@id\":\"https:\\\/\\\/secure.gravatar.com\\\/avatar\\\/93713c30affe0aa95d3a4130e499bb1abee2eb31adbdd9ce2aa1543538490215?s=96&d=mm&r=g\",\"url\":\"https:\\\/\\\/secure.gravatar.com\\\/avatar\\\/93713c30affe0aa95d3a4130e499bb1abee2eb31adbdd9ce2aa1543538490215?s=96&d=mm&r=g\",\"contentUrl\":\"https:\\\/\\\/secure.gravatar.com\\\/avatar\\\/93713c30affe0aa95d3a4130e499bb1abee2eb31adbdd9ce2aa1543538490215?s=96&d=mm&r=g\",\"caption\":\"georg.blenk@krafthand-medien.de\"}}]}<\/script>\n<!-- \/ Yoast SEO plugin. -->","yoast_head_json":{"title":"Zukunftsmusik? Neue Entwicklungsplattform 'eCUBATOR' f\u00fcr E-Mobilit\u00e4t - Krafthand-Truck","robots":{"index":"index","follow":"follow","max-snippet":"max-snippet:-1","max-image-preview":"max-image-preview:large","max-video-preview":"max-video-preview:-1"},"canonical":"https:\/\/www.krafthand.de\/truck\/artikel\/wo-geht-die-reise-hin-neue-entwicklungsplattform-ecubator-fuer-e-mobilitaet-26410\/","og_locale":"de_DE","og_type":"article","og_title":"Zukunftsmusik? Neue Entwicklungsplattform 'eCUBATOR' f\u00fcr E-Mobilit\u00e4t - Krafthand-Truck","og_description":"Knorr-Bremse m\u00f6chte den n\u00e4chsten Schritt auf dem Weg in Richtung Elektromobilit\u00e4tszeitalter machen und b\u00fcndelt sein Know-how im Bereich der E-Mobilit\u00e4t in der neuen, unternehmenseigenen Entwicklungseinheit eCUBATOR. ... weiter","og_url":"https:\/\/www.krafthand-truck.de\/artikel\/wo-geht-die-reise-hin-neue-entwicklungsplattform-ecubator-fuer-e-mobilitaet-26410\/","og_site_name":"Krafthand-Truck","article_published_time":"2021-02-10T08:44:22+00:00","article_modified_time":"2021-03-09T18:09:22+00:00","og_image":[{"width":1280,"height":720,"url":"https:\/\/www.krafthand.de\/truck\/wp-content\/uploads\/2021\/02\/truck-ecubator-knorr-bremse_wlo_original_low.jpg","type":"image\/jpeg"}],"author":"georg.blenk@krafthand-medien.de","twitter_card":"summary_large_image","twitter_misc":{"Verfasst von":"georg.blenk@krafthand-medien.de","Gesch\u00e4tzte Lesezeit":"2\u00a0Minuten"},"schema":{"@context":"https:\/\/schema.org","@graph":[{"@type":"Article","@id":"https:\/\/www.krafthand.de\/truck\/artikel\/wo-geht-die-reise-hin-neue-entwicklungsplattform-ecubator-fuer-e-mobilitaet-26410\/#article","isPartOf":{"@id":"https:\/\/www.krafthand.de\/truck\/artikel\/wo-geht-die-reise-hin-neue-entwicklungsplattform-ecubator-fuer-e-mobilitaet-26410\/"},"author":{"name":"georg.blenk@krafthand-medien.de","@id":"https:\/\/www.krafthand.de\/truck\/#\/schema\/person\/51fa80b1c57034c4bf63f9f988fc24ce"},"headline":"Zukunftsmusik? Neue Entwicklungsplattform &#8218;eCUBATOR&#8216; f\u00fcr E-Mobilit\u00e4t","datePublished":"2021-02-10T08:44:22+00:00","dateModified":"2021-03-09T18:09:22+00:00","mainEntityOfPage":{"@id":"https:\/\/www.krafthand.de\/truck\/artikel\/wo-geht-die-reise-hin-neue-entwicklungsplattform-ecubator-fuer-e-mobilitaet-26410\/"},"wordCount":453,"image":{"@id":"https:\/\/www.krafthand.de\/truck\/artikel\/wo-geht-die-reise-hin-neue-entwicklungsplattform-ecubator-fuer-e-mobilitaet-26410\/#primaryimage"},"thumbnailUrl":"https:\/\/static.krafthand-truck.de\/uploads\/2021\/02\/truck-ecubator-knorr-bremse_wlo_original_low.jpg","keywords":["Dr. Peter Laier","eCubator","Elektromobilit\u00e4t","Knorr-Bremse"],"articleSection":["E-Antrieb (BEV\/FCEV)","Nfz-Technik"],"inLanguage":"de"},{"@type":"WebPage","@id":"https:\/\/www.krafthand.de\/truck\/artikel\/wo-geht-die-reise-hin-neue-entwicklungsplattform-ecubator-fuer-e-mobilitaet-26410\/","url":"https:\/\/www.krafthand.de\/truck\/artikel\/wo-geht-die-reise-hin-neue-entwicklungsplattform-ecubator-fuer-e-mobilitaet-26410\/","name":"Zukunftsmusik? Neue Entwicklungsplattform 'eCUBATOR' f\u00fcr E-Mobilit\u00e4t - Krafthand-Truck","isPartOf":{"@id":"https:\/\/www.krafthand.de\/truck\/#website"},"primaryImageOfPage":{"@id":"https:\/\/www.krafthand.de\/truck\/artikel\/wo-geht-die-reise-hin-neue-entwicklungsplattform-ecubator-fuer-e-mobilitaet-26410\/#primaryimage"},"image":{"@id":"https:\/\/www.krafthand.de\/truck\/artikel\/wo-geht-die-reise-hin-neue-entwicklungsplattform-ecubator-fuer-e-mobilitaet-26410\/#primaryimage"},"thumbnailUrl":"https:\/\/static.krafthand-truck.de\/uploads\/2021\/02\/truck-ecubator-knorr-bremse_wlo_original_low.jpg","datePublished":"2021-02-10T08:44:22+00:00","dateModified":"2021-03-09T18:09:22+00:00","author":{"@id":"https:\/\/www.krafthand.de\/truck\/#\/schema\/person\/51fa80b1c57034c4bf63f9f988fc24ce"},"breadcrumb":{"@id":"https:\/\/www.krafthand.de\/truck\/artikel\/wo-geht-die-reise-hin-neue-entwicklungsplattform-ecubator-fuer-e-mobilitaet-26410\/#breadcrumb"},"inLanguage":"de","potentialAction":[{"@type":"ReadAction","target":["https:\/\/www.krafthand.de\/truck\/artikel\/wo-geht-die-reise-hin-neue-entwicklungsplattform-ecubator-fuer-e-mobilitaet-26410\/"]}]},{"@type":"ImageObject","inLanguage":"de","@id":"https:\/\/www.krafthand.de\/truck\/artikel\/wo-geht-die-reise-hin-neue-entwicklungsplattform-ecubator-fuer-e-mobilitaet-26410\/#primaryimage","url":"https:\/\/static.krafthand-truck.de\/uploads\/2021\/02\/truck-ecubator-knorr-bremse_wlo_original_low.jpg","contentUrl":"https:\/\/static.krafthand-truck.de\/uploads\/2021\/02\/truck-ecubator-knorr-bremse_wlo_original_low.jpg","width":1280,"height":720,"caption":"eCubator, Knorr-Bremse, Elektromobilit\u00e4t"},{"@type":"BreadcrumbList","@id":"https:\/\/www.krafthand.de\/truck\/artikel\/wo-geht-die-reise-hin-neue-entwicklungsplattform-ecubator-fuer-e-mobilitaet-26410\/#breadcrumb","itemListElement":[{"@type":"ListItem","position":1,"name":"Krafthand-Truck","item":"https:\/\/www.krafthand.de\/truck\/"},{"@type":"ListItem","position":2,"name":"Nfz-Technik","item":"https:\/\/www.krafthand.de\/truck\/kategorie\/nfz-technik\/"},{"@type":"ListItem","position":3,"name":"Zukunftsmusik? Neue Entwicklungsplattform &#8218;eCUBATOR&#8216; f\u00fcr E-Mobilit\u00e4t"}]},{"@type":"WebSite","@id":"https:\/\/www.krafthand.de\/truck\/#website","url":"https:\/\/www.krafthand.de\/truck\/","name":"Krafthand-Truck","description":"","potentialAction":[{"@type":"SearchAction","target":{"@type":"EntryPoint","urlTemplate":"https:\/\/www.krafthand.de\/truck\/?s={search_term_string}"},"query-input":{"@type":"PropertyValueSpecification","valueRequired":true,"valueName":"search_term_string"}}],"inLanguage":"de"},{"@type":"Person","@id":"https:\/\/www.krafthand.de\/truck\/#\/schema\/person\/51fa80b1c57034c4bf63f9f988fc24ce","name":"georg.blenk@krafthand-medien.de","image":{"@type":"ImageObject","inLanguage":"de","@id":"https:\/\/secure.gravatar.com\/avatar\/93713c30affe0aa95d3a4130e499bb1abee2eb31adbdd9ce2aa1543538490215?s=96&d=mm&r=g","url":"https:\/\/secure.gravatar.com\/avatar\/93713c30affe0aa95d3a4130e499bb1abee2eb31adbdd9ce2aa1543538490215?s=96&d=mm&r=g","contentUrl":"https:\/\/secure.gravatar.com\/avatar\/93713c30affe0aa95d3a4130e499bb1abee2eb31adbdd9ce2aa1543538490215?s=96&d=mm&r=g","caption":"georg.blenk@krafthand-medien.de"}}]}},"_links":{"self":[{"href":"https:\/\/www.krafthand.de\/truck\/wp-json\/wp\/v2\/posts\/26410","targetHints":{"allow":["GET"]}}],"collection":[{"href":"https:\/\/www.krafthand.de\/truck\/wp-json\/wp\/v2\/posts"}],"about":[{"href":"https:\/\/www.krafthand.de\/truck\/wp-json\/wp\/v2\/types\/post"}],"author":[{"embeddable":true,"href":"https:\/\/www.krafthand.de\/truck\/wp-json\/wp\/v2\/users\/9"}],"replies":[{"embeddable":true,"href":"https:\/\/www.krafthand.de\/truck\/wp-json\/wp\/v2\/comments?post=26410"}],"version-history":[{"count":11,"href":"https:\/\/www.krafthand.de\/truck\/wp-json\/wp\/v2\/posts\/26410\/revisions"}],"predecessor-version":[{"id":26422,"href":"https:\/\/www.krafthand.de\/truck\/wp-json\/wp\/v2\/posts\/26410\/revisions\/26422"}],"wp:featuredmedia":[{"embeddable":true,"href":"https:\/\/www.krafthand.de\/truck\/wp-json\/wp\/v2\/media\/26412"}],"wp:attachment":[{"href":"https:\/\/www.krafthand.de\/truck\/wp-json\/wp\/v2\/media?parent=26410"}],"wp:term":[{"taxonomy":"category","embeddable":true,"href":"https:\/\/www.krafthand.de\/truck\/wp-json\/wp\/v2\/categories?post=26410"},{"taxonomy":"post_tag","embeddable":true,"href":"https:\/\/www.krafthand.de\/truck\/wp-json\/wp\/v2\/tags?post=26410"},{"taxonomy":"settings","embeddable":true,"href":"https:\/\/www.krafthand.de\/truck\/wp-json\/wp\/v2\/settings?post=26410"}],"curies":[{"name":"wp","href":"https:\/\/api.w.org\/{rel}","templated":true}]}}