{"id":26406,"date":"2021-02-10T08:48:39","date_gmt":"2021-02-10T07:48:39","guid":{"rendered":"https:\/\/www.krafthand.de\/truck\/?p=26406"},"modified":"2021-03-09T19:10:01","modified_gmt":"2021-03-09T18:10:01","slug":"karin-radstroem-leitet-mercedes-benz-lkw","status":"publish","type":"post","link":"https:\/\/www.krafthand.de\/truck\/artikel\/karin-radstroem-leitet-mercedes-benz-lkw-26406\/","title":{"rendered":"Karin R\u00e5dstr\u00f6m leitet Mercedes-Benz Lkw"},"content":{"rendered":"<p>Die geb\u00fcrtige Schwedin Karin R\u00e5dstr\u00f6m hat am 1.2.2021 ihre T\u00e4tigkeit als Vorstandsmitglied der Daimler Truck AG, verantwortlich f\u00fcr Mercedes-Benz Lkw, aufgenommen. R\u00e5dstr\u00f6m war zuletzt bei Scania als Vorstandsmitglied f\u00fcr Vertrieb und Marketing verantwortlich.<\/p>\n<p>R\u00e5dstr\u00f6m begann 2004 als Trainee bei Scania, nachdem sie ihren Master of Engineering in Industrial Management an der K\u00f6niglichen Technischen Hochschule in Stockholm abgeschlossen hatte. Seit 2007 bekleidete sie verschiedene leitende Positionen innerhalb der Vertriebs- und Serviceorganisation von Scania, darunter die Leitung des Busgesch\u00e4fts des Unternehmens sowie den Aufbau des Gesch\u00e4fts mit digitalen und vernetzten Fahrzeugen.<\/p>\n<blockquote><p>&#8222;Wir freuen uns sehr, Karin in unserem globalen F\u00fchrungsteam zu begr\u00fc\u00dfen. Sie verf\u00fcgt \u00fcber einen breiten internationalen Erfahrungsschatz in der Nutzfahrzeugindustrie und \u00fcber gro\u00dfe Erfolge im Aufbau einer kundenorientierten Vertriebsorganisation und des damit verbundenen Markenauftritts&#8220;, so Martin Daum, Vorstandsvorsitzender der Daimler Truck AG und Mitglied des Vorstands der Daimler AG.<\/p><\/blockquote>\n<p>R\u00e5dstr\u00f6m tritt die Nachfolge von Stefan Buchner an, der zum Oktober 2020 in den Ruhestand gegangen ist.<\/p>\n","protected":false},"excerpt":{"rendered":"<p>Die geb\u00fcrtige Schwedin Karin R\u00e5dstr\u00f6m hat am 1.2.2021 ihre T\u00e4tigkeit als Vorstandsmitglied der Daimler Truck AG, verantwortlich f\u00fcr Mercedes-Benz Lkw, aufgenommen. <span class=\"excerpt-more__dots\">&#8230;<\/span> <a class=\"excerpt-more__link\" href=\"https:\/\/www.krafthand.de\/truck\/artikel\/karin-radstroem-leitet-mercedes-benz-lkw-26406\/\" >weiter<\/a><\/p>\n","protected":false},"author":9,"featured_media":26408,"comment_status":"closed","ping_status":"closed","sticky":false,"template":"","format":"standard","meta":{"footnotes":""},"categories":[4238,5,4235],"tags":[4141,4168,4140,4169],"settings":[],"class_list":["post-26406","post","type-post","status-publish","format-standard","has-post-thumbnail","hentry","category-koepfe","category-branche","category-unternehmen","tag-daimler-truck-ag","tag-karin-radstroem","tag-martin-daum","tag-mercedes-benz-lkw"],"yoast_head":"<!-- This site is optimized with the Yoast SEO plugin v27.3 - https:\/\/yoast.com\/product\/yoast-seo-wordpress\/ -->\n<title>Karin R\u00e5dstr\u00f6m leitet Mercedes-Benz Lkw - Krafthand-Truck<\/title>\n<meta name=\"robots\" content=\"index, follow, max-snippet:-1, max-image-preview:large, max-video-preview:-1\" \/>\n<link rel=\"canonical\" href=\"https:\/\/www.krafthand.de\/truck\/artikel\/karin-radstroem-leitet-mercedes-benz-lkw-26406\/\" \/>\n<meta property=\"og:locale\" content=\"de_DE\" \/>\n<meta property=\"og:type\" content=\"article\" \/>\n<meta property=\"og:title\" content=\"Karin R\u00e5dstr\u00f6m leitet Mercedes-Benz Lkw - Krafthand-Truck\" \/>\n<meta property=\"og:description\" content=\"Die geb\u00fcrtige Schwedin Karin R\u00e5dstr\u00f6m hat am 1.2.2021 ihre T\u00e4tigkeit als Vorstandsmitglied der Daimler Truck AG, verantwortlich f\u00fcr Mercedes-Benz Lkw, aufgenommen. ... weiter\" \/>\n<meta property=\"og:url\" content=\"https:\/\/www.krafthand-truck.de\/artikel\/karin-radstroem-leitet-mercedes-benz-lkw-26406\/\" \/>\n<meta property=\"og:site_name\" content=\"Krafthand-Truck\" \/>\n<meta property=\"article:published_time\" content=\"2021-02-10T07:48:39+00:00\" \/>\n<meta property=\"article:modified_time\" content=\"2021-03-09T18:10:01+00:00\" \/>\n<meta property=\"og:image\" content=\"https:\/\/www.krafthand.de\/truck\/wp-content\/uploads\/2021\/02\/Daimler_Trucks_20C0619_01.jpg\" \/>\n\t<meta property=\"og:image:width\" content=\"1024\" \/>\n\t<meta property=\"og:image:height\" content=\"724\" \/>\n\t<meta property=\"og:image:type\" content=\"image\/jpeg\" \/>\n<meta name=\"author\" content=\"georg.blenk@krafthand-medien.de\" \/>\n<meta name=\"twitter:card\" content=\"summary_large_image\" \/>\n<meta name=\"twitter:label1\" content=\"Verfasst von\" \/>\n\t<meta name=\"twitter:data1\" content=\"georg.blenk@krafthand-medien.de\" \/>\n\t<meta name=\"twitter:label2\" content=\"Gesch\u00e4tzte Lesezeit\" \/>\n\t<meta name=\"twitter:data2\" content=\"1\u00a0Minute\" \/>\n<script type=\"application\/ld+json\" class=\"yoast-schema-graph\">{\"@context\":\"https:\\\/\\\/schema.org\",\"@graph\":[{\"@type\":\"Article\",\"@id\":\"https:\\\/\\\/www.krafthand.de\\\/truck\\\/artikel\\\/karin-radstroem-leitet-mercedes-benz-lkw-26406\\\/#article\",\"isPartOf\":{\"@id\":\"https:\\\/\\\/www.krafthand.de\\\/truck\\\/artikel\\\/karin-radstroem-leitet-mercedes-benz-lkw-26406\\\/\"},\"author\":{\"name\":\"georg.blenk@krafthand-medien.de\",\"@id\":\"https:\\\/\\\/www.krafthand.de\\\/truck\\\/#\\\/schema\\\/person\\\/51fa80b1c57034c4bf63f9f988fc24ce\"},\"headline\":\"Karin R\u00e5dstr\u00f6m leitet Mercedes-Benz Lkw\",\"datePublished\":\"2021-02-10T07:48:39+00:00\",\"dateModified\":\"2021-03-09T18:10:01+00:00\",\"mainEntityOfPage\":{\"@id\":\"https:\\\/\\\/www.krafthand.de\\\/truck\\\/artikel\\\/karin-radstroem-leitet-mercedes-benz-lkw-26406\\\/\"},\"wordCount\":178,\"image\":{\"@id\":\"https:\\\/\\\/www.krafthand.de\\\/truck\\\/artikel\\\/karin-radstroem-leitet-mercedes-benz-lkw-26406\\\/#primaryimage\"},\"thumbnailUrl\":\"https:\\\/\\\/static.krafthand-truck.de\\\/uploads\\\/2021\\\/02\\\/Daimler_Trucks_20C0619_01.jpg\",\"keywords\":[\"Daimler Truck AG\",\"Karin R\u00e5dstr\u00f6m\",\"Martin Daum\",\"Mercedes-Benz-Lkw\"],\"articleSection\":[\"K\u00f6pfe\\\/Personen\",\"Nfz-Branche\",\"Unternehmen\"],\"inLanguage\":\"de\"},{\"@type\":\"WebPage\",\"@id\":\"https:\\\/\\\/www.krafthand.de\\\/truck\\\/artikel\\\/karin-radstroem-leitet-mercedes-benz-lkw-26406\\\/\",\"url\":\"https:\\\/\\\/www.krafthand.de\\\/truck\\\/artikel\\\/karin-radstroem-leitet-mercedes-benz-lkw-26406\\\/\",\"name\":\"Karin R\u00e5dstr\u00f6m leitet Mercedes-Benz Lkw - Krafthand-Truck\",\"isPartOf\":{\"@id\":\"https:\\\/\\\/www.krafthand.de\\\/truck\\\/#website\"},\"primaryImageOfPage\":{\"@id\":\"https:\\\/\\\/www.krafthand.de\\\/truck\\\/artikel\\\/karin-radstroem-leitet-mercedes-benz-lkw-26406\\\/#primaryimage\"},\"image\":{\"@id\":\"https:\\\/\\\/www.krafthand.de\\\/truck\\\/artikel\\\/karin-radstroem-leitet-mercedes-benz-lkw-26406\\\/#primaryimage\"},\"thumbnailUrl\":\"https:\\\/\\\/static.krafthand-truck.de\\\/uploads\\\/2021\\\/02\\\/Daimler_Trucks_20C0619_01.jpg\",\"datePublished\":\"2021-02-10T07:48:39+00:00\",\"dateModified\":\"2021-03-09T18:10:01+00:00\",\"author\":{\"@id\":\"https:\\\/\\\/www.krafthand.de\\\/truck\\\/#\\\/schema\\\/person\\\/51fa80b1c57034c4bf63f9f988fc24ce\"},\"breadcrumb\":{\"@id\":\"https:\\\/\\\/www.krafthand.de\\\/truck\\\/artikel\\\/karin-radstroem-leitet-mercedes-benz-lkw-26406\\\/#breadcrumb\"},\"inLanguage\":\"de\",\"potentialAction\":[{\"@type\":\"ReadAction\",\"target\":[\"https:\\\/\\\/www.krafthand.de\\\/truck\\\/artikel\\\/karin-radstroem-leitet-mercedes-benz-lkw-26406\\\/\"]}]},{\"@type\":\"ImageObject\",\"inLanguage\":\"de\",\"@id\":\"https:\\\/\\\/www.krafthand.de\\\/truck\\\/artikel\\\/karin-radstroem-leitet-mercedes-benz-lkw-26406\\\/#primaryimage\",\"url\":\"https:\\\/\\\/static.krafthand-truck.de\\\/uploads\\\/2021\\\/02\\\/Daimler_Trucks_20C0619_01.jpg\",\"contentUrl\":\"https:\\\/\\\/static.krafthand-truck.de\\\/uploads\\\/2021\\\/02\\\/Daimler_Trucks_20C0619_01.jpg\",\"width\":1024,\"height\":724,\"caption\":\"Karin R\u00e5dstr\u00f6m \u00fcbernimmt Leitung von Mercedes-Benz Lkw am 1. Februar 2021 Karin R\u00e5dstr\u00f6m takes over management of Mercedes-Benz Trucks on 1 February 2021\"},{\"@type\":\"BreadcrumbList\",\"@id\":\"https:\\\/\\\/www.krafthand.de\\\/truck\\\/artikel\\\/karin-radstroem-leitet-mercedes-benz-lkw-26406\\\/#breadcrumb\",\"itemListElement\":[{\"@type\":\"ListItem\",\"position\":1,\"name\":\"Krafthand-Truck\",\"item\":\"https:\\\/\\\/www.krafthand.de\\\/truck\\\/\"},{\"@type\":\"ListItem\",\"position\":2,\"name\":\"Nfz-Branche\",\"item\":\"https:\\\/\\\/www.krafthand.de\\\/truck\\\/kategorie\\\/branche\\\/\"},{\"@type\":\"ListItem\",\"position\":3,\"name\":\"Karin R\u00e5dstr\u00f6m leitet Mercedes-Benz Lkw\"}]},{\"@type\":\"WebSite\",\"@id\":\"https:\\\/\\\/www.krafthand.de\\\/truck\\\/#website\",\"url\":\"https:\\\/\\\/www.krafthand.de\\\/truck\\\/\",\"name\":\"Krafthand-Truck\",\"description\":\"\",\"potentialAction\":[{\"@type\":\"SearchAction\",\"target\":{\"@type\":\"EntryPoint\",\"urlTemplate\":\"https:\\\/\\\/www.krafthand.de\\\/truck\\\/?s={search_term_string}\"},\"query-input\":{\"@type\":\"PropertyValueSpecification\",\"valueRequired\":true,\"valueName\":\"search_term_string\"}}],\"inLanguage\":\"de\"},{\"@type\":\"Person\",\"@id\":\"https:\\\/\\\/www.krafthand.de\\\/truck\\\/#\\\/schema\\\/person\\\/51fa80b1c57034c4bf63f9f988fc24ce\",\"name\":\"georg.blenk@krafthand-medien.de\",\"image\":{\"@type\":\"ImageObject\",\"inLanguage\":\"de\",\"@id\":\"https:\\\/\\\/secure.gravatar.com\\\/avatar\\\/93713c30affe0aa95d3a4130e499bb1abee2eb31adbdd9ce2aa1543538490215?s=96&d=mm&r=g\",\"url\":\"https:\\\/\\\/secure.gravatar.com\\\/avatar\\\/93713c30affe0aa95d3a4130e499bb1abee2eb31adbdd9ce2aa1543538490215?s=96&d=mm&r=g\",\"contentUrl\":\"https:\\\/\\\/secure.gravatar.com\\\/avatar\\\/93713c30affe0aa95d3a4130e499bb1abee2eb31adbdd9ce2aa1543538490215?s=96&d=mm&r=g\",\"caption\":\"georg.blenk@krafthand-medien.de\"}}]}<\/script>\n<!-- \/ Yoast SEO plugin. -->","yoast_head_json":{"title":"Karin R\u00e5dstr\u00f6m leitet Mercedes-Benz Lkw - Krafthand-Truck","robots":{"index":"index","follow":"follow","max-snippet":"max-snippet:-1","max-image-preview":"max-image-preview:large","max-video-preview":"max-video-preview:-1"},"canonical":"https:\/\/www.krafthand.de\/truck\/artikel\/karin-radstroem-leitet-mercedes-benz-lkw-26406\/","og_locale":"de_DE","og_type":"article","og_title":"Karin R\u00e5dstr\u00f6m leitet Mercedes-Benz Lkw - Krafthand-Truck","og_description":"Die geb\u00fcrtige Schwedin Karin R\u00e5dstr\u00f6m hat am 1.2.2021 ihre T\u00e4tigkeit als Vorstandsmitglied der Daimler Truck AG, verantwortlich f\u00fcr Mercedes-Benz Lkw, aufgenommen. ... weiter","og_url":"https:\/\/www.krafthand-truck.de\/artikel\/karin-radstroem-leitet-mercedes-benz-lkw-26406\/","og_site_name":"Krafthand-Truck","article_published_time":"2021-02-10T07:48:39+00:00","article_modified_time":"2021-03-09T18:10:01+00:00","og_image":[{"width":1024,"height":724,"url":"https:\/\/www.krafthand.de\/truck\/wp-content\/uploads\/2021\/02\/Daimler_Trucks_20C0619_01.jpg","type":"image\/jpeg"}],"author":"georg.blenk@krafthand-medien.de","twitter_card":"summary_large_image","twitter_misc":{"Verfasst von":"georg.blenk@krafthand-medien.de","Gesch\u00e4tzte Lesezeit":"1\u00a0Minute"},"schema":{"@context":"https:\/\/schema.org","@graph":[{"@type":"Article","@id":"https:\/\/www.krafthand.de\/truck\/artikel\/karin-radstroem-leitet-mercedes-benz-lkw-26406\/#article","isPartOf":{"@id":"https:\/\/www.krafthand.de\/truck\/artikel\/karin-radstroem-leitet-mercedes-benz-lkw-26406\/"},"author":{"name":"georg.blenk@krafthand-medien.de","@id":"https:\/\/www.krafthand.de\/truck\/#\/schema\/person\/51fa80b1c57034c4bf63f9f988fc24ce"},"headline":"Karin R\u00e5dstr\u00f6m leitet Mercedes-Benz Lkw","datePublished":"2021-02-10T07:48:39+00:00","dateModified":"2021-03-09T18:10:01+00:00","mainEntityOfPage":{"@id":"https:\/\/www.krafthand.de\/truck\/artikel\/karin-radstroem-leitet-mercedes-benz-lkw-26406\/"},"wordCount":178,"image":{"@id":"https:\/\/www.krafthand.de\/truck\/artikel\/karin-radstroem-leitet-mercedes-benz-lkw-26406\/#primaryimage"},"thumbnailUrl":"https:\/\/static.krafthand-truck.de\/uploads\/2021\/02\/Daimler_Trucks_20C0619_01.jpg","keywords":["Daimler Truck AG","Karin R\u00e5dstr\u00f6m","Martin Daum","Mercedes-Benz-Lkw"],"articleSection":["K\u00f6pfe\/Personen","Nfz-Branche","Unternehmen"],"inLanguage":"de"},{"@type":"WebPage","@id":"https:\/\/www.krafthand.de\/truck\/artikel\/karin-radstroem-leitet-mercedes-benz-lkw-26406\/","url":"https:\/\/www.krafthand.de\/truck\/artikel\/karin-radstroem-leitet-mercedes-benz-lkw-26406\/","name":"Karin R\u00e5dstr\u00f6m leitet Mercedes-Benz Lkw - Krafthand-Truck","isPartOf":{"@id":"https:\/\/www.krafthand.de\/truck\/#website"},"primaryImageOfPage":{"@id":"https:\/\/www.krafthand.de\/truck\/artikel\/karin-radstroem-leitet-mercedes-benz-lkw-26406\/#primaryimage"},"image":{"@id":"https:\/\/www.krafthand.de\/truck\/artikel\/karin-radstroem-leitet-mercedes-benz-lkw-26406\/#primaryimage"},"thumbnailUrl":"https:\/\/static.krafthand-truck.de\/uploads\/2021\/02\/Daimler_Trucks_20C0619_01.jpg","datePublished":"2021-02-10T07:48:39+00:00","dateModified":"2021-03-09T18:10:01+00:00","author":{"@id":"https:\/\/www.krafthand.de\/truck\/#\/schema\/person\/51fa80b1c57034c4bf63f9f988fc24ce"},"breadcrumb":{"@id":"https:\/\/www.krafthand.de\/truck\/artikel\/karin-radstroem-leitet-mercedes-benz-lkw-26406\/#breadcrumb"},"inLanguage":"de","potentialAction":[{"@type":"ReadAction","target":["https:\/\/www.krafthand.de\/truck\/artikel\/karin-radstroem-leitet-mercedes-benz-lkw-26406\/"]}]},{"@type":"ImageObject","inLanguage":"de","@id":"https:\/\/www.krafthand.de\/truck\/artikel\/karin-radstroem-leitet-mercedes-benz-lkw-26406\/#primaryimage","url":"https:\/\/static.krafthand-truck.de\/uploads\/2021\/02\/Daimler_Trucks_20C0619_01.jpg","contentUrl":"https:\/\/static.krafthand-truck.de\/uploads\/2021\/02\/Daimler_Trucks_20C0619_01.jpg","width":1024,"height":724,"caption":"Karin R\u00e5dstr\u00f6m \u00fcbernimmt Leitung von Mercedes-Benz Lkw am 1. Februar 2021 Karin R\u00e5dstr\u00f6m takes over management of Mercedes-Benz Trucks on 1 February 2021"},{"@type":"BreadcrumbList","@id":"https:\/\/www.krafthand.de\/truck\/artikel\/karin-radstroem-leitet-mercedes-benz-lkw-26406\/#breadcrumb","itemListElement":[{"@type":"ListItem","position":1,"name":"Krafthand-Truck","item":"https:\/\/www.krafthand.de\/truck\/"},{"@type":"ListItem","position":2,"name":"Nfz-Branche","item":"https:\/\/www.krafthand.de\/truck\/kategorie\/branche\/"},{"@type":"ListItem","position":3,"name":"Karin R\u00e5dstr\u00f6m leitet Mercedes-Benz Lkw"}]},{"@type":"WebSite","@id":"https:\/\/www.krafthand.de\/truck\/#website","url":"https:\/\/www.krafthand.de\/truck\/","name":"Krafthand-Truck","description":"","potentialAction":[{"@type":"SearchAction","target":{"@type":"EntryPoint","urlTemplate":"https:\/\/www.krafthand.de\/truck\/?s={search_term_string}"},"query-input":{"@type":"PropertyValueSpecification","valueRequired":true,"valueName":"search_term_string"}}],"inLanguage":"de"},{"@type":"Person","@id":"https:\/\/www.krafthand.de\/truck\/#\/schema\/person\/51fa80b1c57034c4bf63f9f988fc24ce","name":"georg.blenk@krafthand-medien.de","image":{"@type":"ImageObject","inLanguage":"de","@id":"https:\/\/secure.gravatar.com\/avatar\/93713c30affe0aa95d3a4130e499bb1abee2eb31adbdd9ce2aa1543538490215?s=96&d=mm&r=g","url":"https:\/\/secure.gravatar.com\/avatar\/93713c30affe0aa95d3a4130e499bb1abee2eb31adbdd9ce2aa1543538490215?s=96&d=mm&r=g","contentUrl":"https:\/\/secure.gravatar.com\/avatar\/93713c30affe0aa95d3a4130e499bb1abee2eb31adbdd9ce2aa1543538490215?s=96&d=mm&r=g","caption":"georg.blenk@krafthand-medien.de"}}]}},"_links":{"self":[{"href":"https:\/\/www.krafthand.de\/truck\/wp-json\/wp\/v2\/posts\/26406","targetHints":{"allow":["GET"]}}],"collection":[{"href":"https:\/\/www.krafthand.de\/truck\/wp-json\/wp\/v2\/posts"}],"about":[{"href":"https:\/\/www.krafthand.de\/truck\/wp-json\/wp\/v2\/types\/post"}],"author":[{"embeddable":true,"href":"https:\/\/www.krafthand.de\/truck\/wp-json\/wp\/v2\/users\/9"}],"replies":[{"embeddable":true,"href":"https:\/\/www.krafthand.de\/truck\/wp-json\/wp\/v2\/comments?post=26406"}],"version-history":[{"count":2,"href":"https:\/\/www.krafthand.de\/truck\/wp-json\/wp\/v2\/posts\/26406\/revisions"}],"predecessor-version":[{"id":26409,"href":"https:\/\/www.krafthand.de\/truck\/wp-json\/wp\/v2\/posts\/26406\/revisions\/26409"}],"wp:featuredmedia":[{"embeddable":true,"href":"https:\/\/www.krafthand.de\/truck\/wp-json\/wp\/v2\/media\/26408"}],"wp:attachment":[{"href":"https:\/\/www.krafthand.de\/truck\/wp-json\/wp\/v2\/media?parent=26406"}],"wp:term":[{"taxonomy":"category","embeddable":true,"href":"https:\/\/www.krafthand.de\/truck\/wp-json\/wp\/v2\/categories?post=26406"},{"taxonomy":"post_tag","embeddable":true,"href":"https:\/\/www.krafthand.de\/truck\/wp-json\/wp\/v2\/tags?post=26406"},{"taxonomy":"settings","embeddable":true,"href":"https:\/\/www.krafthand.de\/truck\/wp-json\/wp\/v2\/settings?post=26406"}],"curies":[{"name":"wp","href":"https:\/\/api.w.org\/{rel}","templated":true}]}}