{"id":26372,"date":"2021-02-04T15:15:46","date_gmt":"2021-02-04T14:15:46","guid":{"rendered":"https:\/\/www.krafthand.de\/truck\/?p=26372"},"modified":"2021-11-26T15:12:34","modified_gmt":"2021-11-26T14:12:34","slug":"kamaz-master-team-erfolgreich-bei-der-rally-dakar","status":"publish","type":"post","link":"https:\/\/www.krafthand.de\/truck\/artikel\/kamaz-master-team-erfolgreich-bei-der-rally-dakar-26372\/","title":{"rendered":"KAMAZ-Master-Team: Erfolgreich bei der Rally Dakar"},"content":{"rendered":"<p>Im zweiten Jahr in Folge trafen sich Anfang Januar Teilnehmer aus aller Welt zur Rally Dakar in Saudi-Arabien. Start\u00a0 war am 3. Januar in Dschidda. Die Rally f\u00fchrte \u00fcber rund 8.000 Kilometer entlang der Arabischen Halbinsel bis ans Rote Meer. Das vielgestaltige Gel\u00e4nde mit seinen steinigen Untergr\u00fcnden, hohen Sandd\u00fcnen, tiefen Schluchten, hohen Bergen und ausgetrockneten Flussbetten und die gleichzeitig hohen Geschwindigkeiten forderten die Teilnehmer sowie das Material heraus.<\/p>\n<p>Die Fahrer des KAMAZ-Master-Teams platzierten sich auf den ersten drei Pl\u00e4tzen. Dabei hat Dmitry Sotnikov zum ersten Mal die Rally Dakar in der Klasse &#8218;Truck&#8216; gewonnen. Auf den zweiten Platz landete Anton Shibalov, Airat Mardeev wurde Dritter. Das Team konnte sich zuletzt im Jahr 2015 die ersten drei Pl\u00e4tze sichern. F\u00fcr das KAMAZ-Master-Team war dies der 18. Sieg im Wettbewerb insgesamt.<\/p>\n<p>Mit an Bord der Kamaz-Trucks war Batterietechnik von Clarios\/Varta. Der Sponsor lieferte leistungsf\u00e4hige AGM-Batterien, die auch im harten Rallyeinsatz, mit hohen Lasten und widrigen Rahmenbedingungen, wie unterschiedlichen Temperaturen, Staub und mechanischen Einwirkungen fertig zu wurden. Scheinbar eine kleine technische Komponente, die jedoch im komplexen Gesamtpaket einen Teil zum Erfolg beitr\u00e4gt. (<a href=\"https:\/\/www.dakar.com\/en\/\" target=\"_blank\" rel=\"noopener\">www.dakar.com<\/a>)<\/p>\n","protected":false},"excerpt":{"rendered":"<p>Im zweiten Jahr in Folge trafen sich Anfang Januar Teilnehmer aus aller Welt zur Rally Dakar in Saudi-Arabien. Start\u00a0 war am 3. Januar in Dschidda. <span class=\"excerpt-more__dots\">&#8230;<\/span> <a class=\"excerpt-more__link\" href=\"https:\/\/www.krafthand.de\/truck\/artikel\/kamaz-master-team-erfolgreich-bei-der-rally-dakar-26372\/\" >weiter<\/a><\/p>\n","protected":false},"author":9,"featured_media":26374,"comment_status":"closed","ping_status":"closed","sticky":false,"template":"","format":"standard","meta":{"footnotes":""},"categories":[5,4235],"tags":[4163,4164,4160,4161,4162],"settings":[],"class_list":["post-26372","post","type-post","status-publish","format-standard","has-post-thumbnail","hentry","category-branche","category-unternehmen","tag-agm","tag-clarios","tag-kamaz","tag-rally-dakar","tag-varta"],"yoast_head":"<!-- This site is optimized with the Yoast SEO plugin v27.3 - https:\/\/yoast.com\/product\/yoast-seo-wordpress\/ -->\n<title>KAMAZ-Master-Team: Erfolgreich bei der Rally Dakar - Krafthand-Truck<\/title>\n<meta name=\"robots\" content=\"index, follow, max-snippet:-1, max-image-preview:large, max-video-preview:-1\" \/>\n<link rel=\"canonical\" href=\"https:\/\/www.krafthand.de\/truck\/artikel\/kamaz-master-team-erfolgreich-bei-der-rally-dakar-26372\/\" \/>\n<meta property=\"og:locale\" content=\"de_DE\" \/>\n<meta property=\"og:type\" content=\"article\" \/>\n<meta property=\"og:title\" content=\"KAMAZ-Master-Team: Erfolgreich bei der Rally Dakar - Krafthand-Truck\" \/>\n<meta property=\"og:description\" content=\"Im zweiten Jahr in Folge trafen sich Anfang Januar Teilnehmer aus aller Welt zur Rally Dakar in Saudi-Arabien. Start\u00a0 war am 3. Januar in Dschidda. ... weiter\" \/>\n<meta property=\"og:url\" content=\"https:\/\/www.krafthand-truck.de\/artikel\/kamaz-master-team-erfolgreich-bei-der-rally-dakar-26372\/\" \/>\n<meta property=\"og:site_name\" content=\"Krafthand-Truck\" \/>\n<meta property=\"article:published_time\" content=\"2021-02-04T14:15:46+00:00\" \/>\n<meta property=\"article:modified_time\" content=\"2021-11-26T14:12:34+00:00\" \/>\n<meta property=\"og:image\" content=\"https:\/\/www.krafthand.de\/truck\/wp-content\/uploads\/2021\/02\/Clarios_Varta_Kamas_Rally_Dakar_Truck.jpg\" \/>\n\t<meta property=\"og:image:width\" content=\"1000\" \/>\n\t<meta property=\"og:image:height\" content=\"669\" \/>\n\t<meta property=\"og:image:type\" content=\"image\/jpeg\" \/>\n<meta name=\"author\" content=\"georg.blenk@krafthand-medien.de\" \/>\n<meta name=\"twitter:card\" content=\"summary_large_image\" \/>\n<meta name=\"twitter:label1\" content=\"Verfasst von\" \/>\n\t<meta name=\"twitter:data1\" content=\"georg.blenk@krafthand-medien.de\" \/>\n\t<meta name=\"twitter:label2\" content=\"Gesch\u00e4tzte Lesezeit\" \/>\n\t<meta name=\"twitter:data2\" content=\"1\u00a0Minute\" \/>\n<script type=\"application\/ld+json\" class=\"yoast-schema-graph\">{\"@context\":\"https:\\\/\\\/schema.org\",\"@graph\":[{\"@type\":\"Article\",\"@id\":\"https:\\\/\\\/www.krafthand.de\\\/truck\\\/artikel\\\/kamaz-master-team-erfolgreich-bei-der-rally-dakar-26372\\\/#article\",\"isPartOf\":{\"@id\":\"https:\\\/\\\/www.krafthand.de\\\/truck\\\/artikel\\\/kamaz-master-team-erfolgreich-bei-der-rally-dakar-26372\\\/\"},\"author\":{\"name\":\"georg.blenk@krafthand-medien.de\",\"@id\":\"https:\\\/\\\/www.krafthand.de\\\/truck\\\/#\\\/schema\\\/person\\\/51fa80b1c57034c4bf63f9f988fc24ce\"},\"headline\":\"KAMAZ-Master-Team: Erfolgreich bei der Rally Dakar\",\"datePublished\":\"2021-02-04T14:15:46+00:00\",\"dateModified\":\"2021-11-26T14:12:34+00:00\",\"mainEntityOfPage\":{\"@id\":\"https:\\\/\\\/www.krafthand.de\\\/truck\\\/artikel\\\/kamaz-master-team-erfolgreich-bei-der-rally-dakar-26372\\\/\"},\"wordCount\":194,\"image\":{\"@id\":\"https:\\\/\\\/www.krafthand.de\\\/truck\\\/artikel\\\/kamaz-master-team-erfolgreich-bei-der-rally-dakar-26372\\\/#primaryimage\"},\"thumbnailUrl\":\"https:\\\/\\\/static.krafthand-truck.de\\\/uploads\\\/2021\\\/02\\\/Clarios_Varta_Kamas_Rally_Dakar_Truck.jpg\",\"keywords\":[\"AGM\",\"Clarios\",\"Kamaz\",\"Rally Dakar\",\"Varta\"],\"articleSection\":[\"Nfz-Branche\",\"Unternehmen\"],\"inLanguage\":\"de\"},{\"@type\":\"WebPage\",\"@id\":\"https:\\\/\\\/www.krafthand.de\\\/truck\\\/artikel\\\/kamaz-master-team-erfolgreich-bei-der-rally-dakar-26372\\\/\",\"url\":\"https:\\\/\\\/www.krafthand.de\\\/truck\\\/artikel\\\/kamaz-master-team-erfolgreich-bei-der-rally-dakar-26372\\\/\",\"name\":\"KAMAZ-Master-Team: Erfolgreich bei der Rally Dakar - Krafthand-Truck\",\"isPartOf\":{\"@id\":\"https:\\\/\\\/www.krafthand.de\\\/truck\\\/#website\"},\"primaryImageOfPage\":{\"@id\":\"https:\\\/\\\/www.krafthand.de\\\/truck\\\/artikel\\\/kamaz-master-team-erfolgreich-bei-der-rally-dakar-26372\\\/#primaryimage\"},\"image\":{\"@id\":\"https:\\\/\\\/www.krafthand.de\\\/truck\\\/artikel\\\/kamaz-master-team-erfolgreich-bei-der-rally-dakar-26372\\\/#primaryimage\"},\"thumbnailUrl\":\"https:\\\/\\\/static.krafthand-truck.de\\\/uploads\\\/2021\\\/02\\\/Clarios_Varta_Kamas_Rally_Dakar_Truck.jpg\",\"datePublished\":\"2021-02-04T14:15:46+00:00\",\"dateModified\":\"2021-11-26T14:12:34+00:00\",\"author\":{\"@id\":\"https:\\\/\\\/www.krafthand.de\\\/truck\\\/#\\\/schema\\\/person\\\/51fa80b1c57034c4bf63f9f988fc24ce\"},\"breadcrumb\":{\"@id\":\"https:\\\/\\\/www.krafthand.de\\\/truck\\\/artikel\\\/kamaz-master-team-erfolgreich-bei-der-rally-dakar-26372\\\/#breadcrumb\"},\"inLanguage\":\"de\",\"potentialAction\":[{\"@type\":\"ReadAction\",\"target\":[\"https:\\\/\\\/www.krafthand.de\\\/truck\\\/artikel\\\/kamaz-master-team-erfolgreich-bei-der-rally-dakar-26372\\\/\"]}]},{\"@type\":\"ImageObject\",\"inLanguage\":\"de\",\"@id\":\"https:\\\/\\\/www.krafthand.de\\\/truck\\\/artikel\\\/kamaz-master-team-erfolgreich-bei-der-rally-dakar-26372\\\/#primaryimage\",\"url\":\"https:\\\/\\\/static.krafthand-truck.de\\\/uploads\\\/2021\\\/02\\\/Clarios_Varta_Kamas_Rally_Dakar_Truck.jpg\",\"contentUrl\":\"https:\\\/\\\/static.krafthand-truck.de\\\/uploads\\\/2021\\\/02\\\/Clarios_Varta_Kamas_Rally_Dakar_Truck.jpg\",\"width\":1000,\"height\":669,\"caption\":\"Kamaz, Varta, Rally Dakar\"},{\"@type\":\"BreadcrumbList\",\"@id\":\"https:\\\/\\\/www.krafthand.de\\\/truck\\\/artikel\\\/kamaz-master-team-erfolgreich-bei-der-rally-dakar-26372\\\/#breadcrumb\",\"itemListElement\":[{\"@type\":\"ListItem\",\"position\":1,\"name\":\"Krafthand-Truck\",\"item\":\"https:\\\/\\\/www.krafthand.de\\\/truck\\\/\"},{\"@type\":\"ListItem\",\"position\":2,\"name\":\"Nfz-Branche\",\"item\":\"https:\\\/\\\/www.krafthand.de\\\/truck\\\/kategorie\\\/branche\\\/\"},{\"@type\":\"ListItem\",\"position\":3,\"name\":\"KAMAZ-Master-Team: Erfolgreich bei der Rally Dakar\"}]},{\"@type\":\"WebSite\",\"@id\":\"https:\\\/\\\/www.krafthand.de\\\/truck\\\/#website\",\"url\":\"https:\\\/\\\/www.krafthand.de\\\/truck\\\/\",\"name\":\"Krafthand-Truck\",\"description\":\"\",\"potentialAction\":[{\"@type\":\"SearchAction\",\"target\":{\"@type\":\"EntryPoint\",\"urlTemplate\":\"https:\\\/\\\/www.krafthand.de\\\/truck\\\/?s={search_term_string}\"},\"query-input\":{\"@type\":\"PropertyValueSpecification\",\"valueRequired\":true,\"valueName\":\"search_term_string\"}}],\"inLanguage\":\"de\"},{\"@type\":\"Person\",\"@id\":\"https:\\\/\\\/www.krafthand.de\\\/truck\\\/#\\\/schema\\\/person\\\/51fa80b1c57034c4bf63f9f988fc24ce\",\"name\":\"georg.blenk@krafthand-medien.de\",\"image\":{\"@type\":\"ImageObject\",\"inLanguage\":\"de\",\"@id\":\"https:\\\/\\\/secure.gravatar.com\\\/avatar\\\/93713c30affe0aa95d3a4130e499bb1abee2eb31adbdd9ce2aa1543538490215?s=96&d=mm&r=g\",\"url\":\"https:\\\/\\\/secure.gravatar.com\\\/avatar\\\/93713c30affe0aa95d3a4130e499bb1abee2eb31adbdd9ce2aa1543538490215?s=96&d=mm&r=g\",\"contentUrl\":\"https:\\\/\\\/secure.gravatar.com\\\/avatar\\\/93713c30affe0aa95d3a4130e499bb1abee2eb31adbdd9ce2aa1543538490215?s=96&d=mm&r=g\",\"caption\":\"georg.blenk@krafthand-medien.de\"}}]}<\/script>\n<!-- \/ Yoast SEO plugin. -->","yoast_head_json":{"title":"KAMAZ-Master-Team: Erfolgreich bei der Rally Dakar - Krafthand-Truck","robots":{"index":"index","follow":"follow","max-snippet":"max-snippet:-1","max-image-preview":"max-image-preview:large","max-video-preview":"max-video-preview:-1"},"canonical":"https:\/\/www.krafthand.de\/truck\/artikel\/kamaz-master-team-erfolgreich-bei-der-rally-dakar-26372\/","og_locale":"de_DE","og_type":"article","og_title":"KAMAZ-Master-Team: Erfolgreich bei der Rally Dakar - Krafthand-Truck","og_description":"Im zweiten Jahr in Folge trafen sich Anfang Januar Teilnehmer aus aller Welt zur Rally Dakar in Saudi-Arabien. Start\u00a0 war am 3. Januar in Dschidda. ... weiter","og_url":"https:\/\/www.krafthand-truck.de\/artikel\/kamaz-master-team-erfolgreich-bei-der-rally-dakar-26372\/","og_site_name":"Krafthand-Truck","article_published_time":"2021-02-04T14:15:46+00:00","article_modified_time":"2021-11-26T14:12:34+00:00","og_image":[{"width":1000,"height":669,"url":"https:\/\/www.krafthand.de\/truck\/wp-content\/uploads\/2021\/02\/Clarios_Varta_Kamas_Rally_Dakar_Truck.jpg","type":"image\/jpeg"}],"author":"georg.blenk@krafthand-medien.de","twitter_card":"summary_large_image","twitter_misc":{"Verfasst von":"georg.blenk@krafthand-medien.de","Gesch\u00e4tzte Lesezeit":"1\u00a0Minute"},"schema":{"@context":"https:\/\/schema.org","@graph":[{"@type":"Article","@id":"https:\/\/www.krafthand.de\/truck\/artikel\/kamaz-master-team-erfolgreich-bei-der-rally-dakar-26372\/#article","isPartOf":{"@id":"https:\/\/www.krafthand.de\/truck\/artikel\/kamaz-master-team-erfolgreich-bei-der-rally-dakar-26372\/"},"author":{"name":"georg.blenk@krafthand-medien.de","@id":"https:\/\/www.krafthand.de\/truck\/#\/schema\/person\/51fa80b1c57034c4bf63f9f988fc24ce"},"headline":"KAMAZ-Master-Team: Erfolgreich bei der Rally Dakar","datePublished":"2021-02-04T14:15:46+00:00","dateModified":"2021-11-26T14:12:34+00:00","mainEntityOfPage":{"@id":"https:\/\/www.krafthand.de\/truck\/artikel\/kamaz-master-team-erfolgreich-bei-der-rally-dakar-26372\/"},"wordCount":194,"image":{"@id":"https:\/\/www.krafthand.de\/truck\/artikel\/kamaz-master-team-erfolgreich-bei-der-rally-dakar-26372\/#primaryimage"},"thumbnailUrl":"https:\/\/static.krafthand-truck.de\/uploads\/2021\/02\/Clarios_Varta_Kamas_Rally_Dakar_Truck.jpg","keywords":["AGM","Clarios","Kamaz","Rally Dakar","Varta"],"articleSection":["Nfz-Branche","Unternehmen"],"inLanguage":"de"},{"@type":"WebPage","@id":"https:\/\/www.krafthand.de\/truck\/artikel\/kamaz-master-team-erfolgreich-bei-der-rally-dakar-26372\/","url":"https:\/\/www.krafthand.de\/truck\/artikel\/kamaz-master-team-erfolgreich-bei-der-rally-dakar-26372\/","name":"KAMAZ-Master-Team: Erfolgreich bei der Rally Dakar - Krafthand-Truck","isPartOf":{"@id":"https:\/\/www.krafthand.de\/truck\/#website"},"primaryImageOfPage":{"@id":"https:\/\/www.krafthand.de\/truck\/artikel\/kamaz-master-team-erfolgreich-bei-der-rally-dakar-26372\/#primaryimage"},"image":{"@id":"https:\/\/www.krafthand.de\/truck\/artikel\/kamaz-master-team-erfolgreich-bei-der-rally-dakar-26372\/#primaryimage"},"thumbnailUrl":"https:\/\/static.krafthand-truck.de\/uploads\/2021\/02\/Clarios_Varta_Kamas_Rally_Dakar_Truck.jpg","datePublished":"2021-02-04T14:15:46+00:00","dateModified":"2021-11-26T14:12:34+00:00","author":{"@id":"https:\/\/www.krafthand.de\/truck\/#\/schema\/person\/51fa80b1c57034c4bf63f9f988fc24ce"},"breadcrumb":{"@id":"https:\/\/www.krafthand.de\/truck\/artikel\/kamaz-master-team-erfolgreich-bei-der-rally-dakar-26372\/#breadcrumb"},"inLanguage":"de","potentialAction":[{"@type":"ReadAction","target":["https:\/\/www.krafthand.de\/truck\/artikel\/kamaz-master-team-erfolgreich-bei-der-rally-dakar-26372\/"]}]},{"@type":"ImageObject","inLanguage":"de","@id":"https:\/\/www.krafthand.de\/truck\/artikel\/kamaz-master-team-erfolgreich-bei-der-rally-dakar-26372\/#primaryimage","url":"https:\/\/static.krafthand-truck.de\/uploads\/2021\/02\/Clarios_Varta_Kamas_Rally_Dakar_Truck.jpg","contentUrl":"https:\/\/static.krafthand-truck.de\/uploads\/2021\/02\/Clarios_Varta_Kamas_Rally_Dakar_Truck.jpg","width":1000,"height":669,"caption":"Kamaz, Varta, Rally Dakar"},{"@type":"BreadcrumbList","@id":"https:\/\/www.krafthand.de\/truck\/artikel\/kamaz-master-team-erfolgreich-bei-der-rally-dakar-26372\/#breadcrumb","itemListElement":[{"@type":"ListItem","position":1,"name":"Krafthand-Truck","item":"https:\/\/www.krafthand.de\/truck\/"},{"@type":"ListItem","position":2,"name":"Nfz-Branche","item":"https:\/\/www.krafthand.de\/truck\/kategorie\/branche\/"},{"@type":"ListItem","position":3,"name":"KAMAZ-Master-Team: Erfolgreich bei der Rally Dakar"}]},{"@type":"WebSite","@id":"https:\/\/www.krafthand.de\/truck\/#website","url":"https:\/\/www.krafthand.de\/truck\/","name":"Krafthand-Truck","description":"","potentialAction":[{"@type":"SearchAction","target":{"@type":"EntryPoint","urlTemplate":"https:\/\/www.krafthand.de\/truck\/?s={search_term_string}"},"query-input":{"@type":"PropertyValueSpecification","valueRequired":true,"valueName":"search_term_string"}}],"inLanguage":"de"},{"@type":"Person","@id":"https:\/\/www.krafthand.de\/truck\/#\/schema\/person\/51fa80b1c57034c4bf63f9f988fc24ce","name":"georg.blenk@krafthand-medien.de","image":{"@type":"ImageObject","inLanguage":"de","@id":"https:\/\/secure.gravatar.com\/avatar\/93713c30affe0aa95d3a4130e499bb1abee2eb31adbdd9ce2aa1543538490215?s=96&d=mm&r=g","url":"https:\/\/secure.gravatar.com\/avatar\/93713c30affe0aa95d3a4130e499bb1abee2eb31adbdd9ce2aa1543538490215?s=96&d=mm&r=g","contentUrl":"https:\/\/secure.gravatar.com\/avatar\/93713c30affe0aa95d3a4130e499bb1abee2eb31adbdd9ce2aa1543538490215?s=96&d=mm&r=g","caption":"georg.blenk@krafthand-medien.de"}}]}},"_links":{"self":[{"href":"https:\/\/www.krafthand.de\/truck\/wp-json\/wp\/v2\/posts\/26372","targetHints":{"allow":["GET"]}}],"collection":[{"href":"https:\/\/www.krafthand.de\/truck\/wp-json\/wp\/v2\/posts"}],"about":[{"href":"https:\/\/www.krafthand.de\/truck\/wp-json\/wp\/v2\/types\/post"}],"author":[{"embeddable":true,"href":"https:\/\/www.krafthand.de\/truck\/wp-json\/wp\/v2\/users\/9"}],"replies":[{"embeddable":true,"href":"https:\/\/www.krafthand.de\/truck\/wp-json\/wp\/v2\/comments?post=26372"}],"version-history":[{"count":5,"href":"https:\/\/www.krafthand.de\/truck\/wp-json\/wp\/v2\/posts\/26372\/revisions"}],"predecessor-version":[{"id":26378,"href":"https:\/\/www.krafthand.de\/truck\/wp-json\/wp\/v2\/posts\/26372\/revisions\/26378"}],"wp:featuredmedia":[{"embeddable":true,"href":"https:\/\/www.krafthand.de\/truck\/wp-json\/wp\/v2\/media\/26374"}],"wp:attachment":[{"href":"https:\/\/www.krafthand.de\/truck\/wp-json\/wp\/v2\/media?parent=26372"}],"wp:term":[{"taxonomy":"category","embeddable":true,"href":"https:\/\/www.krafthand.de\/truck\/wp-json\/wp\/v2\/categories?post=26372"},{"taxonomy":"post_tag","embeddable":true,"href":"https:\/\/www.krafthand.de\/truck\/wp-json\/wp\/v2\/tags?post=26372"},{"taxonomy":"settings","embeddable":true,"href":"https:\/\/www.krafthand.de\/truck\/wp-json\/wp\/v2\/settings?post=26372"}],"curies":[{"name":"wp","href":"https:\/\/api.w.org\/{rel}","templated":true}]}}