{"id":26340,"date":"2021-02-03T09:21:47","date_gmt":"2021-02-03T08:21:47","guid":{"rendered":"https:\/\/www.krafthand.de\/truck\/?p=26340"},"modified":"2021-03-26T08:49:31","modified_gmt":"2021-03-26T07:49:31","slug":"personelle-verstaerkung-mehr-sicherheit-und-information","status":"publish","type":"post","link":"https:\/\/www.krafthand.de\/truck\/artikel\/personelle-verstaerkung-mehr-sicherheit-und-information-26340\/","title":{"rendered":"Personelle Verst\u00e4rkung, mehr Sicherheit und Information"},"content":{"rendered":"<p>Der Spezialist f\u00fcr Bremsbel\u00e4ge TMD Friction, verst\u00e4rkt seine Aftermarketaktivit\u00e4ten im Nutzfahrzeugbereich und besetzt mit Oliver Hill eine neu geschaffene Schl\u00fcsselposition. Produktseitig setzt man auf Sicherheit und liefert auf den Textar-Verpackungen zus\u00e4tzliche Informationen f\u00fcr Werkstattprofis.<\/p>\n<h2>Neue Position<\/h2>\n<p>Mit einer neuen Schl\u00fcsselposition m\u00f6chte TMD Friction die Bedeutung der Nutzfahrzeugdivision verdeutlichen: Bereits seit Dezember 2020 ist\u00a0 Oliver Hill als Global Sales &amp; Marketing Director IAM Commercial Vehicles des Unternehmens an Bord. Er verantwortet den Angaben zufolge die Umsatz- und Gewinnentwicklung im Aftermarket-Nutzfahrzeugbereich in allen Regionen sowie die Konzeption neuer Marketingstrategien. Hill bringt \u00fcber 20 Jahre Erfahrung im IAM mit, die er in verschiedenen Positionen in Vertrieb und Marketing erworben hat. Unter anderem war er 19 Jahre f\u00fcr ZF Friedrichshafen t\u00e4tig, zuletzt als Head of Global Strategy Commercial Vehicles.<\/p>\n<blockquote><p>&#8222;Wir freuen uns sehr, mit Oliver Hill einen erfahrenen und bestens vernetzten neuen Kollegen gewonnen zu haben, der mit frischen Ideen in Vertrieb und Marketing eine echte Bereicherung f\u00fcr unseren Aftermarket-Nutzfahrzeugbereich ist\u201c, so Cl\u00e9ment de Valon, Executive Vice President Independent Aftermarket bei TMD Friction.<\/p><\/blockquote>\n<h2>Neues Sicherheitssiegel<\/h2>\n<p>Eine Neuerung im Nfz-Produktbereich ist das PROriginal-Sicherheitssiegel, das im vergangenen Jahr bereits im Pkw-Bereich eingef\u00fchrt wurde. So m\u00f6chte TMD Friction einen verbesserten Schutz vor Plagiaten gew\u00e4hrleisten. Auf der R\u00fcckseite des Siegels befinden sich ein QR-Code sowie ein zw\u00f6lfstelliger, alphanumerischer Code. Die\u00a0 Kund(innen) k\u00f6nnen nach dem \u00d6ffnen den QR-Code scannen oder den zw\u00f6lfstelligen, alphanumerischen Code auf der Website <a href=\"http:\/\/www.fightingthefakes.com\" target=\"_blank\" rel=\"noopener\">www.fightingthefakes.com<\/a> eingeben. Entweder bekommt er dann direkt die Best\u00e4tigung, dass er ein Originalprodukt erworben hat, oder aber er wird darauf hingewiesen, dass der Code bereits gescannt wurde oder ung\u00fcltig ist. In letzteren F\u00e4llen bittet TMD Friction um direkte Kontaktaufnahme \u00fcber das Online-Kontaktformular oder die Service-Hotline (+49 (0)2171 7032397), damit alle weiteren Schritte in die Wege geleitet werden k\u00f6nnen.<\/p>\n<div class=\"gallery-container\"><div class=\"owl-carousel owl-theme\">\r\n        <div>\r\n        \t<img decoding=\"async\" src=\"https:\/\/static.krafthand-truck.de\/uploads\/2021\/02\/TMD-Friction_Nfz-Sicherheitssiegel_1.jpg\" alt=\"\" \/>\r\n          <a href=\"https:\/\/static.krafthand-truck.de\/uploads\/2021\/02\/TMD-Friction_Nfz-Sicherheitssiegel_1.jpg\" data-featherlight=\"gallery_69f5cf4787d5c\" class=\"gallery-expand\" data-title=\"Das PROriginal-Sicherheitssiegel ist ab 2021 auch auf den Nutzfahrzeug-Produktverpackungen von Textar zu finden. Bild: TMD Friction\"><i class=\"fa fa-expand\" aria-hidden=\"true\"><\/i><\/a>\r\n        \t<div class=\"gallery-caption wp-caption-text\"><p>Das PROriginal-Sicherheitssiegel ist ab 2021 auch auf den Nutzfahrzeug-Produktverpackungen von Textar zu finden. Bild: TMD Friction<\/p>\n<\/div>\r\n        <\/div>\r\n        <div>\r\n        \t<img decoding=\"async\" src=\"https:\/\/static.krafthand-truck.de\/uploads\/2021\/02\/TMD-Friction_Neues-Nfz-Etikett.jpg\" alt=\"\" \/>\r\n          <a href=\"https:\/\/static.krafthand-truck.de\/uploads\/2021\/02\/TMD-Friction_Neues-Nfz-Etikett.jpg\" data-featherlight=\"gallery_69f5cf4787d5c\" class=\"gallery-expand\" data-title=\"Die neu gestalteten Etiketten auf den Textar-Verpackungen liefern zahlreiche Zusatzinformationen f\u00fcr den Nfz-Profi. Bild: TMD Friction\"><i class=\"fa fa-expand\" aria-hidden=\"true\"><\/i><\/a>\r\n        \t<div class=\"gallery-caption wp-caption-text\"><p>Die neu gestalteten Etiketten auf den Textar-Verpackungen liefern zahlreiche Zusatzinformationen f\u00fcr den Nfz-Profi. Bild: TMD Friction<\/p>\n<\/div>\r\n        <\/div><\/div><\/div>\r\n\t<script>\r\n\t\tjQuery(document).ready(function($){\r\n      setTimeout(function(){\r\n  \t\t\t$(\".owl-carousel\").owlCarousel({\r\n  \t\t\t\tloop:true,\r\n    \t\t\tmargin:10,\r\n    \t\t\tresponsiveClass:true,\r\n    \t\t\titems:1,\r\n    \t\t\tautoHeight: true,\r\n          nav: true,\r\n          URLhashListener: true,\r\n          startPosition: \"URLHash\",\r\n          navText: [\r\n            \"<i class='fa fa-chevron-left'><\/i>\",\r\n            \"<i class='fa fa-chevron-right'><\/i>\"\r\n          ],\r\n  \t\t\t});\r\n      }, 2000);\r\n\t\t});\r\n\t<\/script>\r\n\t\n<h2>Neues Etikett<\/h2>\n<p>Ein neues Verpackungsetikett f\u00fcr Textar-Nfz-Bremsbel\u00e4ge bietet ein vereinfachtes Layout und liefert zahlreiche Informationen, die llaut TMD Friction den Werkstattmitarbeitern den Arbeitsalltag erleichtern. Auf einen Blick sind beispielsweise die Ma\u00dfangaben des Bremsbelags mit Symbolen f\u00fcr H\u00f6he, Breite und Dicke abgebildet. Ein Symbol und ein Kontrollk\u00e4stchen zeigen an, ob Zubeh\u00f6r und\/oder eine Verschlei\u00dfanzeige enthalten ist. Ein Nfz-Symbol mit Pfeilen signalisiert den Einbauort\u00a0 (Vorder- oder Hinterachse oder beides). Auch der Hersteller und der Bremsentyp des Bremssystems sind auf einen Blick ersichtlich sowie Hinweise auf Branchenreferenzen und Angaben, f\u00fcr welche Marken und Modelle der Belag verwendet werden kann. Scannt man in der Brakebook-App von TMD Friction den Barcode auf dem Etikett, so wird der Kunde direkt zur Produktseite im Online-Katalog weitergeleitet.<\/p>\n<p>&nbsp;<\/p>\n","protected":false},"excerpt":{"rendered":"<p>Der Spezialist f\u00fcr Bremsbel\u00e4ge TMD Friction, verst\u00e4rkt seine Aftermarketaktivit\u00e4ten im Nutzfahrzeugbereich und besetzt mit Oliver Hill eine neu geschaffene Schl\u00fcsselposition. <span class=\"excerpt-more__dots\">&#8230;<\/span> <a class=\"excerpt-more__link\" href=\"https:\/\/www.krafthand.de\/truck\/artikel\/personelle-verstaerkung-mehr-sicherheit-und-information-26340\/\" >weiter<\/a><\/p>\n","protected":false},"author":9,"featured_media":26371,"comment_status":"closed","ping_status":"closed","sticky":false,"template":"","format":"standard","meta":{"footnotes":""},"categories":[4238,5],"tags":[4159,4154,4155,4158,4156,4157,3736],"settings":[],"class_list":["post-26340","post","type-post","status-publish","format-standard","has-post-thumbnail","hentry","category-koepfe","category-branche","tag-clement-de-valon","tag-iam","tag-kopierschutz","tag-oliver-hill","tag-raubkopie","tag-sicherheitssiegel","tag-tmd-friction"],"yoast_head":"<!-- This site is optimized with the Yoast SEO plugin v27.3 - https:\/\/yoast.com\/product\/yoast-seo-wordpress\/ -->\n<title>Personelle Verst\u00e4rkung, mehr Sicherheit und Information - Krafthand-Truck<\/title>\n<meta name=\"robots\" content=\"index, follow, max-snippet:-1, max-image-preview:large, max-video-preview:-1\" \/>\n<link rel=\"canonical\" href=\"https:\/\/www.krafthand.de\/truck\/artikel\/personelle-verstaerkung-mehr-sicherheit-und-information-26340\/\" \/>\n<meta property=\"og:locale\" content=\"de_DE\" \/>\n<meta property=\"og:type\" content=\"article\" \/>\n<meta property=\"og:title\" content=\"Personelle Verst\u00e4rkung, mehr Sicherheit und Information - Krafthand-Truck\" \/>\n<meta property=\"og:description\" content=\"Der Spezialist f\u00fcr Bremsbel\u00e4ge TMD Friction, verst\u00e4rkt seine Aftermarketaktivit\u00e4ten im Nutzfahrzeugbereich und besetzt mit Oliver Hill eine neu geschaffene Schl\u00fcsselposition. ... weiter\" \/>\n<meta property=\"og:url\" content=\"https:\/\/www.krafthand-truck.de\/artikel\/personelle-verstaerkung-mehr-sicherheit-und-information-26340\/\" \/>\n<meta property=\"og:site_name\" content=\"Krafthand-Truck\" \/>\n<meta property=\"article:published_time\" content=\"2021-02-03T08:21:47+00:00\" \/>\n<meta property=\"article:modified_time\" content=\"2021-03-26T07:49:31+00:00\" \/>\n<meta property=\"og:image\" content=\"https:\/\/www.krafthand.de\/truck\/wp-content\/uploads\/2021\/02\/TMD-Friction_Oliver-Hill_02.jpg\" \/>\n\t<meta property=\"og:image:width\" content=\"1000\" \/>\n\t<meta property=\"og:image:height\" content=\"800\" \/>\n\t<meta property=\"og:image:type\" content=\"image\/jpeg\" \/>\n<meta name=\"author\" content=\"georg.blenk@krafthand-medien.de\" \/>\n<meta name=\"twitter:card\" content=\"summary_large_image\" \/>\n<meta name=\"twitter:label1\" content=\"Verfasst von\" \/>\n\t<meta name=\"twitter:data1\" content=\"georg.blenk@krafthand-medien.de\" \/>\n\t<meta name=\"twitter:label2\" content=\"Gesch\u00e4tzte Lesezeit\" \/>\n\t<meta name=\"twitter:data2\" content=\"2\u00a0Minuten\" \/>\n<script type=\"application\/ld+json\" class=\"yoast-schema-graph\">{\"@context\":\"https:\\\/\\\/schema.org\",\"@graph\":[{\"@type\":\"Article\",\"@id\":\"https:\\\/\\\/www.krafthand.de\\\/truck\\\/artikel\\\/personelle-verstaerkung-mehr-sicherheit-und-information-26340\\\/#article\",\"isPartOf\":{\"@id\":\"https:\\\/\\\/www.krafthand.de\\\/truck\\\/artikel\\\/personelle-verstaerkung-mehr-sicherheit-und-information-26340\\\/\"},\"author\":{\"name\":\"georg.blenk@krafthand-medien.de\",\"@id\":\"https:\\\/\\\/www.krafthand.de\\\/truck\\\/#\\\/schema\\\/person\\\/51fa80b1c57034c4bf63f9f988fc24ce\"},\"headline\":\"Personelle Verst\u00e4rkung, mehr Sicherheit und Information\",\"datePublished\":\"2021-02-03T08:21:47+00:00\",\"dateModified\":\"2021-03-26T07:49:31+00:00\",\"mainEntityOfPage\":{\"@id\":\"https:\\\/\\\/www.krafthand.de\\\/truck\\\/artikel\\\/personelle-verstaerkung-mehr-sicherheit-und-information-26340\\\/\"},\"wordCount\":446,\"image\":{\"@id\":\"https:\\\/\\\/www.krafthand.de\\\/truck\\\/artikel\\\/personelle-verstaerkung-mehr-sicherheit-und-information-26340\\\/#primaryimage\"},\"thumbnailUrl\":\"https:\\\/\\\/static.krafthand-truck.de\\\/uploads\\\/2021\\\/02\\\/TMD-Friction_Oliver-Hill_02.jpg\",\"keywords\":[\"Cl\u00e9ment de Valon\",\"IAM\",\"Kopierschutz\",\"Oliver Hill\",\"Raubkopie\",\"Sicherheitssiegel\",\"TMD Friction\"],\"articleSection\":[\"K\u00f6pfe\\\/Personen\",\"Nfz-Branche\"],\"inLanguage\":\"de\"},{\"@type\":\"WebPage\",\"@id\":\"https:\\\/\\\/www.krafthand.de\\\/truck\\\/artikel\\\/personelle-verstaerkung-mehr-sicherheit-und-information-26340\\\/\",\"url\":\"https:\\\/\\\/www.krafthand.de\\\/truck\\\/artikel\\\/personelle-verstaerkung-mehr-sicherheit-und-information-26340\\\/\",\"name\":\"Personelle Verst\u00e4rkung, mehr Sicherheit und Information - Krafthand-Truck\",\"isPartOf\":{\"@id\":\"https:\\\/\\\/www.krafthand.de\\\/truck\\\/#website\"},\"primaryImageOfPage\":{\"@id\":\"https:\\\/\\\/www.krafthand.de\\\/truck\\\/artikel\\\/personelle-verstaerkung-mehr-sicherheit-und-information-26340\\\/#primaryimage\"},\"image\":{\"@id\":\"https:\\\/\\\/www.krafthand.de\\\/truck\\\/artikel\\\/personelle-verstaerkung-mehr-sicherheit-und-information-26340\\\/#primaryimage\"},\"thumbnailUrl\":\"https:\\\/\\\/static.krafthand-truck.de\\\/uploads\\\/2021\\\/02\\\/TMD-Friction_Oliver-Hill_02.jpg\",\"datePublished\":\"2021-02-03T08:21:47+00:00\",\"dateModified\":\"2021-03-26T07:49:31+00:00\",\"author\":{\"@id\":\"https:\\\/\\\/www.krafthand.de\\\/truck\\\/#\\\/schema\\\/person\\\/51fa80b1c57034c4bf63f9f988fc24ce\"},\"breadcrumb\":{\"@id\":\"https:\\\/\\\/www.krafthand.de\\\/truck\\\/artikel\\\/personelle-verstaerkung-mehr-sicherheit-und-information-26340\\\/#breadcrumb\"},\"inLanguage\":\"de\",\"potentialAction\":[{\"@type\":\"ReadAction\",\"target\":[\"https:\\\/\\\/www.krafthand.de\\\/truck\\\/artikel\\\/personelle-verstaerkung-mehr-sicherheit-und-information-26340\\\/\"]}]},{\"@type\":\"ImageObject\",\"inLanguage\":\"de\",\"@id\":\"https:\\\/\\\/www.krafthand.de\\\/truck\\\/artikel\\\/personelle-verstaerkung-mehr-sicherheit-und-information-26340\\\/#primaryimage\",\"url\":\"https:\\\/\\\/static.krafthand-truck.de\\\/uploads\\\/2021\\\/02\\\/TMD-Friction_Oliver-Hill_02.jpg\",\"contentUrl\":\"https:\\\/\\\/static.krafthand-truck.de\\\/uploads\\\/2021\\\/02\\\/TMD-Friction_Oliver-Hill_02.jpg\",\"width\":1000,\"height\":800},{\"@type\":\"BreadcrumbList\",\"@id\":\"https:\\\/\\\/www.krafthand.de\\\/truck\\\/artikel\\\/personelle-verstaerkung-mehr-sicherheit-und-information-26340\\\/#breadcrumb\",\"itemListElement\":[{\"@type\":\"ListItem\",\"position\":1,\"name\":\"Krafthand-Truck\",\"item\":\"https:\\\/\\\/www.krafthand.de\\\/truck\\\/\"},{\"@type\":\"ListItem\",\"position\":2,\"name\":\"Nfz-Branche\",\"item\":\"https:\\\/\\\/www.krafthand.de\\\/truck\\\/kategorie\\\/branche\\\/\"},{\"@type\":\"ListItem\",\"position\":3,\"name\":\"Personelle Verst\u00e4rkung, mehr Sicherheit und Information\"}]},{\"@type\":\"WebSite\",\"@id\":\"https:\\\/\\\/www.krafthand.de\\\/truck\\\/#website\",\"url\":\"https:\\\/\\\/www.krafthand.de\\\/truck\\\/\",\"name\":\"Krafthand-Truck\",\"description\":\"\",\"potentialAction\":[{\"@type\":\"SearchAction\",\"target\":{\"@type\":\"EntryPoint\",\"urlTemplate\":\"https:\\\/\\\/www.krafthand.de\\\/truck\\\/?s={search_term_string}\"},\"query-input\":{\"@type\":\"PropertyValueSpecification\",\"valueRequired\":true,\"valueName\":\"search_term_string\"}}],\"inLanguage\":\"de\"},{\"@type\":\"Person\",\"@id\":\"https:\\\/\\\/www.krafthand.de\\\/truck\\\/#\\\/schema\\\/person\\\/51fa80b1c57034c4bf63f9f988fc24ce\",\"name\":\"georg.blenk@krafthand-medien.de\",\"image\":{\"@type\":\"ImageObject\",\"inLanguage\":\"de\",\"@id\":\"https:\\\/\\\/secure.gravatar.com\\\/avatar\\\/93713c30affe0aa95d3a4130e499bb1abee2eb31adbdd9ce2aa1543538490215?s=96&d=mm&r=g\",\"url\":\"https:\\\/\\\/secure.gravatar.com\\\/avatar\\\/93713c30affe0aa95d3a4130e499bb1abee2eb31adbdd9ce2aa1543538490215?s=96&d=mm&r=g\",\"contentUrl\":\"https:\\\/\\\/secure.gravatar.com\\\/avatar\\\/93713c30affe0aa95d3a4130e499bb1abee2eb31adbdd9ce2aa1543538490215?s=96&d=mm&r=g\",\"caption\":\"georg.blenk@krafthand-medien.de\"}}]}<\/script>\n<!-- \/ Yoast SEO plugin. -->","yoast_head_json":{"title":"Personelle Verst\u00e4rkung, mehr Sicherheit und Information - Krafthand-Truck","robots":{"index":"index","follow":"follow","max-snippet":"max-snippet:-1","max-image-preview":"max-image-preview:large","max-video-preview":"max-video-preview:-1"},"canonical":"https:\/\/www.krafthand.de\/truck\/artikel\/personelle-verstaerkung-mehr-sicherheit-und-information-26340\/","og_locale":"de_DE","og_type":"article","og_title":"Personelle Verst\u00e4rkung, mehr Sicherheit und Information - Krafthand-Truck","og_description":"Der Spezialist f\u00fcr Bremsbel\u00e4ge TMD Friction, verst\u00e4rkt seine Aftermarketaktivit\u00e4ten im Nutzfahrzeugbereich und besetzt mit Oliver Hill eine neu geschaffene Schl\u00fcsselposition. ... weiter","og_url":"https:\/\/www.krafthand-truck.de\/artikel\/personelle-verstaerkung-mehr-sicherheit-und-information-26340\/","og_site_name":"Krafthand-Truck","article_published_time":"2021-02-03T08:21:47+00:00","article_modified_time":"2021-03-26T07:49:31+00:00","og_image":[{"width":1000,"height":800,"url":"https:\/\/www.krafthand.de\/truck\/wp-content\/uploads\/2021\/02\/TMD-Friction_Oliver-Hill_02.jpg","type":"image\/jpeg"}],"author":"georg.blenk@krafthand-medien.de","twitter_card":"summary_large_image","twitter_misc":{"Verfasst von":"georg.blenk@krafthand-medien.de","Gesch\u00e4tzte Lesezeit":"2\u00a0Minuten"},"schema":{"@context":"https:\/\/schema.org","@graph":[{"@type":"Article","@id":"https:\/\/www.krafthand.de\/truck\/artikel\/personelle-verstaerkung-mehr-sicherheit-und-information-26340\/#article","isPartOf":{"@id":"https:\/\/www.krafthand.de\/truck\/artikel\/personelle-verstaerkung-mehr-sicherheit-und-information-26340\/"},"author":{"name":"georg.blenk@krafthand-medien.de","@id":"https:\/\/www.krafthand.de\/truck\/#\/schema\/person\/51fa80b1c57034c4bf63f9f988fc24ce"},"headline":"Personelle Verst\u00e4rkung, mehr Sicherheit und Information","datePublished":"2021-02-03T08:21:47+00:00","dateModified":"2021-03-26T07:49:31+00:00","mainEntityOfPage":{"@id":"https:\/\/www.krafthand.de\/truck\/artikel\/personelle-verstaerkung-mehr-sicherheit-und-information-26340\/"},"wordCount":446,"image":{"@id":"https:\/\/www.krafthand.de\/truck\/artikel\/personelle-verstaerkung-mehr-sicherheit-und-information-26340\/#primaryimage"},"thumbnailUrl":"https:\/\/static.krafthand-truck.de\/uploads\/2021\/02\/TMD-Friction_Oliver-Hill_02.jpg","keywords":["Cl\u00e9ment de Valon","IAM","Kopierschutz","Oliver Hill","Raubkopie","Sicherheitssiegel","TMD Friction"],"articleSection":["K\u00f6pfe\/Personen","Nfz-Branche"],"inLanguage":"de"},{"@type":"WebPage","@id":"https:\/\/www.krafthand.de\/truck\/artikel\/personelle-verstaerkung-mehr-sicherheit-und-information-26340\/","url":"https:\/\/www.krafthand.de\/truck\/artikel\/personelle-verstaerkung-mehr-sicherheit-und-information-26340\/","name":"Personelle Verst\u00e4rkung, mehr Sicherheit und Information - Krafthand-Truck","isPartOf":{"@id":"https:\/\/www.krafthand.de\/truck\/#website"},"primaryImageOfPage":{"@id":"https:\/\/www.krafthand.de\/truck\/artikel\/personelle-verstaerkung-mehr-sicherheit-und-information-26340\/#primaryimage"},"image":{"@id":"https:\/\/www.krafthand.de\/truck\/artikel\/personelle-verstaerkung-mehr-sicherheit-und-information-26340\/#primaryimage"},"thumbnailUrl":"https:\/\/static.krafthand-truck.de\/uploads\/2021\/02\/TMD-Friction_Oliver-Hill_02.jpg","datePublished":"2021-02-03T08:21:47+00:00","dateModified":"2021-03-26T07:49:31+00:00","author":{"@id":"https:\/\/www.krafthand.de\/truck\/#\/schema\/person\/51fa80b1c57034c4bf63f9f988fc24ce"},"breadcrumb":{"@id":"https:\/\/www.krafthand.de\/truck\/artikel\/personelle-verstaerkung-mehr-sicherheit-und-information-26340\/#breadcrumb"},"inLanguage":"de","potentialAction":[{"@type":"ReadAction","target":["https:\/\/www.krafthand.de\/truck\/artikel\/personelle-verstaerkung-mehr-sicherheit-und-information-26340\/"]}]},{"@type":"ImageObject","inLanguage":"de","@id":"https:\/\/www.krafthand.de\/truck\/artikel\/personelle-verstaerkung-mehr-sicherheit-und-information-26340\/#primaryimage","url":"https:\/\/static.krafthand-truck.de\/uploads\/2021\/02\/TMD-Friction_Oliver-Hill_02.jpg","contentUrl":"https:\/\/static.krafthand-truck.de\/uploads\/2021\/02\/TMD-Friction_Oliver-Hill_02.jpg","width":1000,"height":800},{"@type":"BreadcrumbList","@id":"https:\/\/www.krafthand.de\/truck\/artikel\/personelle-verstaerkung-mehr-sicherheit-und-information-26340\/#breadcrumb","itemListElement":[{"@type":"ListItem","position":1,"name":"Krafthand-Truck","item":"https:\/\/www.krafthand.de\/truck\/"},{"@type":"ListItem","position":2,"name":"Nfz-Branche","item":"https:\/\/www.krafthand.de\/truck\/kategorie\/branche\/"},{"@type":"ListItem","position":3,"name":"Personelle Verst\u00e4rkung, mehr Sicherheit und Information"}]},{"@type":"WebSite","@id":"https:\/\/www.krafthand.de\/truck\/#website","url":"https:\/\/www.krafthand.de\/truck\/","name":"Krafthand-Truck","description":"","potentialAction":[{"@type":"SearchAction","target":{"@type":"EntryPoint","urlTemplate":"https:\/\/www.krafthand.de\/truck\/?s={search_term_string}"},"query-input":{"@type":"PropertyValueSpecification","valueRequired":true,"valueName":"search_term_string"}}],"inLanguage":"de"},{"@type":"Person","@id":"https:\/\/www.krafthand.de\/truck\/#\/schema\/person\/51fa80b1c57034c4bf63f9f988fc24ce","name":"georg.blenk@krafthand-medien.de","image":{"@type":"ImageObject","inLanguage":"de","@id":"https:\/\/secure.gravatar.com\/avatar\/93713c30affe0aa95d3a4130e499bb1abee2eb31adbdd9ce2aa1543538490215?s=96&d=mm&r=g","url":"https:\/\/secure.gravatar.com\/avatar\/93713c30affe0aa95d3a4130e499bb1abee2eb31adbdd9ce2aa1543538490215?s=96&d=mm&r=g","contentUrl":"https:\/\/secure.gravatar.com\/avatar\/93713c30affe0aa95d3a4130e499bb1abee2eb31adbdd9ce2aa1543538490215?s=96&d=mm&r=g","caption":"georg.blenk@krafthand-medien.de"}}]}},"_links":{"self":[{"href":"https:\/\/www.krafthand.de\/truck\/wp-json\/wp\/v2\/posts\/26340","targetHints":{"allow":["GET"]}}],"collection":[{"href":"https:\/\/www.krafthand.de\/truck\/wp-json\/wp\/v2\/posts"}],"about":[{"href":"https:\/\/www.krafthand.de\/truck\/wp-json\/wp\/v2\/types\/post"}],"author":[{"embeddable":true,"href":"https:\/\/www.krafthand.de\/truck\/wp-json\/wp\/v2\/users\/9"}],"replies":[{"embeddable":true,"href":"https:\/\/www.krafthand.de\/truck\/wp-json\/wp\/v2\/comments?post=26340"}],"version-history":[{"count":27,"href":"https:\/\/www.krafthand.de\/truck\/wp-json\/wp\/v2\/posts\/26340\/revisions"}],"predecessor-version":[{"id":26370,"href":"https:\/\/www.krafthand.de\/truck\/wp-json\/wp\/v2\/posts\/26340\/revisions\/26370"}],"wp:featuredmedia":[{"embeddable":true,"href":"https:\/\/www.krafthand.de\/truck\/wp-json\/wp\/v2\/media\/26371"}],"wp:attachment":[{"href":"https:\/\/www.krafthand.de\/truck\/wp-json\/wp\/v2\/media?parent=26340"}],"wp:term":[{"taxonomy":"category","embeddable":true,"href":"https:\/\/www.krafthand.de\/truck\/wp-json\/wp\/v2\/categories?post=26340"},{"taxonomy":"post_tag","embeddable":true,"href":"https:\/\/www.krafthand.de\/truck\/wp-json\/wp\/v2\/tags?post=26340"},{"taxonomy":"settings","embeddable":true,"href":"https:\/\/www.krafthand.de\/truck\/wp-json\/wp\/v2\/settings?post=26340"}],"curies":[{"name":"wp","href":"https:\/\/api.w.org\/{rel}","templated":true}]}}