{"id":26291,"date":"2021-01-29T09:03:16","date_gmt":"2021-01-29T08:03:16","guid":{"rendered":"https:\/\/www.krafthand.de\/truck\/?p=26291"},"modified":"2021-03-26T08:50:47","modified_gmt":"2021-03-26T07:50:47","slug":"humbaur-intensiviert-zusammenarbeit-mit-mercedes-benz-trucks","status":"publish","type":"post","link":"https:\/\/www.krafthand.de\/truck\/artikel\/humbaur-intensiviert-zusammenarbeit-mit-mercedes-benz-trucks-26291\/","title":{"rendered":"Humbaur intensiviert Zusammenarbeit mit Mercedes-Benz Trucks"},"content":{"rendered":"<p>Der Spezialist f\u00fcr Anh\u00e4nger- und Kofferaufbauten Humbaur, f\u00fchrt ab sofort den Status <em>Qualified Partner by Mercedes-Benz Trucks. <\/em>Damit m\u00f6chte das Gersthofener Unternehmen die Zusammenarbeit mit Mercedes in Hinblick auf Lkw-Aufbauten weiter intensivieren.<\/p>\n<p>Um den Status zu erlangen, m\u00fcssen laut Humbaur strenge Voraussetzungen erf\u00fcllt werden, die von der Daimler Truck AG im Vorfeld genau gepr\u00fcft werden. So ist beispielsweise der Nachweis eines zertifizierten Qualit\u00e4tsmanagement-Systems nach ISO 9001:2015 notwendig. Zus\u00e4tzlich m\u00fcssen detaillierte Anleitungen und Aufbau-Dokumentationen vorliegen &#8211; auch in Hinblick auf die Ersatzteile und entsprechende Richtlinien. Hinzu kommt ein entsprechendes Servicenetzwerk um einen raschen Support zu gew\u00e4hrleisten.<\/p>\n<p>Mit dem Status <em>Qualified Partner by Mercedes-Benz Trucks<\/em> blickt Humbaur positiv in eine gemeinsame Zukunft. Ein wichtiger Grundstein f\u00fcr eine langj\u00e4hrige und erfolgreiche Partnerschaft sei damit gelegt, so eine Unternehmenssprecherin. Mehr Informationen zu den Kofferaufbauten von Humbaur erhalten Sie hier: <a href=\"https:\/\/www.humbaur.com\/de\/kofferaufbau\/\" target=\"_blank\" rel=\"noopener\">https:\/\/www.humbaur.com\/de\/kofferaufbau\/<\/a>.<\/p>\n","protected":false},"excerpt":{"rendered":"<p>Der Spezialist f\u00fcr Anh\u00e4nger- und Kofferaufbauten Humbaur, f\u00fchrt ab sofort den Status Qualified Partner by Mercedes-Benz Trucks. <span class=\"excerpt-more__dots\">&#8230;<\/span> <a class=\"excerpt-more__link\" href=\"https:\/\/www.krafthand.de\/truck\/artikel\/humbaur-intensiviert-zusammenarbeit-mit-mercedes-benz-trucks-26291\/\" >weiter<\/a><\/p>\n","protected":false},"author":9,"featured_media":26293,"comment_status":"closed","ping_status":"closed","sticky":false,"template":"","format":"standard","meta":{"footnotes":""},"categories":[4235],"tags":[133,4147,4146,4148,479],"settings":[],"class_list":["post-26291","post","type-post","status-publish","format-standard","has-post-thumbnail","hentry","category-unternehmen","tag-auflieger","tag-christian-dieminger-daimler","tag-humbaur","tag-koffer","tag-mercedes-benz"],"yoast_head":"<!-- This site is optimized with the Yoast SEO plugin v27.3 - https:\/\/yoast.com\/product\/yoast-seo-wordpress\/ -->\n<title>Humbaur intensiviert Zusammenarbeit mit Mercedes-Benz Trucks - Krafthand-Truck<\/title>\n<meta name=\"robots\" content=\"index, follow, max-snippet:-1, max-image-preview:large, max-video-preview:-1\" \/>\n<link rel=\"canonical\" href=\"https:\/\/www.krafthand.de\/truck\/artikel\/humbaur-intensiviert-zusammenarbeit-mit-mercedes-benz-trucks-26291\/\" \/>\n<meta property=\"og:locale\" content=\"de_DE\" \/>\n<meta property=\"og:type\" content=\"article\" \/>\n<meta property=\"og:title\" content=\"Humbaur intensiviert Zusammenarbeit mit Mercedes-Benz Trucks - Krafthand-Truck\" \/>\n<meta property=\"og:description\" content=\"Der Spezialist f\u00fcr Anh\u00e4nger- und Kofferaufbauten Humbaur, f\u00fchrt ab sofort den Status Qualified Partner by Mercedes-Benz Trucks. ... weiter\" \/>\n<meta property=\"og:url\" content=\"https:\/\/www.krafthand-truck.de\/artikel\/humbaur-intensiviert-zusammenarbeit-mit-mercedes-benz-trucks-26291\/\" \/>\n<meta property=\"og:site_name\" content=\"Krafthand-Truck\" \/>\n<meta property=\"article:published_time\" content=\"2021-01-29T08:03:16+00:00\" \/>\n<meta property=\"article:modified_time\" content=\"2021-03-26T07:50:47+00:00\" \/>\n<meta property=\"og:image\" content=\"https:\/\/www.krafthand.de\/truck\/wp-content\/uploads\/2021\/01\/Humbaur_Daimler_Geschaeftsfuehrung_Christian_Dieminger.jpg\" \/>\n\t<meta property=\"og:image:width\" content=\"800\" \/>\n\t<meta property=\"og:image:height\" content=\"1067\" \/>\n\t<meta property=\"og:image:type\" content=\"image\/jpeg\" \/>\n<meta name=\"author\" content=\"georg.blenk@krafthand-medien.de\" \/>\n<meta name=\"twitter:card\" content=\"summary_large_image\" \/>\n<meta name=\"twitter:label1\" content=\"Verfasst von\" \/>\n\t<meta name=\"twitter:data1\" content=\"georg.blenk@krafthand-medien.de\" \/>\n\t<meta name=\"twitter:label2\" content=\"Gesch\u00e4tzte Lesezeit\" \/>\n\t<meta name=\"twitter:data2\" content=\"1\u00a0Minute\" \/>\n<script type=\"application\/ld+json\" class=\"yoast-schema-graph\">{\"@context\":\"https:\\\/\\\/schema.org\",\"@graph\":[{\"@type\":\"Article\",\"@id\":\"https:\\\/\\\/www.krafthand.de\\\/truck\\\/artikel\\\/humbaur-intensiviert-zusammenarbeit-mit-mercedes-benz-trucks-26291\\\/#article\",\"isPartOf\":{\"@id\":\"https:\\\/\\\/www.krafthand.de\\\/truck\\\/artikel\\\/humbaur-intensiviert-zusammenarbeit-mit-mercedes-benz-trucks-26291\\\/\"},\"author\":{\"name\":\"georg.blenk@krafthand-medien.de\",\"@id\":\"https:\\\/\\\/www.krafthand.de\\\/truck\\\/#\\\/schema\\\/person\\\/51fa80b1c57034c4bf63f9f988fc24ce\"},\"headline\":\"Humbaur intensiviert Zusammenarbeit mit Mercedes-Benz Trucks\",\"datePublished\":\"2021-01-29T08:03:16+00:00\",\"dateModified\":\"2021-03-26T07:50:47+00:00\",\"mainEntityOfPage\":{\"@id\":\"https:\\\/\\\/www.krafthand.de\\\/truck\\\/artikel\\\/humbaur-intensiviert-zusammenarbeit-mit-mercedes-benz-trucks-26291\\\/\"},\"wordCount\":159,\"image\":{\"@id\":\"https:\\\/\\\/www.krafthand.de\\\/truck\\\/artikel\\\/humbaur-intensiviert-zusammenarbeit-mit-mercedes-benz-trucks-26291\\\/#primaryimage\"},\"thumbnailUrl\":\"https:\\\/\\\/static.krafthand-truck.de\\\/uploads\\\/2021\\\/01\\\/Humbaur_Daimler_Geschaeftsfuehrung_Christian_Dieminger.jpg\",\"keywords\":[\"Auflieger\",\"Christian Dieminger; Daimler\",\"Humbaur\",\"Koffer\",\"Mercedes-Benz\"],\"articleSection\":[\"Unternehmen\"],\"inLanguage\":\"de\"},{\"@type\":\"WebPage\",\"@id\":\"https:\\\/\\\/www.krafthand.de\\\/truck\\\/artikel\\\/humbaur-intensiviert-zusammenarbeit-mit-mercedes-benz-trucks-26291\\\/\",\"url\":\"https:\\\/\\\/www.krafthand.de\\\/truck\\\/artikel\\\/humbaur-intensiviert-zusammenarbeit-mit-mercedes-benz-trucks-26291\\\/\",\"name\":\"Humbaur intensiviert Zusammenarbeit mit Mercedes-Benz Trucks - Krafthand-Truck\",\"isPartOf\":{\"@id\":\"https:\\\/\\\/www.krafthand.de\\\/truck\\\/#website\"},\"primaryImageOfPage\":{\"@id\":\"https:\\\/\\\/www.krafthand.de\\\/truck\\\/artikel\\\/humbaur-intensiviert-zusammenarbeit-mit-mercedes-benz-trucks-26291\\\/#primaryimage\"},\"image\":{\"@id\":\"https:\\\/\\\/www.krafthand.de\\\/truck\\\/artikel\\\/humbaur-intensiviert-zusammenarbeit-mit-mercedes-benz-trucks-26291\\\/#primaryimage\"},\"thumbnailUrl\":\"https:\\\/\\\/static.krafthand-truck.de\\\/uploads\\\/2021\\\/01\\\/Humbaur_Daimler_Geschaeftsfuehrung_Christian_Dieminger.jpg\",\"datePublished\":\"2021-01-29T08:03:16+00:00\",\"dateModified\":\"2021-03-26T07:50:47+00:00\",\"author\":{\"@id\":\"https:\\\/\\\/www.krafthand.de\\\/truck\\\/#\\\/schema\\\/person\\\/51fa80b1c57034c4bf63f9f988fc24ce\"},\"breadcrumb\":{\"@id\":\"https:\\\/\\\/www.krafthand.de\\\/truck\\\/artikel\\\/humbaur-intensiviert-zusammenarbeit-mit-mercedes-benz-trucks-26291\\\/#breadcrumb\"},\"inLanguage\":\"de\",\"potentialAction\":[{\"@type\":\"ReadAction\",\"target\":[\"https:\\\/\\\/www.krafthand.de\\\/truck\\\/artikel\\\/humbaur-intensiviert-zusammenarbeit-mit-mercedes-benz-trucks-26291\\\/\"]}]},{\"@type\":\"ImageObject\",\"inLanguage\":\"de\",\"@id\":\"https:\\\/\\\/www.krafthand.de\\\/truck\\\/artikel\\\/humbaur-intensiviert-zusammenarbeit-mit-mercedes-benz-trucks-26291\\\/#primaryimage\",\"url\":\"https:\\\/\\\/static.krafthand-truck.de\\\/uploads\\\/2021\\\/01\\\/Humbaur_Daimler_Geschaeftsfuehrung_Christian_Dieminger.jpg\",\"contentUrl\":\"https:\\\/\\\/static.krafthand-truck.de\\\/uploads\\\/2021\\\/01\\\/Humbaur_Daimler_Geschaeftsfuehrung_Christian_Dieminger.jpg\",\"width\":800,\"height\":1067,\"caption\":\"Humbaur Gesch\u00e4ftsf\u00fchrer Christian Dieminger\"},{\"@type\":\"BreadcrumbList\",\"@id\":\"https:\\\/\\\/www.krafthand.de\\\/truck\\\/artikel\\\/humbaur-intensiviert-zusammenarbeit-mit-mercedes-benz-trucks-26291\\\/#breadcrumb\",\"itemListElement\":[{\"@type\":\"ListItem\",\"position\":1,\"name\":\"Krafthand-Truck\",\"item\":\"https:\\\/\\\/www.krafthand.de\\\/truck\\\/\"},{\"@type\":\"ListItem\",\"position\":2,\"name\":\"Nfz-Branche\",\"item\":\"https:\\\/\\\/www.krafthand.de\\\/truck\\\/kategorie\\\/branche\\\/\"},{\"@type\":\"ListItem\",\"position\":3,\"name\":\"Unternehmen\",\"item\":\"https:\\\/\\\/www.krafthand.de\\\/truck\\\/kategorie\\\/branche\\\/unternehmen\\\/\"},{\"@type\":\"ListItem\",\"position\":4,\"name\":\"Humbaur intensiviert Zusammenarbeit mit Mercedes-Benz Trucks\"}]},{\"@type\":\"WebSite\",\"@id\":\"https:\\\/\\\/www.krafthand.de\\\/truck\\\/#website\",\"url\":\"https:\\\/\\\/www.krafthand.de\\\/truck\\\/\",\"name\":\"Krafthand-Truck\",\"description\":\"\",\"potentialAction\":[{\"@type\":\"SearchAction\",\"target\":{\"@type\":\"EntryPoint\",\"urlTemplate\":\"https:\\\/\\\/www.krafthand.de\\\/truck\\\/?s={search_term_string}\"},\"query-input\":{\"@type\":\"PropertyValueSpecification\",\"valueRequired\":true,\"valueName\":\"search_term_string\"}}],\"inLanguage\":\"de\"},{\"@type\":\"Person\",\"@id\":\"https:\\\/\\\/www.krafthand.de\\\/truck\\\/#\\\/schema\\\/person\\\/51fa80b1c57034c4bf63f9f988fc24ce\",\"name\":\"georg.blenk@krafthand-medien.de\",\"image\":{\"@type\":\"ImageObject\",\"inLanguage\":\"de\",\"@id\":\"https:\\\/\\\/secure.gravatar.com\\\/avatar\\\/93713c30affe0aa95d3a4130e499bb1abee2eb31adbdd9ce2aa1543538490215?s=96&d=mm&r=g\",\"url\":\"https:\\\/\\\/secure.gravatar.com\\\/avatar\\\/93713c30affe0aa95d3a4130e499bb1abee2eb31adbdd9ce2aa1543538490215?s=96&d=mm&r=g\",\"contentUrl\":\"https:\\\/\\\/secure.gravatar.com\\\/avatar\\\/93713c30affe0aa95d3a4130e499bb1abee2eb31adbdd9ce2aa1543538490215?s=96&d=mm&r=g\",\"caption\":\"georg.blenk@krafthand-medien.de\"}}]}<\/script>\n<!-- \/ Yoast SEO plugin. -->","yoast_head_json":{"title":"Humbaur intensiviert Zusammenarbeit mit Mercedes-Benz Trucks - Krafthand-Truck","robots":{"index":"index","follow":"follow","max-snippet":"max-snippet:-1","max-image-preview":"max-image-preview:large","max-video-preview":"max-video-preview:-1"},"canonical":"https:\/\/www.krafthand.de\/truck\/artikel\/humbaur-intensiviert-zusammenarbeit-mit-mercedes-benz-trucks-26291\/","og_locale":"de_DE","og_type":"article","og_title":"Humbaur intensiviert Zusammenarbeit mit Mercedes-Benz Trucks - Krafthand-Truck","og_description":"Der Spezialist f\u00fcr Anh\u00e4nger- und Kofferaufbauten Humbaur, f\u00fchrt ab sofort den Status Qualified Partner by Mercedes-Benz Trucks. ... weiter","og_url":"https:\/\/www.krafthand-truck.de\/artikel\/humbaur-intensiviert-zusammenarbeit-mit-mercedes-benz-trucks-26291\/","og_site_name":"Krafthand-Truck","article_published_time":"2021-01-29T08:03:16+00:00","article_modified_time":"2021-03-26T07:50:47+00:00","og_image":[{"width":800,"height":1067,"url":"https:\/\/www.krafthand.de\/truck\/wp-content\/uploads\/2021\/01\/Humbaur_Daimler_Geschaeftsfuehrung_Christian_Dieminger.jpg","type":"image\/jpeg"}],"author":"georg.blenk@krafthand-medien.de","twitter_card":"summary_large_image","twitter_misc":{"Verfasst von":"georg.blenk@krafthand-medien.de","Gesch\u00e4tzte Lesezeit":"1\u00a0Minute"},"schema":{"@context":"https:\/\/schema.org","@graph":[{"@type":"Article","@id":"https:\/\/www.krafthand.de\/truck\/artikel\/humbaur-intensiviert-zusammenarbeit-mit-mercedes-benz-trucks-26291\/#article","isPartOf":{"@id":"https:\/\/www.krafthand.de\/truck\/artikel\/humbaur-intensiviert-zusammenarbeit-mit-mercedes-benz-trucks-26291\/"},"author":{"name":"georg.blenk@krafthand-medien.de","@id":"https:\/\/www.krafthand.de\/truck\/#\/schema\/person\/51fa80b1c57034c4bf63f9f988fc24ce"},"headline":"Humbaur intensiviert Zusammenarbeit mit Mercedes-Benz Trucks","datePublished":"2021-01-29T08:03:16+00:00","dateModified":"2021-03-26T07:50:47+00:00","mainEntityOfPage":{"@id":"https:\/\/www.krafthand.de\/truck\/artikel\/humbaur-intensiviert-zusammenarbeit-mit-mercedes-benz-trucks-26291\/"},"wordCount":159,"image":{"@id":"https:\/\/www.krafthand.de\/truck\/artikel\/humbaur-intensiviert-zusammenarbeit-mit-mercedes-benz-trucks-26291\/#primaryimage"},"thumbnailUrl":"https:\/\/static.krafthand-truck.de\/uploads\/2021\/01\/Humbaur_Daimler_Geschaeftsfuehrung_Christian_Dieminger.jpg","keywords":["Auflieger","Christian Dieminger; Daimler","Humbaur","Koffer","Mercedes-Benz"],"articleSection":["Unternehmen"],"inLanguage":"de"},{"@type":"WebPage","@id":"https:\/\/www.krafthand.de\/truck\/artikel\/humbaur-intensiviert-zusammenarbeit-mit-mercedes-benz-trucks-26291\/","url":"https:\/\/www.krafthand.de\/truck\/artikel\/humbaur-intensiviert-zusammenarbeit-mit-mercedes-benz-trucks-26291\/","name":"Humbaur intensiviert Zusammenarbeit mit Mercedes-Benz Trucks - Krafthand-Truck","isPartOf":{"@id":"https:\/\/www.krafthand.de\/truck\/#website"},"primaryImageOfPage":{"@id":"https:\/\/www.krafthand.de\/truck\/artikel\/humbaur-intensiviert-zusammenarbeit-mit-mercedes-benz-trucks-26291\/#primaryimage"},"image":{"@id":"https:\/\/www.krafthand.de\/truck\/artikel\/humbaur-intensiviert-zusammenarbeit-mit-mercedes-benz-trucks-26291\/#primaryimage"},"thumbnailUrl":"https:\/\/static.krafthand-truck.de\/uploads\/2021\/01\/Humbaur_Daimler_Geschaeftsfuehrung_Christian_Dieminger.jpg","datePublished":"2021-01-29T08:03:16+00:00","dateModified":"2021-03-26T07:50:47+00:00","author":{"@id":"https:\/\/www.krafthand.de\/truck\/#\/schema\/person\/51fa80b1c57034c4bf63f9f988fc24ce"},"breadcrumb":{"@id":"https:\/\/www.krafthand.de\/truck\/artikel\/humbaur-intensiviert-zusammenarbeit-mit-mercedes-benz-trucks-26291\/#breadcrumb"},"inLanguage":"de","potentialAction":[{"@type":"ReadAction","target":["https:\/\/www.krafthand.de\/truck\/artikel\/humbaur-intensiviert-zusammenarbeit-mit-mercedes-benz-trucks-26291\/"]}]},{"@type":"ImageObject","inLanguage":"de","@id":"https:\/\/www.krafthand.de\/truck\/artikel\/humbaur-intensiviert-zusammenarbeit-mit-mercedes-benz-trucks-26291\/#primaryimage","url":"https:\/\/static.krafthand-truck.de\/uploads\/2021\/01\/Humbaur_Daimler_Geschaeftsfuehrung_Christian_Dieminger.jpg","contentUrl":"https:\/\/static.krafthand-truck.de\/uploads\/2021\/01\/Humbaur_Daimler_Geschaeftsfuehrung_Christian_Dieminger.jpg","width":800,"height":1067,"caption":"Humbaur Gesch\u00e4ftsf\u00fchrer Christian Dieminger"},{"@type":"BreadcrumbList","@id":"https:\/\/www.krafthand.de\/truck\/artikel\/humbaur-intensiviert-zusammenarbeit-mit-mercedes-benz-trucks-26291\/#breadcrumb","itemListElement":[{"@type":"ListItem","position":1,"name":"Krafthand-Truck","item":"https:\/\/www.krafthand.de\/truck\/"},{"@type":"ListItem","position":2,"name":"Nfz-Branche","item":"https:\/\/www.krafthand.de\/truck\/kategorie\/branche\/"},{"@type":"ListItem","position":3,"name":"Unternehmen","item":"https:\/\/www.krafthand.de\/truck\/kategorie\/branche\/unternehmen\/"},{"@type":"ListItem","position":4,"name":"Humbaur intensiviert Zusammenarbeit mit Mercedes-Benz Trucks"}]},{"@type":"WebSite","@id":"https:\/\/www.krafthand.de\/truck\/#website","url":"https:\/\/www.krafthand.de\/truck\/","name":"Krafthand-Truck","description":"","potentialAction":[{"@type":"SearchAction","target":{"@type":"EntryPoint","urlTemplate":"https:\/\/www.krafthand.de\/truck\/?s={search_term_string}"},"query-input":{"@type":"PropertyValueSpecification","valueRequired":true,"valueName":"search_term_string"}}],"inLanguage":"de"},{"@type":"Person","@id":"https:\/\/www.krafthand.de\/truck\/#\/schema\/person\/51fa80b1c57034c4bf63f9f988fc24ce","name":"georg.blenk@krafthand-medien.de","image":{"@type":"ImageObject","inLanguage":"de","@id":"https:\/\/secure.gravatar.com\/avatar\/93713c30affe0aa95d3a4130e499bb1abee2eb31adbdd9ce2aa1543538490215?s=96&d=mm&r=g","url":"https:\/\/secure.gravatar.com\/avatar\/93713c30affe0aa95d3a4130e499bb1abee2eb31adbdd9ce2aa1543538490215?s=96&d=mm&r=g","contentUrl":"https:\/\/secure.gravatar.com\/avatar\/93713c30affe0aa95d3a4130e499bb1abee2eb31adbdd9ce2aa1543538490215?s=96&d=mm&r=g","caption":"georg.blenk@krafthand-medien.de"}}]}},"_links":{"self":[{"href":"https:\/\/www.krafthand.de\/truck\/wp-json\/wp\/v2\/posts\/26291","targetHints":{"allow":["GET"]}}],"collection":[{"href":"https:\/\/www.krafthand.de\/truck\/wp-json\/wp\/v2\/posts"}],"about":[{"href":"https:\/\/www.krafthand.de\/truck\/wp-json\/wp\/v2\/types\/post"}],"author":[{"embeddable":true,"href":"https:\/\/www.krafthand.de\/truck\/wp-json\/wp\/v2\/users\/9"}],"replies":[{"embeddable":true,"href":"https:\/\/www.krafthand.de\/truck\/wp-json\/wp\/v2\/comments?post=26291"}],"version-history":[{"count":7,"href":"https:\/\/www.krafthand.de\/truck\/wp-json\/wp\/v2\/posts\/26291\/revisions"}],"predecessor-version":[{"id":26299,"href":"https:\/\/www.krafthand.de\/truck\/wp-json\/wp\/v2\/posts\/26291\/revisions\/26299"}],"wp:featuredmedia":[{"embeddable":true,"href":"https:\/\/www.krafthand.de\/truck\/wp-json\/wp\/v2\/media\/26293"}],"wp:attachment":[{"href":"https:\/\/www.krafthand.de\/truck\/wp-json\/wp\/v2\/media?parent=26291"}],"wp:term":[{"taxonomy":"category","embeddable":true,"href":"https:\/\/www.krafthand.de\/truck\/wp-json\/wp\/v2\/categories?post=26291"},{"taxonomy":"post_tag","embeddable":true,"href":"https:\/\/www.krafthand.de\/truck\/wp-json\/wp\/v2\/tags?post=26291"},{"taxonomy":"settings","embeddable":true,"href":"https:\/\/www.krafthand.de\/truck\/wp-json\/wp\/v2\/settings?post=26291"}],"curies":[{"name":"wp","href":"https:\/\/api.w.org\/{rel}","templated":true}]}}