{"id":26271,"date":"2021-01-21T11:36:13","date_gmt":"2021-01-21T10:36:13","guid":{"rendered":"https:\/\/www.krafthand.de\/truck\/?p=26271"},"modified":"2021-03-10T15:11:41","modified_gmt":"2021-03-10T14:11:41","slug":"martin-daum-ist-neuer-vorsitzender-des-acea-nutzfahrzeug-ausschusses","status":"publish","type":"post","link":"https:\/\/www.krafthand.de\/truck\/artikel\/martin-daum-ist-neuer-vorsitzender-des-acea-nutzfahrzeug-ausschusses-26271\/","title":{"rendered":"Martin Daum ist neuer Vorsitzender des ACEA Nutzfahrzeug-Ausschusses"},"content":{"rendered":"<p>Martin Daum, Vorsitzender des Vorstands der Daimler Truck AG und Mitglied des Vorstands der Daimler AG, hat den Vorsitz des Nutzfahrzeug-Ausschusses des Verbands europ\u00e4ischer Automobilhersteller (ACEA) \u00fcbernommen. Der Ausschuss setzt sich aus den CEOs der f\u00fchrenden europ\u00e4ischen Hersteller von Lkw, Bussen und Transportern zusammen.<\/p>\n<p>Der Klimawandel steht laut Daum ganz oben auf der Agenda der Nutzfahrzeugindustrie, er sei die gr\u00f6\u00dfte Herausforderung f\u00fcr die Weltwirtschaft und die gesamte Menschheit. Dieses Jahr habe die Zusammenarbeit mit politischen Entscheidungstr\u00e4gern oberste Priorit\u00e4t, um z\u00fcgig einen CO<sub>2<\/sub>-neutralen Stra\u00dfeng\u00fcterverkehr zu erm\u00f6glichen, erkl\u00e4rt Daum.<\/p>\n<blockquote><p>&#8222;Wir m\u00fcssen weiter an Fahrt aufnehmen \u2013 zumal unsere Kunden rund zehn Jahre ben\u00f6tigen, bis sie ihre Flotten vollst\u00e4ndig erneuert haben. Unser ultimatives Ziel ist ein komplett CO<sub>2<\/sub>-neutraler Stra\u00dfeng\u00fcterverkehr bis 2050.&#8220;<\/p><\/blockquote>\n<p>Daum m\u00f6chte den Prozess gemeinsam mit allen Beteiligten aus Politik und Wirtschaft auf Basis einer klar definierten Roadmap gestalten. Zentrale Eckpfeiler seien dabei geeignete Ladem\u00f6glichkeiten, ein Wasserstoff-Tankstellennetz sowie ein regulatorischer Rahmen, der CO<sub>2<\/sub>-neutrale Technologien aus Kostensicht zur besten Wahl f\u00fcr die Kunden der Daimler Truck AG macht.<\/p>\n<p>Der Nutzfahrzeug-Ausschuss von ACEA bestimmt j\u00e4hrlich seinen Vorsitzenden. Martin Daum \u00fcbernimmt diese Position von Henrik Henriksson, CEO von Scania, der den Ausschuss im Jahr 2020 leitete.<strong>\u00a0<\/strong><\/p>\n","protected":false},"excerpt":{"rendered":"<p>Martin Daum, Vorsitzender des Vorstands der Daimler Truck AG und Mitglied des Vorstands der Daimler AG, hat den Vorsitz des Nutzfahrzeug-Ausschusses des Verbands europ\u00e4ischer Automobilhersteller (ACEA) \u00fcbernommen. <span class=\"excerpt-more__dots\">&#8230;<\/span> <a class=\"excerpt-more__link\" href=\"https:\/\/www.krafthand.de\/truck\/artikel\/martin-daum-ist-neuer-vorsitzender-des-acea-nutzfahrzeug-ausschusses-26271\/\" >weiter<\/a><\/p>\n","protected":false},"author":9,"featured_media":26272,"comment_status":"closed","ping_status":"closed","sticky":false,"template":"","format":"standard","meta":{"footnotes":""},"categories":[4238],"tags":[4139,4141,760,4143,4140,4142,136],"settings":[],"class_list":["post-26271","post","type-post","status-publish","format-standard","has-post-thumbnail","hentry","category-koepfe","tag-acea","tag-daimler-truck-ag","tag-daimler-trucks","tag-henrik-henriksson","tag-martin-daum","tag-nutzfahrzeug-ausschuss","tag-scania"],"yoast_head":"<!-- This site is optimized with the Yoast SEO plugin v27.3 - https:\/\/yoast.com\/product\/yoast-seo-wordpress\/ -->\n<title>Martin Daum ist neuer Vorsitzender des ACEA Nutzfahrzeug-Ausschusses - Krafthand-Truck<\/title>\n<meta name=\"robots\" content=\"index, follow, max-snippet:-1, max-image-preview:large, max-video-preview:-1\" \/>\n<link rel=\"canonical\" href=\"https:\/\/www.krafthand.de\/truck\/artikel\/martin-daum-ist-neuer-vorsitzender-des-acea-nutzfahrzeug-ausschusses-26271\/\" \/>\n<meta property=\"og:locale\" content=\"de_DE\" \/>\n<meta property=\"og:type\" content=\"article\" \/>\n<meta property=\"og:title\" content=\"Martin Daum ist neuer Vorsitzender des ACEA Nutzfahrzeug-Ausschusses - Krafthand-Truck\" \/>\n<meta property=\"og:description\" content=\"Martin Daum, Vorsitzender des Vorstands der Daimler Truck AG und Mitglied des Vorstands der Daimler AG, hat den Vorsitz des Nutzfahrzeug-Ausschusses des Verbands europ\u00e4ischer Automobilhersteller (ACEA) \u00fcbernommen. ... weiter\" \/>\n<meta property=\"og:url\" content=\"https:\/\/www.krafthand-truck.de\/artikel\/martin-daum-ist-neuer-vorsitzender-des-acea-nutzfahrzeug-ausschusses-26271\/\" \/>\n<meta property=\"og:site_name\" content=\"Krafthand-Truck\" \/>\n<meta property=\"article:published_time\" content=\"2021-01-21T10:36:13+00:00\" \/>\n<meta property=\"article:modified_time\" content=\"2021-03-10T14:11:41+00:00\" \/>\n<meta property=\"og:image\" content=\"https:\/\/www.krafthand.de\/truck\/wp-content\/uploads\/2021\/01\/Martin_Daum_CEO_Daimler_Truck_AG.jpg\" \/>\n\t<meta property=\"og:image:width\" content=\"1000\" \/>\n\t<meta property=\"og:image:height\" content=\"714\" \/>\n\t<meta property=\"og:image:type\" content=\"image\/jpeg\" \/>\n<meta name=\"author\" content=\"georg.blenk@krafthand-medien.de\" \/>\n<meta name=\"twitter:card\" content=\"summary_large_image\" \/>\n<meta name=\"twitter:label1\" content=\"Verfasst von\" \/>\n\t<meta name=\"twitter:data1\" content=\"georg.blenk@krafthand-medien.de\" \/>\n\t<meta name=\"twitter:label2\" content=\"Gesch\u00e4tzte Lesezeit\" \/>\n\t<meta name=\"twitter:data2\" content=\"1\u00a0Minute\" \/>\n<script type=\"application\/ld+json\" class=\"yoast-schema-graph\">{\"@context\":\"https:\\\/\\\/schema.org\",\"@graph\":[{\"@type\":\"Article\",\"@id\":\"https:\\\/\\\/www.krafthand.de\\\/truck\\\/artikel\\\/martin-daum-ist-neuer-vorsitzender-des-acea-nutzfahrzeug-ausschusses-26271\\\/#article\",\"isPartOf\":{\"@id\":\"https:\\\/\\\/www.krafthand.de\\\/truck\\\/artikel\\\/martin-daum-ist-neuer-vorsitzender-des-acea-nutzfahrzeug-ausschusses-26271\\\/\"},\"author\":{\"name\":\"georg.blenk@krafthand-medien.de\",\"@id\":\"https:\\\/\\\/www.krafthand.de\\\/truck\\\/#\\\/schema\\\/person\\\/51fa80b1c57034c4bf63f9f988fc24ce\"},\"headline\":\"Martin Daum ist neuer Vorsitzender des ACEA Nutzfahrzeug-Ausschusses\",\"datePublished\":\"2021-01-21T10:36:13+00:00\",\"dateModified\":\"2021-03-10T14:11:41+00:00\",\"mainEntityOfPage\":{\"@id\":\"https:\\\/\\\/www.krafthand.de\\\/truck\\\/artikel\\\/martin-daum-ist-neuer-vorsitzender-des-acea-nutzfahrzeug-ausschusses-26271\\\/\"},\"wordCount\":220,\"image\":{\"@id\":\"https:\\\/\\\/www.krafthand.de\\\/truck\\\/artikel\\\/martin-daum-ist-neuer-vorsitzender-des-acea-nutzfahrzeug-ausschusses-26271\\\/#primaryimage\"},\"thumbnailUrl\":\"https:\\\/\\\/static.krafthand-truck.de\\\/uploads\\\/2021\\\/01\\\/Martin_Daum_CEO_Daimler_Truck_AG.jpg\",\"keywords\":[\"ACEA\",\"Daimler Truck AG\",\"Daimler Trucks\",\"Henrik Henriksson\",\"Martin Daum\",\"Nutzfahrzeug-Ausschuss\",\"Scania\"],\"articleSection\":[\"K\u00f6pfe\\\/Personen\"],\"inLanguage\":\"de\"},{\"@type\":\"WebPage\",\"@id\":\"https:\\\/\\\/www.krafthand.de\\\/truck\\\/artikel\\\/martin-daum-ist-neuer-vorsitzender-des-acea-nutzfahrzeug-ausschusses-26271\\\/\",\"url\":\"https:\\\/\\\/www.krafthand.de\\\/truck\\\/artikel\\\/martin-daum-ist-neuer-vorsitzender-des-acea-nutzfahrzeug-ausschusses-26271\\\/\",\"name\":\"Martin Daum ist neuer Vorsitzender des ACEA Nutzfahrzeug-Ausschusses - Krafthand-Truck\",\"isPartOf\":{\"@id\":\"https:\\\/\\\/www.krafthand.de\\\/truck\\\/#website\"},\"primaryImageOfPage\":{\"@id\":\"https:\\\/\\\/www.krafthand.de\\\/truck\\\/artikel\\\/martin-daum-ist-neuer-vorsitzender-des-acea-nutzfahrzeug-ausschusses-26271\\\/#primaryimage\"},\"image\":{\"@id\":\"https:\\\/\\\/www.krafthand.de\\\/truck\\\/artikel\\\/martin-daum-ist-neuer-vorsitzender-des-acea-nutzfahrzeug-ausschusses-26271\\\/#primaryimage\"},\"thumbnailUrl\":\"https:\\\/\\\/static.krafthand-truck.de\\\/uploads\\\/2021\\\/01\\\/Martin_Daum_CEO_Daimler_Truck_AG.jpg\",\"datePublished\":\"2021-01-21T10:36:13+00:00\",\"dateModified\":\"2021-03-10T14:11:41+00:00\",\"author\":{\"@id\":\"https:\\\/\\\/www.krafthand.de\\\/truck\\\/#\\\/schema\\\/person\\\/51fa80b1c57034c4bf63f9f988fc24ce\"},\"breadcrumb\":{\"@id\":\"https:\\\/\\\/www.krafthand.de\\\/truck\\\/artikel\\\/martin-daum-ist-neuer-vorsitzender-des-acea-nutzfahrzeug-ausschusses-26271\\\/#breadcrumb\"},\"inLanguage\":\"de\",\"potentialAction\":[{\"@type\":\"ReadAction\",\"target\":[\"https:\\\/\\\/www.krafthand.de\\\/truck\\\/artikel\\\/martin-daum-ist-neuer-vorsitzender-des-acea-nutzfahrzeug-ausschusses-26271\\\/\"]}]},{\"@type\":\"ImageObject\",\"inLanguage\":\"de\",\"@id\":\"https:\\\/\\\/www.krafthand.de\\\/truck\\\/artikel\\\/martin-daum-ist-neuer-vorsitzender-des-acea-nutzfahrzeug-ausschusses-26271\\\/#primaryimage\",\"url\":\"https:\\\/\\\/static.krafthand-truck.de\\\/uploads\\\/2021\\\/01\\\/Martin_Daum_CEO_Daimler_Truck_AG.jpg\",\"contentUrl\":\"https:\\\/\\\/static.krafthand-truck.de\\\/uploads\\\/2021\\\/01\\\/Martin_Daum_CEO_Daimler_Truck_AG.jpg\",\"width\":1000,\"height\":714,\"caption\":\"Martin Daum, CEO Daimler Truck AG\"},{\"@type\":\"BreadcrumbList\",\"@id\":\"https:\\\/\\\/www.krafthand.de\\\/truck\\\/artikel\\\/martin-daum-ist-neuer-vorsitzender-des-acea-nutzfahrzeug-ausschusses-26271\\\/#breadcrumb\",\"itemListElement\":[{\"@type\":\"ListItem\",\"position\":1,\"name\":\"Krafthand-Truck\",\"item\":\"https:\\\/\\\/www.krafthand.de\\\/truck\\\/\"},{\"@type\":\"ListItem\",\"position\":2,\"name\":\"Nfz-Branche\",\"item\":\"https:\\\/\\\/www.krafthand.de\\\/truck\\\/kategorie\\\/branche\\\/\"},{\"@type\":\"ListItem\",\"position\":3,\"name\":\"K\u00f6pfe\\\/Personen\",\"item\":\"https:\\\/\\\/www.krafthand.de\\\/truck\\\/kategorie\\\/branche\\\/koepfe\\\/\"},{\"@type\":\"ListItem\",\"position\":4,\"name\":\"Martin Daum ist neuer Vorsitzender des ACEA Nutzfahrzeug-Ausschusses\"}]},{\"@type\":\"WebSite\",\"@id\":\"https:\\\/\\\/www.krafthand.de\\\/truck\\\/#website\",\"url\":\"https:\\\/\\\/www.krafthand.de\\\/truck\\\/\",\"name\":\"Krafthand-Truck\",\"description\":\"\",\"potentialAction\":[{\"@type\":\"SearchAction\",\"target\":{\"@type\":\"EntryPoint\",\"urlTemplate\":\"https:\\\/\\\/www.krafthand.de\\\/truck\\\/?s={search_term_string}\"},\"query-input\":{\"@type\":\"PropertyValueSpecification\",\"valueRequired\":true,\"valueName\":\"search_term_string\"}}],\"inLanguage\":\"de\"},{\"@type\":\"Person\",\"@id\":\"https:\\\/\\\/www.krafthand.de\\\/truck\\\/#\\\/schema\\\/person\\\/51fa80b1c57034c4bf63f9f988fc24ce\",\"name\":\"georg.blenk@krafthand-medien.de\",\"image\":{\"@type\":\"ImageObject\",\"inLanguage\":\"de\",\"@id\":\"https:\\\/\\\/secure.gravatar.com\\\/avatar\\\/93713c30affe0aa95d3a4130e499bb1abee2eb31adbdd9ce2aa1543538490215?s=96&d=mm&r=g\",\"url\":\"https:\\\/\\\/secure.gravatar.com\\\/avatar\\\/93713c30affe0aa95d3a4130e499bb1abee2eb31adbdd9ce2aa1543538490215?s=96&d=mm&r=g\",\"contentUrl\":\"https:\\\/\\\/secure.gravatar.com\\\/avatar\\\/93713c30affe0aa95d3a4130e499bb1abee2eb31adbdd9ce2aa1543538490215?s=96&d=mm&r=g\",\"caption\":\"georg.blenk@krafthand-medien.de\"}}]}<\/script>\n<!-- \/ Yoast SEO plugin. -->","yoast_head_json":{"title":"Martin Daum ist neuer Vorsitzender des ACEA Nutzfahrzeug-Ausschusses - Krafthand-Truck","robots":{"index":"index","follow":"follow","max-snippet":"max-snippet:-1","max-image-preview":"max-image-preview:large","max-video-preview":"max-video-preview:-1"},"canonical":"https:\/\/www.krafthand.de\/truck\/artikel\/martin-daum-ist-neuer-vorsitzender-des-acea-nutzfahrzeug-ausschusses-26271\/","og_locale":"de_DE","og_type":"article","og_title":"Martin Daum ist neuer Vorsitzender des ACEA Nutzfahrzeug-Ausschusses - Krafthand-Truck","og_description":"Martin Daum, Vorsitzender des Vorstands der Daimler Truck AG und Mitglied des Vorstands der Daimler AG, hat den Vorsitz des Nutzfahrzeug-Ausschusses des Verbands europ\u00e4ischer Automobilhersteller (ACEA) \u00fcbernommen. ... weiter","og_url":"https:\/\/www.krafthand-truck.de\/artikel\/martin-daum-ist-neuer-vorsitzender-des-acea-nutzfahrzeug-ausschusses-26271\/","og_site_name":"Krafthand-Truck","article_published_time":"2021-01-21T10:36:13+00:00","article_modified_time":"2021-03-10T14:11:41+00:00","og_image":[{"width":1000,"height":714,"url":"https:\/\/www.krafthand.de\/truck\/wp-content\/uploads\/2021\/01\/Martin_Daum_CEO_Daimler_Truck_AG.jpg","type":"image\/jpeg"}],"author":"georg.blenk@krafthand-medien.de","twitter_card":"summary_large_image","twitter_misc":{"Verfasst von":"georg.blenk@krafthand-medien.de","Gesch\u00e4tzte Lesezeit":"1\u00a0Minute"},"schema":{"@context":"https:\/\/schema.org","@graph":[{"@type":"Article","@id":"https:\/\/www.krafthand.de\/truck\/artikel\/martin-daum-ist-neuer-vorsitzender-des-acea-nutzfahrzeug-ausschusses-26271\/#article","isPartOf":{"@id":"https:\/\/www.krafthand.de\/truck\/artikel\/martin-daum-ist-neuer-vorsitzender-des-acea-nutzfahrzeug-ausschusses-26271\/"},"author":{"name":"georg.blenk@krafthand-medien.de","@id":"https:\/\/www.krafthand.de\/truck\/#\/schema\/person\/51fa80b1c57034c4bf63f9f988fc24ce"},"headline":"Martin Daum ist neuer Vorsitzender des ACEA Nutzfahrzeug-Ausschusses","datePublished":"2021-01-21T10:36:13+00:00","dateModified":"2021-03-10T14:11:41+00:00","mainEntityOfPage":{"@id":"https:\/\/www.krafthand.de\/truck\/artikel\/martin-daum-ist-neuer-vorsitzender-des-acea-nutzfahrzeug-ausschusses-26271\/"},"wordCount":220,"image":{"@id":"https:\/\/www.krafthand.de\/truck\/artikel\/martin-daum-ist-neuer-vorsitzender-des-acea-nutzfahrzeug-ausschusses-26271\/#primaryimage"},"thumbnailUrl":"https:\/\/static.krafthand-truck.de\/uploads\/2021\/01\/Martin_Daum_CEO_Daimler_Truck_AG.jpg","keywords":["ACEA","Daimler Truck AG","Daimler Trucks","Henrik Henriksson","Martin Daum","Nutzfahrzeug-Ausschuss","Scania"],"articleSection":["K\u00f6pfe\/Personen"],"inLanguage":"de"},{"@type":"WebPage","@id":"https:\/\/www.krafthand.de\/truck\/artikel\/martin-daum-ist-neuer-vorsitzender-des-acea-nutzfahrzeug-ausschusses-26271\/","url":"https:\/\/www.krafthand.de\/truck\/artikel\/martin-daum-ist-neuer-vorsitzender-des-acea-nutzfahrzeug-ausschusses-26271\/","name":"Martin Daum ist neuer Vorsitzender des ACEA Nutzfahrzeug-Ausschusses - Krafthand-Truck","isPartOf":{"@id":"https:\/\/www.krafthand.de\/truck\/#website"},"primaryImageOfPage":{"@id":"https:\/\/www.krafthand.de\/truck\/artikel\/martin-daum-ist-neuer-vorsitzender-des-acea-nutzfahrzeug-ausschusses-26271\/#primaryimage"},"image":{"@id":"https:\/\/www.krafthand.de\/truck\/artikel\/martin-daum-ist-neuer-vorsitzender-des-acea-nutzfahrzeug-ausschusses-26271\/#primaryimage"},"thumbnailUrl":"https:\/\/static.krafthand-truck.de\/uploads\/2021\/01\/Martin_Daum_CEO_Daimler_Truck_AG.jpg","datePublished":"2021-01-21T10:36:13+00:00","dateModified":"2021-03-10T14:11:41+00:00","author":{"@id":"https:\/\/www.krafthand.de\/truck\/#\/schema\/person\/51fa80b1c57034c4bf63f9f988fc24ce"},"breadcrumb":{"@id":"https:\/\/www.krafthand.de\/truck\/artikel\/martin-daum-ist-neuer-vorsitzender-des-acea-nutzfahrzeug-ausschusses-26271\/#breadcrumb"},"inLanguage":"de","potentialAction":[{"@type":"ReadAction","target":["https:\/\/www.krafthand.de\/truck\/artikel\/martin-daum-ist-neuer-vorsitzender-des-acea-nutzfahrzeug-ausschusses-26271\/"]}]},{"@type":"ImageObject","inLanguage":"de","@id":"https:\/\/www.krafthand.de\/truck\/artikel\/martin-daum-ist-neuer-vorsitzender-des-acea-nutzfahrzeug-ausschusses-26271\/#primaryimage","url":"https:\/\/static.krafthand-truck.de\/uploads\/2021\/01\/Martin_Daum_CEO_Daimler_Truck_AG.jpg","contentUrl":"https:\/\/static.krafthand-truck.de\/uploads\/2021\/01\/Martin_Daum_CEO_Daimler_Truck_AG.jpg","width":1000,"height":714,"caption":"Martin Daum, CEO Daimler Truck AG"},{"@type":"BreadcrumbList","@id":"https:\/\/www.krafthand.de\/truck\/artikel\/martin-daum-ist-neuer-vorsitzender-des-acea-nutzfahrzeug-ausschusses-26271\/#breadcrumb","itemListElement":[{"@type":"ListItem","position":1,"name":"Krafthand-Truck","item":"https:\/\/www.krafthand.de\/truck\/"},{"@type":"ListItem","position":2,"name":"Nfz-Branche","item":"https:\/\/www.krafthand.de\/truck\/kategorie\/branche\/"},{"@type":"ListItem","position":3,"name":"K\u00f6pfe\/Personen","item":"https:\/\/www.krafthand.de\/truck\/kategorie\/branche\/koepfe\/"},{"@type":"ListItem","position":4,"name":"Martin Daum ist neuer Vorsitzender des ACEA Nutzfahrzeug-Ausschusses"}]},{"@type":"WebSite","@id":"https:\/\/www.krafthand.de\/truck\/#website","url":"https:\/\/www.krafthand.de\/truck\/","name":"Krafthand-Truck","description":"","potentialAction":[{"@type":"SearchAction","target":{"@type":"EntryPoint","urlTemplate":"https:\/\/www.krafthand.de\/truck\/?s={search_term_string}"},"query-input":{"@type":"PropertyValueSpecification","valueRequired":true,"valueName":"search_term_string"}}],"inLanguage":"de"},{"@type":"Person","@id":"https:\/\/www.krafthand.de\/truck\/#\/schema\/person\/51fa80b1c57034c4bf63f9f988fc24ce","name":"georg.blenk@krafthand-medien.de","image":{"@type":"ImageObject","inLanguage":"de","@id":"https:\/\/secure.gravatar.com\/avatar\/93713c30affe0aa95d3a4130e499bb1abee2eb31adbdd9ce2aa1543538490215?s=96&d=mm&r=g","url":"https:\/\/secure.gravatar.com\/avatar\/93713c30affe0aa95d3a4130e499bb1abee2eb31adbdd9ce2aa1543538490215?s=96&d=mm&r=g","contentUrl":"https:\/\/secure.gravatar.com\/avatar\/93713c30affe0aa95d3a4130e499bb1abee2eb31adbdd9ce2aa1543538490215?s=96&d=mm&r=g","caption":"georg.blenk@krafthand-medien.de"}}]}},"_links":{"self":[{"href":"https:\/\/www.krafthand.de\/truck\/wp-json\/wp\/v2\/posts\/26271","targetHints":{"allow":["GET"]}}],"collection":[{"href":"https:\/\/www.krafthand.de\/truck\/wp-json\/wp\/v2\/posts"}],"about":[{"href":"https:\/\/www.krafthand.de\/truck\/wp-json\/wp\/v2\/types\/post"}],"author":[{"embeddable":true,"href":"https:\/\/www.krafthand.de\/truck\/wp-json\/wp\/v2\/users\/9"}],"replies":[{"embeddable":true,"href":"https:\/\/www.krafthand.de\/truck\/wp-json\/wp\/v2\/comments?post=26271"}],"version-history":[{"count":3,"href":"https:\/\/www.krafthand.de\/truck\/wp-json\/wp\/v2\/posts\/26271\/revisions"}],"predecessor-version":[{"id":26275,"href":"https:\/\/www.krafthand.de\/truck\/wp-json\/wp\/v2\/posts\/26271\/revisions\/26275"}],"wp:featuredmedia":[{"embeddable":true,"href":"https:\/\/www.krafthand.de\/truck\/wp-json\/wp\/v2\/media\/26272"}],"wp:attachment":[{"href":"https:\/\/www.krafthand.de\/truck\/wp-json\/wp\/v2\/media?parent=26271"}],"wp:term":[{"taxonomy":"category","embeddable":true,"href":"https:\/\/www.krafthand.de\/truck\/wp-json\/wp\/v2\/categories?post=26271"},{"taxonomy":"post_tag","embeddable":true,"href":"https:\/\/www.krafthand.de\/truck\/wp-json\/wp\/v2\/tags?post=26271"},{"taxonomy":"settings","embeddable":true,"href":"https:\/\/www.krafthand.de\/truck\/wp-json\/wp\/v2\/settings?post=26271"}],"curies":[{"name":"wp","href":"https:\/\/api.w.org\/{rel}","templated":true}]}}