{"id":26240,"date":"2021-01-20T12:04:50","date_gmt":"2021-01-20T11:04:50","guid":{"rendered":"https:\/\/www.krafthand.de\/truck\/?p=26240"},"modified":"2021-03-10T12:10:27","modified_gmt":"2021-03-10T11:10:27","slug":"die-richtung-stimmt-flottenerneuerung-und-zuschuesse-vom-bund","status":"publish","type":"post","link":"https:\/\/www.krafthand.de\/truck\/artikel\/die-richtung-stimmt-flottenerneuerung-und-zuschuesse-vom-bund-26240\/","title":{"rendered":"Lkw-Flottenerneuerung und Zusch\u00fcsse"},"content":{"rendered":"<p>Die Bundesregierung unterst\u00fctzt im Rahmen des &#8218;Flottenaustauschprogramms&#8216; die Anschaffung von fabrikneuen <abbr title=\"Lastkraftwagen\">Lkw, <\/abbr>die die Anforderungen der aktuellen Abgasstufe Euro VI erf\u00fcllen, mit bis zu 15.000 Euro.<\/p>\n<p>Voraussetzung ist, dass gleichzeitig ein \u00e4lterer <abbr title=\"Lastkraftwagen\">Lastkraftwagen, <\/abbr>der lediglich die Abgasstufen Euro III, IV oder V erf\u00fcllt, aus dem Verkehr gezogen wird. Umgangssprachlich spricht man von der &#8218;Abwrackpr\u00e4mie&#8216; f\u00fcr Lkw. Zus\u00e4tzlich gew\u00e4hrt der Bund einen Zuschuss von bis zu 5.000 Euro (h\u00f6chstens jedoch 60 Prozent der Gesamtkosten) f\u00fcr die Anschaffung intelligenter Trailer- Technologie, wie zum Beispiel Technologien zur Reifendruckmessung, zur digitalen Ansteuerung f\u00fcr Auflieger und Anh\u00e4nger oder f\u00fcr aerodynamische Anbauteile. Die F\u00f6rderung basiert auf den Beschl\u00fcssen der &#8218;konzertierten Aktion Mobilit\u00e4t&#8216; (KAM). Im \u00dcbrigen: Aus Gr\u00fcnden der Verkehrssicherheit m\u00fcssen die neuen <abbr title=\"Lastkraftwagen\">Lkw<\/abbr> zus\u00e4tzlich \u00fcber einen Abbiegeassistenzsystem verf\u00fcgen.<\/p>\n<blockquote><p><em>&#8222;Unser Ziel ist es, nachhaltig die CO<sub>2<\/sub>-Emissionen der Nutzfahrzeugflotte zu senken, Arbeitspl\u00e4tze dauerhaft zu erhalten und der Wirtschaft einen sp\u00fcrbaren Impuls zu verleihen&#8220;, so Bundesminister Andreas Scheuer (BMVI).<\/em><\/p><\/blockquote>\n<p>Die Antragsfrist beginnt am 26.1.2021 und endet am 15.4.2021. Laut Bundesamt f\u00fcr G\u00fcterverkehr (BAG) gestalte sich das Antragsverfahren anwenderfreundlich, man ben\u00f6tige lediglich eine \u00fcberschaubare Anzahl an Nachweisen. Antr\u00e4ge k\u00f6nnen ausschlie\u00dflich auf elektronischem Wege \u00fcber die Portalseite <a class=\"RichTextExtLink ExternalLink\" title=\"Zum Antrag auf der Seite des BAG (\u00d6ffnet in einem\u00a0neuen\u00a0Fenster)\" href=\"https:\/\/antrag-gbbmvi.bund.de\/\" target=\"_blank\" rel=\"noopener\">https:\/\/antrag-gbbmvi.bund.de\/<\/a> (eService-Portal) gestellt werden.<\/p>\n","protected":false},"excerpt":{"rendered":"<p>Die Bundesregierung unterst\u00fctzt im Rahmen des &#8218;Flottenaustauschprogramms&#8216; die Anschaffung von fabrikneuen Lkw, die die Anforderungen der aktuellen Abgasstufe Euro VI erf\u00fcllen, mit bis zu 15.000 Euro. <span class=\"excerpt-more__dots\">&#8230;<\/span> <a class=\"excerpt-more__link\" href=\"https:\/\/www.krafthand.de\/truck\/artikel\/die-richtung-stimmt-flottenerneuerung-und-zuschuesse-vom-bund-26240\/\" >weiter<\/a><\/p>\n","protected":false},"author":9,"featured_media":26252,"comment_status":"closed","ping_status":"closed","sticky":false,"template":"","format":"standard","meta":{"footnotes":""},"categories":[4225,5],"tags":[4135,91,4137,4138,4134],"settings":[],"class_list":["post-26240","post","type-post","status-publish","format-standard","has-post-thumbnail","hentry","category-ssistenzsysteme","category-branche","tag-bag","tag-euro-6","tag-flottenaustauschprogramm","tag-kam","tag-scheuer"],"yoast_head":"<!-- This site is optimized with the Yoast SEO plugin v27.3 - https:\/\/yoast.com\/product\/yoast-seo-wordpress\/ -->\n<title>Lkw-Flottenerneuerung und Zusch\u00fcsse - Krafthand-Truck<\/title>\n<meta name=\"robots\" content=\"index, follow, max-snippet:-1, max-image-preview:large, max-video-preview:-1\" \/>\n<link rel=\"canonical\" href=\"https:\/\/www.krafthand.de\/truck\/artikel\/die-richtung-stimmt-flottenerneuerung-und-zuschuesse-vom-bund-26240\/\" \/>\n<meta property=\"og:locale\" content=\"de_DE\" \/>\n<meta property=\"og:type\" content=\"article\" \/>\n<meta property=\"og:title\" content=\"Lkw-Flottenerneuerung und Zusch\u00fcsse - Krafthand-Truck\" \/>\n<meta property=\"og:description\" content=\"Die Bundesregierung unterst\u00fctzt im Rahmen des &#039;Flottenaustauschprogramms&#039; die Anschaffung von fabrikneuen Lkw, die die Anforderungen der aktuellen Abgasstufe Euro VI erf\u00fcllen, mit bis zu 15.000 Euro. ... weiter\" \/>\n<meta property=\"og:url\" content=\"https:\/\/www.krafthand-truck.de\/artikel\/die-richtung-stimmt-flottenerneuerung-und-zuschuesse-vom-bund-26240\/\" \/>\n<meta property=\"og:site_name\" content=\"Krafthand-Truck\" \/>\n<meta property=\"article:published_time\" content=\"2021-01-20T11:04:50+00:00\" \/>\n<meta property=\"article:modified_time\" content=\"2021-03-10T11:10:27+00:00\" \/>\n<meta property=\"og:image\" content=\"https:\/\/www.krafthand.de\/truck\/wp-content\/uploads\/2021\/01\/Flottenaustauschprogramm_BAG_Lkw_2021_Krafthand_Truck_Szene_small.jpg\" \/>\n\t<meta property=\"og:image:width\" content=\"1000\" \/>\n\t<meta property=\"og:image:height\" content=\"598\" \/>\n\t<meta property=\"og:image:type\" content=\"image\/jpeg\" \/>\n<meta name=\"author\" content=\"georg.blenk@krafthand-medien.de\" \/>\n<meta name=\"twitter:card\" content=\"summary_large_image\" \/>\n<meta name=\"twitter:label1\" content=\"Verfasst von\" \/>\n\t<meta name=\"twitter:data1\" content=\"georg.blenk@krafthand-medien.de\" \/>\n\t<meta name=\"twitter:label2\" content=\"Gesch\u00e4tzte Lesezeit\" \/>\n\t<meta name=\"twitter:data2\" content=\"1\u00a0Minute\" \/>\n<script type=\"application\/ld+json\" class=\"yoast-schema-graph\">{\"@context\":\"https:\\\/\\\/schema.org\",\"@graph\":[{\"@type\":\"Article\",\"@id\":\"https:\\\/\\\/www.krafthand.de\\\/truck\\\/artikel\\\/die-richtung-stimmt-flottenerneuerung-und-zuschuesse-vom-bund-26240\\\/#article\",\"isPartOf\":{\"@id\":\"https:\\\/\\\/www.krafthand.de\\\/truck\\\/artikel\\\/die-richtung-stimmt-flottenerneuerung-und-zuschuesse-vom-bund-26240\\\/\"},\"author\":{\"name\":\"georg.blenk@krafthand-medien.de\",\"@id\":\"https:\\\/\\\/www.krafthand.de\\\/truck\\\/#\\\/schema\\\/person\\\/51fa80b1c57034c4bf63f9f988fc24ce\"},\"headline\":\"Lkw-Flottenerneuerung und Zusch\u00fcsse\",\"datePublished\":\"2021-01-20T11:04:50+00:00\",\"dateModified\":\"2021-03-10T11:10:27+00:00\",\"mainEntityOfPage\":{\"@id\":\"https:\\\/\\\/www.krafthand.de\\\/truck\\\/artikel\\\/die-richtung-stimmt-flottenerneuerung-und-zuschuesse-vom-bund-26240\\\/\"},\"wordCount\":220,\"image\":{\"@id\":\"https:\\\/\\\/www.krafthand.de\\\/truck\\\/artikel\\\/die-richtung-stimmt-flottenerneuerung-und-zuschuesse-vom-bund-26240\\\/#primaryimage\"},\"thumbnailUrl\":\"https:\\\/\\\/static.krafthand-truck.de\\\/uploads\\\/2021\\\/01\\\/Flottenaustauschprogramm_BAG_Lkw_2021_Krafthand_Truck_Szene_small.jpg\",\"keywords\":[\"BAG\",\"Euro 6\",\"Flottenaustauschprogramm\",\"KAM\",\"Scheuer\"],\"articleSection\":[\"Assistenzsysteme\",\"Nfz-Branche\"],\"inLanguage\":\"de\"},{\"@type\":\"WebPage\",\"@id\":\"https:\\\/\\\/www.krafthand.de\\\/truck\\\/artikel\\\/die-richtung-stimmt-flottenerneuerung-und-zuschuesse-vom-bund-26240\\\/\",\"url\":\"https:\\\/\\\/www.krafthand.de\\\/truck\\\/artikel\\\/die-richtung-stimmt-flottenerneuerung-und-zuschuesse-vom-bund-26240\\\/\",\"name\":\"Lkw-Flottenerneuerung und Zusch\u00fcsse - Krafthand-Truck\",\"isPartOf\":{\"@id\":\"https:\\\/\\\/www.krafthand.de\\\/truck\\\/#website\"},\"primaryImageOfPage\":{\"@id\":\"https:\\\/\\\/www.krafthand.de\\\/truck\\\/artikel\\\/die-richtung-stimmt-flottenerneuerung-und-zuschuesse-vom-bund-26240\\\/#primaryimage\"},\"image\":{\"@id\":\"https:\\\/\\\/www.krafthand.de\\\/truck\\\/artikel\\\/die-richtung-stimmt-flottenerneuerung-und-zuschuesse-vom-bund-26240\\\/#primaryimage\"},\"thumbnailUrl\":\"https:\\\/\\\/static.krafthand-truck.de\\\/uploads\\\/2021\\\/01\\\/Flottenaustauschprogramm_BAG_Lkw_2021_Krafthand_Truck_Szene_small.jpg\",\"datePublished\":\"2021-01-20T11:04:50+00:00\",\"dateModified\":\"2021-03-10T11:10:27+00:00\",\"author\":{\"@id\":\"https:\\\/\\\/www.krafthand.de\\\/truck\\\/#\\\/schema\\\/person\\\/51fa80b1c57034c4bf63f9f988fc24ce\"},\"breadcrumb\":{\"@id\":\"https:\\\/\\\/www.krafthand.de\\\/truck\\\/artikel\\\/die-richtung-stimmt-flottenerneuerung-und-zuschuesse-vom-bund-26240\\\/#breadcrumb\"},\"inLanguage\":\"de\",\"potentialAction\":[{\"@type\":\"ReadAction\",\"target\":[\"https:\\\/\\\/www.krafthand.de\\\/truck\\\/artikel\\\/die-richtung-stimmt-flottenerneuerung-und-zuschuesse-vom-bund-26240\\\/\"]}]},{\"@type\":\"ImageObject\",\"inLanguage\":\"de\",\"@id\":\"https:\\\/\\\/www.krafthand.de\\\/truck\\\/artikel\\\/die-richtung-stimmt-flottenerneuerung-und-zuschuesse-vom-bund-26240\\\/#primaryimage\",\"url\":\"https:\\\/\\\/static.krafthand-truck.de\\\/uploads\\\/2021\\\/01\\\/Flottenaustauschprogramm_BAG_Lkw_2021_Krafthand_Truck_Szene_small.jpg\",\"contentUrl\":\"https:\\\/\\\/static.krafthand-truck.de\\\/uploads\\\/2021\\\/01\\\/Flottenaustauschprogramm_BAG_Lkw_2021_Krafthand_Truck_Szene_small.jpg\",\"width\":1000,\"height\":598,\"caption\":\"Die Richtung stimmt: Der Bund f\u00f6rdert die Neuanschaffung von Lkw sowie Trailer-Technologie. Bild: Georg Blenk\"},{\"@type\":\"BreadcrumbList\",\"@id\":\"https:\\\/\\\/www.krafthand.de\\\/truck\\\/artikel\\\/die-richtung-stimmt-flottenerneuerung-und-zuschuesse-vom-bund-26240\\\/#breadcrumb\",\"itemListElement\":[{\"@type\":\"ListItem\",\"position\":1,\"name\":\"Krafthand-Truck\",\"item\":\"https:\\\/\\\/www.krafthand.de\\\/truck\\\/\"},{\"@type\":\"ListItem\",\"position\":2,\"name\":\"Nfz-Branche\",\"item\":\"https:\\\/\\\/www.krafthand.de\\\/truck\\\/kategorie\\\/branche\\\/\"},{\"@type\":\"ListItem\",\"position\":3,\"name\":\"Lkw-Flottenerneuerung und Zusch\u00fcsse\"}]},{\"@type\":\"WebSite\",\"@id\":\"https:\\\/\\\/www.krafthand.de\\\/truck\\\/#website\",\"url\":\"https:\\\/\\\/www.krafthand.de\\\/truck\\\/\",\"name\":\"Krafthand-Truck\",\"description\":\"\",\"potentialAction\":[{\"@type\":\"SearchAction\",\"target\":{\"@type\":\"EntryPoint\",\"urlTemplate\":\"https:\\\/\\\/www.krafthand.de\\\/truck\\\/?s={search_term_string}\"},\"query-input\":{\"@type\":\"PropertyValueSpecification\",\"valueRequired\":true,\"valueName\":\"search_term_string\"}}],\"inLanguage\":\"de\"},{\"@type\":\"Person\",\"@id\":\"https:\\\/\\\/www.krafthand.de\\\/truck\\\/#\\\/schema\\\/person\\\/51fa80b1c57034c4bf63f9f988fc24ce\",\"name\":\"georg.blenk@krafthand-medien.de\",\"image\":{\"@type\":\"ImageObject\",\"inLanguage\":\"de\",\"@id\":\"https:\\\/\\\/secure.gravatar.com\\\/avatar\\\/93713c30affe0aa95d3a4130e499bb1abee2eb31adbdd9ce2aa1543538490215?s=96&d=mm&r=g\",\"url\":\"https:\\\/\\\/secure.gravatar.com\\\/avatar\\\/93713c30affe0aa95d3a4130e499bb1abee2eb31adbdd9ce2aa1543538490215?s=96&d=mm&r=g\",\"contentUrl\":\"https:\\\/\\\/secure.gravatar.com\\\/avatar\\\/93713c30affe0aa95d3a4130e499bb1abee2eb31adbdd9ce2aa1543538490215?s=96&d=mm&r=g\",\"caption\":\"georg.blenk@krafthand-medien.de\"}}]}<\/script>\n<!-- \/ Yoast SEO plugin. -->","yoast_head_json":{"title":"Lkw-Flottenerneuerung und Zusch\u00fcsse - Krafthand-Truck","robots":{"index":"index","follow":"follow","max-snippet":"max-snippet:-1","max-image-preview":"max-image-preview:large","max-video-preview":"max-video-preview:-1"},"canonical":"https:\/\/www.krafthand.de\/truck\/artikel\/die-richtung-stimmt-flottenerneuerung-und-zuschuesse-vom-bund-26240\/","og_locale":"de_DE","og_type":"article","og_title":"Lkw-Flottenerneuerung und Zusch\u00fcsse - Krafthand-Truck","og_description":"Die Bundesregierung unterst\u00fctzt im Rahmen des 'Flottenaustauschprogramms' die Anschaffung von fabrikneuen Lkw, die die Anforderungen der aktuellen Abgasstufe Euro VI erf\u00fcllen, mit bis zu 15.000 Euro. ... weiter","og_url":"https:\/\/www.krafthand-truck.de\/artikel\/die-richtung-stimmt-flottenerneuerung-und-zuschuesse-vom-bund-26240\/","og_site_name":"Krafthand-Truck","article_published_time":"2021-01-20T11:04:50+00:00","article_modified_time":"2021-03-10T11:10:27+00:00","og_image":[{"width":1000,"height":598,"url":"https:\/\/www.krafthand.de\/truck\/wp-content\/uploads\/2021\/01\/Flottenaustauschprogramm_BAG_Lkw_2021_Krafthand_Truck_Szene_small.jpg","type":"image\/jpeg"}],"author":"georg.blenk@krafthand-medien.de","twitter_card":"summary_large_image","twitter_misc":{"Verfasst von":"georg.blenk@krafthand-medien.de","Gesch\u00e4tzte Lesezeit":"1\u00a0Minute"},"schema":{"@context":"https:\/\/schema.org","@graph":[{"@type":"Article","@id":"https:\/\/www.krafthand.de\/truck\/artikel\/die-richtung-stimmt-flottenerneuerung-und-zuschuesse-vom-bund-26240\/#article","isPartOf":{"@id":"https:\/\/www.krafthand.de\/truck\/artikel\/die-richtung-stimmt-flottenerneuerung-und-zuschuesse-vom-bund-26240\/"},"author":{"name":"georg.blenk@krafthand-medien.de","@id":"https:\/\/www.krafthand.de\/truck\/#\/schema\/person\/51fa80b1c57034c4bf63f9f988fc24ce"},"headline":"Lkw-Flottenerneuerung und Zusch\u00fcsse","datePublished":"2021-01-20T11:04:50+00:00","dateModified":"2021-03-10T11:10:27+00:00","mainEntityOfPage":{"@id":"https:\/\/www.krafthand.de\/truck\/artikel\/die-richtung-stimmt-flottenerneuerung-und-zuschuesse-vom-bund-26240\/"},"wordCount":220,"image":{"@id":"https:\/\/www.krafthand.de\/truck\/artikel\/die-richtung-stimmt-flottenerneuerung-und-zuschuesse-vom-bund-26240\/#primaryimage"},"thumbnailUrl":"https:\/\/static.krafthand-truck.de\/uploads\/2021\/01\/Flottenaustauschprogramm_BAG_Lkw_2021_Krafthand_Truck_Szene_small.jpg","keywords":["BAG","Euro 6","Flottenaustauschprogramm","KAM","Scheuer"],"articleSection":["Assistenzsysteme","Nfz-Branche"],"inLanguage":"de"},{"@type":"WebPage","@id":"https:\/\/www.krafthand.de\/truck\/artikel\/die-richtung-stimmt-flottenerneuerung-und-zuschuesse-vom-bund-26240\/","url":"https:\/\/www.krafthand.de\/truck\/artikel\/die-richtung-stimmt-flottenerneuerung-und-zuschuesse-vom-bund-26240\/","name":"Lkw-Flottenerneuerung und Zusch\u00fcsse - Krafthand-Truck","isPartOf":{"@id":"https:\/\/www.krafthand.de\/truck\/#website"},"primaryImageOfPage":{"@id":"https:\/\/www.krafthand.de\/truck\/artikel\/die-richtung-stimmt-flottenerneuerung-und-zuschuesse-vom-bund-26240\/#primaryimage"},"image":{"@id":"https:\/\/www.krafthand.de\/truck\/artikel\/die-richtung-stimmt-flottenerneuerung-und-zuschuesse-vom-bund-26240\/#primaryimage"},"thumbnailUrl":"https:\/\/static.krafthand-truck.de\/uploads\/2021\/01\/Flottenaustauschprogramm_BAG_Lkw_2021_Krafthand_Truck_Szene_small.jpg","datePublished":"2021-01-20T11:04:50+00:00","dateModified":"2021-03-10T11:10:27+00:00","author":{"@id":"https:\/\/www.krafthand.de\/truck\/#\/schema\/person\/51fa80b1c57034c4bf63f9f988fc24ce"},"breadcrumb":{"@id":"https:\/\/www.krafthand.de\/truck\/artikel\/die-richtung-stimmt-flottenerneuerung-und-zuschuesse-vom-bund-26240\/#breadcrumb"},"inLanguage":"de","potentialAction":[{"@type":"ReadAction","target":["https:\/\/www.krafthand.de\/truck\/artikel\/die-richtung-stimmt-flottenerneuerung-und-zuschuesse-vom-bund-26240\/"]}]},{"@type":"ImageObject","inLanguage":"de","@id":"https:\/\/www.krafthand.de\/truck\/artikel\/die-richtung-stimmt-flottenerneuerung-und-zuschuesse-vom-bund-26240\/#primaryimage","url":"https:\/\/static.krafthand-truck.de\/uploads\/2021\/01\/Flottenaustauschprogramm_BAG_Lkw_2021_Krafthand_Truck_Szene_small.jpg","contentUrl":"https:\/\/static.krafthand-truck.de\/uploads\/2021\/01\/Flottenaustauschprogramm_BAG_Lkw_2021_Krafthand_Truck_Szene_small.jpg","width":1000,"height":598,"caption":"Die Richtung stimmt: Der Bund f\u00f6rdert die Neuanschaffung von Lkw sowie Trailer-Technologie. Bild: Georg Blenk"},{"@type":"BreadcrumbList","@id":"https:\/\/www.krafthand.de\/truck\/artikel\/die-richtung-stimmt-flottenerneuerung-und-zuschuesse-vom-bund-26240\/#breadcrumb","itemListElement":[{"@type":"ListItem","position":1,"name":"Krafthand-Truck","item":"https:\/\/www.krafthand.de\/truck\/"},{"@type":"ListItem","position":2,"name":"Nfz-Branche","item":"https:\/\/www.krafthand.de\/truck\/kategorie\/branche\/"},{"@type":"ListItem","position":3,"name":"Lkw-Flottenerneuerung und Zusch\u00fcsse"}]},{"@type":"WebSite","@id":"https:\/\/www.krafthand.de\/truck\/#website","url":"https:\/\/www.krafthand.de\/truck\/","name":"Krafthand-Truck","description":"","potentialAction":[{"@type":"SearchAction","target":{"@type":"EntryPoint","urlTemplate":"https:\/\/www.krafthand.de\/truck\/?s={search_term_string}"},"query-input":{"@type":"PropertyValueSpecification","valueRequired":true,"valueName":"search_term_string"}}],"inLanguage":"de"},{"@type":"Person","@id":"https:\/\/www.krafthand.de\/truck\/#\/schema\/person\/51fa80b1c57034c4bf63f9f988fc24ce","name":"georg.blenk@krafthand-medien.de","image":{"@type":"ImageObject","inLanguage":"de","@id":"https:\/\/secure.gravatar.com\/avatar\/93713c30affe0aa95d3a4130e499bb1abee2eb31adbdd9ce2aa1543538490215?s=96&d=mm&r=g","url":"https:\/\/secure.gravatar.com\/avatar\/93713c30affe0aa95d3a4130e499bb1abee2eb31adbdd9ce2aa1543538490215?s=96&d=mm&r=g","contentUrl":"https:\/\/secure.gravatar.com\/avatar\/93713c30affe0aa95d3a4130e499bb1abee2eb31adbdd9ce2aa1543538490215?s=96&d=mm&r=g","caption":"georg.blenk@krafthand-medien.de"}}]}},"_links":{"self":[{"href":"https:\/\/www.krafthand.de\/truck\/wp-json\/wp\/v2\/posts\/26240","targetHints":{"allow":["GET"]}}],"collection":[{"href":"https:\/\/www.krafthand.de\/truck\/wp-json\/wp\/v2\/posts"}],"about":[{"href":"https:\/\/www.krafthand.de\/truck\/wp-json\/wp\/v2\/types\/post"}],"author":[{"embeddable":true,"href":"https:\/\/www.krafthand.de\/truck\/wp-json\/wp\/v2\/users\/9"}],"replies":[{"embeddable":true,"href":"https:\/\/www.krafthand.de\/truck\/wp-json\/wp\/v2\/comments?post=26240"}],"version-history":[{"count":26,"href":"https:\/\/www.krafthand.de\/truck\/wp-json\/wp\/v2\/posts\/26240\/revisions"}],"predecessor-version":[{"id":26270,"href":"https:\/\/www.krafthand.de\/truck\/wp-json\/wp\/v2\/posts\/26240\/revisions\/26270"}],"wp:featuredmedia":[{"embeddable":true,"href":"https:\/\/www.krafthand.de\/truck\/wp-json\/wp\/v2\/media\/26252"}],"wp:attachment":[{"href":"https:\/\/www.krafthand.de\/truck\/wp-json\/wp\/v2\/media?parent=26240"}],"wp:term":[{"taxonomy":"category","embeddable":true,"href":"https:\/\/www.krafthand.de\/truck\/wp-json\/wp\/v2\/categories?post=26240"},{"taxonomy":"post_tag","embeddable":true,"href":"https:\/\/www.krafthand.de\/truck\/wp-json\/wp\/v2\/tags?post=26240"},{"taxonomy":"settings","embeddable":true,"href":"https:\/\/www.krafthand.de\/truck\/wp-json\/wp\/v2\/settings?post=26240"}],"curies":[{"name":"wp","href":"https:\/\/api.w.org\/{rel}","templated":true}]}}