{"id":26225,"date":"2021-02-26T07:00:14","date_gmt":"2021-02-26T06:00:14","guid":{"rendered":"https:\/\/www.krafthand.de\/truck\/?p=26225"},"modified":"2021-03-09T17:47:39","modified_gmt":"2021-03-09T16:47:39","slug":"mobiler-datenknoten-erleichtert-einstieg-in-die-digitale-welt","status":"publish","type":"post","link":"https:\/\/www.krafthand.de\/truck\/artikel\/mobiler-datenknoten-erleichtert-einstieg-in-die-digitale-welt-26225\/","title":{"rendered":"Mobiler Datenknoten erleichtert Einstieg in die digitale Welt"},"content":{"rendered":"<p>Eine vernetzte Werkstatt bringt dem Betreiber zahlreiche organisatorische und<br \/>\nbetriebswirtschaftliche Vorteile, etwa bei der Bremsenpr\u00fcfung und amtlichen Untersuchungen. Doch in der Vergangenheit stellte die Vernetzung modern denkende Werkstattbetreiber immer wieder vor erhebliche Probleme. Zu den typischen Stolpersteinen geh\u00f6ren laut Maha eine unterschiedliche IT-Infrastruktur, komplexe Export- und Importfunktionen, aufwendige Schnittstellen- und Netzwerk konfigurationen et cetera.<\/p>\n<p>Abhilfe soll deshalb k\u00fcnftig der von den IT-Spezialisten des Allg\u00e4uer Werkstattausr\u00fcsters entwickelte \u201aConnect Cube V3\u2018 schaffen. Dabei handelt es sich nach Unternehmensangaben um einen mobilen Datenknoten, der den bisherigen Aufwand des Kunden erheblich reduzieren soll. \u201eDer \u201aConnect Cube\u2018 l\u00e4sst sich einfach per Plug&amp;Play integrieren und schafft sofort einen digitalen Mehrwert\u201c, verspricht Maha-Gesch\u00e4ftsf\u00fchrer Michael Amann. \u201eDer Kunde bezahlt keine zus\u00e4tzlichen Geb\u00fchren f\u00fcr Lizenzen oder Apps. Unser \u201aConnect Cube\u2018 ist weder an einen Hersteller noch an eine Person gekn\u00fcpft und somit ideal f\u00fcr die richtlinienkonforme Hauptuntersuchung \u2013 und dies zu einem fairen Preis. Damit ist der Schritt in die digitale Welt f\u00fcr die Werkstatt jederzeit m\u00f6glich\u201c, so Amann.<\/p>\n<p><i>Den Beitrag finden Sie auch in der Print-Ausgabe 4\/20 der <a href=\"https:\/\/www.krafthand.de\/truck\/magazin\/\" title=\"Zum Magazin\">Krafthand-Truck<\/a>.<\/i><\/p>","protected":false},"excerpt":{"rendered":"<p>Eine vernetzte Werkstatt bringt dem Betreiber zahlreiche organisatorische und betriebswirtschaftliche Vorteile, etwa bei der Bremsenpr\u00fcfung und amtlichen Untersuchungen. <span class=\"excerpt-more__dots\">&#8230;<\/span> <a class=\"excerpt-more__link\" href=\"https:\/\/www.krafthand.de\/truck\/artikel\/mobiler-datenknoten-erleichtert-einstieg-in-die-digitale-welt-26225\/\" >weiter<\/a><\/p>\n","protected":false},"author":7,"featured_media":26226,"comment_status":"closed","ping_status":"closed","sticky":false,"template":"","format":"standard","meta":{"footnotes":""},"categories":[4216,4231],"tags":[4132,3474,395],"settings":[],"class_list":["post-26225","post","type-post","status-publish","format-standard","has-post-thumbnail","hentry","category-nfz-service","category-werkstatt-it","tag-asa","tag-it","tag-maha"],"yoast_head":"<!-- This site is optimized with the Yoast SEO plugin v27.3 - https:\/\/yoast.com\/product\/yoast-seo-wordpress\/ -->\n<title>Mobiler Datenknoten erleichtert Einstieg in die digitale Welt - Krafthand-Truck<\/title>\n<meta name=\"robots\" content=\"index, follow, max-snippet:-1, max-image-preview:large, max-video-preview:-1\" \/>\n<link rel=\"canonical\" href=\"https:\/\/www.krafthand.de\/truck\/artikel\/mobiler-datenknoten-erleichtert-einstieg-in-die-digitale-welt-26225\/\" \/>\n<meta property=\"og:locale\" content=\"de_DE\" \/>\n<meta property=\"og:type\" content=\"article\" \/>\n<meta property=\"og:title\" content=\"Mobiler Datenknoten erleichtert Einstieg in die digitale Welt - Krafthand-Truck\" \/>\n<meta property=\"og:description\" content=\"Eine vernetzte Werkstatt bringt dem Betreiber zahlreiche organisatorische und betriebswirtschaftliche Vorteile, etwa bei der Bremsenpr\u00fcfung und amtlichen Untersuchungen. ... weiter\" \/>\n<meta property=\"og:url\" content=\"https:\/\/www.krafthand-truck.de\/artikel\/mobiler-datenknoten-erleichtert-einstieg-in-die-digitale-welt-26225\/\" \/>\n<meta property=\"og:site_name\" content=\"Krafthand-Truck\" \/>\n<meta property=\"article:published_time\" content=\"2021-02-26T06:00:14+00:00\" \/>\n<meta property=\"article:modified_time\" content=\"2021-03-09T16:47:39+00:00\" \/>\n<meta property=\"og:image\" content=\"https:\/\/www.krafthand.de\/truck\/wp-content\/uploads\/2021\/01\/0420_037.jpg\" \/>\n\t<meta property=\"og:image:width\" content=\"1000\" \/>\n\t<meta property=\"og:image:height\" content=\"850\" \/>\n\t<meta property=\"og:image:type\" content=\"image\/jpeg\" \/>\n<meta name=\"author\" content=\"julian.schmid@krafthand.de\" \/>\n<meta name=\"twitter:card\" content=\"summary_large_image\" \/>\n<meta name=\"twitter:label1\" content=\"Verfasst von\" \/>\n\t<meta name=\"twitter:data1\" content=\"julian.schmid@krafthand.de\" \/>\n\t<meta name=\"twitter:label2\" content=\"Gesch\u00e4tzte Lesezeit\" \/>\n\t<meta name=\"twitter:data2\" content=\"1\u00a0Minute\" \/>\n<script type=\"application\/ld+json\" class=\"yoast-schema-graph\">{\"@context\":\"https:\\\/\\\/schema.org\",\"@graph\":[{\"@type\":\"Article\",\"@id\":\"https:\\\/\\\/www.krafthand.de\\\/truck\\\/artikel\\\/mobiler-datenknoten-erleichtert-einstieg-in-die-digitale-welt-26225\\\/#article\",\"isPartOf\":{\"@id\":\"https:\\\/\\\/www.krafthand.de\\\/truck\\\/artikel\\\/mobiler-datenknoten-erleichtert-einstieg-in-die-digitale-welt-26225\\\/\"},\"author\":{\"name\":\"julian.schmid@krafthand.de\",\"@id\":\"https:\\\/\\\/www.krafthand.de\\\/truck\\\/#\\\/schema\\\/person\\\/23aebc1e5e3f0204da7158bce36950bb\"},\"headline\":\"Mobiler Datenknoten erleichtert Einstieg in die digitale Welt\",\"datePublished\":\"2021-02-26T06:00:14+00:00\",\"dateModified\":\"2021-03-09T16:47:39+00:00\",\"mainEntityOfPage\":{\"@id\":\"https:\\\/\\\/www.krafthand.de\\\/truck\\\/artikel\\\/mobiler-datenknoten-erleichtert-einstieg-in-die-digitale-welt-26225\\\/\"},\"wordCount\":184,\"image\":{\"@id\":\"https:\\\/\\\/www.krafthand.de\\\/truck\\\/artikel\\\/mobiler-datenknoten-erleichtert-einstieg-in-die-digitale-welt-26225\\\/#primaryimage\"},\"thumbnailUrl\":\"https:\\\/\\\/static.krafthand-truck.de\\\/uploads\\\/2021\\\/01\\\/0420_037.jpg\",\"keywords\":[\"ASA\",\"IT\",\"Maha\"],\"articleSection\":[\"Nfz-Service\",\"Werkstatt-IT\"],\"inLanguage\":\"de\"},{\"@type\":\"WebPage\",\"@id\":\"https:\\\/\\\/www.krafthand.de\\\/truck\\\/artikel\\\/mobiler-datenknoten-erleichtert-einstieg-in-die-digitale-welt-26225\\\/\",\"url\":\"https:\\\/\\\/www.krafthand.de\\\/truck\\\/artikel\\\/mobiler-datenknoten-erleichtert-einstieg-in-die-digitale-welt-26225\\\/\",\"name\":\"Mobiler Datenknoten erleichtert Einstieg in die digitale Welt - Krafthand-Truck\",\"isPartOf\":{\"@id\":\"https:\\\/\\\/www.krafthand.de\\\/truck\\\/#website\"},\"primaryImageOfPage\":{\"@id\":\"https:\\\/\\\/www.krafthand.de\\\/truck\\\/artikel\\\/mobiler-datenknoten-erleichtert-einstieg-in-die-digitale-welt-26225\\\/#primaryimage\"},\"image\":{\"@id\":\"https:\\\/\\\/www.krafthand.de\\\/truck\\\/artikel\\\/mobiler-datenknoten-erleichtert-einstieg-in-die-digitale-welt-26225\\\/#primaryimage\"},\"thumbnailUrl\":\"https:\\\/\\\/static.krafthand-truck.de\\\/uploads\\\/2021\\\/01\\\/0420_037.jpg\",\"datePublished\":\"2021-02-26T06:00:14+00:00\",\"dateModified\":\"2021-03-09T16:47:39+00:00\",\"author\":{\"@id\":\"https:\\\/\\\/www.krafthand.de\\\/truck\\\/#\\\/schema\\\/person\\\/23aebc1e5e3f0204da7158bce36950bb\"},\"breadcrumb\":{\"@id\":\"https:\\\/\\\/www.krafthand.de\\\/truck\\\/artikel\\\/mobiler-datenknoten-erleichtert-einstieg-in-die-digitale-welt-26225\\\/#breadcrumb\"},\"inLanguage\":\"de\",\"potentialAction\":[{\"@type\":\"ReadAction\",\"target\":[\"https:\\\/\\\/www.krafthand.de\\\/truck\\\/artikel\\\/mobiler-datenknoten-erleichtert-einstieg-in-die-digitale-welt-26225\\\/\"]}]},{\"@type\":\"ImageObject\",\"inLanguage\":\"de\",\"@id\":\"https:\\\/\\\/www.krafthand.de\\\/truck\\\/artikel\\\/mobiler-datenknoten-erleichtert-einstieg-in-die-digitale-welt-26225\\\/#primaryimage\",\"url\":\"https:\\\/\\\/static.krafthand-truck.de\\\/uploads\\\/2021\\\/01\\\/0420_037.jpg\",\"contentUrl\":\"https:\\\/\\\/static.krafthand-truck.de\\\/uploads\\\/2021\\\/01\\\/0420_037.jpg\",\"width\":1000,\"height\":850,\"caption\":\"Der \u201aConnect Cube\u2018 von Maha dient als mobiler Datenknoten und spannt sein eigenes autarkes WiFi-Arbeitsnetzwerk (Access Point) auf und liefert die \u201aASA-Livestream\u2018-Daten direkt zur Anzeige auf mobilen Endger\u00e4ten aller Art. Aufwendige Konfigurationen und Netzwerkkenntnisse sind nicht n\u00f6tig. Zudem ist der Netzwerkmanager \u201aNetman 4.0\u2019 vorinstalliert, sodass der Pr\u00fcfer direkt via Browser darauf zugreifen kann. Bild: Maha\"},{\"@type\":\"BreadcrumbList\",\"@id\":\"https:\\\/\\\/www.krafthand.de\\\/truck\\\/artikel\\\/mobiler-datenknoten-erleichtert-einstieg-in-die-digitale-welt-26225\\\/#breadcrumb\",\"itemListElement\":[{\"@type\":\"ListItem\",\"position\":1,\"name\":\"Krafthand-Truck\",\"item\":\"https:\\\/\\\/www.krafthand.de\\\/truck\\\/\"},{\"@type\":\"ListItem\",\"position\":2,\"name\":\"IT+Fuhrpark\",\"item\":\"https:\\\/\\\/www.krafthand.de\\\/truck\\\/kategorie\\\/fuhrpark\\\/\"},{\"@type\":\"ListItem\",\"position\":3,\"name\":\"Werkstatt-IT\",\"item\":\"https:\\\/\\\/www.krafthand.de\\\/truck\\\/kategorie\\\/fuhrpark\\\/werkstatt-it\\\/\"},{\"@type\":\"ListItem\",\"position\":4,\"name\":\"Mobiler Datenknoten erleichtert Einstieg in die digitale Welt\"}]},{\"@type\":\"WebSite\",\"@id\":\"https:\\\/\\\/www.krafthand.de\\\/truck\\\/#website\",\"url\":\"https:\\\/\\\/www.krafthand.de\\\/truck\\\/\",\"name\":\"Krafthand-Truck\",\"description\":\"\",\"potentialAction\":[{\"@type\":\"SearchAction\",\"target\":{\"@type\":\"EntryPoint\",\"urlTemplate\":\"https:\\\/\\\/www.krafthand.de\\\/truck\\\/?s={search_term_string}\"},\"query-input\":{\"@type\":\"PropertyValueSpecification\",\"valueRequired\":true,\"valueName\":\"search_term_string\"}}],\"inLanguage\":\"de\"},{\"@type\":\"Person\",\"@id\":\"https:\\\/\\\/www.krafthand.de\\\/truck\\\/#\\\/schema\\\/person\\\/23aebc1e5e3f0204da7158bce36950bb\",\"name\":\"julian.schmid@krafthand.de\",\"image\":{\"@type\":\"ImageObject\",\"inLanguage\":\"de\",\"@id\":\"https:\\\/\\\/secure.gravatar.com\\\/avatar\\\/ef76c2910cab8eb23fcc013e1c6dc1ba4af5e93fea6e6132d7c4e67d4e9631e9?s=96&d=mm&r=g\",\"url\":\"https:\\\/\\\/secure.gravatar.com\\\/avatar\\\/ef76c2910cab8eb23fcc013e1c6dc1ba4af5e93fea6e6132d7c4e67d4e9631e9?s=96&d=mm&r=g\",\"contentUrl\":\"https:\\\/\\\/secure.gravatar.com\\\/avatar\\\/ef76c2910cab8eb23fcc013e1c6dc1ba4af5e93fea6e6132d7c4e67d4e9631e9?s=96&d=mm&r=g\",\"caption\":\"julian.schmid@krafthand.de\"}}]}<\/script>\n<!-- \/ Yoast SEO plugin. -->","yoast_head_json":{"title":"Mobiler Datenknoten erleichtert Einstieg in die digitale Welt - Krafthand-Truck","robots":{"index":"index","follow":"follow","max-snippet":"max-snippet:-1","max-image-preview":"max-image-preview:large","max-video-preview":"max-video-preview:-1"},"canonical":"https:\/\/www.krafthand.de\/truck\/artikel\/mobiler-datenknoten-erleichtert-einstieg-in-die-digitale-welt-26225\/","og_locale":"de_DE","og_type":"article","og_title":"Mobiler Datenknoten erleichtert Einstieg in die digitale Welt - Krafthand-Truck","og_description":"Eine vernetzte Werkstatt bringt dem Betreiber zahlreiche organisatorische und betriebswirtschaftliche Vorteile, etwa bei der Bremsenpr\u00fcfung und amtlichen Untersuchungen. ... weiter","og_url":"https:\/\/www.krafthand-truck.de\/artikel\/mobiler-datenknoten-erleichtert-einstieg-in-die-digitale-welt-26225\/","og_site_name":"Krafthand-Truck","article_published_time":"2021-02-26T06:00:14+00:00","article_modified_time":"2021-03-09T16:47:39+00:00","og_image":[{"width":1000,"height":850,"url":"https:\/\/www.krafthand.de\/truck\/wp-content\/uploads\/2021\/01\/0420_037.jpg","type":"image\/jpeg"}],"author":"julian.schmid@krafthand.de","twitter_card":"summary_large_image","twitter_misc":{"Verfasst von":"julian.schmid@krafthand.de","Gesch\u00e4tzte Lesezeit":"1\u00a0Minute"},"schema":{"@context":"https:\/\/schema.org","@graph":[{"@type":"Article","@id":"https:\/\/www.krafthand.de\/truck\/artikel\/mobiler-datenknoten-erleichtert-einstieg-in-die-digitale-welt-26225\/#article","isPartOf":{"@id":"https:\/\/www.krafthand.de\/truck\/artikel\/mobiler-datenknoten-erleichtert-einstieg-in-die-digitale-welt-26225\/"},"author":{"name":"julian.schmid@krafthand.de","@id":"https:\/\/www.krafthand.de\/truck\/#\/schema\/person\/23aebc1e5e3f0204da7158bce36950bb"},"headline":"Mobiler Datenknoten erleichtert Einstieg in die digitale Welt","datePublished":"2021-02-26T06:00:14+00:00","dateModified":"2021-03-09T16:47:39+00:00","mainEntityOfPage":{"@id":"https:\/\/www.krafthand.de\/truck\/artikel\/mobiler-datenknoten-erleichtert-einstieg-in-die-digitale-welt-26225\/"},"wordCount":184,"image":{"@id":"https:\/\/www.krafthand.de\/truck\/artikel\/mobiler-datenknoten-erleichtert-einstieg-in-die-digitale-welt-26225\/#primaryimage"},"thumbnailUrl":"https:\/\/static.krafthand-truck.de\/uploads\/2021\/01\/0420_037.jpg","keywords":["ASA","IT","Maha"],"articleSection":["Nfz-Service","Werkstatt-IT"],"inLanguage":"de"},{"@type":"WebPage","@id":"https:\/\/www.krafthand.de\/truck\/artikel\/mobiler-datenknoten-erleichtert-einstieg-in-die-digitale-welt-26225\/","url":"https:\/\/www.krafthand.de\/truck\/artikel\/mobiler-datenknoten-erleichtert-einstieg-in-die-digitale-welt-26225\/","name":"Mobiler Datenknoten erleichtert Einstieg in die digitale Welt - Krafthand-Truck","isPartOf":{"@id":"https:\/\/www.krafthand.de\/truck\/#website"},"primaryImageOfPage":{"@id":"https:\/\/www.krafthand.de\/truck\/artikel\/mobiler-datenknoten-erleichtert-einstieg-in-die-digitale-welt-26225\/#primaryimage"},"image":{"@id":"https:\/\/www.krafthand.de\/truck\/artikel\/mobiler-datenknoten-erleichtert-einstieg-in-die-digitale-welt-26225\/#primaryimage"},"thumbnailUrl":"https:\/\/static.krafthand-truck.de\/uploads\/2021\/01\/0420_037.jpg","datePublished":"2021-02-26T06:00:14+00:00","dateModified":"2021-03-09T16:47:39+00:00","author":{"@id":"https:\/\/www.krafthand.de\/truck\/#\/schema\/person\/23aebc1e5e3f0204da7158bce36950bb"},"breadcrumb":{"@id":"https:\/\/www.krafthand.de\/truck\/artikel\/mobiler-datenknoten-erleichtert-einstieg-in-die-digitale-welt-26225\/#breadcrumb"},"inLanguage":"de","potentialAction":[{"@type":"ReadAction","target":["https:\/\/www.krafthand.de\/truck\/artikel\/mobiler-datenknoten-erleichtert-einstieg-in-die-digitale-welt-26225\/"]}]},{"@type":"ImageObject","inLanguage":"de","@id":"https:\/\/www.krafthand.de\/truck\/artikel\/mobiler-datenknoten-erleichtert-einstieg-in-die-digitale-welt-26225\/#primaryimage","url":"https:\/\/static.krafthand-truck.de\/uploads\/2021\/01\/0420_037.jpg","contentUrl":"https:\/\/static.krafthand-truck.de\/uploads\/2021\/01\/0420_037.jpg","width":1000,"height":850,"caption":"Der \u201aConnect Cube\u2018 von Maha dient als mobiler Datenknoten und spannt sein eigenes autarkes WiFi-Arbeitsnetzwerk (Access Point) auf und liefert die \u201aASA-Livestream\u2018-Daten direkt zur Anzeige auf mobilen Endger\u00e4ten aller Art. Aufwendige Konfigurationen und Netzwerkkenntnisse sind nicht n\u00f6tig. Zudem ist der Netzwerkmanager \u201aNetman 4.0\u2019 vorinstalliert, sodass der Pr\u00fcfer direkt via Browser darauf zugreifen kann. Bild: Maha"},{"@type":"BreadcrumbList","@id":"https:\/\/www.krafthand.de\/truck\/artikel\/mobiler-datenknoten-erleichtert-einstieg-in-die-digitale-welt-26225\/#breadcrumb","itemListElement":[{"@type":"ListItem","position":1,"name":"Krafthand-Truck","item":"https:\/\/www.krafthand.de\/truck\/"},{"@type":"ListItem","position":2,"name":"IT+Fuhrpark","item":"https:\/\/www.krafthand.de\/truck\/kategorie\/fuhrpark\/"},{"@type":"ListItem","position":3,"name":"Werkstatt-IT","item":"https:\/\/www.krafthand.de\/truck\/kategorie\/fuhrpark\/werkstatt-it\/"},{"@type":"ListItem","position":4,"name":"Mobiler Datenknoten erleichtert Einstieg in die digitale Welt"}]},{"@type":"WebSite","@id":"https:\/\/www.krafthand.de\/truck\/#website","url":"https:\/\/www.krafthand.de\/truck\/","name":"Krafthand-Truck","description":"","potentialAction":[{"@type":"SearchAction","target":{"@type":"EntryPoint","urlTemplate":"https:\/\/www.krafthand.de\/truck\/?s={search_term_string}"},"query-input":{"@type":"PropertyValueSpecification","valueRequired":true,"valueName":"search_term_string"}}],"inLanguage":"de"},{"@type":"Person","@id":"https:\/\/www.krafthand.de\/truck\/#\/schema\/person\/23aebc1e5e3f0204da7158bce36950bb","name":"julian.schmid@krafthand.de","image":{"@type":"ImageObject","inLanguage":"de","@id":"https:\/\/secure.gravatar.com\/avatar\/ef76c2910cab8eb23fcc013e1c6dc1ba4af5e93fea6e6132d7c4e67d4e9631e9?s=96&d=mm&r=g","url":"https:\/\/secure.gravatar.com\/avatar\/ef76c2910cab8eb23fcc013e1c6dc1ba4af5e93fea6e6132d7c4e67d4e9631e9?s=96&d=mm&r=g","contentUrl":"https:\/\/secure.gravatar.com\/avatar\/ef76c2910cab8eb23fcc013e1c6dc1ba4af5e93fea6e6132d7c4e67d4e9631e9?s=96&d=mm&r=g","caption":"julian.schmid@krafthand.de"}}]}},"_links":{"self":[{"href":"https:\/\/www.krafthand.de\/truck\/wp-json\/wp\/v2\/posts\/26225","targetHints":{"allow":["GET"]}}],"collection":[{"href":"https:\/\/www.krafthand.de\/truck\/wp-json\/wp\/v2\/posts"}],"about":[{"href":"https:\/\/www.krafthand.de\/truck\/wp-json\/wp\/v2\/types\/post"}],"author":[{"embeddable":true,"href":"https:\/\/www.krafthand.de\/truck\/wp-json\/wp\/v2\/users\/7"}],"replies":[{"embeddable":true,"href":"https:\/\/www.krafthand.de\/truck\/wp-json\/wp\/v2\/comments?post=26225"}],"version-history":[{"count":2,"href":"https:\/\/www.krafthand.de\/truck\/wp-json\/wp\/v2\/posts\/26225\/revisions"}],"predecessor-version":[{"id":26550,"href":"https:\/\/www.krafthand.de\/truck\/wp-json\/wp\/v2\/posts\/26225\/revisions\/26550"}],"wp:featuredmedia":[{"embeddable":true,"href":"https:\/\/www.krafthand.de\/truck\/wp-json\/wp\/v2\/media\/26226"}],"wp:attachment":[{"href":"https:\/\/www.krafthand.de\/truck\/wp-json\/wp\/v2\/media?parent=26225"}],"wp:term":[{"taxonomy":"category","embeddable":true,"href":"https:\/\/www.krafthand.de\/truck\/wp-json\/wp\/v2\/categories?post=26225"},{"taxonomy":"post_tag","embeddable":true,"href":"https:\/\/www.krafthand.de\/truck\/wp-json\/wp\/v2\/tags?post=26225"},{"taxonomy":"settings","embeddable":true,"href":"https:\/\/www.krafthand.de\/truck\/wp-json\/wp\/v2\/settings?post=26225"}],"curies":[{"name":"wp","href":"https:\/\/api.w.org\/{rel}","templated":true}]}}