{"id":26212,"date":"2021-02-12T07:00:55","date_gmt":"2021-02-12T06:00:55","guid":{"rendered":"https:\/\/www.krafthand.de\/truck\/?p=26212"},"modified":"2021-03-09T18:38:39","modified_gmt":"2021-03-09T17:38:39","slug":"hebetechnik-fuer-transporter-und-lkw-spezialisten","status":"publish","type":"post","link":"https:\/\/www.krafthand.de\/truck\/artikel\/hebetechnik-fuer-transporter-und-lkw-spezialisten-26212\/","title":{"rendered":"Hebetechnik f\u00fcr Transporter- und Lkw-Spezialisten"},"content":{"rendered":"<p>F\u00fcr Pkw, Transporter und leichte Nutzfahrzeuge gleicherma\u00dfen eignen soll sich die Vier-S\u00e4ulen-Hebeb\u00fchne \u201aATH-Four Lift 65\u2018 von ATH-Heinl. Den Produktinformationen des Oberpf\u00e4lzer Werkstattausr\u00fcsters zufolge verf\u00fcgt die robust gebaute, hydraulisch angetriebene B\u00fchne \u00fcber 5.550 Millimeter lange Fahrschienen, sodass sich auch Transporter und Lkw mit lange Radstand problemlos aufnehmen lassen sollen. Die maximale Tragkraft betr\u00e4gt praxisgerechte 6,5 Tonnen. Da sich eine der Fahrschienen sich stufenlos verschieben l\u00e4sst, kann man die B\u00fchne zudem an unterschiedliche Spurweiten anpassen.<\/p>\n<p>Aufgrund des fein nivellierbaren Lochrastensystems sollen sich die Fahrschienen der \u201aATH-Four Lift 65\u2018 exakt ausrichten lassen, sodass die B\u00fchne nicht nur f\u00fcr die Dialogannahme und f\u00fcr Reparaturarbeiten, sondern auch f\u00fcr die Scheinwerfereinstellung eignen soll. Das Heben \u00fcber den Weg von 1.800 Millimeter erledigt ein drei Kilowatt starkes Hydraulikaggregat in 48 Sekunden, den ebenso langen Senkvorgang indes steuert ein lastabh\u00e4ngiges Senkventil. In die geraden Laufschienen kann der B\u00fchnenbetreiber optional einen Achsfreiheber einsetzen. Zur Sicherheitsausstattung geh\u00f6rt ein pneumatisch entriegelndes Rastensystem, eine Schlaffseil-Sicherung und ein Not-Ablasssystem, falls einmal der Strom ausf\u00e4llt sowie ein CE-Stopp und ein Signalton beim Absenken.<\/p>\n<p><i>Den Beitrag finden Sie auch in der Print-Ausgabe 4\/20 der <a href=\"https:\/\/www.krafthand.de\/truck\/magazin\/\" title=\"Zum Magazin\">Krafthand-Truck<\/a>.<\/i><\/p>","protected":false},"excerpt":{"rendered":"<p>F\u00fcr Pkw, Transporter und leichte Nutzfahrzeuge gleicherma\u00dfen eignen soll sich die Vier-S\u00e4ulen-Hebeb\u00fchne \u201aATH-Four Lift 65\u2018 von ATH-Heinl. <span class=\"excerpt-more__dots\">&#8230;<\/span> <a class=\"excerpt-more__link\" href=\"https:\/\/www.krafthand.de\/truck\/artikel\/hebetechnik-fuer-transporter-und-lkw-spezialisten-26212\/\" >weiter<\/a><\/p>\n","protected":false},"author":7,"featured_media":26213,"comment_status":"closed","ping_status":"closed","sticky":false,"template":"","format":"standard","meta":{"footnotes":""},"categories":[4216,4220],"tags":[2244,4130,3787],"settings":[],"class_list":["post-26212","post","type-post","status-publish","format-standard","has-post-thumbnail","hentry","category-nfz-service","category-werkstattausruestung","tag-ath-heinl","tag-ath-four-lift-65","tag-vier-saeulen-hebebuehne"],"yoast_head":"<!-- This site is optimized with the Yoast SEO plugin v27.3 - https:\/\/yoast.com\/product\/yoast-seo-wordpress\/ -->\n<title>Hebetechnik f\u00fcr Transporter- und Lkw-Spezialisten - Krafthand-Truck<\/title>\n<meta name=\"robots\" content=\"index, follow, max-snippet:-1, max-image-preview:large, max-video-preview:-1\" \/>\n<link rel=\"canonical\" href=\"https:\/\/www.krafthand.de\/truck\/artikel\/hebetechnik-fuer-transporter-und-lkw-spezialisten-26212\/\" \/>\n<meta property=\"og:locale\" content=\"de_DE\" \/>\n<meta property=\"og:type\" content=\"article\" \/>\n<meta property=\"og:title\" content=\"Hebetechnik f\u00fcr Transporter- und Lkw-Spezialisten - Krafthand-Truck\" \/>\n<meta property=\"og:description\" content=\"F\u00fcr Pkw, Transporter und leichte Nutzfahrzeuge gleicherma\u00dfen eignen soll sich die Vier-S\u00e4ulen-Hebeb\u00fchne \u201aATH-Four Lift 65\u2018 von ATH-Heinl. ... weiter\" \/>\n<meta property=\"og:url\" content=\"https:\/\/www.krafthand-truck.de\/artikel\/hebetechnik-fuer-transporter-und-lkw-spezialisten-26212\/\" \/>\n<meta property=\"og:site_name\" content=\"Krafthand-Truck\" \/>\n<meta property=\"article:published_time\" content=\"2021-02-12T06:00:55+00:00\" \/>\n<meta property=\"article:modified_time\" content=\"2021-03-09T17:38:39+00:00\" \/>\n<meta property=\"og:image\" content=\"https:\/\/www.krafthand.de\/truck\/wp-content\/uploads\/2021\/01\/0420_021.jpg\" \/>\n\t<meta property=\"og:image:width\" content=\"1000\" \/>\n\t<meta property=\"og:image:height\" content=\"862\" \/>\n\t<meta property=\"og:image:type\" content=\"image\/jpeg\" \/>\n<meta name=\"author\" content=\"julian.schmid@krafthand.de\" \/>\n<meta name=\"twitter:card\" content=\"summary_large_image\" \/>\n<meta name=\"twitter:label1\" content=\"Verfasst von\" \/>\n\t<meta name=\"twitter:data1\" content=\"julian.schmid@krafthand.de\" \/>\n\t<meta name=\"twitter:label2\" content=\"Gesch\u00e4tzte Lesezeit\" \/>\n\t<meta name=\"twitter:data2\" content=\"1\u00a0Minute\" \/>\n<script type=\"application\/ld+json\" class=\"yoast-schema-graph\">{\"@context\":\"https:\\\/\\\/schema.org\",\"@graph\":[{\"@type\":\"Article\",\"@id\":\"https:\\\/\\\/www.krafthand.de\\\/truck\\\/artikel\\\/hebetechnik-fuer-transporter-und-lkw-spezialisten-26212\\\/#article\",\"isPartOf\":{\"@id\":\"https:\\\/\\\/www.krafthand.de\\\/truck\\\/artikel\\\/hebetechnik-fuer-transporter-und-lkw-spezialisten-26212\\\/\"},\"author\":{\"name\":\"julian.schmid@krafthand.de\",\"@id\":\"https:\\\/\\\/www.krafthand.de\\\/truck\\\/#\\\/schema\\\/person\\\/23aebc1e5e3f0204da7158bce36950bb\"},\"headline\":\"Hebetechnik f\u00fcr Transporter- und Lkw-Spezialisten\",\"datePublished\":\"2021-02-12T06:00:55+00:00\",\"dateModified\":\"2021-03-09T17:38:39+00:00\",\"mainEntityOfPage\":{\"@id\":\"https:\\\/\\\/www.krafthand.de\\\/truck\\\/artikel\\\/hebetechnik-fuer-transporter-und-lkw-spezialisten-26212\\\/\"},\"wordCount\":188,\"image\":{\"@id\":\"https:\\\/\\\/www.krafthand.de\\\/truck\\\/artikel\\\/hebetechnik-fuer-transporter-und-lkw-spezialisten-26212\\\/#primaryimage\"},\"thumbnailUrl\":\"https:\\\/\\\/static.krafthand-truck.de\\\/uploads\\\/2021\\\/01\\\/0420_021.jpg\",\"keywords\":[\"ATH Heinl\",\"ATH-Four-Lift 65\",\"Vier-S\u00e4ulen-Hebeb\u00fchne\"],\"articleSection\":[\"Nfz-Service\",\"Werkstattausr\u00fcstung\"],\"inLanguage\":\"de\"},{\"@type\":\"WebPage\",\"@id\":\"https:\\\/\\\/www.krafthand.de\\\/truck\\\/artikel\\\/hebetechnik-fuer-transporter-und-lkw-spezialisten-26212\\\/\",\"url\":\"https:\\\/\\\/www.krafthand.de\\\/truck\\\/artikel\\\/hebetechnik-fuer-transporter-und-lkw-spezialisten-26212\\\/\",\"name\":\"Hebetechnik f\u00fcr Transporter- und Lkw-Spezialisten - Krafthand-Truck\",\"isPartOf\":{\"@id\":\"https:\\\/\\\/www.krafthand.de\\\/truck\\\/#website\"},\"primaryImageOfPage\":{\"@id\":\"https:\\\/\\\/www.krafthand.de\\\/truck\\\/artikel\\\/hebetechnik-fuer-transporter-und-lkw-spezialisten-26212\\\/#primaryimage\"},\"image\":{\"@id\":\"https:\\\/\\\/www.krafthand.de\\\/truck\\\/artikel\\\/hebetechnik-fuer-transporter-und-lkw-spezialisten-26212\\\/#primaryimage\"},\"thumbnailUrl\":\"https:\\\/\\\/static.krafthand-truck.de\\\/uploads\\\/2021\\\/01\\\/0420_021.jpg\",\"datePublished\":\"2021-02-12T06:00:55+00:00\",\"dateModified\":\"2021-03-09T17:38:39+00:00\",\"author\":{\"@id\":\"https:\\\/\\\/www.krafthand.de\\\/truck\\\/#\\\/schema\\\/person\\\/23aebc1e5e3f0204da7158bce36950bb\"},\"breadcrumb\":{\"@id\":\"https:\\\/\\\/www.krafthand.de\\\/truck\\\/artikel\\\/hebetechnik-fuer-transporter-und-lkw-spezialisten-26212\\\/#breadcrumb\"},\"inLanguage\":\"de\",\"potentialAction\":[{\"@type\":\"ReadAction\",\"target\":[\"https:\\\/\\\/www.krafthand.de\\\/truck\\\/artikel\\\/hebetechnik-fuer-transporter-und-lkw-spezialisten-26212\\\/\"]}]},{\"@type\":\"ImageObject\",\"inLanguage\":\"de\",\"@id\":\"https:\\\/\\\/www.krafthand.de\\\/truck\\\/artikel\\\/hebetechnik-fuer-transporter-und-lkw-spezialisten-26212\\\/#primaryimage\",\"url\":\"https:\\\/\\\/static.krafthand-truck.de\\\/uploads\\\/2021\\\/01\\\/0420_021.jpg\",\"contentUrl\":\"https:\\\/\\\/static.krafthand-truck.de\\\/uploads\\\/2021\\\/01\\\/0420_021.jpg\",\"width\":1000,\"height\":862,\"caption\":\"Die \u201aATH-Four Lift 65\u2018 von ATH-Heinl eignet sich mit einer Hubkraft von 6,5 Tonnen und 5.500 Millimeter langen Fahrschienen auch f\u00fcr Transporter mit langem Radstand und andere leichte Nutzfahrzeuge. Bild: ATH-Heinl\"},{\"@type\":\"BreadcrumbList\",\"@id\":\"https:\\\/\\\/www.krafthand.de\\\/truck\\\/artikel\\\/hebetechnik-fuer-transporter-und-lkw-spezialisten-26212\\\/#breadcrumb\",\"itemListElement\":[{\"@type\":\"ListItem\",\"position\":1,\"name\":\"Krafthand-Truck\",\"item\":\"https:\\\/\\\/www.krafthand.de\\\/truck\\\/\"},{\"@type\":\"ListItem\",\"position\":2,\"name\":\"Nfz-Service\",\"item\":\"https:\\\/\\\/www.krafthand.de\\\/truck\\\/kategorie\\\/nfz-service\\\/\"},{\"@type\":\"ListItem\",\"position\":3,\"name\":\"Hebetechnik f\u00fcr Transporter- und Lkw-Spezialisten\"}]},{\"@type\":\"WebSite\",\"@id\":\"https:\\\/\\\/www.krafthand.de\\\/truck\\\/#website\",\"url\":\"https:\\\/\\\/www.krafthand.de\\\/truck\\\/\",\"name\":\"Krafthand-Truck\",\"description\":\"\",\"potentialAction\":[{\"@type\":\"SearchAction\",\"target\":{\"@type\":\"EntryPoint\",\"urlTemplate\":\"https:\\\/\\\/www.krafthand.de\\\/truck\\\/?s={search_term_string}\"},\"query-input\":{\"@type\":\"PropertyValueSpecification\",\"valueRequired\":true,\"valueName\":\"search_term_string\"}}],\"inLanguage\":\"de\"},{\"@type\":\"Person\",\"@id\":\"https:\\\/\\\/www.krafthand.de\\\/truck\\\/#\\\/schema\\\/person\\\/23aebc1e5e3f0204da7158bce36950bb\",\"name\":\"julian.schmid@krafthand.de\",\"image\":{\"@type\":\"ImageObject\",\"inLanguage\":\"de\",\"@id\":\"https:\\\/\\\/secure.gravatar.com\\\/avatar\\\/ef76c2910cab8eb23fcc013e1c6dc1ba4af5e93fea6e6132d7c4e67d4e9631e9?s=96&d=mm&r=g\",\"url\":\"https:\\\/\\\/secure.gravatar.com\\\/avatar\\\/ef76c2910cab8eb23fcc013e1c6dc1ba4af5e93fea6e6132d7c4e67d4e9631e9?s=96&d=mm&r=g\",\"contentUrl\":\"https:\\\/\\\/secure.gravatar.com\\\/avatar\\\/ef76c2910cab8eb23fcc013e1c6dc1ba4af5e93fea6e6132d7c4e67d4e9631e9?s=96&d=mm&r=g\",\"caption\":\"julian.schmid@krafthand.de\"}}]}<\/script>\n<!-- \/ Yoast SEO plugin. -->","yoast_head_json":{"title":"Hebetechnik f\u00fcr Transporter- und Lkw-Spezialisten - Krafthand-Truck","robots":{"index":"index","follow":"follow","max-snippet":"max-snippet:-1","max-image-preview":"max-image-preview:large","max-video-preview":"max-video-preview:-1"},"canonical":"https:\/\/www.krafthand.de\/truck\/artikel\/hebetechnik-fuer-transporter-und-lkw-spezialisten-26212\/","og_locale":"de_DE","og_type":"article","og_title":"Hebetechnik f\u00fcr Transporter- und Lkw-Spezialisten - Krafthand-Truck","og_description":"F\u00fcr Pkw, Transporter und leichte Nutzfahrzeuge gleicherma\u00dfen eignen soll sich die Vier-S\u00e4ulen-Hebeb\u00fchne \u201aATH-Four Lift 65\u2018 von ATH-Heinl. ... weiter","og_url":"https:\/\/www.krafthand-truck.de\/artikel\/hebetechnik-fuer-transporter-und-lkw-spezialisten-26212\/","og_site_name":"Krafthand-Truck","article_published_time":"2021-02-12T06:00:55+00:00","article_modified_time":"2021-03-09T17:38:39+00:00","og_image":[{"width":1000,"height":862,"url":"https:\/\/www.krafthand.de\/truck\/wp-content\/uploads\/2021\/01\/0420_021.jpg","type":"image\/jpeg"}],"author":"julian.schmid@krafthand.de","twitter_card":"summary_large_image","twitter_misc":{"Verfasst von":"julian.schmid@krafthand.de","Gesch\u00e4tzte Lesezeit":"1\u00a0Minute"},"schema":{"@context":"https:\/\/schema.org","@graph":[{"@type":"Article","@id":"https:\/\/www.krafthand.de\/truck\/artikel\/hebetechnik-fuer-transporter-und-lkw-spezialisten-26212\/#article","isPartOf":{"@id":"https:\/\/www.krafthand.de\/truck\/artikel\/hebetechnik-fuer-transporter-und-lkw-spezialisten-26212\/"},"author":{"name":"julian.schmid@krafthand.de","@id":"https:\/\/www.krafthand.de\/truck\/#\/schema\/person\/23aebc1e5e3f0204da7158bce36950bb"},"headline":"Hebetechnik f\u00fcr Transporter- und Lkw-Spezialisten","datePublished":"2021-02-12T06:00:55+00:00","dateModified":"2021-03-09T17:38:39+00:00","mainEntityOfPage":{"@id":"https:\/\/www.krafthand.de\/truck\/artikel\/hebetechnik-fuer-transporter-und-lkw-spezialisten-26212\/"},"wordCount":188,"image":{"@id":"https:\/\/www.krafthand.de\/truck\/artikel\/hebetechnik-fuer-transporter-und-lkw-spezialisten-26212\/#primaryimage"},"thumbnailUrl":"https:\/\/static.krafthand-truck.de\/uploads\/2021\/01\/0420_021.jpg","keywords":["ATH Heinl","ATH-Four-Lift 65","Vier-S\u00e4ulen-Hebeb\u00fchne"],"articleSection":["Nfz-Service","Werkstattausr\u00fcstung"],"inLanguage":"de"},{"@type":"WebPage","@id":"https:\/\/www.krafthand.de\/truck\/artikel\/hebetechnik-fuer-transporter-und-lkw-spezialisten-26212\/","url":"https:\/\/www.krafthand.de\/truck\/artikel\/hebetechnik-fuer-transporter-und-lkw-spezialisten-26212\/","name":"Hebetechnik f\u00fcr Transporter- und Lkw-Spezialisten - Krafthand-Truck","isPartOf":{"@id":"https:\/\/www.krafthand.de\/truck\/#website"},"primaryImageOfPage":{"@id":"https:\/\/www.krafthand.de\/truck\/artikel\/hebetechnik-fuer-transporter-und-lkw-spezialisten-26212\/#primaryimage"},"image":{"@id":"https:\/\/www.krafthand.de\/truck\/artikel\/hebetechnik-fuer-transporter-und-lkw-spezialisten-26212\/#primaryimage"},"thumbnailUrl":"https:\/\/static.krafthand-truck.de\/uploads\/2021\/01\/0420_021.jpg","datePublished":"2021-02-12T06:00:55+00:00","dateModified":"2021-03-09T17:38:39+00:00","author":{"@id":"https:\/\/www.krafthand.de\/truck\/#\/schema\/person\/23aebc1e5e3f0204da7158bce36950bb"},"breadcrumb":{"@id":"https:\/\/www.krafthand.de\/truck\/artikel\/hebetechnik-fuer-transporter-und-lkw-spezialisten-26212\/#breadcrumb"},"inLanguage":"de","potentialAction":[{"@type":"ReadAction","target":["https:\/\/www.krafthand.de\/truck\/artikel\/hebetechnik-fuer-transporter-und-lkw-spezialisten-26212\/"]}]},{"@type":"ImageObject","inLanguage":"de","@id":"https:\/\/www.krafthand.de\/truck\/artikel\/hebetechnik-fuer-transporter-und-lkw-spezialisten-26212\/#primaryimage","url":"https:\/\/static.krafthand-truck.de\/uploads\/2021\/01\/0420_021.jpg","contentUrl":"https:\/\/static.krafthand-truck.de\/uploads\/2021\/01\/0420_021.jpg","width":1000,"height":862,"caption":"Die \u201aATH-Four Lift 65\u2018 von ATH-Heinl eignet sich mit einer Hubkraft von 6,5 Tonnen und 5.500 Millimeter langen Fahrschienen auch f\u00fcr Transporter mit langem Radstand und andere leichte Nutzfahrzeuge. Bild: ATH-Heinl"},{"@type":"BreadcrumbList","@id":"https:\/\/www.krafthand.de\/truck\/artikel\/hebetechnik-fuer-transporter-und-lkw-spezialisten-26212\/#breadcrumb","itemListElement":[{"@type":"ListItem","position":1,"name":"Krafthand-Truck","item":"https:\/\/www.krafthand.de\/truck\/"},{"@type":"ListItem","position":2,"name":"Nfz-Service","item":"https:\/\/www.krafthand.de\/truck\/kategorie\/nfz-service\/"},{"@type":"ListItem","position":3,"name":"Hebetechnik f\u00fcr Transporter- und Lkw-Spezialisten"}]},{"@type":"WebSite","@id":"https:\/\/www.krafthand.de\/truck\/#website","url":"https:\/\/www.krafthand.de\/truck\/","name":"Krafthand-Truck","description":"","potentialAction":[{"@type":"SearchAction","target":{"@type":"EntryPoint","urlTemplate":"https:\/\/www.krafthand.de\/truck\/?s={search_term_string}"},"query-input":{"@type":"PropertyValueSpecification","valueRequired":true,"valueName":"search_term_string"}}],"inLanguage":"de"},{"@type":"Person","@id":"https:\/\/www.krafthand.de\/truck\/#\/schema\/person\/23aebc1e5e3f0204da7158bce36950bb","name":"julian.schmid@krafthand.de","image":{"@type":"ImageObject","inLanguage":"de","@id":"https:\/\/secure.gravatar.com\/avatar\/ef76c2910cab8eb23fcc013e1c6dc1ba4af5e93fea6e6132d7c4e67d4e9631e9?s=96&d=mm&r=g","url":"https:\/\/secure.gravatar.com\/avatar\/ef76c2910cab8eb23fcc013e1c6dc1ba4af5e93fea6e6132d7c4e67d4e9631e9?s=96&d=mm&r=g","contentUrl":"https:\/\/secure.gravatar.com\/avatar\/ef76c2910cab8eb23fcc013e1c6dc1ba4af5e93fea6e6132d7c4e67d4e9631e9?s=96&d=mm&r=g","caption":"julian.schmid@krafthand.de"}}]}},"_links":{"self":[{"href":"https:\/\/www.krafthand.de\/truck\/wp-json\/wp\/v2\/posts\/26212","targetHints":{"allow":["GET"]}}],"collection":[{"href":"https:\/\/www.krafthand.de\/truck\/wp-json\/wp\/v2\/posts"}],"about":[{"href":"https:\/\/www.krafthand.de\/truck\/wp-json\/wp\/v2\/types\/post"}],"author":[{"embeddable":true,"href":"https:\/\/www.krafthand.de\/truck\/wp-json\/wp\/v2\/users\/7"}],"replies":[{"embeddable":true,"href":"https:\/\/www.krafthand.de\/truck\/wp-json\/wp\/v2\/comments?post=26212"}],"version-history":[{"count":1,"href":"https:\/\/www.krafthand.de\/truck\/wp-json\/wp\/v2\/posts\/26212\/revisions"}],"predecessor-version":[{"id":26214,"href":"https:\/\/www.krafthand.de\/truck\/wp-json\/wp\/v2\/posts\/26212\/revisions\/26214"}],"wp:featuredmedia":[{"embeddable":true,"href":"https:\/\/www.krafthand.de\/truck\/wp-json\/wp\/v2\/media\/26213"}],"wp:attachment":[{"href":"https:\/\/www.krafthand.de\/truck\/wp-json\/wp\/v2\/media?parent=26212"}],"wp:term":[{"taxonomy":"category","embeddable":true,"href":"https:\/\/www.krafthand.de\/truck\/wp-json\/wp\/v2\/categories?post=26212"},{"taxonomy":"post_tag","embeddable":true,"href":"https:\/\/www.krafthand.de\/truck\/wp-json\/wp\/v2\/tags?post=26212"},{"taxonomy":"settings","embeddable":true,"href":"https:\/\/www.krafthand.de\/truck\/wp-json\/wp\/v2\/settings?post=26212"}],"curies":[{"name":"wp","href":"https:\/\/api.w.org\/{rel}","templated":true}]}}