{"id":26199,"date":"2021-01-26T07:00:45","date_gmt":"2021-01-26T06:00:45","guid":{"rendered":"https:\/\/www.krafthand.de\/truck\/?p=26199"},"modified":"2021-03-26T08:49:09","modified_gmt":"2021-03-26T07:49:09","slug":"helles-licht-fuer-helle-koepfe","status":"publish","type":"post","link":"https:\/\/www.krafthand.de\/truck\/artikel\/helles-licht-fuer-helle-koepfe-26199\/","title":{"rendered":"Helles Licht f\u00fcr helle K\u00f6pfe"},"content":{"rendered":"<p>Gutes Licht ist Pflicht \u2013 das gilt nicht nur im Stra\u00dfenverkehr, sondern auch \u201ain den Tiefen eines Nutzfahrzeugs\u2018. Leistungsstarke LED-Leuchten erfreuen sich daher bei Werkstattfachleuten einer zunehmenden Beliebtheit. Neben gro\u00dffl\u00e4chigen Werkstattleuchten sind aber vor allem auch praktische Taschen- und Stirnlampen gefragt, etwa bei Arbeiten in der Montagegrube oder im mobilen Einsatz am Stra\u00dfenrand.<\/p>\n<p>Mit den neuen Leuchten der P- und H-Serie schickt der Solinger Lichtspezialist Ledlenser eine ganze Reihe mobiler Lichtspender ins Rennen. Die Taschenlampen der P-Serie und die Stirnlampen der H-Serie gibt es jeweils in drei Varianten: \u201aCore\u2018 als Basislinie, \u201aWork\u2018 als robuste Arbeitshelfer und \u201aSignature\u2018 f\u00fcr anspruchsvolle Spezialanwendungen. Je nach Modell geh\u00f6ren Features wie das patentierte \u201aAdvanced Focus System\u2018 oder die \u201aSmart Light Technology\u2018 zur individuellen Ausstattung, der intuitive Multifunktionsschalter ist jedoch allen gemein. Zudem gibt es optionales Zubeh\u00f6r, mit dem sich die Leuchten individuell auf den Anwender anpassen lassen.<\/p>\n<p><i>Den Beitrag finden Sie auch in der Print-Ausgabe 4\/20 der <a href=\"https:\/\/www.krafthand.de\/truck\/magazin\/\" title=\"Zum Magazin\">Krafthand-Truck<\/a>.<\/i><\/p>","protected":false},"excerpt":{"rendered":"<p>Gutes Licht ist Pflicht \u2013 das gilt nicht nur im Stra\u00dfenverkehr, sondern auch \u201ain den Tiefen eines Nutzfahrzeugs\u2018. <span class=\"excerpt-more__dots\">&#8230;<\/span> <a class=\"excerpt-more__link\" href=\"https:\/\/www.krafthand.de\/truck\/artikel\/helles-licht-fuer-helle-koepfe-26199\/\" >weiter<\/a><\/p>\n","protected":false},"author":7,"featured_media":26200,"comment_status":"closed","ping_status":"closed","sticky":false,"template":"","format":"standard","meta":{"footnotes":""},"categories":[4220],"tags":[2666,4128],"settings":[],"class_list":["post-26199","post","type-post","status-publish","format-standard","has-post-thumbnail","hentry","category-werkstattausruestung","tag-led-leuchten","tag-ledlenser"],"yoast_head":"<!-- This site is optimized with the Yoast SEO plugin v27.3 - https:\/\/yoast.com\/product\/yoast-seo-wordpress\/ -->\n<title>Helles Licht f\u00fcr helle K\u00f6pfe - Krafthand-Truck<\/title>\n<meta name=\"robots\" content=\"index, follow, max-snippet:-1, max-image-preview:large, max-video-preview:-1\" \/>\n<link rel=\"canonical\" href=\"https:\/\/www.krafthand.de\/truck\/artikel\/helles-licht-fuer-helle-koepfe-26199\/\" \/>\n<meta property=\"og:locale\" content=\"de_DE\" \/>\n<meta property=\"og:type\" content=\"article\" \/>\n<meta property=\"og:title\" content=\"Helles Licht f\u00fcr helle K\u00f6pfe - Krafthand-Truck\" \/>\n<meta property=\"og:description\" content=\"Gutes Licht ist Pflicht \u2013 das gilt nicht nur im Stra\u00dfenverkehr, sondern auch \u201ain den Tiefen eines Nutzfahrzeugs\u2018. ... weiter\" \/>\n<meta property=\"og:url\" content=\"https:\/\/www.krafthand-truck.de\/artikel\/helles-licht-fuer-helle-koepfe-26199\/\" \/>\n<meta property=\"og:site_name\" content=\"Krafthand-Truck\" \/>\n<meta property=\"article:published_time\" content=\"2021-01-26T06:00:45+00:00\" \/>\n<meta property=\"article:modified_time\" content=\"2021-03-26T07:49:09+00:00\" \/>\n<meta property=\"og:image\" content=\"https:\/\/www.krafthand.de\/truck\/wp-content\/uploads\/2021\/01\/0420_022.jpg\" \/>\n\t<meta property=\"og:image:width\" content=\"1000\" \/>\n\t<meta property=\"og:image:height\" content=\"670\" \/>\n\t<meta property=\"og:image:type\" content=\"image\/jpeg\" \/>\n<meta name=\"author\" content=\"julian.schmid@krafthand.de\" \/>\n<meta name=\"twitter:card\" content=\"summary_large_image\" \/>\n<meta name=\"twitter:label1\" content=\"Verfasst von\" \/>\n\t<meta name=\"twitter:data1\" content=\"julian.schmid@krafthand.de\" \/>\n\t<meta name=\"twitter:label2\" content=\"Gesch\u00e4tzte Lesezeit\" \/>\n\t<meta name=\"twitter:data2\" content=\"1\u00a0Minute\" \/>\n<script type=\"application\/ld+json\" class=\"yoast-schema-graph\">{\"@context\":\"https:\\\/\\\/schema.org\",\"@graph\":[{\"@type\":\"Article\",\"@id\":\"https:\\\/\\\/www.krafthand.de\\\/truck\\\/artikel\\\/helles-licht-fuer-helle-koepfe-26199\\\/#article\",\"isPartOf\":{\"@id\":\"https:\\\/\\\/www.krafthand.de\\\/truck\\\/artikel\\\/helles-licht-fuer-helle-koepfe-26199\\\/\"},\"author\":{\"name\":\"julian.schmid@krafthand.de\",\"@id\":\"https:\\\/\\\/www.krafthand.de\\\/truck\\\/#\\\/schema\\\/person\\\/23aebc1e5e3f0204da7158bce36950bb\"},\"headline\":\"Helles Licht f\u00fcr helle K\u00f6pfe\",\"datePublished\":\"2021-01-26T06:00:45+00:00\",\"dateModified\":\"2021-03-26T07:49:09+00:00\",\"mainEntityOfPage\":{\"@id\":\"https:\\\/\\\/www.krafthand.de\\\/truck\\\/artikel\\\/helles-licht-fuer-helle-koepfe-26199\\\/\"},\"wordCount\":155,\"image\":{\"@id\":\"https:\\\/\\\/www.krafthand.de\\\/truck\\\/artikel\\\/helles-licht-fuer-helle-koepfe-26199\\\/#primaryimage\"},\"thumbnailUrl\":\"https:\\\/\\\/static.krafthand-truck.de\\\/uploads\\\/2021\\\/01\\\/0420_022.jpg\",\"keywords\":[\"LED-Leuchten\",\"Ledlenser\"],\"articleSection\":[\"Werkstattausr\u00fcstung\"],\"inLanguage\":\"de\"},{\"@type\":\"WebPage\",\"@id\":\"https:\\\/\\\/www.krafthand.de\\\/truck\\\/artikel\\\/helles-licht-fuer-helle-koepfe-26199\\\/\",\"url\":\"https:\\\/\\\/www.krafthand.de\\\/truck\\\/artikel\\\/helles-licht-fuer-helle-koepfe-26199\\\/\",\"name\":\"Helles Licht f\u00fcr helle K\u00f6pfe - Krafthand-Truck\",\"isPartOf\":{\"@id\":\"https:\\\/\\\/www.krafthand.de\\\/truck\\\/#website\"},\"primaryImageOfPage\":{\"@id\":\"https:\\\/\\\/www.krafthand.de\\\/truck\\\/artikel\\\/helles-licht-fuer-helle-koepfe-26199\\\/#primaryimage\"},\"image\":{\"@id\":\"https:\\\/\\\/www.krafthand.de\\\/truck\\\/artikel\\\/helles-licht-fuer-helle-koepfe-26199\\\/#primaryimage\"},\"thumbnailUrl\":\"https:\\\/\\\/static.krafthand-truck.de\\\/uploads\\\/2021\\\/01\\\/0420_022.jpg\",\"datePublished\":\"2021-01-26T06:00:45+00:00\",\"dateModified\":\"2021-03-26T07:49:09+00:00\",\"author\":{\"@id\":\"https:\\\/\\\/www.krafthand.de\\\/truck\\\/#\\\/schema\\\/person\\\/23aebc1e5e3f0204da7158bce36950bb\"},\"breadcrumb\":{\"@id\":\"https:\\\/\\\/www.krafthand.de\\\/truck\\\/artikel\\\/helles-licht-fuer-helle-koepfe-26199\\\/#breadcrumb\"},\"inLanguage\":\"de\",\"potentialAction\":[{\"@type\":\"ReadAction\",\"target\":[\"https:\\\/\\\/www.krafthand.de\\\/truck\\\/artikel\\\/helles-licht-fuer-helle-koepfe-26199\\\/\"]}]},{\"@type\":\"ImageObject\",\"inLanguage\":\"de\",\"@id\":\"https:\\\/\\\/www.krafthand.de\\\/truck\\\/artikel\\\/helles-licht-fuer-helle-koepfe-26199\\\/#primaryimage\",\"url\":\"https:\\\/\\\/static.krafthand-truck.de\\\/uploads\\\/2021\\\/01\\\/0420_022.jpg\",\"contentUrl\":\"https:\\\/\\\/static.krafthand-truck.de\\\/uploads\\\/2021\\\/01\\\/0420_022.jpg\",\"width\":1000,\"height\":670,\"caption\":\"F\u00fcr professionelle Eins\u00e4tze empfiehlt Lichtspezialist Ledlenser die strapazierf\u00e4higen \u201aWork\u2018-Modelle der H-Baureihe. Bei den Modellen \u201aH7R Work\u2018 und \u201aH15R Work\u2018 kommt die \u201aNatural Light Technology\u2018 mit neutralwei\u00dfem, 4.000 Kelvin hellem Licht f\u00fcr eine nat\u00fcrliche Farbwiedergabe zum Einsatz. Bild: Ledlenser\"},{\"@type\":\"BreadcrumbList\",\"@id\":\"https:\\\/\\\/www.krafthand.de\\\/truck\\\/artikel\\\/helles-licht-fuer-helle-koepfe-26199\\\/#breadcrumb\",\"itemListElement\":[{\"@type\":\"ListItem\",\"position\":1,\"name\":\"Krafthand-Truck\",\"item\":\"https:\\\/\\\/www.krafthand.de\\\/truck\\\/\"},{\"@type\":\"ListItem\",\"position\":2,\"name\":\"Nfz-Service\",\"item\":\"https:\\\/\\\/www.krafthand.de\\\/truck\\\/kategorie\\\/nfz-service\\\/\"},{\"@type\":\"ListItem\",\"position\":3,\"name\":\"Werkstattausr\u00fcstung\",\"item\":\"https:\\\/\\\/www.krafthand.de\\\/truck\\\/kategorie\\\/nfz-service\\\/werkstattausruestung\\\/\"},{\"@type\":\"ListItem\",\"position\":4,\"name\":\"Helles Licht f\u00fcr helle K\u00f6pfe\"}]},{\"@type\":\"WebSite\",\"@id\":\"https:\\\/\\\/www.krafthand.de\\\/truck\\\/#website\",\"url\":\"https:\\\/\\\/www.krafthand.de\\\/truck\\\/\",\"name\":\"Krafthand-Truck\",\"description\":\"\",\"potentialAction\":[{\"@type\":\"SearchAction\",\"target\":{\"@type\":\"EntryPoint\",\"urlTemplate\":\"https:\\\/\\\/www.krafthand.de\\\/truck\\\/?s={search_term_string}\"},\"query-input\":{\"@type\":\"PropertyValueSpecification\",\"valueRequired\":true,\"valueName\":\"search_term_string\"}}],\"inLanguage\":\"de\"},{\"@type\":\"Person\",\"@id\":\"https:\\\/\\\/www.krafthand.de\\\/truck\\\/#\\\/schema\\\/person\\\/23aebc1e5e3f0204da7158bce36950bb\",\"name\":\"julian.schmid@krafthand.de\",\"image\":{\"@type\":\"ImageObject\",\"inLanguage\":\"de\",\"@id\":\"https:\\\/\\\/secure.gravatar.com\\\/avatar\\\/ef76c2910cab8eb23fcc013e1c6dc1ba4af5e93fea6e6132d7c4e67d4e9631e9?s=96&d=mm&r=g\",\"url\":\"https:\\\/\\\/secure.gravatar.com\\\/avatar\\\/ef76c2910cab8eb23fcc013e1c6dc1ba4af5e93fea6e6132d7c4e67d4e9631e9?s=96&d=mm&r=g\",\"contentUrl\":\"https:\\\/\\\/secure.gravatar.com\\\/avatar\\\/ef76c2910cab8eb23fcc013e1c6dc1ba4af5e93fea6e6132d7c4e67d4e9631e9?s=96&d=mm&r=g\",\"caption\":\"julian.schmid@krafthand.de\"}}]}<\/script>\n<!-- \/ Yoast SEO plugin. -->","yoast_head_json":{"title":"Helles Licht f\u00fcr helle K\u00f6pfe - Krafthand-Truck","robots":{"index":"index","follow":"follow","max-snippet":"max-snippet:-1","max-image-preview":"max-image-preview:large","max-video-preview":"max-video-preview:-1"},"canonical":"https:\/\/www.krafthand.de\/truck\/artikel\/helles-licht-fuer-helle-koepfe-26199\/","og_locale":"de_DE","og_type":"article","og_title":"Helles Licht f\u00fcr helle K\u00f6pfe - Krafthand-Truck","og_description":"Gutes Licht ist Pflicht \u2013 das gilt nicht nur im Stra\u00dfenverkehr, sondern auch \u201ain den Tiefen eines Nutzfahrzeugs\u2018. ... weiter","og_url":"https:\/\/www.krafthand-truck.de\/artikel\/helles-licht-fuer-helle-koepfe-26199\/","og_site_name":"Krafthand-Truck","article_published_time":"2021-01-26T06:00:45+00:00","article_modified_time":"2021-03-26T07:49:09+00:00","og_image":[{"width":1000,"height":670,"url":"https:\/\/www.krafthand.de\/truck\/wp-content\/uploads\/2021\/01\/0420_022.jpg","type":"image\/jpeg"}],"author":"julian.schmid@krafthand.de","twitter_card":"summary_large_image","twitter_misc":{"Verfasst von":"julian.schmid@krafthand.de","Gesch\u00e4tzte Lesezeit":"1\u00a0Minute"},"schema":{"@context":"https:\/\/schema.org","@graph":[{"@type":"Article","@id":"https:\/\/www.krafthand.de\/truck\/artikel\/helles-licht-fuer-helle-koepfe-26199\/#article","isPartOf":{"@id":"https:\/\/www.krafthand.de\/truck\/artikel\/helles-licht-fuer-helle-koepfe-26199\/"},"author":{"name":"julian.schmid@krafthand.de","@id":"https:\/\/www.krafthand.de\/truck\/#\/schema\/person\/23aebc1e5e3f0204da7158bce36950bb"},"headline":"Helles Licht f\u00fcr helle K\u00f6pfe","datePublished":"2021-01-26T06:00:45+00:00","dateModified":"2021-03-26T07:49:09+00:00","mainEntityOfPage":{"@id":"https:\/\/www.krafthand.de\/truck\/artikel\/helles-licht-fuer-helle-koepfe-26199\/"},"wordCount":155,"image":{"@id":"https:\/\/www.krafthand.de\/truck\/artikel\/helles-licht-fuer-helle-koepfe-26199\/#primaryimage"},"thumbnailUrl":"https:\/\/static.krafthand-truck.de\/uploads\/2021\/01\/0420_022.jpg","keywords":["LED-Leuchten","Ledlenser"],"articleSection":["Werkstattausr\u00fcstung"],"inLanguage":"de"},{"@type":"WebPage","@id":"https:\/\/www.krafthand.de\/truck\/artikel\/helles-licht-fuer-helle-koepfe-26199\/","url":"https:\/\/www.krafthand.de\/truck\/artikel\/helles-licht-fuer-helle-koepfe-26199\/","name":"Helles Licht f\u00fcr helle K\u00f6pfe - Krafthand-Truck","isPartOf":{"@id":"https:\/\/www.krafthand.de\/truck\/#website"},"primaryImageOfPage":{"@id":"https:\/\/www.krafthand.de\/truck\/artikel\/helles-licht-fuer-helle-koepfe-26199\/#primaryimage"},"image":{"@id":"https:\/\/www.krafthand.de\/truck\/artikel\/helles-licht-fuer-helle-koepfe-26199\/#primaryimage"},"thumbnailUrl":"https:\/\/static.krafthand-truck.de\/uploads\/2021\/01\/0420_022.jpg","datePublished":"2021-01-26T06:00:45+00:00","dateModified":"2021-03-26T07:49:09+00:00","author":{"@id":"https:\/\/www.krafthand.de\/truck\/#\/schema\/person\/23aebc1e5e3f0204da7158bce36950bb"},"breadcrumb":{"@id":"https:\/\/www.krafthand.de\/truck\/artikel\/helles-licht-fuer-helle-koepfe-26199\/#breadcrumb"},"inLanguage":"de","potentialAction":[{"@type":"ReadAction","target":["https:\/\/www.krafthand.de\/truck\/artikel\/helles-licht-fuer-helle-koepfe-26199\/"]}]},{"@type":"ImageObject","inLanguage":"de","@id":"https:\/\/www.krafthand.de\/truck\/artikel\/helles-licht-fuer-helle-koepfe-26199\/#primaryimage","url":"https:\/\/static.krafthand-truck.de\/uploads\/2021\/01\/0420_022.jpg","contentUrl":"https:\/\/static.krafthand-truck.de\/uploads\/2021\/01\/0420_022.jpg","width":1000,"height":670,"caption":"F\u00fcr professionelle Eins\u00e4tze empfiehlt Lichtspezialist Ledlenser die strapazierf\u00e4higen \u201aWork\u2018-Modelle der H-Baureihe. Bei den Modellen \u201aH7R Work\u2018 und \u201aH15R Work\u2018 kommt die \u201aNatural Light Technology\u2018 mit neutralwei\u00dfem, 4.000 Kelvin hellem Licht f\u00fcr eine nat\u00fcrliche Farbwiedergabe zum Einsatz. Bild: Ledlenser"},{"@type":"BreadcrumbList","@id":"https:\/\/www.krafthand.de\/truck\/artikel\/helles-licht-fuer-helle-koepfe-26199\/#breadcrumb","itemListElement":[{"@type":"ListItem","position":1,"name":"Krafthand-Truck","item":"https:\/\/www.krafthand.de\/truck\/"},{"@type":"ListItem","position":2,"name":"Nfz-Service","item":"https:\/\/www.krafthand.de\/truck\/kategorie\/nfz-service\/"},{"@type":"ListItem","position":3,"name":"Werkstattausr\u00fcstung","item":"https:\/\/www.krafthand.de\/truck\/kategorie\/nfz-service\/werkstattausruestung\/"},{"@type":"ListItem","position":4,"name":"Helles Licht f\u00fcr helle K\u00f6pfe"}]},{"@type":"WebSite","@id":"https:\/\/www.krafthand.de\/truck\/#website","url":"https:\/\/www.krafthand.de\/truck\/","name":"Krafthand-Truck","description":"","potentialAction":[{"@type":"SearchAction","target":{"@type":"EntryPoint","urlTemplate":"https:\/\/www.krafthand.de\/truck\/?s={search_term_string}"},"query-input":{"@type":"PropertyValueSpecification","valueRequired":true,"valueName":"search_term_string"}}],"inLanguage":"de"},{"@type":"Person","@id":"https:\/\/www.krafthand.de\/truck\/#\/schema\/person\/23aebc1e5e3f0204da7158bce36950bb","name":"julian.schmid@krafthand.de","image":{"@type":"ImageObject","inLanguage":"de","@id":"https:\/\/secure.gravatar.com\/avatar\/ef76c2910cab8eb23fcc013e1c6dc1ba4af5e93fea6e6132d7c4e67d4e9631e9?s=96&d=mm&r=g","url":"https:\/\/secure.gravatar.com\/avatar\/ef76c2910cab8eb23fcc013e1c6dc1ba4af5e93fea6e6132d7c4e67d4e9631e9?s=96&d=mm&r=g","contentUrl":"https:\/\/secure.gravatar.com\/avatar\/ef76c2910cab8eb23fcc013e1c6dc1ba4af5e93fea6e6132d7c4e67d4e9631e9?s=96&d=mm&r=g","caption":"julian.schmid@krafthand.de"}}]}},"_links":{"self":[{"href":"https:\/\/www.krafthand.de\/truck\/wp-json\/wp\/v2\/posts\/26199","targetHints":{"allow":["GET"]}}],"collection":[{"href":"https:\/\/www.krafthand.de\/truck\/wp-json\/wp\/v2\/posts"}],"about":[{"href":"https:\/\/www.krafthand.de\/truck\/wp-json\/wp\/v2\/types\/post"}],"author":[{"embeddable":true,"href":"https:\/\/www.krafthand.de\/truck\/wp-json\/wp\/v2\/users\/7"}],"replies":[{"embeddable":true,"href":"https:\/\/www.krafthand.de\/truck\/wp-json\/wp\/v2\/comments?post=26199"}],"version-history":[{"count":1,"href":"https:\/\/www.krafthand.de\/truck\/wp-json\/wp\/v2\/posts\/26199\/revisions"}],"predecessor-version":[{"id":26201,"href":"https:\/\/www.krafthand.de\/truck\/wp-json\/wp\/v2\/posts\/26199\/revisions\/26201"}],"wp:featuredmedia":[{"embeddable":true,"href":"https:\/\/www.krafthand.de\/truck\/wp-json\/wp\/v2\/media\/26200"}],"wp:attachment":[{"href":"https:\/\/www.krafthand.de\/truck\/wp-json\/wp\/v2\/media?parent=26199"}],"wp:term":[{"taxonomy":"category","embeddable":true,"href":"https:\/\/www.krafthand.de\/truck\/wp-json\/wp\/v2\/categories?post=26199"},{"taxonomy":"post_tag","embeddable":true,"href":"https:\/\/www.krafthand.de\/truck\/wp-json\/wp\/v2\/tags?post=26199"},{"taxonomy":"settings","embeddable":true,"href":"https:\/\/www.krafthand.de\/truck\/wp-json\/wp\/v2\/settings?post=26199"}],"curies":[{"name":"wp","href":"https:\/\/api.w.org\/{rel}","templated":true}]}}