{"id":26167,"date":"2021-01-09T07:00:34","date_gmt":"2021-01-09T06:00:34","guid":{"rendered":"https:\/\/www.krafthand.de\/truck\/?p=26167"},"modified":"2021-03-10T12:04:10","modified_gmt":"2021-03-10T11:04:10","slug":"stabile-scheren","status":"publish","type":"post","link":"https:\/\/www.krafthand.de\/truck\/artikel\/stabile-scheren-26167\/","title":{"rendered":"Stabile Scheren"},"content":{"rendered":"<p>Aufgrund ihres robusten Aufbaus und ihres breiten Einsatzspektrums eignen sich Scherenhebeb\u00fchnen vor allem auch f\u00fcr Werkstattbetriebe mit gemischtem Fuhrpark. Eine weitere Spezialit\u00e4t dieser stabilen Spezies ist ihre Tauglichkeit als\u00a0 Achsmessb\u00fchne. Die Modellreihe \u201aLSB\u2018 des Stuttgarter Werkstattausr\u00fcsters Longus etwa ist deshalb serienm\u00e4\u00dfig schon mit Verschiebeplatten, variablen Aussparungen f\u00fcr die Drehteller sowie e inem Radfreiheber ausgestattet. Die \u201aLSB\u2018-B \u00fchnen gibt es in unterschiedlichen Ausf\u00fchrungen: als Modell \u201aLSB- 5.5-SB\u2018 mit 5,5 Tonnen Tragkraft f\u00fcr den bodenebenen Einbau sowie in den Varianten \u201aLSB-4.5-SE\u2018 und \u201aLSB-5.5-SE\u2018 f\u00fcr den Aufbau auf dem Werkstattboden (\u00fcberflur). Die Tragkraft dieser beiden Modelle gibt\u00a0 Longus mit 4,5 beziehungsweise 5,5 Tonnen an. Die Auffahrh\u00f6he der \u00dcberflurvarianten betr\u00e4gt den Produktinformationen zufolge geringe 220 Millimeter. Laut Longus eignen sich die fein justierbaren \u201aLSB\u2018-B\u00fchnen auch f\u00fcr den Einsatz an Scheinwerfereinstellpl\u00e4tzen.<\/p>\n<p><i>Den Beitrag finden Sie auch in der Print-Ausgabe 4\/20 der <a href=\"https:\/\/www.krafthand.de\/truck\/magazin\/\" title=\"Zum Magazin\">Krafthand-Truck<\/a>.<\/i><\/p>","protected":false},"excerpt":{"rendered":"<p>Aufgrund ihres robusten Aufbaus und ihres breiten Einsatzspektrums eignen sich Scherenhebeb\u00fchnen vor allem auch f\u00fcr Werkstattbetriebe mit gemischtem Fuhrpark. <span class=\"excerpt-more__dots\">&#8230;<\/span> <a class=\"excerpt-more__link\" href=\"https:\/\/www.krafthand.de\/truck\/artikel\/stabile-scheren-26167\/\" >weiter<\/a><\/p>\n","protected":false},"author":7,"featured_media":26168,"comment_status":"closed","ping_status":"closed","sticky":false,"template":"","format":"standard","meta":{"footnotes":""},"categories":[4220],"tags":[376,2267],"settings":[],"class_list":["post-26167","post","type-post","status-publish","format-standard","has-post-thumbnail","hentry","category-werkstattausruestung","tag-longus","tag-scherenhebebuehne"],"yoast_head":"<!-- This site is optimized with the Yoast SEO plugin v27.3 - https:\/\/yoast.com\/product\/yoast-seo-wordpress\/ -->\n<title>Stabile Scheren - Krafthand-Truck<\/title>\n<meta name=\"robots\" content=\"index, follow, max-snippet:-1, max-image-preview:large, max-video-preview:-1\" \/>\n<link rel=\"canonical\" href=\"https:\/\/www.krafthand.de\/truck\/artikel\/stabile-scheren-26167\/\" \/>\n<meta property=\"og:locale\" content=\"de_DE\" \/>\n<meta property=\"og:type\" content=\"article\" \/>\n<meta property=\"og:title\" content=\"Stabile Scheren - Krafthand-Truck\" \/>\n<meta property=\"og:description\" content=\"Aufgrund ihres robusten Aufbaus und ihres breiten Einsatzspektrums eignen sich Scherenhebeb\u00fchnen vor allem auch f\u00fcr Werkstattbetriebe mit gemischtem Fuhrpark. ... weiter\" \/>\n<meta property=\"og:url\" content=\"https:\/\/www.krafthand-truck.de\/artikel\/stabile-scheren-26167\/\" \/>\n<meta property=\"og:site_name\" content=\"Krafthand-Truck\" \/>\n<meta property=\"article:published_time\" content=\"2021-01-09T06:00:34+00:00\" \/>\n<meta property=\"article:modified_time\" content=\"2021-03-10T11:04:10+00:00\" \/>\n<meta property=\"og:image\" content=\"https:\/\/www.krafthand.de\/truck\/wp-content\/uploads\/2020\/12\/0420_014.jpg\" \/>\n\t<meta property=\"og:image:width\" content=\"1000\" \/>\n\t<meta property=\"og:image:height\" content=\"456\" \/>\n\t<meta property=\"og:image:type\" content=\"image\/jpeg\" \/>\n<meta name=\"author\" content=\"julian.schmid@krafthand.de\" \/>\n<meta name=\"twitter:card\" content=\"summary_large_image\" \/>\n<meta name=\"twitter:label1\" content=\"Verfasst von\" \/>\n\t<meta name=\"twitter:data1\" content=\"julian.schmid@krafthand.de\" \/>\n\t<meta name=\"twitter:label2\" content=\"Gesch\u00e4tzte Lesezeit\" \/>\n\t<meta name=\"twitter:data2\" content=\"1\u00a0Minute\" \/>\n<script type=\"application\/ld+json\" class=\"yoast-schema-graph\">{\"@context\":\"https:\\\/\\\/schema.org\",\"@graph\":[{\"@type\":\"Article\",\"@id\":\"https:\\\/\\\/www.krafthand.de\\\/truck\\\/artikel\\\/stabile-scheren-26167\\\/#article\",\"isPartOf\":{\"@id\":\"https:\\\/\\\/www.krafthand.de\\\/truck\\\/artikel\\\/stabile-scheren-26167\\\/\"},\"author\":{\"name\":\"julian.schmid@krafthand.de\",\"@id\":\"https:\\\/\\\/www.krafthand.de\\\/truck\\\/#\\\/schema\\\/person\\\/23aebc1e5e3f0204da7158bce36950bb\"},\"headline\":\"Stabile Scheren\",\"datePublished\":\"2021-01-09T06:00:34+00:00\",\"dateModified\":\"2021-03-10T11:04:10+00:00\",\"mainEntityOfPage\":{\"@id\":\"https:\\\/\\\/www.krafthand.de\\\/truck\\\/artikel\\\/stabile-scheren-26167\\\/\"},\"wordCount\":143,\"image\":{\"@id\":\"https:\\\/\\\/www.krafthand.de\\\/truck\\\/artikel\\\/stabile-scheren-26167\\\/#primaryimage\"},\"thumbnailUrl\":\"https:\\\/\\\/static.krafthand-truck.de\\\/uploads\\\/2020\\\/12\\\/0420_014.jpg\",\"keywords\":[\"Longus\",\"Scherenhebeb\u00fchne\"],\"articleSection\":[\"Werkstattausr\u00fcstung\"],\"inLanguage\":\"de\"},{\"@type\":\"WebPage\",\"@id\":\"https:\\\/\\\/www.krafthand.de\\\/truck\\\/artikel\\\/stabile-scheren-26167\\\/\",\"url\":\"https:\\\/\\\/www.krafthand.de\\\/truck\\\/artikel\\\/stabile-scheren-26167\\\/\",\"name\":\"Stabile Scheren - Krafthand-Truck\",\"isPartOf\":{\"@id\":\"https:\\\/\\\/www.krafthand.de\\\/truck\\\/#website\"},\"primaryImageOfPage\":{\"@id\":\"https:\\\/\\\/www.krafthand.de\\\/truck\\\/artikel\\\/stabile-scheren-26167\\\/#primaryimage\"},\"image\":{\"@id\":\"https:\\\/\\\/www.krafthand.de\\\/truck\\\/artikel\\\/stabile-scheren-26167\\\/#primaryimage\"},\"thumbnailUrl\":\"https:\\\/\\\/static.krafthand-truck.de\\\/uploads\\\/2020\\\/12\\\/0420_014.jpg\",\"datePublished\":\"2021-01-09T06:00:34+00:00\",\"dateModified\":\"2021-03-10T11:04:10+00:00\",\"author\":{\"@id\":\"https:\\\/\\\/www.krafthand.de\\\/truck\\\/#\\\/schema\\\/person\\\/23aebc1e5e3f0204da7158bce36950bb\"},\"breadcrumb\":{\"@id\":\"https:\\\/\\\/www.krafthand.de\\\/truck\\\/artikel\\\/stabile-scheren-26167\\\/#breadcrumb\"},\"inLanguage\":\"de\",\"potentialAction\":[{\"@type\":\"ReadAction\",\"target\":[\"https:\\\/\\\/www.krafthand.de\\\/truck\\\/artikel\\\/stabile-scheren-26167\\\/\"]}]},{\"@type\":\"ImageObject\",\"inLanguage\":\"de\",\"@id\":\"https:\\\/\\\/www.krafthand.de\\\/truck\\\/artikel\\\/stabile-scheren-26167\\\/#primaryimage\",\"url\":\"https:\\\/\\\/static.krafthand-truck.de\\\/uploads\\\/2020\\\/12\\\/0420_014.jpg\",\"contentUrl\":\"https:\\\/\\\/static.krafthand-truck.de\\\/uploads\\\/2020\\\/12\\\/0420_014.jpg\",\"width\":1000,\"height\":456,\"caption\":\"Die von Longus angebotenen Scherenhebeb\u00fchnen der \u201aLSB\u2018-Baureihe empfehlen sich aufgrund ihrer robusten Struktur auch als Vermessungsb\u00fchnen. Sie sind mit Verschiebeplatten, variablen Aussparungen f\u00fcr Drehteller und einem Achsfreiheber zu haben. Bild: Longus\"},{\"@type\":\"BreadcrumbList\",\"@id\":\"https:\\\/\\\/www.krafthand.de\\\/truck\\\/artikel\\\/stabile-scheren-26167\\\/#breadcrumb\",\"itemListElement\":[{\"@type\":\"ListItem\",\"position\":1,\"name\":\"Krafthand-Truck\",\"item\":\"https:\\\/\\\/www.krafthand.de\\\/truck\\\/\"},{\"@type\":\"ListItem\",\"position\":2,\"name\":\"Nfz-Service\",\"item\":\"https:\\\/\\\/www.krafthand.de\\\/truck\\\/kategorie\\\/nfz-service\\\/\"},{\"@type\":\"ListItem\",\"position\":3,\"name\":\"Werkstattausr\u00fcstung\",\"item\":\"https:\\\/\\\/www.krafthand.de\\\/truck\\\/kategorie\\\/nfz-service\\\/werkstattausruestung\\\/\"},{\"@type\":\"ListItem\",\"position\":4,\"name\":\"Stabile Scheren\"}]},{\"@type\":\"WebSite\",\"@id\":\"https:\\\/\\\/www.krafthand.de\\\/truck\\\/#website\",\"url\":\"https:\\\/\\\/www.krafthand.de\\\/truck\\\/\",\"name\":\"Krafthand-Truck\",\"description\":\"\",\"potentialAction\":[{\"@type\":\"SearchAction\",\"target\":{\"@type\":\"EntryPoint\",\"urlTemplate\":\"https:\\\/\\\/www.krafthand.de\\\/truck\\\/?s={search_term_string}\"},\"query-input\":{\"@type\":\"PropertyValueSpecification\",\"valueRequired\":true,\"valueName\":\"search_term_string\"}}],\"inLanguage\":\"de\"},{\"@type\":\"Person\",\"@id\":\"https:\\\/\\\/www.krafthand.de\\\/truck\\\/#\\\/schema\\\/person\\\/23aebc1e5e3f0204da7158bce36950bb\",\"name\":\"julian.schmid@krafthand.de\",\"image\":{\"@type\":\"ImageObject\",\"inLanguage\":\"de\",\"@id\":\"https:\\\/\\\/secure.gravatar.com\\\/avatar\\\/ef76c2910cab8eb23fcc013e1c6dc1ba4af5e93fea6e6132d7c4e67d4e9631e9?s=96&d=mm&r=g\",\"url\":\"https:\\\/\\\/secure.gravatar.com\\\/avatar\\\/ef76c2910cab8eb23fcc013e1c6dc1ba4af5e93fea6e6132d7c4e67d4e9631e9?s=96&d=mm&r=g\",\"contentUrl\":\"https:\\\/\\\/secure.gravatar.com\\\/avatar\\\/ef76c2910cab8eb23fcc013e1c6dc1ba4af5e93fea6e6132d7c4e67d4e9631e9?s=96&d=mm&r=g\",\"caption\":\"julian.schmid@krafthand.de\"}}]}<\/script>\n<!-- \/ Yoast SEO plugin. -->","yoast_head_json":{"title":"Stabile Scheren - Krafthand-Truck","robots":{"index":"index","follow":"follow","max-snippet":"max-snippet:-1","max-image-preview":"max-image-preview:large","max-video-preview":"max-video-preview:-1"},"canonical":"https:\/\/www.krafthand.de\/truck\/artikel\/stabile-scheren-26167\/","og_locale":"de_DE","og_type":"article","og_title":"Stabile Scheren - Krafthand-Truck","og_description":"Aufgrund ihres robusten Aufbaus und ihres breiten Einsatzspektrums eignen sich Scherenhebeb\u00fchnen vor allem auch f\u00fcr Werkstattbetriebe mit gemischtem Fuhrpark. ... weiter","og_url":"https:\/\/www.krafthand-truck.de\/artikel\/stabile-scheren-26167\/","og_site_name":"Krafthand-Truck","article_published_time":"2021-01-09T06:00:34+00:00","article_modified_time":"2021-03-10T11:04:10+00:00","og_image":[{"width":1000,"height":456,"url":"https:\/\/www.krafthand.de\/truck\/wp-content\/uploads\/2020\/12\/0420_014.jpg","type":"image\/jpeg"}],"author":"julian.schmid@krafthand.de","twitter_card":"summary_large_image","twitter_misc":{"Verfasst von":"julian.schmid@krafthand.de","Gesch\u00e4tzte Lesezeit":"1\u00a0Minute"},"schema":{"@context":"https:\/\/schema.org","@graph":[{"@type":"Article","@id":"https:\/\/www.krafthand.de\/truck\/artikel\/stabile-scheren-26167\/#article","isPartOf":{"@id":"https:\/\/www.krafthand.de\/truck\/artikel\/stabile-scheren-26167\/"},"author":{"name":"julian.schmid@krafthand.de","@id":"https:\/\/www.krafthand.de\/truck\/#\/schema\/person\/23aebc1e5e3f0204da7158bce36950bb"},"headline":"Stabile Scheren","datePublished":"2021-01-09T06:00:34+00:00","dateModified":"2021-03-10T11:04:10+00:00","mainEntityOfPage":{"@id":"https:\/\/www.krafthand.de\/truck\/artikel\/stabile-scheren-26167\/"},"wordCount":143,"image":{"@id":"https:\/\/www.krafthand.de\/truck\/artikel\/stabile-scheren-26167\/#primaryimage"},"thumbnailUrl":"https:\/\/static.krafthand-truck.de\/uploads\/2020\/12\/0420_014.jpg","keywords":["Longus","Scherenhebeb\u00fchne"],"articleSection":["Werkstattausr\u00fcstung"],"inLanguage":"de"},{"@type":"WebPage","@id":"https:\/\/www.krafthand.de\/truck\/artikel\/stabile-scheren-26167\/","url":"https:\/\/www.krafthand.de\/truck\/artikel\/stabile-scheren-26167\/","name":"Stabile Scheren - Krafthand-Truck","isPartOf":{"@id":"https:\/\/www.krafthand.de\/truck\/#website"},"primaryImageOfPage":{"@id":"https:\/\/www.krafthand.de\/truck\/artikel\/stabile-scheren-26167\/#primaryimage"},"image":{"@id":"https:\/\/www.krafthand.de\/truck\/artikel\/stabile-scheren-26167\/#primaryimage"},"thumbnailUrl":"https:\/\/static.krafthand-truck.de\/uploads\/2020\/12\/0420_014.jpg","datePublished":"2021-01-09T06:00:34+00:00","dateModified":"2021-03-10T11:04:10+00:00","author":{"@id":"https:\/\/www.krafthand.de\/truck\/#\/schema\/person\/23aebc1e5e3f0204da7158bce36950bb"},"breadcrumb":{"@id":"https:\/\/www.krafthand.de\/truck\/artikel\/stabile-scheren-26167\/#breadcrumb"},"inLanguage":"de","potentialAction":[{"@type":"ReadAction","target":["https:\/\/www.krafthand.de\/truck\/artikel\/stabile-scheren-26167\/"]}]},{"@type":"ImageObject","inLanguage":"de","@id":"https:\/\/www.krafthand.de\/truck\/artikel\/stabile-scheren-26167\/#primaryimage","url":"https:\/\/static.krafthand-truck.de\/uploads\/2020\/12\/0420_014.jpg","contentUrl":"https:\/\/static.krafthand-truck.de\/uploads\/2020\/12\/0420_014.jpg","width":1000,"height":456,"caption":"Die von Longus angebotenen Scherenhebeb\u00fchnen der \u201aLSB\u2018-Baureihe empfehlen sich aufgrund ihrer robusten Struktur auch als Vermessungsb\u00fchnen. Sie sind mit Verschiebeplatten, variablen Aussparungen f\u00fcr Drehteller und einem Achsfreiheber zu haben. Bild: Longus"},{"@type":"BreadcrumbList","@id":"https:\/\/www.krafthand.de\/truck\/artikel\/stabile-scheren-26167\/#breadcrumb","itemListElement":[{"@type":"ListItem","position":1,"name":"Krafthand-Truck","item":"https:\/\/www.krafthand.de\/truck\/"},{"@type":"ListItem","position":2,"name":"Nfz-Service","item":"https:\/\/www.krafthand.de\/truck\/kategorie\/nfz-service\/"},{"@type":"ListItem","position":3,"name":"Werkstattausr\u00fcstung","item":"https:\/\/www.krafthand.de\/truck\/kategorie\/nfz-service\/werkstattausruestung\/"},{"@type":"ListItem","position":4,"name":"Stabile Scheren"}]},{"@type":"WebSite","@id":"https:\/\/www.krafthand.de\/truck\/#website","url":"https:\/\/www.krafthand.de\/truck\/","name":"Krafthand-Truck","description":"","potentialAction":[{"@type":"SearchAction","target":{"@type":"EntryPoint","urlTemplate":"https:\/\/www.krafthand.de\/truck\/?s={search_term_string}"},"query-input":{"@type":"PropertyValueSpecification","valueRequired":true,"valueName":"search_term_string"}}],"inLanguage":"de"},{"@type":"Person","@id":"https:\/\/www.krafthand.de\/truck\/#\/schema\/person\/23aebc1e5e3f0204da7158bce36950bb","name":"julian.schmid@krafthand.de","image":{"@type":"ImageObject","inLanguage":"de","@id":"https:\/\/secure.gravatar.com\/avatar\/ef76c2910cab8eb23fcc013e1c6dc1ba4af5e93fea6e6132d7c4e67d4e9631e9?s=96&d=mm&r=g","url":"https:\/\/secure.gravatar.com\/avatar\/ef76c2910cab8eb23fcc013e1c6dc1ba4af5e93fea6e6132d7c4e67d4e9631e9?s=96&d=mm&r=g","contentUrl":"https:\/\/secure.gravatar.com\/avatar\/ef76c2910cab8eb23fcc013e1c6dc1ba4af5e93fea6e6132d7c4e67d4e9631e9?s=96&d=mm&r=g","caption":"julian.schmid@krafthand.de"}}]}},"_links":{"self":[{"href":"https:\/\/www.krafthand.de\/truck\/wp-json\/wp\/v2\/posts\/26167","targetHints":{"allow":["GET"]}}],"collection":[{"href":"https:\/\/www.krafthand.de\/truck\/wp-json\/wp\/v2\/posts"}],"about":[{"href":"https:\/\/www.krafthand.de\/truck\/wp-json\/wp\/v2\/types\/post"}],"author":[{"embeddable":true,"href":"https:\/\/www.krafthand.de\/truck\/wp-json\/wp\/v2\/users\/7"}],"replies":[{"embeddable":true,"href":"https:\/\/www.krafthand.de\/truck\/wp-json\/wp\/v2\/comments?post=26167"}],"version-history":[{"count":1,"href":"https:\/\/www.krafthand.de\/truck\/wp-json\/wp\/v2\/posts\/26167\/revisions"}],"predecessor-version":[{"id":26169,"href":"https:\/\/www.krafthand.de\/truck\/wp-json\/wp\/v2\/posts\/26167\/revisions\/26169"}],"wp:featuredmedia":[{"embeddable":true,"href":"https:\/\/www.krafthand.de\/truck\/wp-json\/wp\/v2\/media\/26168"}],"wp:attachment":[{"href":"https:\/\/www.krafthand.de\/truck\/wp-json\/wp\/v2\/media?parent=26167"}],"wp:term":[{"taxonomy":"category","embeddable":true,"href":"https:\/\/www.krafthand.de\/truck\/wp-json\/wp\/v2\/categories?post=26167"},{"taxonomy":"post_tag","embeddable":true,"href":"https:\/\/www.krafthand.de\/truck\/wp-json\/wp\/v2\/tags?post=26167"},{"taxonomy":"settings","embeddable":true,"href":"https:\/\/www.krafthand.de\/truck\/wp-json\/wp\/v2\/settings?post=26167"}],"curies":[{"name":"wp","href":"https:\/\/api.w.org\/{rel}","templated":true}]}}