{"id":26158,"date":"2021-01-01T07:00:01","date_gmt":"2021-01-01T06:00:01","guid":{"rendered":"https:\/\/www.krafthand.de\/truck\/?p=26158"},"modified":"2021-03-26T08:59:56","modified_gmt":"2021-03-26T07:59:56","slug":"parts-fuer-prima-klima-in-der-kabine","status":"publish","type":"post","link":"https:\/\/www.krafthand.de\/truck\/artikel\/parts-fuer-prima-klima-in-der-kabine-26158\/","title":{"rendered":"Parts f\u00fcr ,prima Klima\u2019 in der Kabine"},"content":{"rendered":"<p>Ein sauberer Innenraumfilter und ein einwandfrei funktionierendes Innenraumgebl\u00e4se sind laut PE Automotive die Basis f\u00fcr ein angenehmes Raumklima in der Fahrerkabine. Um dies auf Dauer zu gew\u00e4hrleisten, sollte man den Filtereinsatz regelm\u00e4\u00dfig erneuern, was je nach Betriebsbedingungen fr\u00fcher oder sp\u00e4ter notwendig sein kann. Und weht aus den Luftausstr\u00f6mern nur noch ein laues L\u00fcftchen, schafft ein neues Gebl\u00e4se schnell Abhilfe.<\/p>\n<p>Beim Wuppertaler Ersatzteile-Spezialisten PE geh\u00f6ren seit Kurzen hochwertige Innenraumfilter und -gebl\u00e4se zum Produktsortiment. Mit diesen sollen Werkst\u00e4tten im Wartungs- beziehungsweise Defektfall schnell wieder ein \u201aprima Klima\u2018 in der Kabine schaffen k\u00f6nnen. Die Gebl\u00e4se v erf\u00fcgen Unternehmensangaben zufolge einen Plug &amp; Play-Anschluss, um einen direkten und raschen Einbau zu gestatten.<\/p>\n<p><i>Den Beitrag finden Sie auch in der Print-Ausgabe 4\/20 der <a href=\"https:\/\/www.krafthand.de\/truck\/magazin\/\" title=\"Zum Magazin\">Krafthand-Truck<\/a>.<\/i><\/p>","protected":false},"excerpt":{"rendered":"<p>Beim Wuppertaler Ersatzteile-Spezialisten PE geh\u00f6ren seit Kurzen hochwertige Innenraumfilter und -gebl\u00e4se zum Produktsortiment. <span class=\"excerpt-more__dots\">&#8230;<\/span> <a class=\"excerpt-more__link\" href=\"https:\/\/www.krafthand.de\/truck\/artikel\/parts-fuer-prima-klima-in-der-kabine-26158\/\" >weiter<\/a><\/p>\n","protected":false},"author":7,"featured_media":26159,"comment_status":"closed","ping_status":"closed","sticky":false,"template":"","format":"standard","meta":{"footnotes":""},"categories":[4229],"tags":[1707,2148],"settings":[],"class_list":["post-26158","post","type-post","status-publish","format-standard","has-post-thumbnail","hentry","category-nfz-teile-systeme","tag-innenraumfilter","tag-pe-automotive"],"yoast_head":"<!-- This site is optimized with the Yoast SEO plugin v27.3 - https:\/\/yoast.com\/product\/yoast-seo-wordpress\/ -->\n<title>Parts f\u00fcr ,prima Klima\u2019 in der Kabine - Krafthand-Truck<\/title>\n<meta name=\"robots\" content=\"index, follow, max-snippet:-1, max-image-preview:large, max-video-preview:-1\" \/>\n<link rel=\"canonical\" href=\"https:\/\/www.krafthand.de\/truck\/artikel\/parts-fuer-prima-klima-in-der-kabine-26158\/\" \/>\n<meta property=\"og:locale\" content=\"de_DE\" \/>\n<meta property=\"og:type\" content=\"article\" \/>\n<meta property=\"og:title\" content=\"Parts f\u00fcr ,prima Klima\u2019 in der Kabine - Krafthand-Truck\" \/>\n<meta property=\"og:description\" content=\"Beim Wuppertaler Ersatzteile-Spezialisten PE geh\u00f6ren seit Kurzen hochwertige Innenraumfilter und -gebl\u00e4se zum Produktsortiment. ... weiter\" \/>\n<meta property=\"og:url\" content=\"https:\/\/www.krafthand-truck.de\/artikel\/parts-fuer-prima-klima-in-der-kabine-26158\/\" \/>\n<meta property=\"og:site_name\" content=\"Krafthand-Truck\" \/>\n<meta property=\"article:published_time\" content=\"2021-01-01T06:00:01+00:00\" \/>\n<meta property=\"article:modified_time\" content=\"2021-03-26T07:59:56+00:00\" \/>\n<meta property=\"og:image\" content=\"https:\/\/www.krafthand.de\/truck\/wp-content\/uploads\/2020\/12\/0420_024.jpg\" \/>\n\t<meta property=\"og:image:width\" content=\"1000\" \/>\n\t<meta property=\"og:image:height\" content=\"667\" \/>\n\t<meta property=\"og:image:type\" content=\"image\/jpeg\" \/>\n<meta name=\"author\" content=\"julian.schmid@krafthand.de\" \/>\n<meta name=\"twitter:card\" content=\"summary_large_image\" \/>\n<meta name=\"twitter:label1\" content=\"Verfasst von\" \/>\n\t<meta name=\"twitter:data1\" content=\"julian.schmid@krafthand.de\" \/>\n\t<meta name=\"twitter:label2\" content=\"Gesch\u00e4tzte Lesezeit\" \/>\n\t<meta name=\"twitter:data2\" content=\"1\u00a0Minute\" \/>\n<script type=\"application\/ld+json\" class=\"yoast-schema-graph\">{\"@context\":\"https:\\\/\\\/schema.org\",\"@graph\":[{\"@type\":\"Article\",\"@id\":\"https:\\\/\\\/www.krafthand.de\\\/truck\\\/artikel\\\/parts-fuer-prima-klima-in-der-kabine-26158\\\/#article\",\"isPartOf\":{\"@id\":\"https:\\\/\\\/www.krafthand.de\\\/truck\\\/artikel\\\/parts-fuer-prima-klima-in-der-kabine-26158\\\/\"},\"author\":{\"name\":\"julian.schmid@krafthand.de\",\"@id\":\"https:\\\/\\\/www.krafthand.de\\\/truck\\\/#\\\/schema\\\/person\\\/23aebc1e5e3f0204da7158bce36950bb\"},\"headline\":\"Parts f\u00fcr ,prima Klima\u2019 in der Kabine\",\"datePublished\":\"2021-01-01T06:00:01+00:00\",\"dateModified\":\"2021-03-26T07:59:56+00:00\",\"mainEntityOfPage\":{\"@id\":\"https:\\\/\\\/www.krafthand.de\\\/truck\\\/artikel\\\/parts-fuer-prima-klima-in-der-kabine-26158\\\/\"},\"wordCount\":131,\"image\":{\"@id\":\"https:\\\/\\\/www.krafthand.de\\\/truck\\\/artikel\\\/parts-fuer-prima-klima-in-der-kabine-26158\\\/#primaryimage\"},\"thumbnailUrl\":\"https:\\\/\\\/static.krafthand-truck.de\\\/uploads\\\/2020\\\/12\\\/0420_024.jpg\",\"keywords\":[\"Innenraumfilter\",\"PE Automotive\"],\"articleSection\":[\"Nfz-Teile\\\/Systeme\"],\"inLanguage\":\"de\"},{\"@type\":\"WebPage\",\"@id\":\"https:\\\/\\\/www.krafthand.de\\\/truck\\\/artikel\\\/parts-fuer-prima-klima-in-der-kabine-26158\\\/\",\"url\":\"https:\\\/\\\/www.krafthand.de\\\/truck\\\/artikel\\\/parts-fuer-prima-klima-in-der-kabine-26158\\\/\",\"name\":\"Parts f\u00fcr ,prima Klima\u2019 in der Kabine - Krafthand-Truck\",\"isPartOf\":{\"@id\":\"https:\\\/\\\/www.krafthand.de\\\/truck\\\/#website\"},\"primaryImageOfPage\":{\"@id\":\"https:\\\/\\\/www.krafthand.de\\\/truck\\\/artikel\\\/parts-fuer-prima-klima-in-der-kabine-26158\\\/#primaryimage\"},\"image\":{\"@id\":\"https:\\\/\\\/www.krafthand.de\\\/truck\\\/artikel\\\/parts-fuer-prima-klima-in-der-kabine-26158\\\/#primaryimage\"},\"thumbnailUrl\":\"https:\\\/\\\/static.krafthand-truck.de\\\/uploads\\\/2020\\\/12\\\/0420_024.jpg\",\"datePublished\":\"2021-01-01T06:00:01+00:00\",\"dateModified\":\"2021-03-26T07:59:56+00:00\",\"author\":{\"@id\":\"https:\\\/\\\/www.krafthand.de\\\/truck\\\/#\\\/schema\\\/person\\\/23aebc1e5e3f0204da7158bce36950bb\"},\"breadcrumb\":{\"@id\":\"https:\\\/\\\/www.krafthand.de\\\/truck\\\/artikel\\\/parts-fuer-prima-klima-in-der-kabine-26158\\\/#breadcrumb\"},\"inLanguage\":\"de\",\"potentialAction\":[{\"@type\":\"ReadAction\",\"target\":[\"https:\\\/\\\/www.krafthand.de\\\/truck\\\/artikel\\\/parts-fuer-prima-klima-in-der-kabine-26158\\\/\"]}]},{\"@type\":\"ImageObject\",\"inLanguage\":\"de\",\"@id\":\"https:\\\/\\\/www.krafthand.de\\\/truck\\\/artikel\\\/parts-fuer-prima-klima-in-der-kabine-26158\\\/#primaryimage\",\"url\":\"https:\\\/\\\/static.krafthand-truck.de\\\/uploads\\\/2020\\\/12\\\/0420_024.jpg\",\"contentUrl\":\"https:\\\/\\\/static.krafthand-truck.de\\\/uploads\\\/2020\\\/12\\\/0420_024.jpg\",\"width\":1000,\"height\":667,\"caption\":\"Innenraumfilter und L\u00fcftungsgebl\u00e4se erg\u00e4nzen seit Kurzem das S ortiment von PE. Die Gebl\u00e4se sollen mit ihrem Plug & Play- Anschluss einen raschen und direkten Einbau gestatten. Bild: PE\"},{\"@type\":\"BreadcrumbList\",\"@id\":\"https:\\\/\\\/www.krafthand.de\\\/truck\\\/artikel\\\/parts-fuer-prima-klima-in-der-kabine-26158\\\/#breadcrumb\",\"itemListElement\":[{\"@type\":\"ListItem\",\"position\":1,\"name\":\"Krafthand-Truck\",\"item\":\"https:\\\/\\\/www.krafthand.de\\\/truck\\\/\"},{\"@type\":\"ListItem\",\"position\":2,\"name\":\"Nfz-Technik\",\"item\":\"https:\\\/\\\/www.krafthand.de\\\/truck\\\/kategorie\\\/nfz-technik\\\/\"},{\"@type\":\"ListItem\",\"position\":3,\"name\":\"Nfz-Teile\\\/Systeme\",\"item\":\"https:\\\/\\\/www.krafthand.de\\\/truck\\\/kategorie\\\/nfz-technik\\\/nfz-teile-systeme\\\/\"},{\"@type\":\"ListItem\",\"position\":4,\"name\":\"Parts f\u00fcr ,prima Klima\u2019 in der Kabine\"}]},{\"@type\":\"WebSite\",\"@id\":\"https:\\\/\\\/www.krafthand.de\\\/truck\\\/#website\",\"url\":\"https:\\\/\\\/www.krafthand.de\\\/truck\\\/\",\"name\":\"Krafthand-Truck\",\"description\":\"\",\"potentialAction\":[{\"@type\":\"SearchAction\",\"target\":{\"@type\":\"EntryPoint\",\"urlTemplate\":\"https:\\\/\\\/www.krafthand.de\\\/truck\\\/?s={search_term_string}\"},\"query-input\":{\"@type\":\"PropertyValueSpecification\",\"valueRequired\":true,\"valueName\":\"search_term_string\"}}],\"inLanguage\":\"de\"},{\"@type\":\"Person\",\"@id\":\"https:\\\/\\\/www.krafthand.de\\\/truck\\\/#\\\/schema\\\/person\\\/23aebc1e5e3f0204da7158bce36950bb\",\"name\":\"julian.schmid@krafthand.de\",\"image\":{\"@type\":\"ImageObject\",\"inLanguage\":\"de\",\"@id\":\"https:\\\/\\\/secure.gravatar.com\\\/avatar\\\/ef76c2910cab8eb23fcc013e1c6dc1ba4af5e93fea6e6132d7c4e67d4e9631e9?s=96&d=mm&r=g\",\"url\":\"https:\\\/\\\/secure.gravatar.com\\\/avatar\\\/ef76c2910cab8eb23fcc013e1c6dc1ba4af5e93fea6e6132d7c4e67d4e9631e9?s=96&d=mm&r=g\",\"contentUrl\":\"https:\\\/\\\/secure.gravatar.com\\\/avatar\\\/ef76c2910cab8eb23fcc013e1c6dc1ba4af5e93fea6e6132d7c4e67d4e9631e9?s=96&d=mm&r=g\",\"caption\":\"julian.schmid@krafthand.de\"}}]}<\/script>\n<!-- \/ Yoast SEO plugin. -->","yoast_head_json":{"title":"Parts f\u00fcr ,prima Klima\u2019 in der Kabine - Krafthand-Truck","robots":{"index":"index","follow":"follow","max-snippet":"max-snippet:-1","max-image-preview":"max-image-preview:large","max-video-preview":"max-video-preview:-1"},"canonical":"https:\/\/www.krafthand.de\/truck\/artikel\/parts-fuer-prima-klima-in-der-kabine-26158\/","og_locale":"de_DE","og_type":"article","og_title":"Parts f\u00fcr ,prima Klima\u2019 in der Kabine - Krafthand-Truck","og_description":"Beim Wuppertaler Ersatzteile-Spezialisten PE geh\u00f6ren seit Kurzen hochwertige Innenraumfilter und -gebl\u00e4se zum Produktsortiment. ... weiter","og_url":"https:\/\/www.krafthand-truck.de\/artikel\/parts-fuer-prima-klima-in-der-kabine-26158\/","og_site_name":"Krafthand-Truck","article_published_time":"2021-01-01T06:00:01+00:00","article_modified_time":"2021-03-26T07:59:56+00:00","og_image":[{"width":1000,"height":667,"url":"https:\/\/www.krafthand.de\/truck\/wp-content\/uploads\/2020\/12\/0420_024.jpg","type":"image\/jpeg"}],"author":"julian.schmid@krafthand.de","twitter_card":"summary_large_image","twitter_misc":{"Verfasst von":"julian.schmid@krafthand.de","Gesch\u00e4tzte Lesezeit":"1\u00a0Minute"},"schema":{"@context":"https:\/\/schema.org","@graph":[{"@type":"Article","@id":"https:\/\/www.krafthand.de\/truck\/artikel\/parts-fuer-prima-klima-in-der-kabine-26158\/#article","isPartOf":{"@id":"https:\/\/www.krafthand.de\/truck\/artikel\/parts-fuer-prima-klima-in-der-kabine-26158\/"},"author":{"name":"julian.schmid@krafthand.de","@id":"https:\/\/www.krafthand.de\/truck\/#\/schema\/person\/23aebc1e5e3f0204da7158bce36950bb"},"headline":"Parts f\u00fcr ,prima Klima\u2019 in der Kabine","datePublished":"2021-01-01T06:00:01+00:00","dateModified":"2021-03-26T07:59:56+00:00","mainEntityOfPage":{"@id":"https:\/\/www.krafthand.de\/truck\/artikel\/parts-fuer-prima-klima-in-der-kabine-26158\/"},"wordCount":131,"image":{"@id":"https:\/\/www.krafthand.de\/truck\/artikel\/parts-fuer-prima-klima-in-der-kabine-26158\/#primaryimage"},"thumbnailUrl":"https:\/\/static.krafthand-truck.de\/uploads\/2020\/12\/0420_024.jpg","keywords":["Innenraumfilter","PE Automotive"],"articleSection":["Nfz-Teile\/Systeme"],"inLanguage":"de"},{"@type":"WebPage","@id":"https:\/\/www.krafthand.de\/truck\/artikel\/parts-fuer-prima-klima-in-der-kabine-26158\/","url":"https:\/\/www.krafthand.de\/truck\/artikel\/parts-fuer-prima-klima-in-der-kabine-26158\/","name":"Parts f\u00fcr ,prima Klima\u2019 in der Kabine - Krafthand-Truck","isPartOf":{"@id":"https:\/\/www.krafthand.de\/truck\/#website"},"primaryImageOfPage":{"@id":"https:\/\/www.krafthand.de\/truck\/artikel\/parts-fuer-prima-klima-in-der-kabine-26158\/#primaryimage"},"image":{"@id":"https:\/\/www.krafthand.de\/truck\/artikel\/parts-fuer-prima-klima-in-der-kabine-26158\/#primaryimage"},"thumbnailUrl":"https:\/\/static.krafthand-truck.de\/uploads\/2020\/12\/0420_024.jpg","datePublished":"2021-01-01T06:00:01+00:00","dateModified":"2021-03-26T07:59:56+00:00","author":{"@id":"https:\/\/www.krafthand.de\/truck\/#\/schema\/person\/23aebc1e5e3f0204da7158bce36950bb"},"breadcrumb":{"@id":"https:\/\/www.krafthand.de\/truck\/artikel\/parts-fuer-prima-klima-in-der-kabine-26158\/#breadcrumb"},"inLanguage":"de","potentialAction":[{"@type":"ReadAction","target":["https:\/\/www.krafthand.de\/truck\/artikel\/parts-fuer-prima-klima-in-der-kabine-26158\/"]}]},{"@type":"ImageObject","inLanguage":"de","@id":"https:\/\/www.krafthand.de\/truck\/artikel\/parts-fuer-prima-klima-in-der-kabine-26158\/#primaryimage","url":"https:\/\/static.krafthand-truck.de\/uploads\/2020\/12\/0420_024.jpg","contentUrl":"https:\/\/static.krafthand-truck.de\/uploads\/2020\/12\/0420_024.jpg","width":1000,"height":667,"caption":"Innenraumfilter und L\u00fcftungsgebl\u00e4se erg\u00e4nzen seit Kurzem das S ortiment von PE. Die Gebl\u00e4se sollen mit ihrem Plug & Play- Anschluss einen raschen und direkten Einbau gestatten. Bild: PE"},{"@type":"BreadcrumbList","@id":"https:\/\/www.krafthand.de\/truck\/artikel\/parts-fuer-prima-klima-in-der-kabine-26158\/#breadcrumb","itemListElement":[{"@type":"ListItem","position":1,"name":"Krafthand-Truck","item":"https:\/\/www.krafthand.de\/truck\/"},{"@type":"ListItem","position":2,"name":"Nfz-Technik","item":"https:\/\/www.krafthand.de\/truck\/kategorie\/nfz-technik\/"},{"@type":"ListItem","position":3,"name":"Nfz-Teile\/Systeme","item":"https:\/\/www.krafthand.de\/truck\/kategorie\/nfz-technik\/nfz-teile-systeme\/"},{"@type":"ListItem","position":4,"name":"Parts f\u00fcr ,prima Klima\u2019 in der Kabine"}]},{"@type":"WebSite","@id":"https:\/\/www.krafthand.de\/truck\/#website","url":"https:\/\/www.krafthand.de\/truck\/","name":"Krafthand-Truck","description":"","potentialAction":[{"@type":"SearchAction","target":{"@type":"EntryPoint","urlTemplate":"https:\/\/www.krafthand.de\/truck\/?s={search_term_string}"},"query-input":{"@type":"PropertyValueSpecification","valueRequired":true,"valueName":"search_term_string"}}],"inLanguage":"de"},{"@type":"Person","@id":"https:\/\/www.krafthand.de\/truck\/#\/schema\/person\/23aebc1e5e3f0204da7158bce36950bb","name":"julian.schmid@krafthand.de","image":{"@type":"ImageObject","inLanguage":"de","@id":"https:\/\/secure.gravatar.com\/avatar\/ef76c2910cab8eb23fcc013e1c6dc1ba4af5e93fea6e6132d7c4e67d4e9631e9?s=96&d=mm&r=g","url":"https:\/\/secure.gravatar.com\/avatar\/ef76c2910cab8eb23fcc013e1c6dc1ba4af5e93fea6e6132d7c4e67d4e9631e9?s=96&d=mm&r=g","contentUrl":"https:\/\/secure.gravatar.com\/avatar\/ef76c2910cab8eb23fcc013e1c6dc1ba4af5e93fea6e6132d7c4e67d4e9631e9?s=96&d=mm&r=g","caption":"julian.schmid@krafthand.de"}}]}},"_links":{"self":[{"href":"https:\/\/www.krafthand.de\/truck\/wp-json\/wp\/v2\/posts\/26158","targetHints":{"allow":["GET"]}}],"collection":[{"href":"https:\/\/www.krafthand.de\/truck\/wp-json\/wp\/v2\/posts"}],"about":[{"href":"https:\/\/www.krafthand.de\/truck\/wp-json\/wp\/v2\/types\/post"}],"author":[{"embeddable":true,"href":"https:\/\/www.krafthand.de\/truck\/wp-json\/wp\/v2\/users\/7"}],"replies":[{"embeddable":true,"href":"https:\/\/www.krafthand.de\/truck\/wp-json\/wp\/v2\/comments?post=26158"}],"version-history":[{"count":1,"href":"https:\/\/www.krafthand.de\/truck\/wp-json\/wp\/v2\/posts\/26158\/revisions"}],"predecessor-version":[{"id":26160,"href":"https:\/\/www.krafthand.de\/truck\/wp-json\/wp\/v2\/posts\/26158\/revisions\/26160"}],"wp:featuredmedia":[{"embeddable":true,"href":"https:\/\/www.krafthand.de\/truck\/wp-json\/wp\/v2\/media\/26159"}],"wp:attachment":[{"href":"https:\/\/www.krafthand.de\/truck\/wp-json\/wp\/v2\/media?parent=26158"}],"wp:term":[{"taxonomy":"category","embeddable":true,"href":"https:\/\/www.krafthand.de\/truck\/wp-json\/wp\/v2\/categories?post=26158"},{"taxonomy":"post_tag","embeddable":true,"href":"https:\/\/www.krafthand.de\/truck\/wp-json\/wp\/v2\/tags?post=26158"},{"taxonomy":"settings","embeddable":true,"href":"https:\/\/www.krafthand.de\/truck\/wp-json\/wp\/v2\/settings?post=26158"}],"curies":[{"name":"wp","href":"https:\/\/api.w.org\/{rel}","templated":true}]}}