{"id":26106,"date":"2020-12-07T07:00:15","date_gmt":"2020-12-07T06:00:15","guid":{"rendered":"https:\/\/www.krafthand.de\/truck\/?p=26106"},"modified":"2021-03-30T08:09:49","modified_gmt":"2021-03-30T06:09:49","slug":"innovationsschau-2020-teil-2-2","status":"publish","type":"post","link":"https:\/\/www.krafthand.de\/truck\/artikel\/innovationsschau-2020-teil-2-2-26106\/","title":{"rendered":"Innovationsschau 2020 (Teil 2\/2)"},"content":{"rendered":"<p class=\"text-colored\"> Normalerweise w\u00fcrden Sie hier die Nachlese zu den Branchenleitmessen Automechanika und IAA Nutzfahrzeuge und deren Messehighlights finden. Doch der weltweit grassierende Corona-Virus hat das Messe-Geschehen grundlegend ver\u00e4ndert. Da die Werkstattausr\u00fcster, Systemspezialisten, Zulieferer, Fahrzeug- und Ersatzteilhersteller und Dienstleister aber auch im \u201aCorona-Jahr\u2018 innovativ waren, stellen wir Ihnen deren Neuheiten und Neuigkeiten in der \u201aKRAFTHAND-Truck Innovationsschau 2020\u2018 unter dem Motto \u201aDas w\u00e4re zu sehen gewesen &#8230;\u2018 vor.<\/p>\n<h2>Interessante Innovationen trotz Virus<\/h2>\n<p>Noch immer diktiert der Corona- Virus das Messegeschehen, sodass aufgrund der Kontaktbeschr\u00e4nkungen traditionelle \u201aSchau-Messen\u2018 nicht wie gewohnt stattfinden k\u00f6nnen. Das betrifft internationale Branchenleitmessen wie die Automechanika in Frankfurt und die IAA Nutzfahrzeuge in Hannover genauso wie die vielen lokalen Haus- und Leistungsmessen des Teilegro\u00dfhandels. Aus der Not heraus wurden deshalb zahlreiche Online-Formate wie \u201aVirtuelle Hausmessen\u2018 und \u201aDigitale Schaufenster\u2018 geboren. Und f\u00fcr all jene, die sich gem\u00fctlich im B\u00fcro- oder Wohnzimmersessel und zu einer selbstgew\u00e4hlten Zeit \u00fcber die Neuheiten und Neuigkeiten von Werkstattausr\u00fcstern, Systemspezialisten, Zulieferern, Ersatzteilherstellern und Branchendienstleister informieren wollen, gibt es mit der zweiteiligen \u201aKRAFTHAND-Truck-Innovationsschau 2020\u2018 quasi das \u201aDas Beste der Leitmessen im Bl\u00e4tterformat\u2018.<\/p>\n<h3>Bosch<\/h3>\n<p>\u201eKomplexe Probleme schnell gel\u00f6st mit der neuen \u201aVisual Connected\u2018-App\u201c, das versprechen die Diagnosespezialisten von <a href=\"http:\/\/www.bosch-automotiveaftermarket.com\" target=\"_blank\" rel=\"noopener noreferrer\">Bosch<\/a>. Eigenen Einsch\u00e4tzungen zufolge soll die App selbst bei schwierigen Problemstellungen um bis zu 50 Prozent schneller Ergebnisse liefern als bei der Kommunikation auf herk\u00f6mmlichen Wegen. Darauf k\u00f6nnen sich zumindest Werkstattfachleute freuen, welche zur Software \u201aEsitronic\u2018 auch den Technischen Support abonniert haben, denn sie k\u00f6nnen sich einen Expertenrat direkt via Smartphone in die Werkstatt holen. Mit der Smartphone-Kamera soll n\u00e4mlich der Profi von Bosch dem Mechaniker buchst\u00e4blich \u00fcb er die Schulter schauen k\u00f6nnen. Die App \u201aVisual Connect\u2018 \u00fcbertr\u00e4gt dazu ein Echtzeitbild an den Experten, sodass dieser quasi genau das gleiche sieht wie der Werkstattmitarbeiter. Anschlie\u00dfend kann der Supporter den Mechaniker Schritt f\u00fcr Schritt zur L\u00f6sung f\u00fchren und dabei, wenn es hilfreich ist, zus\u00e4tzlich auf dem Bildschirm zeichnen und weitere Informationen, wie Schaltpl\u00e4ne oder die Lage versteckter Bauteile, einblenden k\u00f6nnen. Laut Bosch gibt es die App kostenlos in den App-Stores f\u00fcr Android und iOS.<\/p>\n<figure id=\"attachment_26108\" aria-describedby=\"caption-attachment-26108\" style=\"width: 1000px\" class=\"wp-caption alignnone\"><img fetchpriority=\"high\" decoding=\"async\" class=\"size-full wp-image-26108\" src=\"https:\/\/www.krafthand.de\/truck\/wp-content\/uploads\/2020\/12\/0420_002_Bosch.jpg\" alt=\"Bosch Visual Connect-App \" width=\"1000\" height=\"750\" srcset=\"https:\/\/static.krafthand-truck.de\/uploads\/2020\/12\/0420_002_Bosch.jpg 1000w, https:\/\/static.krafthand-truck.de\/uploads\/2020\/12\/0420_002_Bosch-300x225.jpg 300w, https:\/\/static.krafthand-truck.de\/uploads\/2020\/12\/0420_002_Bosch-768x576.jpg 768w, https:\/\/static.krafthand-truck.de\/uploads\/2020\/12\/0420_002_Bosch-200x150.jpg 200w\" sizes=\"(max-width: 1000px) 100vw, 1000px\" \/><figcaption id=\"caption-attachment-26108\" class=\"wp-caption-text\">Mit der App \u201aVisual Connect\u2018 von Bosch kann der Experte vom Technischen Support dem Werkstattfachmann quasi \u201a\u00fcber die Schulter schauen\u2018, sodass er direkt sieht und versteht, wo das Problem liegt. \u201eDamit k\u00f6nnen wir ganzheitliche L\u00f6sungen liefern, die Effizienz in der Werkstatt erh\u00f6hen und wertvolle Zeit bei den immer komplizierter werdenden Reparaturprozessen sparen helfen\u201c, versprechen die Experten von Bosch Automotive Aftermarket. Bild: Bosch<\/figcaption><\/figure>\n<h3>Febi Bilstein<\/h3>\n<p>Kompetenz in Sachen Lenkung und Aufh\u00e4ngung stehen bei Febi Bilstein im Fokus. Mit mehr als 2.300 Lenkungs- und Aufh\u00e4ngungskomponenten in Erstausr\u00fcstungsqualit\u00e4t will der Ennepetaler Nutzfahrzeugteile-Spezialist eines der umfangreichsten Sortimente f\u00fcr den freien Reparaturmarkt vorhalten. Das Sortiment (www.febi.com\/nkw\/lenkung- aufhaengung\/) reicht demnach von Achsschenkelbolzen und Dreieckslenker \u00fcber Verbindungs-, Spur- und Lenkstangen sowie Endst\u00fccken bis hin zu Achsstreben und Servopumpen f\u00fcr die g\u00e4ngigsten europ\u00e4ischen Lkw, Anh\u00e4nger, Busse und Spezialfahrzeuge. Dazu gibt es zahlreiche Komplett-Reparaturs\u00e4tze f\u00fcr die zeitoptimierte Reparatur. Besonders stolz sind die \u201aFebianer\u2018 dabei auf ihre Eigenfertigung: Rund 85.000 Achsschenkelbolzen und -s\u00e4tze werden demnach auf modernen CNC-Maschinen bei Bilstein Group Engineering hergestellt. Ein weiterer Fokus liegt auf der aktuellen Bremsen-Kampagne mit dem Slogan \u201aAnhaltend gut\u2018 (<a href=\"http:\/\/www.febi.com\/nkw\/ bremsanlage\/\" target=\"_blank\" rel=\"noopener noreferrer\">www.febi.com\/nkw\/ bremsanlage\/<\/a>): das Sortiment an Nutzfahrzeug-Bremsscheiben und -bel\u00e4gen soll derzeit schon eine 84-prozentige VIN-Abdeckung der \u201aBig Seven\u2018 erreichen \u2013 Tendenz steigend.<\/p>\n<figure id=\"attachment_26109\" aria-describedby=\"caption-attachment-26109\" style=\"width: 1000px\" class=\"wp-caption alignnone\"><img decoding=\"async\" class=\"size-full wp-image-26109\" src=\"https:\/\/www.krafthand.de\/truck\/wp-content\/uploads\/2020\/12\/0420_002_Febi.jpg\" alt=\"Febi Bilstein Bremsscheibe aus Truck Rennsport\" width=\"1000\" height=\"668\" srcset=\"https:\/\/static.krafthand-truck.de\/uploads\/2020\/12\/0420_002_Febi.jpg 1000w, https:\/\/static.krafthand-truck.de\/uploads\/2020\/12\/0420_002_Febi-300x200.jpg 300w, https:\/\/static.krafthand-truck.de\/uploads\/2020\/12\/0420_002_Febi-768x513.jpg 768w\" sizes=\"(max-width: 1000px) 100vw, 1000px\" \/><figcaption id=\"caption-attachment-26109\" class=\"wp-caption-text\">Um die Produktg\u00fcte zu beweisen, setzt Febi Bilstein Serien-Bremsscheiben und -bel\u00e4ge bei offiziellen Truckrennen ein. Die Bremsbel\u00e4ge haben \u201aTiger Stripes\u2018 auf ihrer Reibfl\u00e4che. Dieses Reibmaterial in Streifenform soll die volle Bremsleistung ab der ersten Bremsung gew\u00e4hrleisten und die Einbremszeit verk\u00fcrzen. Bild: Febi Bilstein<\/figcaption><\/figure>\n<h3>Haweka<\/h3>\n<p>Mehr Pr\u00e4zision und Komfort beim Wuchten von Transporter- und LLkw-R\u00e4dern verspricht <a href=\"http:\/\/www.haweka.com\" target=\"_blank\" rel=\"noopener noreferrer\">Wuchttechnik-Spezialist Haweka<\/a> f\u00fcr sein neues Zentriertechnik-Sortiment. Mit den individuellen Spannvorrichtungen, welche \u00fcber spezielle Zentrierh\u00fclsen mit den exakten Abmessungen der Radnabe und eine Typenspannplatte, die den jeweiligen Lochkreis abbildet, verf\u00fcgen, sollen sich deutlich pr\u00e4zisere Wuchtergebnisse als bisher erzielen lassen. Zudem soll sich damit auch die Laufruhe bei h\u00f6heren Geschwindigkeiten sp\u00fcrbar verbessern, weil das Rad genau wie am Fahrzeug \u00fc ber das Mittenloch zentriert und mit der Typenspannplatte fixiert wird. Haweka liefet die Adapter f\u00fcr g\u00e4ngige Transporter-Modelle mit Standard- und Zwillingsbereifung.<\/p>\n<figure id=\"attachment_26110\" aria-describedby=\"caption-attachment-26110\" style=\"width: 1000px\" class=\"wp-caption alignnone\"><img decoding=\"async\" class=\"size-full wp-image-26110\" src=\"https:\/\/www.krafthand.de\/truck\/wp-content\/uploads\/2020\/12\/0420_002_Haweka.jpg\" alt=\"Haweka Zentriertechnikprodukte\" width=\"1000\" height=\"563\" srcset=\"https:\/\/static.krafthand-truck.de\/uploads\/2020\/12\/0420_002_Haweka.jpg 1000w, https:\/\/static.krafthand-truck.de\/uploads\/2020\/12\/0420_002_Haweka-300x169.jpg 300w, https:\/\/static.krafthand-truck.de\/uploads\/2020\/12\/0420_002_Haweka-768x432.jpg 768w\" sizes=\"(max-width: 1000px) 100vw, 1000px\" \/><figcaption id=\"caption-attachment-26110\" class=\"wp-caption-text\">Mit den neuen Zentriertechnikprodukten von Haweka lassen sich Standard- und Zwillingsr\u00e4der von Transportern und Lkw genau wie am Fahrzeug \u00fcber das Mittelloch zentrieren. Damit sollen sich das Wuchtergebnis und die Laufruhe deutlich verbessern. Bild: Haweka<\/figcaption><\/figure>\n<h3>Hazet<\/h3>\n<p>Mit dem neuen, druckluftbetriebenen Mini-Nadelklopfer \u201a9035 M-5\u2018 sagt der Remscheider <a href=\"http:\/\/www.hazet.de\" target=\"_blank\" rel=\"noopener noreferrer\">Werkzeug-Spezialist Hazet<\/a> Rost und Schmutz den Kampf an. Das handliche Ger\u00e4t in Stiftform soll mit seinen dreizehn Stahlnadeln, welche mit 3.000 Schl\u00e4gen pro Minute auf das Werkst\u00fcck prasseln, selbst hartn\u00e4ckigen Rost und Schmutz m\u00fchelos beseitigen. Die freien Nadeln verf\u00fcgen \u00fcber einen Einzeldurchmesser von 1,3 Millimeter und sollen auch verwinkelte Bereiche erreichen, etwa beim Reinigen und Entrosten von Bremss\u00e4tteln. Der pfiffige, 235,6 Millimeter lange und 480 Gramm leichte Nadelklopfer besitzt einen Sicherheitsausl\u00f6sehebel, mit dem sich die Leistung stufenlos regulieren l\u00e4sst sowie ein Drehgelenk zur einfachen Handhabung. Der Nagler ben\u00f6tigt laut Hazet 48,1 Liter Druckluft pro Minute, um optimal zu funktionieren.<\/p>\n<figure id=\"attachment_26111\" aria-describedby=\"caption-attachment-26111\" style=\"width: 1000px\" class=\"wp-caption alignnone\"><img loading=\"lazy\" decoding=\"async\" class=\"size-full wp-image-26111\" src=\"https:\/\/www.krafthand.de\/truck\/wp-content\/uploads\/2020\/12\/0420_002-gross_Hazet.jpg\" alt=\"Hazet Mini-Nadelklopfer 9035 M-5\" width=\"1000\" height=\"750\" srcset=\"https:\/\/static.krafthand-truck.de\/uploads\/2020\/12\/0420_002-gross_Hazet.jpg 1000w, https:\/\/static.krafthand-truck.de\/uploads\/2020\/12\/0420_002-gross_Hazet-300x225.jpg 300w, https:\/\/static.krafthand-truck.de\/uploads\/2020\/12\/0420_002-gross_Hazet-768x576.jpg 768w, https:\/\/static.krafthand-truck.de\/uploads\/2020\/12\/0420_002-gross_Hazet-200x150.jpg 200w\" sizes=\"(max-width: 1000px) 100vw, 1000px\" \/><figcaption id=\"caption-attachment-26111\" class=\"wp-caption-text\">Der handliche, druckluftbetriebene Mini-Nadelklopfer \u201a9035 M-5\u2018 von Hazet l\u00e4sst seine dreizehn, nur 1,3 Millimeter starken Nadeln mit 3.000 Schl\u00e4gen pro Minute auf das Werkst\u00fcck prasseln. Rost und Schmutz haben da kaum noch eine Chance. Bild: Hazet<\/figcaption><\/figure>\n<h3>Hengst<\/h3>\n<p>Da moderne Dieselmotoren immer h\u00f6here Anspr\u00fcche an die Kraftstoffreinheit stellen, hat <a href=\"http:\/\/www.hengst.de\" target=\"_blank\" rel=\"noopener noreferrer\">Filterhersteller Hengst<\/a> mit dem \u201aBlue.maxx\u2018-Baukasten ein passendes Konzept entwickelt. Eigenen Angaben zufolge werden bei diesem neuartigen Kraftstofffiltrationssystem Vor- und Hauptfilter nicht mehr getrennt, sondern als optimal aufeinander abgestimmtes Gesamtsystem betrachtet. Dennoch lassen sich laut Hengst die Komponenten je nach Kundenanforderungen kombinieren. Als Beispiel f\u00fcr eine solche kundenindividuelle Filtrationsl\u00f6sung aus dem \u201aBlue.maxx\u2018-Baukasten nennt Hengst das \u201aKSC\u2018 (Kraftstoff-Service-Center), welches f\u00fcr die D15-Motorenbaureihe von MAN entwickelt wurde. Beim KSC handelt es sich demnach um ein f\u00fcnfstufiges Filtrationssystem mit Wasserabscheidung \u00fcber das gesamte Serviceintervall. Die Besonderheit ist ein spezielles Mischventil, welches bei kalten Temperaturen (Winterbetrieb) den warmen R\u00fccklaufkraftstoff aus dem CR-System mit kaltem Diesel aus dem Tank vermischt, um zu verhindern, dass der Filtereinsatz durch Paraffin kristalle verblockt. Eine bislang \u00fcbliche elektrische Vorfilterheizung ist damit nicht mehr n\u00f6tig.<\/p>\n<div class=\"gallery-container\"><div class=\"owl-carousel owl-theme\">\r\n        <div>\r\n        \t<img decoding=\"async\" src=\"https:\/\/static.krafthand-truck.de\/uploads\/2020\/12\/0420_002_Hengst-rechts.jpg\" alt=\"\" \/>\r\n          <a href=\"https:\/\/static.krafthand-truck.de\/uploads\/2020\/12\/0420_002_Hengst-rechts.jpg\" data-featherlight=\"gallery_69f5b5cd2dde8\" class=\"gallery-expand\" data-title=\"Basierend auf dem \u201aBlue.maxx\u2018-Baukastensystem zur Dieselfiltration hat Hengst mit dem \u201aKraftstoff-Service-Center\u2018 (KSC) f\u00fcr die D15-Motoren von MAN eine individuelle L\u00f6sung entwickelt. Beim KSC handelt es sich um ein f\u00fcnfstufiges Filtrationssystem mit Vor- (links) und Hauptfilter (rechts) und  einer Wasserabscheidung \u00fcber das gesamte Serviceintervall. Bild: Hengst\"><i class=\"fa fa-expand\" aria-hidden=\"true\"><\/i><\/a>\r\n        \t<div class=\"gallery-caption wp-caption-text\"><p>Basierend auf dem \u201aBlue.maxx\u2018-Baukastensystem zur Dieselfiltration hat Hengst mit dem \u201aKraftstoff-Service-Center\u2018 (KSC) f\u00fcr die D15-Motoren von MAN eine individuelle L\u00f6sung entwickelt. Beim KSC handelt es sich um ein f\u00fcnfstufiges Filtrationssystem mit Vor- (links) und Hauptfilter (rechts) und  einer Wasserabscheidung \u00fcber das gesamte Serviceintervall. Bild: Hengst<\/p>\n<\/div>\r\n        <\/div>\r\n        <div>\r\n        \t<img decoding=\"async\" src=\"https:\/\/static.krafthand-truck.de\/uploads\/2020\/12\/0420_002_Hengst-links.jpg\" alt=\"\" \/>\r\n          <a href=\"https:\/\/static.krafthand-truck.de\/uploads\/2020\/12\/0420_002_Hengst-links.jpg\" data-featherlight=\"gallery_69f5b5cd2dde8\" class=\"gallery-expand\" data-title=\"Bild: Hengst\"><i class=\"fa fa-expand\" aria-hidden=\"true\"><\/i><\/a>\r\n        \t<div class=\"gallery-caption wp-caption-text\"><p>Bild: Hengst<\/p>\n<\/div>\r\n        <\/div><\/div><\/div>\r\n\t<script>\r\n\t\tjQuery(document).ready(function($){\r\n      setTimeout(function(){\r\n  \t\t\t$(\".owl-carousel\").owlCarousel({\r\n  \t\t\t\tloop:true,\r\n    \t\t\tmargin:10,\r\n    \t\t\tresponsiveClass:true,\r\n    \t\t\titems:1,\r\n    \t\t\tautoHeight: true,\r\n          nav: true,\r\n          URLhashListener: true,\r\n          startPosition: \"URLHash\",\r\n          navText: [\r\n            \"<i class='fa fa-chevron-left'><\/i>\",\r\n            \"<i class='fa fa-chevron-right'><\/i>\"\r\n          ],\r\n  \t\t\t});\r\n      }, 2000);\r\n\t\t});\r\n\t<\/script>\r\n\t\n<h3>HJS<\/h3>\n<p>Abgasreinigungssysteme f\u00fcr Transporter und Handwerkerfahrzeuge sind beim <a href=\"http:\/\/www.hjs.com\" target=\"_blank\" rel=\"noopener noreferrer\">Emissionstechnikspezialisten HJS<\/a> ein favorisiertes Thema. Die Hardware-Nachr\u00fcstl\u00f6sung mit SCR-Technik garantiert Unternehmensangaben zufolge Haltern von gewerblich genutzten, leichten Nutzfahrzeugen ab 2,8 Tonnen zul\u00e4ssigem Gesamtgewicht nicht eine freie Fahrt in Umweltzonen und bei Fahrverboten, sondern \u00fcberdies auch noch eine staatliche F\u00f6rderung (<a href=\"http:\/\/www.transporter-nachruestung.de\" target=\"_blank\" rel=\"noopener noreferrer\">www.transporter-nachruestung.de<\/a>). Mit Hilfe der SCR-Technologie verwandelt die von HJS entwickelte Hardware unter Zugabe des Additivs \u201aAdBlue\u2018 giftige Stickoxide (NOX) in harmlosen Stickstoff und Wasserdampf. Um die f\u00fcr die chemische Reaktion erforderlichen Abgas-Mindesttemperaturen auch im Stadt- sowie im Kurzstrecken-und Teillastbetrieb zu gew\u00e4hrleisten, verf\u00fcgt das System \u00fcber ein aktives Thermomanagement. Laut HJS verf\u00fcgt das Abgasnachbehandlungssystem \u00fcber eine ABE und nimmt keinerlei Einfluss auf den Motor beziehungsweise das Motormanagement.<\/p>\n<figure id=\"attachment_26114\" aria-describedby=\"caption-attachment-26114\" style=\"width: 1000px\" class=\"wp-caption alignnone\"><img loading=\"lazy\" decoding=\"async\" class=\"size-full wp-image-26114\" src=\"https:\/\/www.krafthand.de\/truck\/wp-content\/uploads\/2020\/12\/0420_002_HJS.jpg\" alt=\"HJS SCR-Abgasreinigungssystem\" width=\"1000\" height=\"617\" srcset=\"https:\/\/static.krafthand-truck.de\/uploads\/2020\/12\/0420_002_HJS.jpg 1000w, https:\/\/static.krafthand-truck.de\/uploads\/2020\/12\/0420_002_HJS-300x185.jpg 300w, https:\/\/static.krafthand-truck.de\/uploads\/2020\/12\/0420_002_HJS-768x474.jpg 768w\" sizes=\"(max-width: 1000px) 100vw, 1000px\" \/><figcaption id=\"caption-attachment-26114\" class=\"wp-caption-text\">Das von HJS f\u00fcr Transporter und Handwerkerfahrzeuge entwickelte SCR-Abgasreinigungssystem verf\u00fcgt \u00fcber eine ABE. Der Einbau wird staatlich gef\u00f6rdert und h\u00e4lt gewerblich genutzte leichte Nutzfahrzeuge \u00fcber 2,8 Tonnen auch bei Fahrverboten mobil. Bild: HJS<\/figcaption><\/figure>\n<h3>Knorr-Bremse<\/h3>\n<p>\u201aOriginal, zeitwertgerecht, nachhaltig \u2013 EconX\u2018. Unter diesem Motto l\u00e4uft beim Systemspezialisten <a href=\"http:\/\/www.knorr-Bremse.com\" target=\"_blank\" rel=\"noopener noreferrer\">Knorr-Bremse<\/a> eine Produktline speziell f\u00fcr die zeitwertgerechte Reparatur. Unternehmensangaben zufolge verbergen sich hinter der Marke \u201aEconX\u2018 industriell aufgearbeitete Produkte, die dazu beitragen sollen, dass auch \u00e4ltere Nutzfahrzeuge sicher und effizient auf der Stra\u00dfe bleiben. Das Angebot umfasst unter anderem Zuspanneinheiten f\u00fcr Truck, Trailer und Busse. Laut Knorr-Bremse werden die \u201aEconX\u2018-Produkte komplett aufgearbeitet und neu montiert, was vor allem wertvolle Rohstoffe und Energie sparen soll: bei einer SN7-Zuspanneinheit beispielsweise sollen sich durch die Verwendung gebrauchter Komponenten bis zu 44,9 kg CO2-\u00e4quivalente Emissionen einsparen lassen.<\/p>\n<figure id=\"attachment_26115\" aria-describedby=\"caption-attachment-26115\" style=\"width: 1000px\" class=\"wp-caption alignnone\"><img loading=\"lazy\" decoding=\"async\" class=\"size-full wp-image-26115\" src=\"https:\/\/www.krafthand.de\/truck\/wp-content\/uploads\/2020\/12\/0420_002_Knorr.jpg\" alt=\"Knorr EconX Bremse\" width=\"1000\" height=\"563\" srcset=\"https:\/\/static.krafthand-truck.de\/uploads\/2020\/12\/0420_002_Knorr.jpg 1000w, https:\/\/static.krafthand-truck.de\/uploads\/2020\/12\/0420_002_Knorr-300x169.jpg 300w, https:\/\/static.krafthand-truck.de\/uploads\/2020\/12\/0420_002_Knorr-768x432.jpg 768w\" sizes=\"(max-width: 1000px) 100vw, 1000px\" \/><figcaption id=\"caption-attachment-26115\" class=\"wp-caption-text\">Mit \u201aEconX\u2018 hat Knorr-Bremse eine Marke f\u00fcr industriell aufgearbeitete Produkte geschaffen, mit denen auch \u00e4ltere Nutzfahrzeuge sicher und effizient auf der Stra\u00dfe bleiben sollen. Bei der Aufarbeitung einer Zuspanneinheit vom Typ \u201aSN7\u2018 sollen sich durch die Verwendung gebrauchter Komponenten zudem bis zu 44,9 kg CO2-\u00e4quivalente Emissionen einsparen lassen. Bild: Knorr-Bremse<\/figcaption><\/figure>\n<h3>Rheinmetall-Automotive<\/h3>\n<p>\u201eIm Jahr der \u2013 leider ebenfalls abgesagten \u2013 IAA Nutzfahrzeuge h\u00e4tte auf der Automechanika bei MS Motorservice International neben der Vielfalt an Ersatzprodukten der Premium-Marken KS Kolbenschmidt, Pierburg, BF und TRW Engine Components vor allem ein weiteres Thema im Mittelpunkt gestanden: Die Motorservice-Tochter \u201aBF\u2018 als Instandsetzungs-Spezialist speziell f\u00fcr den Heavy-Duty-Bereich\u201c, so ein Sprecher von <a href=\"http:\/\/www.rheinmetall-automotive.com\" target=\"_blank\" rel=\"noopener noreferrer\">Rheinmetall Automotive<\/a>. Die Marke BF bietet demnach hochwertige Motorenkomponenten, die nach eigenem Bekunden auf eine lange Lebensdauer und eine zeitwertgerechte Reparatur ausgelegt sind. Dazu hat BF sein Produktportfolio aktuell noch weiter ausgebaut, um f\u00fcr alle Kundenbed\u00fcrfnisse ger\u00fcstet zu sein.<\/p>\n<figure id=\"attachment_26116\" aria-describedby=\"caption-attachment-26116\" style=\"width: 667px\" class=\"wp-caption alignnone\"><img loading=\"lazy\" decoding=\"async\" class=\"size-full wp-image-26116\" src=\"https:\/\/www.krafthand.de\/truck\/wp-content\/uploads\/2020\/12\/0420_002_Rheinmetall-e1606994232918.jpg\" alt=\"\" width=\"667\" height=\"407\" srcset=\"https:\/\/static.krafthand-truck.de\/uploads\/2020\/12\/0420_002_Rheinmetall-e1606994232918.jpg 667w, https:\/\/static.krafthand-truck.de\/uploads\/2020\/12\/0420_002_Rheinmetall-e1606994232918-300x183.jpg 300w\" sizes=\"(max-width: 667px) 100vw, 667px\" \/><figcaption id=\"caption-attachment-26116\" class=\"wp-caption-text\">Die Motorservice-Tochter \u201aBF\u2018 ist der Heavy- Duty-Instandsetzungsspezialist unter dem Dach von Rheinmetall Automotive. Hochwertige Motorenkomponenten, etwa Kolben, die auf eine lange Lebensdauer und die zeitwertgerechte Reparatur ausgelegt sind, geh\u00f6ren zu den Kernkompetenzen des Unternehmens. Bild: Rheinmetall\/BF<\/figcaption><\/figure>\n<h3>SAF-Holland<\/h3>\n<p>Bei <a href=\"http:\/\/www.safholland.de\" target=\"_blank\" rel=\"noopener noreferrer\">SAF-Holland<\/a> w\u00e4re nach eigenem Bekunden der Fokus des IAA-Auftritts auf dem Thema \u201aDigitalisierung\u2018 mit der \u201aSensierten Achse\u2018 gelegen. Zahlreiche elektronische Sensoren sollen bei dieser dazu beitragen, das Nutzfahrzeug immer in einem optimalen Zustand zu halten. Dazu \u00fcberwachen die Sensoren unter anderem die Radlagertemperatur, das Bremssystem, den Reifendruck und auch den Beladungszustand des Trailers. Laut SAF-Holland erkennt das System jederzeit den Zustand des Fahrzeugs, sodass sich durch das Monitoring ein unn\u00f6tiger Fahrzeugstillstand vermeiden lassen soll. Zudem sollen die in Echtzeit gewonnenen Daten k\u00fcnftig die Grundlage f\u00fcr die \u201aVorausschauende Wartung, auf neudeutsch \u201aPredictive Maintenance\u2018, bilden und sp\u00e4ter auch einmal das automatisierte Fahren unterst\u00fctzen. Das Paket aus Sensoren und Telematik soll voraussichtlich ab Mitte 2021 verf\u00fcgbar sein.<\/p>\n<figure id=\"attachment_26117\" aria-describedby=\"caption-attachment-26117\" style=\"width: 791px\" class=\"wp-caption alignnone\"><img loading=\"lazy\" decoding=\"async\" class=\"size-full wp-image-26117\" src=\"https:\/\/www.krafthand.de\/truck\/wp-content\/uploads\/2020\/12\/0420_002_SAF-Holland.jpg\" alt=\"SAF-Holland Sensierte Achse\" width=\"791\" height=\"1000\" srcset=\"https:\/\/static.krafthand-truck.de\/uploads\/2020\/12\/0420_002_SAF-Holland.jpg 791w, https:\/\/static.krafthand-truck.de\/uploads\/2020\/12\/0420_002_SAF-Holland-237x300.jpg 237w, https:\/\/static.krafthand-truck.de\/uploads\/2020\/12\/0420_002_SAF-Holland-768x971.jpg 768w\" sizes=\"(max-width: 791px) 100vw, 791px\" \/><figcaption id=\"caption-attachment-26117\" class=\"wp-caption-text\">Die neue \u201aSensierte Achse\u2018 von SAF-Holland soll dazu beitragen, das Fahrzeug stets in einem optimalen Zustand zu halten. Diverse Sensoren \u00fcberwachen unter anderem die Radlagertemperatur, das Bremssystem, Reifendruck und den Beladungszustand des Trailers. Das Paket aus Sensoren und Telematik dient k\u00fcnftig als Basis f\u00fcr die \u201aPredictive Maintenance\u2018 und soll sp\u00e4ter auch einmal das automatisierte Fahren unterst\u00fctzen. Bild: SAF-Holland<\/figcaption><\/figure>\n<h3>Wabcow\u00fcrth<\/h3>\n<p>Um das 10-j\u00e4hrige Jubil\u00e4um geb\u00fchrend zu feiern, hatte sich die Mannschaft von <a href=\"http:\/\/www.wabcowuerth.com\" target=\"_blank\" rel=\"noopener noreferrer\">Wabcow\u00fcrth<\/a> inige interessante Neuheiten und Neuigkeiten f\u00fcr die Messen einfallen lassen. Eines dieser Messehighlights ist das eigens f\u00fcr Autoglaser entwickelte, mobile Kalibriertool \u201aW.Easy ADAS Calibration\u2018 f\u00fcr kamerabasierte Fahrerassistenzsysteme. Eigenen Angaben zufolge handelt es sich dabei um eine Weiterentwicklung, die nun komplett in Eigenregie entsteht. Zu den Hauptbestandteilen geh\u00f6ren die verbesserte, modular aufgebaute Justiereinrichtung, welche aufgrund ihres neu entwickelten Doppelrohrauszugs die R\u00fcstzeit nochmals verk\u00fcrzen soll, sowie eine f\u00fcr Autoglaser ma\u00dfgeschneiderte Mehrmarkenlizenz der \u201aW.Easy\u2018-Software. Mit dem optional erh\u00e4ltlichen Zubeh\u00f6r, etwa einer Universalhalterung sowie Kalibriertafeln f\u00fc r Transporter, will Wabcow\u00fcrth nach eigenem Bekunden die Fahrzeugl\u00fcc ke zu Anbietern aus der Pkw-Riege schlie\u00dfen. Die Aufr\u00fcstkomponenten sollen ein herstellerkonformes Kalibrieren zahlreicher Transporter-Modelle von FCA, Mercedes-Benz und Volkswagen erlauben.<\/p>\n<figure id=\"attachment_26118\" aria-describedby=\"caption-attachment-26118\" style=\"width: 667px\" class=\"wp-caption alignnone\"><img loading=\"lazy\" decoding=\"async\" class=\"size-full wp-image-26118\" src=\"https:\/\/www.krafthand.de\/truck\/wp-content\/uploads\/2020\/12\/0420_002_Wabcowuerth.jpg\" alt=\"Wabcow\u00fcrth W.Easy ADAS Calibration-Tool\" width=\"667\" height=\"1000\" srcset=\"https:\/\/static.krafthand-truck.de\/uploads\/2020\/12\/0420_002_Wabcowuerth.jpg 667w, https:\/\/static.krafthand-truck.de\/uploads\/2020\/12\/0420_002_Wabcowuerth-200x300.jpg 200w\" sizes=\"(max-width: 667px) 100vw, 667px\" \/><figcaption id=\"caption-attachment-26118\" class=\"wp-caption-text\">Passend zum 10-j\u00e4hrigen Jubil\u00e4um platziert sich Wabcow\u00fcrth als Produkteigner des \u201aW.Easy ADAS Calibration\u2018-Tools zum Kalibrieren von kamerabasierten Fahrerassistenzsystemen bei Lkw, Bussen und Transportern. Damit erhalten die Kunden k\u00fcnftig alles aus einer Hand \u2013 von der optischen Justiereinrichtung, \u00fcber die ma\u00dfgeschneiderte Mehrmarkenlizenz f\u00fcr Autoglaser, bis hin zum passenden Zubeh\u00f6r. Bild: Wabcow\u00fcrth<\/figcaption><\/figure>\n<p><i>Den Beitrag finden Sie auch in der Print-Ausgabe 4\/20 der <a href=\"https:\/\/www.krafthand.de\/truck\/magazin\/\" title=\"Zum Magazin\">Krafthand-Truck<\/a>.<\/i><\/p>","protected":false},"excerpt":{"rendered":"<p>Damit die von den Ausstellern vorbereiteten Messe-Highlights nicht ungesehen verpuffen, pr\u00e4sentieren wir sie in der \u201aKRAFTHAND-Truck Innovationsschau 2020\u2018 quasi als \u201aMesse im Heft\u2018 und unter dem Motto \u201aDas w\u00e4re zu sehen gewesen\u2018. <span class=\"excerpt-more__dots\">&#8230;<\/span> <a class=\"excerpt-more__link\" href=\"https:\/\/www.krafthand.de\/truck\/artikel\/innovationsschau-2020-teil-2-2-26106\/\" >weiter<\/a><\/p>\n","protected":false},"author":7,"featured_media":25920,"comment_status":"closed","ping_status":"closed","sticky":false,"template":"","format":"standard","meta":{"footnotes":""},"categories":[4226,4227,4232,4236,4220],"tags":[1346,1286,1321,1419],"settings":[],"class_list":["post-26106","post","type-post","status-publish","format-standard","has-post-thumbnail","hentry","category-fahrwerk","category-rad-reifen-bremse","category-remote-service","category-veranstaltungen","category-werkstattausruestung","tag-automechanika","tag-iaa","tag-iaa-hannover","tag-iaa-nutzfahrzeug"],"yoast_head":"<!-- This site is optimized with the Yoast SEO plugin v27.3 - https:\/\/yoast.com\/product\/yoast-seo-wordpress\/ -->\n<title>Innovationsschau 2020 (Teil 2\/2) - Krafthand-Truck<\/title>\n<meta name=\"robots\" content=\"index, follow, max-snippet:-1, max-image-preview:large, max-video-preview:-1\" \/>\n<link rel=\"canonical\" href=\"https:\/\/www.krafthand.de\/truck\/artikel\/innovationsschau-2020-teil-2-2-26106\/\" \/>\n<meta property=\"og:locale\" content=\"de_DE\" \/>\n<meta property=\"og:type\" content=\"article\" \/>\n<meta property=\"og:title\" content=\"Innovationsschau 2020 (Teil 2\/2) - Krafthand-Truck\" \/>\n<meta property=\"og:description\" content=\"Damit die von den Ausstellern vorbereiteten Messe-Highlights nicht ungesehen verpuffen, pr\u00e4sentieren wir sie in der \u201aKRAFTHAND-Truck Innovationsschau 2020\u2018 quasi als \u201aMesse im Heft\u2018 und unter dem Motto \u201aDas w\u00e4re zu sehen gewesen\u2018. ... weiter\" \/>\n<meta property=\"og:url\" content=\"https:\/\/www.krafthand-truck.de\/artikel\/innovationsschau-2020-teil-2-2-26106\/\" \/>\n<meta property=\"og:site_name\" content=\"Krafthand-Truck\" \/>\n<meta property=\"article:published_time\" content=\"2020-12-07T06:00:15+00:00\" \/>\n<meta property=\"article:modified_time\" content=\"2021-03-30T06:09:49+00:00\" \/>\n<meta property=\"og:image\" content=\"https:\/\/www.krafthand.de\/truck\/wp-content\/uploads\/2020\/10\/03_2020_Messen.jpg\" \/>\n\t<meta property=\"og:image:width\" content=\"2000\" \/>\n\t<meta property=\"og:image:height\" content=\"945\" \/>\n\t<meta property=\"og:image:type\" content=\"image\/jpeg\" \/>\n<meta name=\"author\" content=\"julian.schmid@krafthand.de\" \/>\n<meta name=\"twitter:card\" content=\"summary_large_image\" \/>\n<meta name=\"twitter:label1\" content=\"Verfasst von\" \/>\n\t<meta name=\"twitter:data1\" content=\"julian.schmid@krafthand.de\" \/>\n\t<meta name=\"twitter:label2\" content=\"Gesch\u00e4tzte Lesezeit\" \/>\n\t<meta name=\"twitter:data2\" content=\"10\u00a0Minuten\" \/>\n<script type=\"application\/ld+json\" class=\"yoast-schema-graph\">{\"@context\":\"https:\\\/\\\/schema.org\",\"@graph\":[{\"@type\":\"Article\",\"@id\":\"https:\\\/\\\/www.krafthand.de\\\/truck\\\/artikel\\\/innovationsschau-2020-teil-2-2-26106\\\/#article\",\"isPartOf\":{\"@id\":\"https:\\\/\\\/www.krafthand.de\\\/truck\\\/artikel\\\/innovationsschau-2020-teil-2-2-26106\\\/\"},\"author\":{\"name\":\"julian.schmid@krafthand.de\",\"@id\":\"https:\\\/\\\/www.krafthand.de\\\/truck\\\/#\\\/schema\\\/person\\\/23aebc1e5e3f0204da7158bce36950bb\"},\"headline\":\"Innovationsschau 2020 (Teil 2\\\/2)\",\"datePublished\":\"2020-12-07T06:00:15+00:00\",\"dateModified\":\"2021-03-30T06:09:49+00:00\",\"mainEntityOfPage\":{\"@id\":\"https:\\\/\\\/www.krafthand.de\\\/truck\\\/artikel\\\/innovationsschau-2020-teil-2-2-26106\\\/\"},\"wordCount\":1968,\"image\":{\"@id\":\"https:\\\/\\\/www.krafthand.de\\\/truck\\\/artikel\\\/innovationsschau-2020-teil-2-2-26106\\\/#primaryimage\"},\"thumbnailUrl\":\"https:\\\/\\\/static.krafthand-truck.de\\\/uploads\\\/2020\\\/10\\\/03_2020_Messen.jpg\",\"keywords\":[\"Automechanika\",\"IAA\",\"IAA Hannover\",\"IAA Nutzfahrzeug\"],\"articleSection\":[\"Fahrwerk\\\/D\u00e4mpfung\",\"Rad\\\/Reifen\\\/Bremse\",\"Remote-Service\\\/OTA\",\"Veranstaltungen\\\/Messen\",\"Werkstattausr\u00fcstung\"],\"inLanguage\":\"de\"},{\"@type\":\"WebPage\",\"@id\":\"https:\\\/\\\/www.krafthand.de\\\/truck\\\/artikel\\\/innovationsschau-2020-teil-2-2-26106\\\/\",\"url\":\"https:\\\/\\\/www.krafthand.de\\\/truck\\\/artikel\\\/innovationsschau-2020-teil-2-2-26106\\\/\",\"name\":\"Innovationsschau 2020 (Teil 2\\\/2) - Krafthand-Truck\",\"isPartOf\":{\"@id\":\"https:\\\/\\\/www.krafthand.de\\\/truck\\\/#website\"},\"primaryImageOfPage\":{\"@id\":\"https:\\\/\\\/www.krafthand.de\\\/truck\\\/artikel\\\/innovationsschau-2020-teil-2-2-26106\\\/#primaryimage\"},\"image\":{\"@id\":\"https:\\\/\\\/www.krafthand.de\\\/truck\\\/artikel\\\/innovationsschau-2020-teil-2-2-26106\\\/#primaryimage\"},\"thumbnailUrl\":\"https:\\\/\\\/static.krafthand-truck.de\\\/uploads\\\/2020\\\/10\\\/03_2020_Messen.jpg\",\"datePublished\":\"2020-12-07T06:00:15+00:00\",\"dateModified\":\"2021-03-30T06:09:49+00:00\",\"author\":{\"@id\":\"https:\\\/\\\/www.krafthand.de\\\/truck\\\/#\\\/schema\\\/person\\\/23aebc1e5e3f0204da7158bce36950bb\"},\"breadcrumb\":{\"@id\":\"https:\\\/\\\/www.krafthand.de\\\/truck\\\/artikel\\\/innovationsschau-2020-teil-2-2-26106\\\/#breadcrumb\"},\"inLanguage\":\"de\",\"potentialAction\":[{\"@type\":\"ReadAction\",\"target\":[\"https:\\\/\\\/www.krafthand.de\\\/truck\\\/artikel\\\/innovationsschau-2020-teil-2-2-26106\\\/\"]}]},{\"@type\":\"ImageObject\",\"inLanguage\":\"de\",\"@id\":\"https:\\\/\\\/www.krafthand.de\\\/truck\\\/artikel\\\/innovationsschau-2020-teil-2-2-26106\\\/#primaryimage\",\"url\":\"https:\\\/\\\/static.krafthand-truck.de\\\/uploads\\\/2020\\\/10\\\/03_2020_Messen.jpg\",\"contentUrl\":\"https:\\\/\\\/static.krafthand-truck.de\\\/uploads\\\/2020\\\/10\\\/03_2020_Messen.jpg\",\"width\":2000,\"height\":945,\"caption\":\"Wegen der Corona-Pandemie wurde die Frankfurter Automechanika um ein Jahr verschoben. Der neue Termin steht schon fest: 14. bis 18. September 2020. Die IAA Nutzfahrzeuge 2020 in Hannover wurde ganz abgesagt. Sie \u00f6ffnet erst wieder 2022 ihre Tore, der genaue Termin steht noch nicht fest. Bilder: Messe Frankfurt\\\/Screenshot: Kuss\"},{\"@type\":\"BreadcrumbList\",\"@id\":\"https:\\\/\\\/www.krafthand.de\\\/truck\\\/artikel\\\/innovationsschau-2020-teil-2-2-26106\\\/#breadcrumb\",\"itemListElement\":[{\"@type\":\"ListItem\",\"position\":1,\"name\":\"Krafthand-Truck\",\"item\":\"https:\\\/\\\/www.krafthand.de\\\/truck\\\/\"},{\"@type\":\"ListItem\",\"position\":2,\"name\":\"Nfz-Technik\",\"item\":\"https:\\\/\\\/www.krafthand.de\\\/truck\\\/kategorie\\\/nfz-technik\\\/\"},{\"@type\":\"ListItem\",\"position\":3,\"name\":\"Fahrwerk\\\/D\u00e4mpfung\",\"item\":\"https:\\\/\\\/www.krafthand.de\\\/truck\\\/kategorie\\\/nfz-technik\\\/fahrwerk\\\/\"},{\"@type\":\"ListItem\",\"position\":4,\"name\":\"Innovationsschau 2020 (Teil 2\\\/2)\"}]},{\"@type\":\"WebSite\",\"@id\":\"https:\\\/\\\/www.krafthand.de\\\/truck\\\/#website\",\"url\":\"https:\\\/\\\/www.krafthand.de\\\/truck\\\/\",\"name\":\"Krafthand-Truck\",\"description\":\"\",\"potentialAction\":[{\"@type\":\"SearchAction\",\"target\":{\"@type\":\"EntryPoint\",\"urlTemplate\":\"https:\\\/\\\/www.krafthand.de\\\/truck\\\/?s={search_term_string}\"},\"query-input\":{\"@type\":\"PropertyValueSpecification\",\"valueRequired\":true,\"valueName\":\"search_term_string\"}}],\"inLanguage\":\"de\"},{\"@type\":\"Person\",\"@id\":\"https:\\\/\\\/www.krafthand.de\\\/truck\\\/#\\\/schema\\\/person\\\/23aebc1e5e3f0204da7158bce36950bb\",\"name\":\"julian.schmid@krafthand.de\",\"image\":{\"@type\":\"ImageObject\",\"inLanguage\":\"de\",\"@id\":\"https:\\\/\\\/secure.gravatar.com\\\/avatar\\\/ef76c2910cab8eb23fcc013e1c6dc1ba4af5e93fea6e6132d7c4e67d4e9631e9?s=96&d=mm&r=g\",\"url\":\"https:\\\/\\\/secure.gravatar.com\\\/avatar\\\/ef76c2910cab8eb23fcc013e1c6dc1ba4af5e93fea6e6132d7c4e67d4e9631e9?s=96&d=mm&r=g\",\"contentUrl\":\"https:\\\/\\\/secure.gravatar.com\\\/avatar\\\/ef76c2910cab8eb23fcc013e1c6dc1ba4af5e93fea6e6132d7c4e67d4e9631e9?s=96&d=mm&r=g\",\"caption\":\"julian.schmid@krafthand.de\"}}]}<\/script>\n<!-- \/ Yoast SEO plugin. -->","yoast_head_json":{"title":"Innovationsschau 2020 (Teil 2\/2) - Krafthand-Truck","robots":{"index":"index","follow":"follow","max-snippet":"max-snippet:-1","max-image-preview":"max-image-preview:large","max-video-preview":"max-video-preview:-1"},"canonical":"https:\/\/www.krafthand.de\/truck\/artikel\/innovationsschau-2020-teil-2-2-26106\/","og_locale":"de_DE","og_type":"article","og_title":"Innovationsschau 2020 (Teil 2\/2) - Krafthand-Truck","og_description":"Damit die von den Ausstellern vorbereiteten Messe-Highlights nicht ungesehen verpuffen, pr\u00e4sentieren wir sie in der \u201aKRAFTHAND-Truck Innovationsschau 2020\u2018 quasi als \u201aMesse im Heft\u2018 und unter dem Motto \u201aDas w\u00e4re zu sehen gewesen\u2018. ... weiter","og_url":"https:\/\/www.krafthand-truck.de\/artikel\/innovationsschau-2020-teil-2-2-26106\/","og_site_name":"Krafthand-Truck","article_published_time":"2020-12-07T06:00:15+00:00","article_modified_time":"2021-03-30T06:09:49+00:00","og_image":[{"width":2000,"height":945,"url":"https:\/\/www.krafthand.de\/truck\/wp-content\/uploads\/2020\/10\/03_2020_Messen.jpg","type":"image\/jpeg"}],"author":"julian.schmid@krafthand.de","twitter_card":"summary_large_image","twitter_misc":{"Verfasst von":"julian.schmid@krafthand.de","Gesch\u00e4tzte Lesezeit":"10\u00a0Minuten"},"schema":{"@context":"https:\/\/schema.org","@graph":[{"@type":"Article","@id":"https:\/\/www.krafthand.de\/truck\/artikel\/innovationsschau-2020-teil-2-2-26106\/#article","isPartOf":{"@id":"https:\/\/www.krafthand.de\/truck\/artikel\/innovationsschau-2020-teil-2-2-26106\/"},"author":{"name":"julian.schmid@krafthand.de","@id":"https:\/\/www.krafthand.de\/truck\/#\/schema\/person\/23aebc1e5e3f0204da7158bce36950bb"},"headline":"Innovationsschau 2020 (Teil 2\/2)","datePublished":"2020-12-07T06:00:15+00:00","dateModified":"2021-03-30T06:09:49+00:00","mainEntityOfPage":{"@id":"https:\/\/www.krafthand.de\/truck\/artikel\/innovationsschau-2020-teil-2-2-26106\/"},"wordCount":1968,"image":{"@id":"https:\/\/www.krafthand.de\/truck\/artikel\/innovationsschau-2020-teil-2-2-26106\/#primaryimage"},"thumbnailUrl":"https:\/\/static.krafthand-truck.de\/uploads\/2020\/10\/03_2020_Messen.jpg","keywords":["Automechanika","IAA","IAA Hannover","IAA Nutzfahrzeug"],"articleSection":["Fahrwerk\/D\u00e4mpfung","Rad\/Reifen\/Bremse","Remote-Service\/OTA","Veranstaltungen\/Messen","Werkstattausr\u00fcstung"],"inLanguage":"de"},{"@type":"WebPage","@id":"https:\/\/www.krafthand.de\/truck\/artikel\/innovationsschau-2020-teil-2-2-26106\/","url":"https:\/\/www.krafthand.de\/truck\/artikel\/innovationsschau-2020-teil-2-2-26106\/","name":"Innovationsschau 2020 (Teil 2\/2) - Krafthand-Truck","isPartOf":{"@id":"https:\/\/www.krafthand.de\/truck\/#website"},"primaryImageOfPage":{"@id":"https:\/\/www.krafthand.de\/truck\/artikel\/innovationsschau-2020-teil-2-2-26106\/#primaryimage"},"image":{"@id":"https:\/\/www.krafthand.de\/truck\/artikel\/innovationsschau-2020-teil-2-2-26106\/#primaryimage"},"thumbnailUrl":"https:\/\/static.krafthand-truck.de\/uploads\/2020\/10\/03_2020_Messen.jpg","datePublished":"2020-12-07T06:00:15+00:00","dateModified":"2021-03-30T06:09:49+00:00","author":{"@id":"https:\/\/www.krafthand.de\/truck\/#\/schema\/person\/23aebc1e5e3f0204da7158bce36950bb"},"breadcrumb":{"@id":"https:\/\/www.krafthand.de\/truck\/artikel\/innovationsschau-2020-teil-2-2-26106\/#breadcrumb"},"inLanguage":"de","potentialAction":[{"@type":"ReadAction","target":["https:\/\/www.krafthand.de\/truck\/artikel\/innovationsschau-2020-teil-2-2-26106\/"]}]},{"@type":"ImageObject","inLanguage":"de","@id":"https:\/\/www.krafthand.de\/truck\/artikel\/innovationsschau-2020-teil-2-2-26106\/#primaryimage","url":"https:\/\/static.krafthand-truck.de\/uploads\/2020\/10\/03_2020_Messen.jpg","contentUrl":"https:\/\/static.krafthand-truck.de\/uploads\/2020\/10\/03_2020_Messen.jpg","width":2000,"height":945,"caption":"Wegen der Corona-Pandemie wurde die Frankfurter Automechanika um ein Jahr verschoben. Der neue Termin steht schon fest: 14. bis 18. September 2020. Die IAA Nutzfahrzeuge 2020 in Hannover wurde ganz abgesagt. Sie \u00f6ffnet erst wieder 2022 ihre Tore, der genaue Termin steht noch nicht fest. Bilder: Messe Frankfurt\/Screenshot: Kuss"},{"@type":"BreadcrumbList","@id":"https:\/\/www.krafthand.de\/truck\/artikel\/innovationsschau-2020-teil-2-2-26106\/#breadcrumb","itemListElement":[{"@type":"ListItem","position":1,"name":"Krafthand-Truck","item":"https:\/\/www.krafthand.de\/truck\/"},{"@type":"ListItem","position":2,"name":"Nfz-Technik","item":"https:\/\/www.krafthand.de\/truck\/kategorie\/nfz-technik\/"},{"@type":"ListItem","position":3,"name":"Fahrwerk\/D\u00e4mpfung","item":"https:\/\/www.krafthand.de\/truck\/kategorie\/nfz-technik\/fahrwerk\/"},{"@type":"ListItem","position":4,"name":"Innovationsschau 2020 (Teil 2\/2)"}]},{"@type":"WebSite","@id":"https:\/\/www.krafthand.de\/truck\/#website","url":"https:\/\/www.krafthand.de\/truck\/","name":"Krafthand-Truck","description":"","potentialAction":[{"@type":"SearchAction","target":{"@type":"EntryPoint","urlTemplate":"https:\/\/www.krafthand.de\/truck\/?s={search_term_string}"},"query-input":{"@type":"PropertyValueSpecification","valueRequired":true,"valueName":"search_term_string"}}],"inLanguage":"de"},{"@type":"Person","@id":"https:\/\/www.krafthand.de\/truck\/#\/schema\/person\/23aebc1e5e3f0204da7158bce36950bb","name":"julian.schmid@krafthand.de","image":{"@type":"ImageObject","inLanguage":"de","@id":"https:\/\/secure.gravatar.com\/avatar\/ef76c2910cab8eb23fcc013e1c6dc1ba4af5e93fea6e6132d7c4e67d4e9631e9?s=96&d=mm&r=g","url":"https:\/\/secure.gravatar.com\/avatar\/ef76c2910cab8eb23fcc013e1c6dc1ba4af5e93fea6e6132d7c4e67d4e9631e9?s=96&d=mm&r=g","contentUrl":"https:\/\/secure.gravatar.com\/avatar\/ef76c2910cab8eb23fcc013e1c6dc1ba4af5e93fea6e6132d7c4e67d4e9631e9?s=96&d=mm&r=g","caption":"julian.schmid@krafthand.de"}}]}},"_links":{"self":[{"href":"https:\/\/www.krafthand.de\/truck\/wp-json\/wp\/v2\/posts\/26106","targetHints":{"allow":["GET"]}}],"collection":[{"href":"https:\/\/www.krafthand.de\/truck\/wp-json\/wp\/v2\/posts"}],"about":[{"href":"https:\/\/www.krafthand.de\/truck\/wp-json\/wp\/v2\/types\/post"}],"author":[{"embeddable":true,"href":"https:\/\/www.krafthand.de\/truck\/wp-json\/wp\/v2\/users\/7"}],"replies":[{"embeddable":true,"href":"https:\/\/www.krafthand.de\/truck\/wp-json\/wp\/v2\/comments?post=26106"}],"version-history":[{"count":1,"href":"https:\/\/www.krafthand.de\/truck\/wp-json\/wp\/v2\/posts\/26106\/revisions"}],"predecessor-version":[{"id":26119,"href":"https:\/\/www.krafthand.de\/truck\/wp-json\/wp\/v2\/posts\/26106\/revisions\/26119"}],"wp:featuredmedia":[{"embeddable":true,"href":"https:\/\/www.krafthand.de\/truck\/wp-json\/wp\/v2\/media\/25920"}],"wp:attachment":[{"href":"https:\/\/www.krafthand.de\/truck\/wp-json\/wp\/v2\/media?parent=26106"}],"wp:term":[{"taxonomy":"category","embeddable":true,"href":"https:\/\/www.krafthand.de\/truck\/wp-json\/wp\/v2\/categories?post=26106"},{"taxonomy":"post_tag","embeddable":true,"href":"https:\/\/www.krafthand.de\/truck\/wp-json\/wp\/v2\/tags?post=26106"},{"taxonomy":"settings","embeddable":true,"href":"https:\/\/www.krafthand.de\/truck\/wp-json\/wp\/v2\/settings?post=26106"}],"curies":[{"name":"wp","href":"https:\/\/api.w.org\/{rel}","templated":true}]}}