{"id":26100,"date":"2020-12-03T09:25:43","date_gmt":"2020-12-03T08:25:43","guid":{"rendered":"https:\/\/www.krafthand.de\/truck\/?p=26100"},"modified":"2020-12-03T09:25:59","modified_gmt":"2020-12-03T08:25:59","slug":"nicht-ganz-dicht-oder-was","status":"publish","type":"post","link":"https:\/\/www.krafthand.de\/truck\/artikel\/nicht-ganz-dicht-oder-was-26100\/","title":{"rendered":"Nicht ganz dicht, oder was?"},"content":{"rendered":"<p class=\"text-colored\"> Sichtbare K\u00fchlmittelspuren sind normalerweise ein untr\u00fcgliches Zeichen f\u00fcr ein Leck am K\u00fchlsystem. Normalerweise. Allerdings kann auch ein zu hoher K\u00fchlfl\u00fcssigkeitsstand zu einem Fl\u00fcssigkeitsaustritt am Ausgleichsbeh\u00e4lter f\u00fchren und eine vermeintliche Undichtigkeit suggerieren. Die Nutzfahrzeug-Fachleute von Mahle Aftermarket raten daher, beim Bef\u00fcllen besonders sorgsam vorzugehen.<\/p>\n<p>Nach dem Austausch von Komponenten des K\u00fchlsystems \u2013 Schl\u00e4uche, K\u00fchlmittelpumpe, K\u00fchlermodul oder Ausgleichsbeh\u00e4lter \u2013 aber auch, wenn beim Winterservice das Frostschutz-Verh\u00e4ltnis zu korrigieren ist, muss der Werkstattfachmann das K\u00fchlsystem ganz oder zumindest teilweise neu bef\u00fcllen und anschlie\u00dfend fachgerecht entl\u00fcften. Obwohl es sich dabei prinzipiell um eine g\u00e4ngige Werkstattarbeit handelt, kann es hin und wieder dennoch zu Irritationen kommen, wissen die Nutz fahrzeug-S pezialisten von Mahle Aftermarket. Etwa, wenn es herstellerspezifische Besonderheiten gibt. \u00dcber solche informiert das Unternehmen Werkstattfachleute regelm\u00e4\u00dfig im kostenlos \u201aTechnical Messenger\u2018, aus dem auch die vorliegenden Informationen stammen. Anmelden k\u00f6nnen sich interessierte Werkstattfachleute zu diesem Technik-Newsletter auf <a href=\"https:\/\/www.mahle-aftermarket.com\/eu\/de\/\" target=\"_blank\" rel=\"noopener noreferrer\">www.mahle-aftermarket.com<\/a> im Men\u00fcpunkt \u201aServices\u2018.<\/p>\n<h2>Scheinbare Undichtigkeit<\/h2>\n<p>In der aktuellen Ausgabe 4\/2020 etwa geht es um eine vermeintliche Undichtigkeit am K\u00fchlmittelk\u00fchler beziehungsweise dem Ausgleichsbeh\u00e4lter bei den MAN-Modellen TGA, TGS, TGX und F2000. Die relevanten Ersatzteilenummern sind in dem \u201aTechnical Messenger\u2018 aufgelistet. Bei den genannten K\u00fchlmittelk\u00fchlern bilden K\u00fchlermodul und Ausgleichsbeh\u00e4lter eine Einheit. \u201eWird der Ausgleichsbeh\u00e4lter \u00fcberf\u00fcllt, entweicht mit steigender Motortemperatur beziehungsweise steigendem Druck im K\u00fchlsystem das \u00fcbersch\u00fcssige K\u00fchlmittel \u00fcber das Druckausgleichsventil des blauen Verschlussdeckels\u201c, erl\u00e4utern die Fachleute von Mahle Aftermarket.<\/p>\n<div class=\"gallery-container\"><div class=\"owl-carousel owl-theme\">\r\n        <div>\r\n        \t<img decoding=\"async\" src=\"https:\/\/static.krafthand-truck.de\/uploads\/2020\/12\/0420_006_02.jpg\" alt=\"\" \/>\r\n          <a href=\"https:\/\/static.krafthand-truck.de\/uploads\/2020\/12\/0420_006_02.jpg\" data-featherlight=\"gallery_69f575f74ab62\" class=\"gallery-expand\" data-title=\"Bei manchen Nutzfahrzeug-Modellen bilden K\u00fchlmittelk\u00fchler und Ausgleichsbeh\u00e4lter eine Einheit. (Bild: Mahle Aftermarket)\"><i class=\"fa fa-expand\" aria-hidden=\"true\"><\/i><\/a>\r\n        \t<div class=\"gallery-caption wp-caption-text\"><p>Bei manchen Nutzfahrzeug-Modellen bilden K\u00fchlmittelk\u00fchler und Ausgleichsbeh\u00e4lter eine Einheit. (Bild: Mahle Aftermarket)<\/p>\n<\/div>\r\n        <\/div>\r\n        <div>\r\n        \t<img decoding=\"async\" src=\"https:\/\/static.krafthand-truck.de\/uploads\/2020\/12\/0420_006_03.jpg\" alt=\"\" \/>\r\n          <a href=\"https:\/\/static.krafthand-truck.de\/uploads\/2020\/12\/0420_006_03.jpg\" data-featherlight=\"gallery_69f575f74ab62\" class=\"gallery-expand\" data-title=\"Versch\u00fcttetes oder am \u00dcberdruckventil des Verschlusses ausgetretenes K\u00fchlmittel findet \u00fcber  diverse Ablaufkan\u00e4le den Weg nach unten. Ist die  Menge entsprechend gro\u00df, tritt das \u00fcbergelaufene K\u00fchlmittel an der Trennfuge Wasserkasten- Ausgleichsbeh\u00e4lter  wieder aus. (Bild: Mahle Aftermarket)\"><i class=\"fa fa-expand\" aria-hidden=\"true\"><\/i><\/a>\r\n        \t<div class=\"gallery-caption wp-caption-text\"><p>Versch\u00fcttetes oder am \u00dcberdruckventil des Verschlusses ausgetretenes K\u00fchlmittel findet \u00fcber  diverse Ablaufkan\u00e4le den Weg nach unten. Ist die  Menge entsprechend gro\u00df, tritt das \u00fcbergelaufene K\u00fchlmittel an der Trennfuge Wasserkasten- Ausgleichsbeh\u00e4lter  wieder aus. (Bild: Mahle Aftermarket)<\/p>\n<\/div>\r\n        <\/div><\/div><\/div>\r\n\t<script>\r\n\t\tjQuery(document).ready(function($){\r\n      setTimeout(function(){\r\n  \t\t\t$(\".owl-carousel\").owlCarousel({\r\n  \t\t\t\tloop:true,\r\n    \t\t\tmargin:10,\r\n    \t\t\tresponsiveClass:true,\r\n    \t\t\titems:1,\r\n    \t\t\tautoHeight: true,\r\n          nav: true,\r\n          URLhashListener: true,\r\n          startPosition: \"URLHash\",\r\n          navText: [\r\n            \"<i class='fa fa-chevron-left'><\/i>\",\r\n            \"<i class='fa fa-chevron-right'><\/i>\"\r\n          ],\r\n  \t\t\t});\r\n      }, 2000);\r\n\t\t});\r\n\t<\/script>\r\n\t\n<p>Das ausgetretene, oder auch beim Bef\u00fcllen neben die Einf\u00fcll\u00f6ffnung gelaufene K\u00fchlmittel flie\u00dft den Fachleuten zufolge schlie\u00dflich \u00fcber die Ablaufkan\u00e4le des Ausgleichsbeh\u00e4lters nach unten und tritt zwischen K\u00fchler und Beh\u00e4lter aus \u2013 was dann vermeintlich als Undichtigkeit interpretiert werden kann.<\/p>\n<h2>Korrekt f\u00fcllen und entl\u00fcften<\/h2>\n<p>Um derartige Probleme im Ansatz zu vermeiden, empfehlen die Experten, beim Bef\u00fcllen des K\u00fchlsystems sorgf\u00e4ltig zu arbeiten und auf die korrekte, vom Fahrzeughersteller vorgesehene K\u00fchlmittelmenge und -qualit\u00e4t zu achten sowie die Entl\u00fcftungsvorschriften zu befolgen. Denn ein sorgf\u00e4ltiges Vorgehen beim Entl\u00fcften beugt Fehlfunktionen aufgrund von Lufteinschl\u00fcssen vor. \u201eDa K\u00fchlmittel verschlei\u00dft, sollte man es regelm\u00e4\u00dfig nach den Vorgaben des Herstellers ersetzen, um Korrosion, Kalk, Kavitation und Ablagerungen im K\u00fchlsystem zu vermeiden\u201c, empfehlen die Fachleute.<\/p>\n<p><i>Den Beitrag finden Sie auch in der Print-Ausgabe 4\/20 der <a href=\"https:\/\/www.krafthand.de\/truck\/magazin\/\" title=\"Zum Magazin\">Krafthand-Truck<\/a>.<\/i><\/p>\r\n\t\t\t\t<div class=\"post-author\">\r\n\t\t\t\t\t<div class=\"khm-cp-author clearfix\">\r\n\t\t\t\t\t\t<div class=\"khm-cp-author__content\">\r\n\t\t\t\t\t\t\t\tKontakt zum Autor:<br \/>\r\n\t\t\t\t\t\t\t\t<strong>Klaus Kuss<\/strong>, 08247 \/ 3007-177 |  <a href=\"mailto:klaus.kuss@krafthand-medien.de\">klaus.kuss@krafthand-medien.de<\/a>\r\n\t\t\t\t\t\t\t<div class=\"khm-cp-author__image\">\r\n\t\t\t\t\t\t<img src=\"https:\/\/static.krafthand-truck.de\/uploads\/2018\/01\/Kuss_Klaus-250x300.png\" class=\"img-responsive\">\r\n\t\t\t\t\t<\/div>\r\n\t\t\t\t\t\t<\/div>\r\n\t\t\t\t\t<\/div>\r\n\t\t\t\t<\/div>\r\n\t\t\t\t","protected":false},"excerpt":{"rendered":"<p>Sichtbare K\u00fchlmittelspuren sind normalerweise ein untr\u00fcgliches Zeichen f\u00fcr ein Leck am K\u00fchlsystem. Normalerweise. <span class=\"excerpt-more__dots\">&#8230;<\/span> <a class=\"excerpt-more__link\" href=\"https:\/\/www.krafthand.de\/truck\/artikel\/nicht-ganz-dicht-oder-was-26100\/\" >weiter<\/a><\/p>\n","protected":false},"author":7,"featured_media":26101,"comment_status":"closed","ping_status":"closed","sticky":false,"template":"","format":"standard","meta":{"footnotes":""},"categories":[5],"tags":[3229,3692,1806,3230,152],"settings":[3524],"class_list":["post-26100","post","type-post","status-publish","format-standard","has-post-thumbnail","hentry","category-branche","tag-kuehler","tag-kuehlmittel","tag-kuehlmittelpumpe","tag-kuehlsystem","tag-man"],"yoast_head":"<!-- This site is optimized with the Yoast SEO plugin v27.3 - https:\/\/yoast.com\/product\/yoast-seo-wordpress\/ -->\n<title>Nicht ganz dicht, oder was? - Krafthand-Truck<\/title>\n<meta name=\"robots\" content=\"index, follow, max-snippet:-1, max-image-preview:large, max-video-preview:-1\" \/>\n<link rel=\"canonical\" href=\"https:\/\/www.krafthand.de\/truck\/artikel\/nicht-ganz-dicht-oder-was-26100\/\" \/>\n<meta property=\"og:locale\" content=\"de_DE\" \/>\n<meta property=\"og:type\" content=\"article\" \/>\n<meta property=\"og:title\" content=\"Nicht ganz dicht, oder was? - Krafthand-Truck\" \/>\n<meta property=\"og:description\" content=\"Sichtbare K\u00fchlmittelspuren sind normalerweise ein untr\u00fcgliches Zeichen f\u00fcr ein Leck am K\u00fchlsystem. Normalerweise. ... weiter\" \/>\n<meta property=\"og:url\" content=\"https:\/\/www.krafthand-truck.de\/artikel\/nicht-ganz-dicht-oder-was-26100\/\" \/>\n<meta property=\"og:site_name\" content=\"Krafthand-Truck\" \/>\n<meta property=\"article:published_time\" content=\"2020-12-03T08:25:43+00:00\" \/>\n<meta property=\"article:modified_time\" content=\"2020-12-03T08:25:59+00:00\" \/>\n<meta property=\"og:image\" content=\"https:\/\/www.krafthand.de\/truck\/wp-content\/uploads\/2020\/12\/0420_006_01.jpg\" \/>\n\t<meta property=\"og:image:width\" content=\"667\" \/>\n\t<meta property=\"og:image:height\" content=\"1000\" \/>\n\t<meta property=\"og:image:type\" content=\"image\/jpeg\" \/>\n<meta name=\"author\" content=\"julian.schmid@krafthand.de\" \/>\n<meta name=\"twitter:card\" content=\"summary_large_image\" \/>\n<meta name=\"twitter:label1\" content=\"Verfasst von\" \/>\n\t<meta name=\"twitter:data1\" content=\"julian.schmid@krafthand.de\" \/>\n\t<meta name=\"twitter:label2\" content=\"Gesch\u00e4tzte Lesezeit\" \/>\n\t<meta name=\"twitter:data2\" content=\"2\u00a0Minuten\" \/>\n<script type=\"application\/ld+json\" class=\"yoast-schema-graph\">{\"@context\":\"https:\\\/\\\/schema.org\",\"@graph\":[{\"@type\":\"Article\",\"@id\":\"https:\\\/\\\/www.krafthand.de\\\/truck\\\/artikel\\\/nicht-ganz-dicht-oder-was-26100\\\/#article\",\"isPartOf\":{\"@id\":\"https:\\\/\\\/www.krafthand.de\\\/truck\\\/artikel\\\/nicht-ganz-dicht-oder-was-26100\\\/\"},\"author\":{\"name\":\"julian.schmid@krafthand.de\",\"@id\":\"https:\\\/\\\/www.krafthand.de\\\/truck\\\/#\\\/schema\\\/person\\\/23aebc1e5e3f0204da7158bce36950bb\"},\"headline\":\"Nicht ganz dicht, oder was?\",\"datePublished\":\"2020-12-03T08:25:43+00:00\",\"dateModified\":\"2020-12-03T08:25:59+00:00\",\"mainEntityOfPage\":{\"@id\":\"https:\\\/\\\/www.krafthand.de\\\/truck\\\/artikel\\\/nicht-ganz-dicht-oder-was-26100\\\/\"},\"wordCount\":404,\"image\":{\"@id\":\"https:\\\/\\\/www.krafthand.de\\\/truck\\\/artikel\\\/nicht-ganz-dicht-oder-was-26100\\\/#primaryimage\"},\"thumbnailUrl\":\"https:\\\/\\\/static.krafthand-truck.de\\\/uploads\\\/2020\\\/12\\\/0420_006_01.jpg\",\"keywords\":[\"K\u00fchler\",\"K\u00fchlmittel\",\"K\u00fchlmittelpumpe\",\"K\u00fchlsystem\",\"MAN\"],\"articleSection\":[\"Nfz-Branche\"],\"inLanguage\":\"de\"},{\"@type\":\"WebPage\",\"@id\":\"https:\\\/\\\/www.krafthand.de\\\/truck\\\/artikel\\\/nicht-ganz-dicht-oder-was-26100\\\/\",\"url\":\"https:\\\/\\\/www.krafthand.de\\\/truck\\\/artikel\\\/nicht-ganz-dicht-oder-was-26100\\\/\",\"name\":\"Nicht ganz dicht, oder was? - Krafthand-Truck\",\"isPartOf\":{\"@id\":\"https:\\\/\\\/www.krafthand.de\\\/truck\\\/#website\"},\"primaryImageOfPage\":{\"@id\":\"https:\\\/\\\/www.krafthand.de\\\/truck\\\/artikel\\\/nicht-ganz-dicht-oder-was-26100\\\/#primaryimage\"},\"image\":{\"@id\":\"https:\\\/\\\/www.krafthand.de\\\/truck\\\/artikel\\\/nicht-ganz-dicht-oder-was-26100\\\/#primaryimage\"},\"thumbnailUrl\":\"https:\\\/\\\/static.krafthand-truck.de\\\/uploads\\\/2020\\\/12\\\/0420_006_01.jpg\",\"datePublished\":\"2020-12-03T08:25:43+00:00\",\"dateModified\":\"2020-12-03T08:25:59+00:00\",\"author\":{\"@id\":\"https:\\\/\\\/www.krafthand.de\\\/truck\\\/#\\\/schema\\\/person\\\/23aebc1e5e3f0204da7158bce36950bb\"},\"breadcrumb\":{\"@id\":\"https:\\\/\\\/www.krafthand.de\\\/truck\\\/artikel\\\/nicht-ganz-dicht-oder-was-26100\\\/#breadcrumb\"},\"inLanguage\":\"de\",\"potentialAction\":[{\"@type\":\"ReadAction\",\"target\":[\"https:\\\/\\\/www.krafthand.de\\\/truck\\\/artikel\\\/nicht-ganz-dicht-oder-was-26100\\\/\"]}]},{\"@type\":\"ImageObject\",\"inLanguage\":\"de\",\"@id\":\"https:\\\/\\\/www.krafthand.de\\\/truck\\\/artikel\\\/nicht-ganz-dicht-oder-was-26100\\\/#primaryimage\",\"url\":\"https:\\\/\\\/static.krafthand-truck.de\\\/uploads\\\/2020\\\/12\\\/0420_006_01.jpg\",\"contentUrl\":\"https:\\\/\\\/static.krafthand-truck.de\\\/uploads\\\/2020\\\/12\\\/0420_006_01.jpg\",\"width\":667,\"height\":1000,\"caption\":\"Fl\u00fcssigkeitsspuren am K\u00fchlmittelausgleichsbeh\u00e4lter sind verd\u00e4chtig. Doch nicht in jedem Fall steckt tats\u00e4chlich eine Undichtigkeit dahinter. Bild: Mahle Aftermarket\"},{\"@type\":\"BreadcrumbList\",\"@id\":\"https:\\\/\\\/www.krafthand.de\\\/truck\\\/artikel\\\/nicht-ganz-dicht-oder-was-26100\\\/#breadcrumb\",\"itemListElement\":[{\"@type\":\"ListItem\",\"position\":1,\"name\":\"Krafthand-Truck\",\"item\":\"https:\\\/\\\/www.krafthand.de\\\/truck\\\/\"},{\"@type\":\"ListItem\",\"position\":2,\"name\":\"Nfz-Branche\",\"item\":\"https:\\\/\\\/www.krafthand.de\\\/truck\\\/kategorie\\\/branche\\\/\"},{\"@type\":\"ListItem\",\"position\":3,\"name\":\"Nicht ganz dicht, oder was?\"}]},{\"@type\":\"WebSite\",\"@id\":\"https:\\\/\\\/www.krafthand.de\\\/truck\\\/#website\",\"url\":\"https:\\\/\\\/www.krafthand.de\\\/truck\\\/\",\"name\":\"Krafthand-Truck\",\"description\":\"\",\"potentialAction\":[{\"@type\":\"SearchAction\",\"target\":{\"@type\":\"EntryPoint\",\"urlTemplate\":\"https:\\\/\\\/www.krafthand.de\\\/truck\\\/?s={search_term_string}\"},\"query-input\":{\"@type\":\"PropertyValueSpecification\",\"valueRequired\":true,\"valueName\":\"search_term_string\"}}],\"inLanguage\":\"de\"},{\"@type\":\"Person\",\"@id\":\"https:\\\/\\\/www.krafthand.de\\\/truck\\\/#\\\/schema\\\/person\\\/23aebc1e5e3f0204da7158bce36950bb\",\"name\":\"julian.schmid@krafthand.de\",\"image\":{\"@type\":\"ImageObject\",\"inLanguage\":\"de\",\"@id\":\"https:\\\/\\\/secure.gravatar.com\\\/avatar\\\/ef76c2910cab8eb23fcc013e1c6dc1ba4af5e93fea6e6132d7c4e67d4e9631e9?s=96&d=mm&r=g\",\"url\":\"https:\\\/\\\/secure.gravatar.com\\\/avatar\\\/ef76c2910cab8eb23fcc013e1c6dc1ba4af5e93fea6e6132d7c4e67d4e9631e9?s=96&d=mm&r=g\",\"contentUrl\":\"https:\\\/\\\/secure.gravatar.com\\\/avatar\\\/ef76c2910cab8eb23fcc013e1c6dc1ba4af5e93fea6e6132d7c4e67d4e9631e9?s=96&d=mm&r=g\",\"caption\":\"julian.schmid@krafthand.de\"}}]}<\/script>\n<!-- \/ Yoast SEO plugin. -->","yoast_head_json":{"title":"Nicht ganz dicht, oder was? - Krafthand-Truck","robots":{"index":"index","follow":"follow","max-snippet":"max-snippet:-1","max-image-preview":"max-image-preview:large","max-video-preview":"max-video-preview:-1"},"canonical":"https:\/\/www.krafthand.de\/truck\/artikel\/nicht-ganz-dicht-oder-was-26100\/","og_locale":"de_DE","og_type":"article","og_title":"Nicht ganz dicht, oder was? - Krafthand-Truck","og_description":"Sichtbare K\u00fchlmittelspuren sind normalerweise ein untr\u00fcgliches Zeichen f\u00fcr ein Leck am K\u00fchlsystem. Normalerweise. ... weiter","og_url":"https:\/\/www.krafthand-truck.de\/artikel\/nicht-ganz-dicht-oder-was-26100\/","og_site_name":"Krafthand-Truck","article_published_time":"2020-12-03T08:25:43+00:00","article_modified_time":"2020-12-03T08:25:59+00:00","og_image":[{"width":667,"height":1000,"url":"https:\/\/www.krafthand.de\/truck\/wp-content\/uploads\/2020\/12\/0420_006_01.jpg","type":"image\/jpeg"}],"author":"julian.schmid@krafthand.de","twitter_card":"summary_large_image","twitter_misc":{"Verfasst von":"julian.schmid@krafthand.de","Gesch\u00e4tzte Lesezeit":"2\u00a0Minuten"},"schema":{"@context":"https:\/\/schema.org","@graph":[{"@type":"Article","@id":"https:\/\/www.krafthand.de\/truck\/artikel\/nicht-ganz-dicht-oder-was-26100\/#article","isPartOf":{"@id":"https:\/\/www.krafthand.de\/truck\/artikel\/nicht-ganz-dicht-oder-was-26100\/"},"author":{"name":"julian.schmid@krafthand.de","@id":"https:\/\/www.krafthand.de\/truck\/#\/schema\/person\/23aebc1e5e3f0204da7158bce36950bb"},"headline":"Nicht ganz dicht, oder was?","datePublished":"2020-12-03T08:25:43+00:00","dateModified":"2020-12-03T08:25:59+00:00","mainEntityOfPage":{"@id":"https:\/\/www.krafthand.de\/truck\/artikel\/nicht-ganz-dicht-oder-was-26100\/"},"wordCount":404,"image":{"@id":"https:\/\/www.krafthand.de\/truck\/artikel\/nicht-ganz-dicht-oder-was-26100\/#primaryimage"},"thumbnailUrl":"https:\/\/static.krafthand-truck.de\/uploads\/2020\/12\/0420_006_01.jpg","keywords":["K\u00fchler","K\u00fchlmittel","K\u00fchlmittelpumpe","K\u00fchlsystem","MAN"],"articleSection":["Nfz-Branche"],"inLanguage":"de"},{"@type":"WebPage","@id":"https:\/\/www.krafthand.de\/truck\/artikel\/nicht-ganz-dicht-oder-was-26100\/","url":"https:\/\/www.krafthand.de\/truck\/artikel\/nicht-ganz-dicht-oder-was-26100\/","name":"Nicht ganz dicht, oder was? - Krafthand-Truck","isPartOf":{"@id":"https:\/\/www.krafthand.de\/truck\/#website"},"primaryImageOfPage":{"@id":"https:\/\/www.krafthand.de\/truck\/artikel\/nicht-ganz-dicht-oder-was-26100\/#primaryimage"},"image":{"@id":"https:\/\/www.krafthand.de\/truck\/artikel\/nicht-ganz-dicht-oder-was-26100\/#primaryimage"},"thumbnailUrl":"https:\/\/static.krafthand-truck.de\/uploads\/2020\/12\/0420_006_01.jpg","datePublished":"2020-12-03T08:25:43+00:00","dateModified":"2020-12-03T08:25:59+00:00","author":{"@id":"https:\/\/www.krafthand.de\/truck\/#\/schema\/person\/23aebc1e5e3f0204da7158bce36950bb"},"breadcrumb":{"@id":"https:\/\/www.krafthand.de\/truck\/artikel\/nicht-ganz-dicht-oder-was-26100\/#breadcrumb"},"inLanguage":"de","potentialAction":[{"@type":"ReadAction","target":["https:\/\/www.krafthand.de\/truck\/artikel\/nicht-ganz-dicht-oder-was-26100\/"]}]},{"@type":"ImageObject","inLanguage":"de","@id":"https:\/\/www.krafthand.de\/truck\/artikel\/nicht-ganz-dicht-oder-was-26100\/#primaryimage","url":"https:\/\/static.krafthand-truck.de\/uploads\/2020\/12\/0420_006_01.jpg","contentUrl":"https:\/\/static.krafthand-truck.de\/uploads\/2020\/12\/0420_006_01.jpg","width":667,"height":1000,"caption":"Fl\u00fcssigkeitsspuren am K\u00fchlmittelausgleichsbeh\u00e4lter sind verd\u00e4chtig. Doch nicht in jedem Fall steckt tats\u00e4chlich eine Undichtigkeit dahinter. Bild: Mahle Aftermarket"},{"@type":"BreadcrumbList","@id":"https:\/\/www.krafthand.de\/truck\/artikel\/nicht-ganz-dicht-oder-was-26100\/#breadcrumb","itemListElement":[{"@type":"ListItem","position":1,"name":"Krafthand-Truck","item":"https:\/\/www.krafthand.de\/truck\/"},{"@type":"ListItem","position":2,"name":"Nfz-Branche","item":"https:\/\/www.krafthand.de\/truck\/kategorie\/branche\/"},{"@type":"ListItem","position":3,"name":"Nicht ganz dicht, oder was?"}]},{"@type":"WebSite","@id":"https:\/\/www.krafthand.de\/truck\/#website","url":"https:\/\/www.krafthand.de\/truck\/","name":"Krafthand-Truck","description":"","potentialAction":[{"@type":"SearchAction","target":{"@type":"EntryPoint","urlTemplate":"https:\/\/www.krafthand.de\/truck\/?s={search_term_string}"},"query-input":{"@type":"PropertyValueSpecification","valueRequired":true,"valueName":"search_term_string"}}],"inLanguage":"de"},{"@type":"Person","@id":"https:\/\/www.krafthand.de\/truck\/#\/schema\/person\/23aebc1e5e3f0204da7158bce36950bb","name":"julian.schmid@krafthand.de","image":{"@type":"ImageObject","inLanguage":"de","@id":"https:\/\/secure.gravatar.com\/avatar\/ef76c2910cab8eb23fcc013e1c6dc1ba4af5e93fea6e6132d7c4e67d4e9631e9?s=96&d=mm&r=g","url":"https:\/\/secure.gravatar.com\/avatar\/ef76c2910cab8eb23fcc013e1c6dc1ba4af5e93fea6e6132d7c4e67d4e9631e9?s=96&d=mm&r=g","contentUrl":"https:\/\/secure.gravatar.com\/avatar\/ef76c2910cab8eb23fcc013e1c6dc1ba4af5e93fea6e6132d7c4e67d4e9631e9?s=96&d=mm&r=g","caption":"julian.schmid@krafthand.de"}}]}},"_links":{"self":[{"href":"https:\/\/www.krafthand.de\/truck\/wp-json\/wp\/v2\/posts\/26100","targetHints":{"allow":["GET"]}}],"collection":[{"href":"https:\/\/www.krafthand.de\/truck\/wp-json\/wp\/v2\/posts"}],"about":[{"href":"https:\/\/www.krafthand.de\/truck\/wp-json\/wp\/v2\/types\/post"}],"author":[{"embeddable":true,"href":"https:\/\/www.krafthand.de\/truck\/wp-json\/wp\/v2\/users\/7"}],"replies":[{"embeddable":true,"href":"https:\/\/www.krafthand.de\/truck\/wp-json\/wp\/v2\/comments?post=26100"}],"version-history":[{"count":2,"href":"https:\/\/www.krafthand.de\/truck\/wp-json\/wp\/v2\/posts\/26100\/revisions"}],"predecessor-version":[{"id":26105,"href":"https:\/\/www.krafthand.de\/truck\/wp-json\/wp\/v2\/posts\/26100\/revisions\/26105"}],"wp:featuredmedia":[{"embeddable":true,"href":"https:\/\/www.krafthand.de\/truck\/wp-json\/wp\/v2\/media\/26101"}],"wp:attachment":[{"href":"https:\/\/www.krafthand.de\/truck\/wp-json\/wp\/v2\/media?parent=26100"}],"wp:term":[{"taxonomy":"category","embeddable":true,"href":"https:\/\/www.krafthand.de\/truck\/wp-json\/wp\/v2\/categories?post=26100"},{"taxonomy":"post_tag","embeddable":true,"href":"https:\/\/www.krafthand.de\/truck\/wp-json\/wp\/v2\/tags?post=26100"},{"taxonomy":"settings","embeddable":true,"href":"https:\/\/www.krafthand.de\/truck\/wp-json\/wp\/v2\/settings?post=26100"}],"curies":[{"name":"wp","href":"https:\/\/api.w.org\/{rel}","templated":true}]}}