{"id":26083,"date":"2020-11-23T07:00:39","date_gmt":"2020-11-23T06:00:39","guid":{"rendered":"https:\/\/www.krafthand.de\/truck\/?p=26083"},"modified":"2021-03-10T12:31:50","modified_gmt":"2021-03-10T11:31:50","slug":"100-jahre-dichttechnik","status":"publish","type":"post","link":"https:\/\/www.krafthand.de\/truck\/artikel\/100-jahre-dichttechnik-26083\/","title":{"rendered":"100 Jahre Dichttechnik"},"content":{"rendered":"<p>Seit einem Jahrhundert ist der Name \u201aReinz\u2018 eng mit der deutschen Automobilgeschichte verbunden, denn 1920 legte Hugo Reinz in Berlin den Grundstein f\u00fcr einen der international gr\u00f6\u00dften Automobilzulieferer der heutigen Zeit. Seit 1947 befindet sich der Firmen sitz der heutigen Reinz-Dichtungs-GmbH in Neu-Ulm. Mit \u00fcber 1.300 Mitarbeitern geh\u00f6rt der Dichtungsspezialist zu den wichtigsten Arbeitgebern der Region und versorgt unter dem Marken namen \u201aVictor Reinz\u2018 nahezu alle bekannten Marken und Modelle der Automobilhersteller weltweit mit innovativen Dichtungsl\u00f6sungen f\u00fcr den Motoren- und Abgasbereich. 1993 wurde Reinz ein Tochterunternehmen der US-amerikanischen Dana Incorporated, einem global ausgerichteten Unternehmen mit 36.000 Besch\u00e4ftigten auf sechs Kontinenten. Seit 2001 spielt Reinz mit dem Entwicklungsstart metallischer Bipolarplatten auch in der Liga der Brennstoffzellen- Spezialisten mit und gewann 2019 den \u201aFuel Cells and Hydrogen Award\u2018 in der Kategorie \u201aBest Success Story\u2018.<\/p>\n<p><i>Den Beitrag finden Sie auch in der Print-Ausgabe 3\/20 der <a href=\"https:\/\/www.krafthand.de\/truck\/magazin\/\" title=\"Zum Magazin\">Krafthand-Truck<\/a>.<\/i><\/p>","protected":false},"excerpt":{"rendered":"<p>Seit einem Jahrhundert ist der Name \u201aReinz\u2018 eng mit der deutschen Automobilgeschichte verbunden, denn 1920 legte Hugo Reinz in Berlin den Grundstein f\u00fcr einen der international gr\u00f6\u00dften Automobilzulieferer der heutigen Zeit. <span class=\"excerpt-more__dots\">&#8230;<\/span> <a class=\"excerpt-more__link\" href=\"https:\/\/www.krafthand.de\/truck\/artikel\/100-jahre-dichttechnik-26083\/\" >weiter<\/a><\/p>\n","protected":false},"author":7,"featured_media":26084,"comment_status":"closed","ping_status":"closed","sticky":false,"template":"","format":"standard","meta":{"footnotes":""},"categories":[4229,4235],"tags":[3628,3901],"settings":[],"class_list":["post-26083","post","type-post","status-publish","format-standard","has-post-thumbnail","hentry","category-nfz-teile-systeme","category-unternehmen","tag-dichtung","tag-victor-reinz"],"yoast_head":"<!-- This site is optimized with the Yoast SEO plugin v27.3 - https:\/\/yoast.com\/product\/yoast-seo-wordpress\/ -->\n<title>100 Jahre Dichttechnik - Krafthand-Truck<\/title>\n<meta name=\"robots\" content=\"index, follow, max-snippet:-1, max-image-preview:large, max-video-preview:-1\" \/>\n<link rel=\"canonical\" href=\"https:\/\/www.krafthand.de\/truck\/artikel\/100-jahre-dichttechnik-26083\/\" \/>\n<meta property=\"og:locale\" content=\"de_DE\" \/>\n<meta property=\"og:type\" content=\"article\" \/>\n<meta property=\"og:title\" content=\"100 Jahre Dichttechnik - Krafthand-Truck\" \/>\n<meta property=\"og:description\" content=\"Seit einem Jahrhundert ist der Name \u201aReinz\u2018 eng mit der deutschen Automobilgeschichte verbunden, denn 1920 legte Hugo Reinz in Berlin den Grundstein f\u00fcr einen der international gr\u00f6\u00dften Automobilzulieferer der heutigen Zeit. ... weiter\" \/>\n<meta property=\"og:url\" content=\"https:\/\/www.krafthand-truck.de\/artikel\/100-jahre-dichttechnik-26083\/\" \/>\n<meta property=\"og:site_name\" content=\"Krafthand-Truck\" \/>\n<meta property=\"article:published_time\" content=\"2020-11-23T06:00:39+00:00\" \/>\n<meta property=\"article:modified_time\" content=\"2021-03-10T11:31:50+00:00\" \/>\n<meta property=\"og:image\" content=\"https:\/\/www.krafthand.de\/truck\/wp-content\/uploads\/2020\/11\/03_20_036.jpg\" \/>\n\t<meta property=\"og:image:width\" content=\"1000\" \/>\n\t<meta property=\"og:image:height\" content=\"764\" \/>\n\t<meta property=\"og:image:type\" content=\"image\/jpeg\" \/>\n<meta name=\"author\" content=\"julian.schmid@krafthand.de\" \/>\n<meta name=\"twitter:card\" content=\"summary_large_image\" \/>\n<meta name=\"twitter:label1\" content=\"Verfasst von\" \/>\n\t<meta name=\"twitter:data1\" content=\"julian.schmid@krafthand.de\" \/>\n\t<meta name=\"twitter:label2\" content=\"Gesch\u00e4tzte Lesezeit\" \/>\n\t<meta name=\"twitter:data2\" content=\"1\u00a0Minute\" \/>\n<script type=\"application\/ld+json\" class=\"yoast-schema-graph\">{\"@context\":\"https:\\\/\\\/schema.org\",\"@graph\":[{\"@type\":\"Article\",\"@id\":\"https:\\\/\\\/www.krafthand.de\\\/truck\\\/artikel\\\/100-jahre-dichttechnik-26083\\\/#article\",\"isPartOf\":{\"@id\":\"https:\\\/\\\/www.krafthand.de\\\/truck\\\/artikel\\\/100-jahre-dichttechnik-26083\\\/\"},\"author\":{\"name\":\"julian.schmid@krafthand.de\",\"@id\":\"https:\\\/\\\/www.krafthand.de\\\/truck\\\/#\\\/schema\\\/person\\\/23aebc1e5e3f0204da7158bce36950bb\"},\"headline\":\"100 Jahre Dichttechnik\",\"datePublished\":\"2020-11-23T06:00:39+00:00\",\"dateModified\":\"2021-03-10T11:31:50+00:00\",\"mainEntityOfPage\":{\"@id\":\"https:\\\/\\\/www.krafthand.de\\\/truck\\\/artikel\\\/100-jahre-dichttechnik-26083\\\/\"},\"wordCount\":133,\"image\":{\"@id\":\"https:\\\/\\\/www.krafthand.de\\\/truck\\\/artikel\\\/100-jahre-dichttechnik-26083\\\/#primaryimage\"},\"thumbnailUrl\":\"https:\\\/\\\/static.krafthand-truck.de\\\/uploads\\\/2020\\\/11\\\/03_20_036.jpg\",\"keywords\":[\"Dichtung\",\"Victor Reinz\"],\"articleSection\":[\"Nfz-Teile\\\/Systeme\",\"Unternehmen\"],\"inLanguage\":\"de\"},{\"@type\":\"WebPage\",\"@id\":\"https:\\\/\\\/www.krafthand.de\\\/truck\\\/artikel\\\/100-jahre-dichttechnik-26083\\\/\",\"url\":\"https:\\\/\\\/www.krafthand.de\\\/truck\\\/artikel\\\/100-jahre-dichttechnik-26083\\\/\",\"name\":\"100 Jahre Dichttechnik - Krafthand-Truck\",\"isPartOf\":{\"@id\":\"https:\\\/\\\/www.krafthand.de\\\/truck\\\/#website\"},\"primaryImageOfPage\":{\"@id\":\"https:\\\/\\\/www.krafthand.de\\\/truck\\\/artikel\\\/100-jahre-dichttechnik-26083\\\/#primaryimage\"},\"image\":{\"@id\":\"https:\\\/\\\/www.krafthand.de\\\/truck\\\/artikel\\\/100-jahre-dichttechnik-26083\\\/#primaryimage\"},\"thumbnailUrl\":\"https:\\\/\\\/static.krafthand-truck.de\\\/uploads\\\/2020\\\/11\\\/03_20_036.jpg\",\"datePublished\":\"2020-11-23T06:00:39+00:00\",\"dateModified\":\"2021-03-10T11:31:50+00:00\",\"author\":{\"@id\":\"https:\\\/\\\/www.krafthand.de\\\/truck\\\/#\\\/schema\\\/person\\\/23aebc1e5e3f0204da7158bce36950bb\"},\"breadcrumb\":{\"@id\":\"https:\\\/\\\/www.krafthand.de\\\/truck\\\/artikel\\\/100-jahre-dichttechnik-26083\\\/#breadcrumb\"},\"inLanguage\":\"de\",\"potentialAction\":[{\"@type\":\"ReadAction\",\"target\":[\"https:\\\/\\\/www.krafthand.de\\\/truck\\\/artikel\\\/100-jahre-dichttechnik-26083\\\/\"]}]},{\"@type\":\"ImageObject\",\"inLanguage\":\"de\",\"@id\":\"https:\\\/\\\/www.krafthand.de\\\/truck\\\/artikel\\\/100-jahre-dichttechnik-26083\\\/#primaryimage\",\"url\":\"https:\\\/\\\/static.krafthand-truck.de\\\/uploads\\\/2020\\\/11\\\/03_20_036.jpg\",\"contentUrl\":\"https:\\\/\\\/static.krafthand-truck.de\\\/uploads\\\/2020\\\/11\\\/03_20_036.jpg\",\"width\":1000,\"height\":764,\"caption\":\"100 Jahre im Zeichen der Mobilit\u00e4t: Dichttechnik-Spezialist Victor Reinz feiert Jubil\u00e4um. Bild: Dana\\\/ Victor Reinz\"},{\"@type\":\"BreadcrumbList\",\"@id\":\"https:\\\/\\\/www.krafthand.de\\\/truck\\\/artikel\\\/100-jahre-dichttechnik-26083\\\/#breadcrumb\",\"itemListElement\":[{\"@type\":\"ListItem\",\"position\":1,\"name\":\"Krafthand-Truck\",\"item\":\"https:\\\/\\\/www.krafthand.de\\\/truck\\\/\"},{\"@type\":\"ListItem\",\"position\":2,\"name\":\"Nfz-Technik\",\"item\":\"https:\\\/\\\/www.krafthand.de\\\/truck\\\/kategorie\\\/nfz-technik\\\/\"},{\"@type\":\"ListItem\",\"position\":3,\"name\":\"Nfz-Teile\\\/Systeme\",\"item\":\"https:\\\/\\\/www.krafthand.de\\\/truck\\\/kategorie\\\/nfz-technik\\\/nfz-teile-systeme\\\/\"},{\"@type\":\"ListItem\",\"position\":4,\"name\":\"100 Jahre Dichttechnik\"}]},{\"@type\":\"WebSite\",\"@id\":\"https:\\\/\\\/www.krafthand.de\\\/truck\\\/#website\",\"url\":\"https:\\\/\\\/www.krafthand.de\\\/truck\\\/\",\"name\":\"Krafthand-Truck\",\"description\":\"\",\"potentialAction\":[{\"@type\":\"SearchAction\",\"target\":{\"@type\":\"EntryPoint\",\"urlTemplate\":\"https:\\\/\\\/www.krafthand.de\\\/truck\\\/?s={search_term_string}\"},\"query-input\":{\"@type\":\"PropertyValueSpecification\",\"valueRequired\":true,\"valueName\":\"search_term_string\"}}],\"inLanguage\":\"de\"},{\"@type\":\"Person\",\"@id\":\"https:\\\/\\\/www.krafthand.de\\\/truck\\\/#\\\/schema\\\/person\\\/23aebc1e5e3f0204da7158bce36950bb\",\"name\":\"julian.schmid@krafthand.de\",\"image\":{\"@type\":\"ImageObject\",\"inLanguage\":\"de\",\"@id\":\"https:\\\/\\\/secure.gravatar.com\\\/avatar\\\/ef76c2910cab8eb23fcc013e1c6dc1ba4af5e93fea6e6132d7c4e67d4e9631e9?s=96&d=mm&r=g\",\"url\":\"https:\\\/\\\/secure.gravatar.com\\\/avatar\\\/ef76c2910cab8eb23fcc013e1c6dc1ba4af5e93fea6e6132d7c4e67d4e9631e9?s=96&d=mm&r=g\",\"contentUrl\":\"https:\\\/\\\/secure.gravatar.com\\\/avatar\\\/ef76c2910cab8eb23fcc013e1c6dc1ba4af5e93fea6e6132d7c4e67d4e9631e9?s=96&d=mm&r=g\",\"caption\":\"julian.schmid@krafthand.de\"}}]}<\/script>\n<!-- \/ Yoast SEO plugin. -->","yoast_head_json":{"title":"100 Jahre Dichttechnik - Krafthand-Truck","robots":{"index":"index","follow":"follow","max-snippet":"max-snippet:-1","max-image-preview":"max-image-preview:large","max-video-preview":"max-video-preview:-1"},"canonical":"https:\/\/www.krafthand.de\/truck\/artikel\/100-jahre-dichttechnik-26083\/","og_locale":"de_DE","og_type":"article","og_title":"100 Jahre Dichttechnik - Krafthand-Truck","og_description":"Seit einem Jahrhundert ist der Name \u201aReinz\u2018 eng mit der deutschen Automobilgeschichte verbunden, denn 1920 legte Hugo Reinz in Berlin den Grundstein f\u00fcr einen der international gr\u00f6\u00dften Automobilzulieferer der heutigen Zeit. ... weiter","og_url":"https:\/\/www.krafthand-truck.de\/artikel\/100-jahre-dichttechnik-26083\/","og_site_name":"Krafthand-Truck","article_published_time":"2020-11-23T06:00:39+00:00","article_modified_time":"2021-03-10T11:31:50+00:00","og_image":[{"width":1000,"height":764,"url":"https:\/\/www.krafthand.de\/truck\/wp-content\/uploads\/2020\/11\/03_20_036.jpg","type":"image\/jpeg"}],"author":"julian.schmid@krafthand.de","twitter_card":"summary_large_image","twitter_misc":{"Verfasst von":"julian.schmid@krafthand.de","Gesch\u00e4tzte Lesezeit":"1\u00a0Minute"},"schema":{"@context":"https:\/\/schema.org","@graph":[{"@type":"Article","@id":"https:\/\/www.krafthand.de\/truck\/artikel\/100-jahre-dichttechnik-26083\/#article","isPartOf":{"@id":"https:\/\/www.krafthand.de\/truck\/artikel\/100-jahre-dichttechnik-26083\/"},"author":{"name":"julian.schmid@krafthand.de","@id":"https:\/\/www.krafthand.de\/truck\/#\/schema\/person\/23aebc1e5e3f0204da7158bce36950bb"},"headline":"100 Jahre Dichttechnik","datePublished":"2020-11-23T06:00:39+00:00","dateModified":"2021-03-10T11:31:50+00:00","mainEntityOfPage":{"@id":"https:\/\/www.krafthand.de\/truck\/artikel\/100-jahre-dichttechnik-26083\/"},"wordCount":133,"image":{"@id":"https:\/\/www.krafthand.de\/truck\/artikel\/100-jahre-dichttechnik-26083\/#primaryimage"},"thumbnailUrl":"https:\/\/static.krafthand-truck.de\/uploads\/2020\/11\/03_20_036.jpg","keywords":["Dichtung","Victor Reinz"],"articleSection":["Nfz-Teile\/Systeme","Unternehmen"],"inLanguage":"de"},{"@type":"WebPage","@id":"https:\/\/www.krafthand.de\/truck\/artikel\/100-jahre-dichttechnik-26083\/","url":"https:\/\/www.krafthand.de\/truck\/artikel\/100-jahre-dichttechnik-26083\/","name":"100 Jahre Dichttechnik - Krafthand-Truck","isPartOf":{"@id":"https:\/\/www.krafthand.de\/truck\/#website"},"primaryImageOfPage":{"@id":"https:\/\/www.krafthand.de\/truck\/artikel\/100-jahre-dichttechnik-26083\/#primaryimage"},"image":{"@id":"https:\/\/www.krafthand.de\/truck\/artikel\/100-jahre-dichttechnik-26083\/#primaryimage"},"thumbnailUrl":"https:\/\/static.krafthand-truck.de\/uploads\/2020\/11\/03_20_036.jpg","datePublished":"2020-11-23T06:00:39+00:00","dateModified":"2021-03-10T11:31:50+00:00","author":{"@id":"https:\/\/www.krafthand.de\/truck\/#\/schema\/person\/23aebc1e5e3f0204da7158bce36950bb"},"breadcrumb":{"@id":"https:\/\/www.krafthand.de\/truck\/artikel\/100-jahre-dichttechnik-26083\/#breadcrumb"},"inLanguage":"de","potentialAction":[{"@type":"ReadAction","target":["https:\/\/www.krafthand.de\/truck\/artikel\/100-jahre-dichttechnik-26083\/"]}]},{"@type":"ImageObject","inLanguage":"de","@id":"https:\/\/www.krafthand.de\/truck\/artikel\/100-jahre-dichttechnik-26083\/#primaryimage","url":"https:\/\/static.krafthand-truck.de\/uploads\/2020\/11\/03_20_036.jpg","contentUrl":"https:\/\/static.krafthand-truck.de\/uploads\/2020\/11\/03_20_036.jpg","width":1000,"height":764,"caption":"100 Jahre im Zeichen der Mobilit\u00e4t: Dichttechnik-Spezialist Victor Reinz feiert Jubil\u00e4um. Bild: Dana\/ Victor Reinz"},{"@type":"BreadcrumbList","@id":"https:\/\/www.krafthand.de\/truck\/artikel\/100-jahre-dichttechnik-26083\/#breadcrumb","itemListElement":[{"@type":"ListItem","position":1,"name":"Krafthand-Truck","item":"https:\/\/www.krafthand.de\/truck\/"},{"@type":"ListItem","position":2,"name":"Nfz-Technik","item":"https:\/\/www.krafthand.de\/truck\/kategorie\/nfz-technik\/"},{"@type":"ListItem","position":3,"name":"Nfz-Teile\/Systeme","item":"https:\/\/www.krafthand.de\/truck\/kategorie\/nfz-technik\/nfz-teile-systeme\/"},{"@type":"ListItem","position":4,"name":"100 Jahre Dichttechnik"}]},{"@type":"WebSite","@id":"https:\/\/www.krafthand.de\/truck\/#website","url":"https:\/\/www.krafthand.de\/truck\/","name":"Krafthand-Truck","description":"","potentialAction":[{"@type":"SearchAction","target":{"@type":"EntryPoint","urlTemplate":"https:\/\/www.krafthand.de\/truck\/?s={search_term_string}"},"query-input":{"@type":"PropertyValueSpecification","valueRequired":true,"valueName":"search_term_string"}}],"inLanguage":"de"},{"@type":"Person","@id":"https:\/\/www.krafthand.de\/truck\/#\/schema\/person\/23aebc1e5e3f0204da7158bce36950bb","name":"julian.schmid@krafthand.de","image":{"@type":"ImageObject","inLanguage":"de","@id":"https:\/\/secure.gravatar.com\/avatar\/ef76c2910cab8eb23fcc013e1c6dc1ba4af5e93fea6e6132d7c4e67d4e9631e9?s=96&d=mm&r=g","url":"https:\/\/secure.gravatar.com\/avatar\/ef76c2910cab8eb23fcc013e1c6dc1ba4af5e93fea6e6132d7c4e67d4e9631e9?s=96&d=mm&r=g","contentUrl":"https:\/\/secure.gravatar.com\/avatar\/ef76c2910cab8eb23fcc013e1c6dc1ba4af5e93fea6e6132d7c4e67d4e9631e9?s=96&d=mm&r=g","caption":"julian.schmid@krafthand.de"}}]}},"_links":{"self":[{"href":"https:\/\/www.krafthand.de\/truck\/wp-json\/wp\/v2\/posts\/26083","targetHints":{"allow":["GET"]}}],"collection":[{"href":"https:\/\/www.krafthand.de\/truck\/wp-json\/wp\/v2\/posts"}],"about":[{"href":"https:\/\/www.krafthand.de\/truck\/wp-json\/wp\/v2\/types\/post"}],"author":[{"embeddable":true,"href":"https:\/\/www.krafthand.de\/truck\/wp-json\/wp\/v2\/users\/7"}],"replies":[{"embeddable":true,"href":"https:\/\/www.krafthand.de\/truck\/wp-json\/wp\/v2\/comments?post=26083"}],"version-history":[{"count":1,"href":"https:\/\/www.krafthand.de\/truck\/wp-json\/wp\/v2\/posts\/26083\/revisions"}],"predecessor-version":[{"id":26085,"href":"https:\/\/www.krafthand.de\/truck\/wp-json\/wp\/v2\/posts\/26083\/revisions\/26085"}],"wp:featuredmedia":[{"embeddable":true,"href":"https:\/\/www.krafthand.de\/truck\/wp-json\/wp\/v2\/media\/26084"}],"wp:attachment":[{"href":"https:\/\/www.krafthand.de\/truck\/wp-json\/wp\/v2\/media?parent=26083"}],"wp:term":[{"taxonomy":"category","embeddable":true,"href":"https:\/\/www.krafthand.de\/truck\/wp-json\/wp\/v2\/categories?post=26083"},{"taxonomy":"post_tag","embeddable":true,"href":"https:\/\/www.krafthand.de\/truck\/wp-json\/wp\/v2\/tags?post=26083"},{"taxonomy":"settings","embeddable":true,"href":"https:\/\/www.krafthand.de\/truck\/wp-json\/wp\/v2\/settings?post=26083"}],"curies":[{"name":"wp","href":"https:\/\/api.w.org\/{rel}","templated":true}]}}