{"id":26074,"date":"2020-11-21T07:00:00","date_gmt":"2020-11-21T06:00:00","guid":{"rendered":"https:\/\/www.krafthand.de\/truck\/?p=26074"},"modified":"2021-03-26T08:47:30","modified_gmt":"2021-03-26T07:47:30","slug":"eine-vertrauensvolle-alternative-zum-original","status":"publish","type":"post","link":"https:\/\/www.krafthand.de\/truck\/artikel\/eine-vertrauensvolle-alternative-zum-original-26074\/","title":{"rendered":"Eine vertrauensvolle Alternative zum Original"},"content":{"rendered":"<p>\u201aI AM Auger\u2018 \u2013 \u201aIch bin Auger\u2018. Mit diesem Claim wirbt Auger, wobei \u201aIAM\u2018 eigentlich f\u00fcr \u201aIndependent After Market\u2018 steht. Doch was \u2013 oder besser: wer \u2013 steckt tats\u00e4chlich hinter diesem Wortspiel? Denn, obwohl das Unternehmen Auger schon seit 2003 als Lieferant im freien Reparaturmarkt agiert, kennt in Deutschland noch l\u00e4ngst nicht jeder Nutzfahrzeug-Werkstattprofi die Marke \u201aAuger\u2018. Doch das soll sich \u00e4ndern.<\/p>\n<p>Die Zeit ist gekommen, dem deutschen Reparaturmarkt die St\u00e4rken unseres Unternehmens und den Fokus unserer Aktivit\u00e4ten zu zeigen, wie wir unsere Partner des freien Ersatzteilmarktes unterst\u00fctzen wollen, damit diese Marktanteile gegen\u00fcber dem starken gebundenen Wettbewerb gewinnen\u201c, konstatiert Michael Storm, Vertriebsleiter D-A-CH und Benelux. Seit dem Einstieg Storms vor rund anderthalb Jahren investiere Auger in verschiedenste Projekte, um die Markenbekanntheit in den genannten M\u00e4rkten zu erh\u00f6hen. Dabei ist Auger kein Newcomer: Bereits 2003 wurde in K\u00f6ln die \u201aAuger Autotechnik GmbH\u2018 gegr\u00fcndet, um den Nutzfahrzeug Reparaturmarkt mit hochwertigen Ersatzteilen zu beliefern. In K\u00f6ln befinden sich auch heute noch die Vertriebszentrale und das Zentrallager \u2013 und die Zielrichtung ist laut Storm geblieben.<\/p>\n<figure id=\"attachment_26080\" aria-describedby=\"caption-attachment-26080\" style=\"width: 1000px\" class=\"wp-caption alignnone\"><img fetchpriority=\"high\" decoding=\"async\" class=\"size-full wp-image-26080\" src=\"https:\/\/www.krafthand.de\/truck\/wp-content\/uploads\/2020\/11\/03_20_035_02.jpg\" alt=\"Produktportfolio Auger\" width=\"1000\" height=\"667\" srcset=\"https:\/\/static.krafthand-truck.de\/uploads\/2020\/11\/03_20_035_02.jpg 1000w, https:\/\/static.krafthand-truck.de\/uploads\/2020\/11\/03_20_035_02-300x200.jpg 300w, https:\/\/static.krafthand-truck.de\/uploads\/2020\/11\/03_20_035_02-768x512.jpg 768w\" sizes=\"(max-width: 1000px) 100vw, 1000px\" \/><figcaption id=\"caption-attachment-26080\" class=\"wp-caption-text\">Den Gro\u00dfteil seines Produktportfolios produziert Auger mit hoher Fertigungskompetenz in neun eigenen Fabriken. Bild: Auger<\/figcaption><\/figure>\n<h2>Original als Ma\u00dfstab \u2013 aber besser geht immer<\/h2>\n<p>Eigenen Angaben zufolge umfasst das Produktportfolio derzeit mehr als 30.000 Referenzen und wird in 60 L\u00e4ndern angeboten. Neben einem hohen Servicegrad und einer ebensolchen Lieferf\u00e4higkeit \u2013 die Lagerfl\u00e4che in Europa und Russland betr\u00e4gt demnach 12.000 Quadratmeter \u2013 liegt den Verantwortlichen von Auger vor allem auch die Qualit\u00e4t der Ersatzteile am Herzen. Nach dem beinahe schon etwas provokanten Motto \u201eDas Originalprodukt muss nicht unbedingt die beste L\u00f6sung sein\u201c werden demnach die Produkte entwickelt und gefertigt \u2013 und wenn m\u00f6glich gegen\u00fcber dem Original sogar verbessert.<\/p>\n<p>Um diese Anspr\u00fcche entsprechend umsetzen zu k\u00f6nnen, besch\u00e4ftigt das Unternehmen laut Vertriebsleiter Storm derzeit mehr als 110 Mitarbeiter in den Entwicklungs-, Forschungs- und Testabteilungen. Den Spezialisten stehen dort modernste Entwicklungs- und Simulationstools sowie eigene Labore mit entsprechendem Test- und Pr\u00fcfequipment sowie eine Salztest-Kammer zur Verf\u00fcgung.<\/p>\n<h2>Hohe Fertigungskompetenz<\/h2>\n<p>Stolz ist Auger auf die eigene Fertigung: Demnach produzieren rund 2.200 Mitarbeiter auf 3.500 modernen Maschinen in neun Fabriken, die zusammen mit dem F &amp; E-Zentrum auf einem 100.000 Quadratmeter-Areal stehen, einen Gro\u00dfteil des Produktsortiments selbst. Laut Storm unterscheiden sich die Entwicklungs- und Fertigungsprozesse nicht von jenen der Originalhersteller. \u201eDas Qualit\u00e4tsmanagement vor Ort \u00fcberwacht den Herstellungsprozess streng nach den bekannten OE-Pr\u00fcfszenarien. Aufgrund dieser qualifizierten Prozesse wurden in den vergangenen Jahren zunehmend auch Auftr\u00e4ge von Fahrzeugherstellern und Tier-1-Lieferanten erledigt. Sehr stolz sind wir auf die Auszeichnung mit dem \u201aFord Q1 Status\u2018 im vergangenen Jahr,\u201c berichtet der Vertriebsprofi. Ferner sei man aufgrund der Eigenfertigung in der Lage, auch f\u00fcr andere Aftermarkt-Unternehmen nach deren Vorgaben und mit deren Logo zu produzieren und die Teile in deren Verpackung auszuliefern.<\/p>\n<figure id=\"attachment_26079\" aria-describedby=\"caption-attachment-26079\" style=\"width: 1000px\" class=\"wp-caption alignnone\"><img decoding=\"async\" class=\"size-full wp-image-26079\" src=\"https:\/\/www.krafthand.de\/truck\/wp-content\/uploads\/2020\/11\/03_20_035_03.jpg\" alt=\"Produktentwicklung Auger\" width=\"1000\" height=\"664\" srcset=\"https:\/\/static.krafthand-truck.de\/uploads\/2020\/11\/03_20_035_03.jpg 1000w, https:\/\/static.krafthand-truck.de\/uploads\/2020\/11\/03_20_035_03-300x199.jpg 300w, https:\/\/static.krafthand-truck.de\/uploads\/2020\/11\/03_20_035_03-768x510.jpg 768w\" sizes=\"(max-width: 1000px) 100vw, 1000px\" \/><figcaption id=\"caption-attachment-26079\" class=\"wp-caption-text\">Nach dem beinahe schon provokativen Motto \u201aDas Originalprodukt muss nicht unbedingt die beste L\u00f6sung sein\u2018 konstruieren und verbessern die Entwickler von Auger die Produkte. Bild: Auger<\/figcaption><\/figure>\n<h2>Das Ohr am Markt<\/h2>\n<p>\u201eWir legen gro\u00dfen Wert auf die neuesten Technologien, sowohl in der Produktion als auch im Vertrieb. Wir sammeln Daten \u00fcberall auf der Welt, um das Verhalten von Fahrzeugen und Produkten unter extremen Stra\u00dfen- und Witterungsbedingungen zu analysieren. Wir \u00fcberwachen dazu kontinuierlich, wie sich bestimmte Teile unter gewissen Belastungen verhalten und verwenden diese Daten zur Feinabstimmung. Ferner beobachten wir das Markt- und Kundenverhalten, um auf spezielle Bed\u00fcrfnisse fr\u00fchzeitig reagieren zu k\u00f6nnen. Dadurch erhalten wir wertvolle Marktdaten quasi in Echtzeit \u2013 worauf wir stolz sind und was uns gegen\u00fcber anderen Ersatzteil-Marken auszeichnet\u201c, res\u00fcmiert Michael Storm.<\/p>\n<div class=\"infobox box-grey\"><\/p>\n<h3>Drei Fragen an Michael Storm, Vertriebsleiter NFZ Aftermarket D-A-CH und Benelux bei Auger<\/h3>\n<p><p class=\"text-question\">Wo liegen die St\u00e4rken von Auger im Nutzfahrzeug-Ersatzteilegesch\u00e4ft?<\/p><p class=\"text-answer\"><\/p>\n<p>Aktuell umfasst unser Produktsortiment \u00fcber 30.000 Referenzen f\u00fcr Nutzfahrzeuge aller Art und auch Transporter, darunter die typischen Verschlei\u00dfkomponenten f\u00fcr Bremsen, Lenkung, Federung, Achsen, Antrieb und Kupplung, um nur einige zu nennen. Etwa die h\u00e4lfte der Artikel produzieren wir in eigenen Werken in Europa selbst, beispielsweise Radnaben, Luftfederb\u00e4lge, Dreieckslenker, Lenk- und Spurstangen, Gummilager und -buchsen, Bremsen- Reparaturs\u00e4tze,\u00a0 Sattelkupplungen und noch vieles andere mehr. Herzst\u00fcck der Eigenfertigung ist eine gro\u00dfe Entwicklungs-, Versuchs- und Testabteilung, in der neue Produkte entwickelt, Prototypen gebaut, getestet und freigegeben werden. Die Entwicklungs- und Fertigungsprozesse unterscheiden sich nicht von jenen der Originalhersteller.<\/p><\/p>\n<p><figure id=\"attachment_26078\" aria-describedby=\"caption-attachment-26078\" style=\"width: 1000px\" class=\"wp-caption alignnone\"><img decoding=\"async\" class=\"size-full wp-image-26078\" src=\"https:\/\/www.krafthand.de\/truck\/wp-content\/uploads\/2020\/11\/03_20_035_Kasten-e1606205691917.jpg\" alt=\" Michael Storm, Vertriebsleiter NFZ Aftermarket D-A-CH und Benelux bei Auger\" width=\"1000\" height=\"427\" srcset=\"https:\/\/static.krafthand-truck.de\/uploads\/2020\/11\/03_20_035_Kasten-e1606205691917.jpg 1000w, https:\/\/static.krafthand-truck.de\/uploads\/2020\/11\/03_20_035_Kasten-e1606205691917-300x128.jpg 300w, https:\/\/static.krafthand-truck.de\/uploads\/2020\/11\/03_20_035_Kasten-e1606205691917-768x328.jpg 768w\" sizes=\"(max-width: 1000px) 100vw, 1000px\" \/><figcaption id=\"caption-attachment-26078\" class=\"wp-caption-text\">Bild: Auger<\/figcaption><\/figure><\/p>\n<p><p class=\"text-question\">Wie unterst\u00fctzt Auger Nutzfahrzeug-Werkst\u00e4tten im freien Aftermarkt?<\/p><p class=\"text-answer\"><\/p>\n<p>Unser Hauptfokus liegt derzeit im Aufbau des deutschen Vertriebsnetzes, um sicherzustellen, dass jede interessierte Werkstatt oder Spedition einen Handelspartner findet, der \u201aAuger\u2018-Produkte vertreibt. Den Teilehandel als wichtigstes Bindeglied zu den Werkst\u00e4tten unterst\u00fctzen wir mit einer fortlaufenden Sortiments erweiterung und Programmen, etwa der Integration in das eigene B2B-Handels part ner-Portal pa rallel zu den etablierten Teile-Datenbanken der\u00a0 Branche. Die Pr\u00e4senz auf Messen wie Auto mechanika, Carat-Messe und vielen anderen sowie am Truck Grand Prix runden die Aktivit\u00e4ten ab.<\/p><\/p>\n<p><p class=\"text-question\">Welche Neuheiten d\u00fcrfen Nutzfahrzeug-Profis demn\u00e4chst von Auger erwarten?<\/p><p class=\"text-answer\"><\/p>\n<p>Intern arbeiten wir gerade an einem \u201aAuger Werkstattkonzept\u2018, das sich in bestehende Werkstattkonzepte integrieren l\u00e4sst. Wir denken dabei an Werkstatt-Tipps, Einbauhilfen, Schulungen et cetera. Ein weiteres Projekt ist die Steigerung des Servicegrades. Darunter verstehen wir eine marktgerechte Verf\u00fcgbarkeit in unserem Lager und dem der Handels partner, Schnelligkeit bei der Warenlieferung und eine z\u00fcgige Garantieabwicklung.<\/p><\/p>\n<p><\/div>\n<p><i>Den Beitrag finden Sie auch in der Print-Ausgabe 3\/20 der <a href=\"https:\/\/www.krafthand.de\/truck\/magazin\/\" title=\"Zum Magazin\">Krafthand-Truck<\/a>.<\/i><\/p>\r\n\t\t\t\t<div class=\"post-author\">\r\n\t\t\t\t\t<div class=\"khm-cp-author clearfix\">\r\n\t\t\t\t\t\t<div class=\"khm-cp-author__content\">\r\n\t\t\t\t\t\t\t\tKontakt zum Autor:<br \/>\r\n\t\t\t\t\t\t\t\t<strong>Klaus Kuss<\/strong>, 08247 \/ 3007-177 |  <a href=\"mailto:klaus.kuss@krafthand-medien.de\">klaus.kuss@krafthand-medien.de<\/a>\r\n\t\t\t\t\t\t\t<div class=\"khm-cp-author__image\">\r\n\t\t\t\t\t\t<img src=\"https:\/\/static.krafthand-truck.de\/uploads\/2018\/01\/Kuss_Klaus-250x300.png\" class=\"img-responsive\">\r\n\t\t\t\t\t<\/div>\r\n\t\t\t\t\t\t<\/div>\r\n\t\t\t\t\t<\/div>\r\n\t\t\t\t<\/div>\r\n\t\t\t\t","protected":false},"excerpt":{"rendered":"<p>Dieses Motto hat sich Nutzfahrzeugteile-Spezialist Auger auf die Fahnen geschrieben. <span class=\"excerpt-more__dots\">&#8230;<\/span> <a class=\"excerpt-more__link\" href=\"https:\/\/www.krafthand.de\/truck\/artikel\/eine-vertrauensvolle-alternative-zum-original-26074\/\" >weiter<\/a><\/p>\n","protected":false},"author":7,"featured_media":26077,"comment_status":"closed","ping_status":"closed","sticky":false,"template":"","format":"standard","meta":{"footnotes":""},"categories":[4229,4235],"tags":[4119,1953],"settings":[3524,3523],"class_list":["post-26074","post","type-post","status-publish","format-standard","has-post-thumbnail","hentry","category-nfz-teile-systeme","category-unternehmen","tag-auger","tag-independent-aftermarket"],"yoast_head":"<!-- This site is optimized with the Yoast SEO plugin v27.3 - https:\/\/yoast.com\/product\/yoast-seo-wordpress\/ -->\n<title>Eine vertrauensvolle Alternative zum Original - Krafthand-Truck<\/title>\n<meta name=\"robots\" content=\"index, follow, max-snippet:-1, max-image-preview:large, max-video-preview:-1\" \/>\n<link rel=\"canonical\" href=\"https:\/\/www.krafthand.de\/truck\/artikel\/eine-vertrauensvolle-alternative-zum-original-26074\/\" \/>\n<meta property=\"og:locale\" content=\"de_DE\" \/>\n<meta property=\"og:type\" content=\"article\" \/>\n<meta property=\"og:title\" content=\"Eine vertrauensvolle Alternative zum Original - Krafthand-Truck\" \/>\n<meta property=\"og:description\" content=\"Dieses Motto hat sich Nutzfahrzeugteile-Spezialist Auger auf die Fahnen geschrieben. ... weiter\" \/>\n<meta property=\"og:url\" content=\"https:\/\/www.krafthand-truck.de\/artikel\/eine-vertrauensvolle-alternative-zum-original-26074\/\" \/>\n<meta property=\"og:site_name\" content=\"Krafthand-Truck\" \/>\n<meta property=\"article:published_time\" content=\"2020-11-21T06:00:00+00:00\" \/>\n<meta property=\"article:modified_time\" content=\"2021-03-26T07:47:30+00:00\" \/>\n<meta property=\"og:image\" content=\"https:\/\/www.krafthand.de\/truck\/wp-content\/uploads\/2020\/11\/03_20_035_01.jpg\" \/>\n\t<meta property=\"og:image:width\" content=\"1000\" \/>\n\t<meta property=\"og:image:height\" content=\"667\" \/>\n\t<meta property=\"og:image:type\" content=\"image\/jpeg\" \/>\n<meta name=\"author\" content=\"julian.schmid@krafthand.de\" \/>\n<meta name=\"twitter:card\" content=\"summary_large_image\" \/>\n<meta name=\"twitter:label1\" content=\"Verfasst von\" \/>\n\t<meta name=\"twitter:data1\" content=\"julian.schmid@krafthand.de\" \/>\n\t<meta name=\"twitter:label2\" content=\"Gesch\u00e4tzte Lesezeit\" \/>\n\t<meta name=\"twitter:data2\" content=\"5\u00a0Minuten\" \/>\n<script type=\"application\/ld+json\" class=\"yoast-schema-graph\">{\"@context\":\"https:\\\/\\\/schema.org\",\"@graph\":[{\"@type\":\"Article\",\"@id\":\"https:\\\/\\\/www.krafthand.de\\\/truck\\\/artikel\\\/eine-vertrauensvolle-alternative-zum-original-26074\\\/#article\",\"isPartOf\":{\"@id\":\"https:\\\/\\\/www.krafthand.de\\\/truck\\\/artikel\\\/eine-vertrauensvolle-alternative-zum-original-26074\\\/\"},\"author\":{\"name\":\"julian.schmid@krafthand.de\",\"@id\":\"https:\\\/\\\/www.krafthand.de\\\/truck\\\/#\\\/schema\\\/person\\\/23aebc1e5e3f0204da7158bce36950bb\"},\"headline\":\"Eine vertrauensvolle Alternative zum Original\",\"datePublished\":\"2020-11-21T06:00:00+00:00\",\"dateModified\":\"2021-03-26T07:47:30+00:00\",\"mainEntityOfPage\":{\"@id\":\"https:\\\/\\\/www.krafthand.de\\\/truck\\\/artikel\\\/eine-vertrauensvolle-alternative-zum-original-26074\\\/\"},\"wordCount\":917,\"image\":{\"@id\":\"https:\\\/\\\/www.krafthand.de\\\/truck\\\/artikel\\\/eine-vertrauensvolle-alternative-zum-original-26074\\\/#primaryimage\"},\"thumbnailUrl\":\"https:\\\/\\\/static.krafthand-truck.de\\\/uploads\\\/2020\\\/11\\\/03_20_035_01.jpg\",\"keywords\":[\"Auger\",\"Independent Aftermarket\"],\"articleSection\":[\"Nfz-Teile\\\/Systeme\",\"Unternehmen\"],\"inLanguage\":\"de\"},{\"@type\":\"WebPage\",\"@id\":\"https:\\\/\\\/www.krafthand.de\\\/truck\\\/artikel\\\/eine-vertrauensvolle-alternative-zum-original-26074\\\/\",\"url\":\"https:\\\/\\\/www.krafthand.de\\\/truck\\\/artikel\\\/eine-vertrauensvolle-alternative-zum-original-26074\\\/\",\"name\":\"Eine vertrauensvolle Alternative zum Original - Krafthand-Truck\",\"isPartOf\":{\"@id\":\"https:\\\/\\\/www.krafthand.de\\\/truck\\\/#website\"},\"primaryImageOfPage\":{\"@id\":\"https:\\\/\\\/www.krafthand.de\\\/truck\\\/artikel\\\/eine-vertrauensvolle-alternative-zum-original-26074\\\/#primaryimage\"},\"image\":{\"@id\":\"https:\\\/\\\/www.krafthand.de\\\/truck\\\/artikel\\\/eine-vertrauensvolle-alternative-zum-original-26074\\\/#primaryimage\"},\"thumbnailUrl\":\"https:\\\/\\\/static.krafthand-truck.de\\\/uploads\\\/2020\\\/11\\\/03_20_035_01.jpg\",\"datePublished\":\"2020-11-21T06:00:00+00:00\",\"dateModified\":\"2021-03-26T07:47:30+00:00\",\"author\":{\"@id\":\"https:\\\/\\\/www.krafthand.de\\\/truck\\\/#\\\/schema\\\/person\\\/23aebc1e5e3f0204da7158bce36950bb\"},\"breadcrumb\":{\"@id\":\"https:\\\/\\\/www.krafthand.de\\\/truck\\\/artikel\\\/eine-vertrauensvolle-alternative-zum-original-26074\\\/#breadcrumb\"},\"inLanguage\":\"de\",\"potentialAction\":[{\"@type\":\"ReadAction\",\"target\":[\"https:\\\/\\\/www.krafthand.de\\\/truck\\\/artikel\\\/eine-vertrauensvolle-alternative-zum-original-26074\\\/\"]}]},{\"@type\":\"ImageObject\",\"inLanguage\":\"de\",\"@id\":\"https:\\\/\\\/www.krafthand.de\\\/truck\\\/artikel\\\/eine-vertrauensvolle-alternative-zum-original-26074\\\/#primaryimage\",\"url\":\"https:\\\/\\\/static.krafthand-truck.de\\\/uploads\\\/2020\\\/11\\\/03_20_035_01.jpg\",\"contentUrl\":\"https:\\\/\\\/static.krafthand-truck.de\\\/uploads\\\/2020\\\/11\\\/03_20_035_01.jpg\",\"width\":1000,\"height\":667,\"caption\":\"Bereits seit 2003 beliefert Auger den freien Nutzfahrzeug-Reparaturmarkt mit Ersatzteilen f\u00fcr Lkw, Anh\u00e4nger, Busse \u2013 und j\u00fcngst auch f\u00fcr Transporter. Bild: Auger\"},{\"@type\":\"BreadcrumbList\",\"@id\":\"https:\\\/\\\/www.krafthand.de\\\/truck\\\/artikel\\\/eine-vertrauensvolle-alternative-zum-original-26074\\\/#breadcrumb\",\"itemListElement\":[{\"@type\":\"ListItem\",\"position\":1,\"name\":\"Krafthand-Truck\",\"item\":\"https:\\\/\\\/www.krafthand.de\\\/truck\\\/\"},{\"@type\":\"ListItem\",\"position\":2,\"name\":\"Nfz-Technik\",\"item\":\"https:\\\/\\\/www.krafthand.de\\\/truck\\\/kategorie\\\/nfz-technik\\\/\"},{\"@type\":\"ListItem\",\"position\":3,\"name\":\"Nfz-Teile\\\/Systeme\",\"item\":\"https:\\\/\\\/www.krafthand.de\\\/truck\\\/kategorie\\\/nfz-technik\\\/nfz-teile-systeme\\\/\"},{\"@type\":\"ListItem\",\"position\":4,\"name\":\"Eine vertrauensvolle Alternative zum Original\"}]},{\"@type\":\"WebSite\",\"@id\":\"https:\\\/\\\/www.krafthand.de\\\/truck\\\/#website\",\"url\":\"https:\\\/\\\/www.krafthand.de\\\/truck\\\/\",\"name\":\"Krafthand-Truck\",\"description\":\"\",\"potentialAction\":[{\"@type\":\"SearchAction\",\"target\":{\"@type\":\"EntryPoint\",\"urlTemplate\":\"https:\\\/\\\/www.krafthand.de\\\/truck\\\/?s={search_term_string}\"},\"query-input\":{\"@type\":\"PropertyValueSpecification\",\"valueRequired\":true,\"valueName\":\"search_term_string\"}}],\"inLanguage\":\"de\"},{\"@type\":\"Person\",\"@id\":\"https:\\\/\\\/www.krafthand.de\\\/truck\\\/#\\\/schema\\\/person\\\/23aebc1e5e3f0204da7158bce36950bb\",\"name\":\"julian.schmid@krafthand.de\",\"image\":{\"@type\":\"ImageObject\",\"inLanguage\":\"de\",\"@id\":\"https:\\\/\\\/secure.gravatar.com\\\/avatar\\\/ef76c2910cab8eb23fcc013e1c6dc1ba4af5e93fea6e6132d7c4e67d4e9631e9?s=96&d=mm&r=g\",\"url\":\"https:\\\/\\\/secure.gravatar.com\\\/avatar\\\/ef76c2910cab8eb23fcc013e1c6dc1ba4af5e93fea6e6132d7c4e67d4e9631e9?s=96&d=mm&r=g\",\"contentUrl\":\"https:\\\/\\\/secure.gravatar.com\\\/avatar\\\/ef76c2910cab8eb23fcc013e1c6dc1ba4af5e93fea6e6132d7c4e67d4e9631e9?s=96&d=mm&r=g\",\"caption\":\"julian.schmid@krafthand.de\"}}]}<\/script>\n<!-- \/ Yoast SEO plugin. -->","yoast_head_json":{"title":"Eine vertrauensvolle Alternative zum Original - Krafthand-Truck","robots":{"index":"index","follow":"follow","max-snippet":"max-snippet:-1","max-image-preview":"max-image-preview:large","max-video-preview":"max-video-preview:-1"},"canonical":"https:\/\/www.krafthand.de\/truck\/artikel\/eine-vertrauensvolle-alternative-zum-original-26074\/","og_locale":"de_DE","og_type":"article","og_title":"Eine vertrauensvolle Alternative zum Original - Krafthand-Truck","og_description":"Dieses Motto hat sich Nutzfahrzeugteile-Spezialist Auger auf die Fahnen geschrieben. ... weiter","og_url":"https:\/\/www.krafthand-truck.de\/artikel\/eine-vertrauensvolle-alternative-zum-original-26074\/","og_site_name":"Krafthand-Truck","article_published_time":"2020-11-21T06:00:00+00:00","article_modified_time":"2021-03-26T07:47:30+00:00","og_image":[{"width":1000,"height":667,"url":"https:\/\/www.krafthand.de\/truck\/wp-content\/uploads\/2020\/11\/03_20_035_01.jpg","type":"image\/jpeg"}],"author":"julian.schmid@krafthand.de","twitter_card":"summary_large_image","twitter_misc":{"Verfasst von":"julian.schmid@krafthand.de","Gesch\u00e4tzte Lesezeit":"5\u00a0Minuten"},"schema":{"@context":"https:\/\/schema.org","@graph":[{"@type":"Article","@id":"https:\/\/www.krafthand.de\/truck\/artikel\/eine-vertrauensvolle-alternative-zum-original-26074\/#article","isPartOf":{"@id":"https:\/\/www.krafthand.de\/truck\/artikel\/eine-vertrauensvolle-alternative-zum-original-26074\/"},"author":{"name":"julian.schmid@krafthand.de","@id":"https:\/\/www.krafthand.de\/truck\/#\/schema\/person\/23aebc1e5e3f0204da7158bce36950bb"},"headline":"Eine vertrauensvolle Alternative zum Original","datePublished":"2020-11-21T06:00:00+00:00","dateModified":"2021-03-26T07:47:30+00:00","mainEntityOfPage":{"@id":"https:\/\/www.krafthand.de\/truck\/artikel\/eine-vertrauensvolle-alternative-zum-original-26074\/"},"wordCount":917,"image":{"@id":"https:\/\/www.krafthand.de\/truck\/artikel\/eine-vertrauensvolle-alternative-zum-original-26074\/#primaryimage"},"thumbnailUrl":"https:\/\/static.krafthand-truck.de\/uploads\/2020\/11\/03_20_035_01.jpg","keywords":["Auger","Independent Aftermarket"],"articleSection":["Nfz-Teile\/Systeme","Unternehmen"],"inLanguage":"de"},{"@type":"WebPage","@id":"https:\/\/www.krafthand.de\/truck\/artikel\/eine-vertrauensvolle-alternative-zum-original-26074\/","url":"https:\/\/www.krafthand.de\/truck\/artikel\/eine-vertrauensvolle-alternative-zum-original-26074\/","name":"Eine vertrauensvolle Alternative zum Original - Krafthand-Truck","isPartOf":{"@id":"https:\/\/www.krafthand.de\/truck\/#website"},"primaryImageOfPage":{"@id":"https:\/\/www.krafthand.de\/truck\/artikel\/eine-vertrauensvolle-alternative-zum-original-26074\/#primaryimage"},"image":{"@id":"https:\/\/www.krafthand.de\/truck\/artikel\/eine-vertrauensvolle-alternative-zum-original-26074\/#primaryimage"},"thumbnailUrl":"https:\/\/static.krafthand-truck.de\/uploads\/2020\/11\/03_20_035_01.jpg","datePublished":"2020-11-21T06:00:00+00:00","dateModified":"2021-03-26T07:47:30+00:00","author":{"@id":"https:\/\/www.krafthand.de\/truck\/#\/schema\/person\/23aebc1e5e3f0204da7158bce36950bb"},"breadcrumb":{"@id":"https:\/\/www.krafthand.de\/truck\/artikel\/eine-vertrauensvolle-alternative-zum-original-26074\/#breadcrumb"},"inLanguage":"de","potentialAction":[{"@type":"ReadAction","target":["https:\/\/www.krafthand.de\/truck\/artikel\/eine-vertrauensvolle-alternative-zum-original-26074\/"]}]},{"@type":"ImageObject","inLanguage":"de","@id":"https:\/\/www.krafthand.de\/truck\/artikel\/eine-vertrauensvolle-alternative-zum-original-26074\/#primaryimage","url":"https:\/\/static.krafthand-truck.de\/uploads\/2020\/11\/03_20_035_01.jpg","contentUrl":"https:\/\/static.krafthand-truck.de\/uploads\/2020\/11\/03_20_035_01.jpg","width":1000,"height":667,"caption":"Bereits seit 2003 beliefert Auger den freien Nutzfahrzeug-Reparaturmarkt mit Ersatzteilen f\u00fcr Lkw, Anh\u00e4nger, Busse \u2013 und j\u00fcngst auch f\u00fcr Transporter. Bild: Auger"},{"@type":"BreadcrumbList","@id":"https:\/\/www.krafthand.de\/truck\/artikel\/eine-vertrauensvolle-alternative-zum-original-26074\/#breadcrumb","itemListElement":[{"@type":"ListItem","position":1,"name":"Krafthand-Truck","item":"https:\/\/www.krafthand.de\/truck\/"},{"@type":"ListItem","position":2,"name":"Nfz-Technik","item":"https:\/\/www.krafthand.de\/truck\/kategorie\/nfz-technik\/"},{"@type":"ListItem","position":3,"name":"Nfz-Teile\/Systeme","item":"https:\/\/www.krafthand.de\/truck\/kategorie\/nfz-technik\/nfz-teile-systeme\/"},{"@type":"ListItem","position":4,"name":"Eine vertrauensvolle Alternative zum Original"}]},{"@type":"WebSite","@id":"https:\/\/www.krafthand.de\/truck\/#website","url":"https:\/\/www.krafthand.de\/truck\/","name":"Krafthand-Truck","description":"","potentialAction":[{"@type":"SearchAction","target":{"@type":"EntryPoint","urlTemplate":"https:\/\/www.krafthand.de\/truck\/?s={search_term_string}"},"query-input":{"@type":"PropertyValueSpecification","valueRequired":true,"valueName":"search_term_string"}}],"inLanguage":"de"},{"@type":"Person","@id":"https:\/\/www.krafthand.de\/truck\/#\/schema\/person\/23aebc1e5e3f0204da7158bce36950bb","name":"julian.schmid@krafthand.de","image":{"@type":"ImageObject","inLanguage":"de","@id":"https:\/\/secure.gravatar.com\/avatar\/ef76c2910cab8eb23fcc013e1c6dc1ba4af5e93fea6e6132d7c4e67d4e9631e9?s=96&d=mm&r=g","url":"https:\/\/secure.gravatar.com\/avatar\/ef76c2910cab8eb23fcc013e1c6dc1ba4af5e93fea6e6132d7c4e67d4e9631e9?s=96&d=mm&r=g","contentUrl":"https:\/\/secure.gravatar.com\/avatar\/ef76c2910cab8eb23fcc013e1c6dc1ba4af5e93fea6e6132d7c4e67d4e9631e9?s=96&d=mm&r=g","caption":"julian.schmid@krafthand.de"}}]}},"_links":{"self":[{"href":"https:\/\/www.krafthand.de\/truck\/wp-json\/wp\/v2\/posts\/26074","targetHints":{"allow":["GET"]}}],"collection":[{"href":"https:\/\/www.krafthand.de\/truck\/wp-json\/wp\/v2\/posts"}],"about":[{"href":"https:\/\/www.krafthand.de\/truck\/wp-json\/wp\/v2\/types\/post"}],"author":[{"embeddable":true,"href":"https:\/\/www.krafthand.de\/truck\/wp-json\/wp\/v2\/users\/7"}],"replies":[{"embeddable":true,"href":"https:\/\/www.krafthand.de\/truck\/wp-json\/wp\/v2\/comments?post=26074"}],"version-history":[{"count":5,"href":"https:\/\/www.krafthand.de\/truck\/wp-json\/wp\/v2\/posts\/26074\/revisions"}],"predecessor-version":[{"id":27126,"href":"https:\/\/www.krafthand.de\/truck\/wp-json\/wp\/v2\/posts\/26074\/revisions\/27126"}],"wp:featuredmedia":[{"embeddable":true,"href":"https:\/\/www.krafthand.de\/truck\/wp-json\/wp\/v2\/media\/26077"}],"wp:attachment":[{"href":"https:\/\/www.krafthand.de\/truck\/wp-json\/wp\/v2\/media?parent=26074"}],"wp:term":[{"taxonomy":"category","embeddable":true,"href":"https:\/\/www.krafthand.de\/truck\/wp-json\/wp\/v2\/categories?post=26074"},{"taxonomy":"post_tag","embeddable":true,"href":"https:\/\/www.krafthand.de\/truck\/wp-json\/wp\/v2\/tags?post=26074"},{"taxonomy":"settings","embeddable":true,"href":"https:\/\/www.krafthand.de\/truck\/wp-json\/wp\/v2\/settings?post=26074"}],"curies":[{"name":"wp","href":"https:\/\/api.w.org\/{rel}","templated":true}]}}