{"id":26055,"date":"2020-11-16T07:00:27","date_gmt":"2020-11-16T06:00:27","guid":{"rendered":"https:\/\/www.krafthand.de\/truck\/?p=26055"},"modified":"2021-11-26T15:17:54","modified_gmt":"2021-11-26T14:17:54","slug":"besser-voll-geladen","status":"publish","type":"post","link":"https:\/\/www.krafthand.de\/truck\/artikel\/besser-voll-geladen-26055\/","title":{"rendered":"Besser voll geladen"},"content":{"rendered":"<p class=\"text-colored\">Nicht nur kalte Wintertage stressen Nutzfahrzeugbatterien: auch im \u201aNormalbetrieb\u2018 kommt es immer wieder einmal vor, dass eine Batterie unerwartet \u201astirbt\u2018. \u00dcblicherweise bedeutet das unn\u00f6tigen Stress und Stillstand. Damit es nicht soweit kommt, empfiehlt Banner einen pr\u00e4ventiven Batterieservice. KRAFTHAND-Truck sprach mit G\u00fcnter Helmchen, Gesch\u00e4ftsf\u00fchrer von Banner Batterien Deutschland, \u00fcber die Strategie des Linzer Starterbatteriespezialisten im Nutzfahrzeugsektor.<\/p>\n<p class=\"text-question\">KRAFTHAND-Truck: Herr Helmchen, ist das Batteriegesch\u00e4ft bei Nutzfahrzeugen ein reines Ersatzgesch\u00e4ft \u201edefekt gegen neu\u201c? Oder l\u00e4sst sich das Gesch\u00e4ft mit Nutzfahrzeugbatterien durch gezielte Vermarktung profitabler gestalten?<\/p><p class=\"text-answer\"> G\u00fcnter Helmchen: Prinzipiell ist das Batteriebusiness bei Nutzfahrzeugen ein Ganzjahresgesch\u00e4ft \u201adefekt gegen neu\u2018. Wir empfehlen deshalb Werkst\u00e4tten, dass sie \u2013 als Basis f\u00fcr einen aktiven Batterieverkauf \u2013 ihren Kunden konsequent Batteriechecks und vorbeugendes Ausgleichsladen anbieten sollten. Denn h\u00e4ufige Kurzstreckenfahrten im Verteilerverkehr, unregelm\u00e4\u00dfige Fahrprofile in Kombination mit Stop-and-go-Verkehr, h\u00e4ufige Kaltstarts, speziell bei eisigen Temperaturen, viele elektrische Zusatzverbraucher im Fernlaster wie Sitz- und<br \/>\nStandheizung, Klimaanlage, K\u00fchlschrank et cetera, reduzieren das Energielevel der Batterien kontinuierlich. Daher sollte man den Batterien regelm\u00e4\u00dfig eine Extraportion externe Nachladung g\u00f6nnen. <\/p>\n<figure id=\"attachment_26058\" aria-describedby=\"caption-attachment-26058\" style=\"width: 1000px\" class=\"wp-caption alignnone\"><img fetchpriority=\"high\" decoding=\"async\" class=\"size-full wp-image-26058\" src=\"https:\/\/www.krafthand.de\/truck\/wp-content\/uploads\/2020\/11\/03_20_031_01.jpg\" alt=\"Banner LKW-Batterie\" width=\"1000\" height=\"750\" srcset=\"https:\/\/static.krafthand-truck.de\/uploads\/2020\/11\/03_20_031_01.jpg 1000w, https:\/\/static.krafthand-truck.de\/uploads\/2020\/11\/03_20_031_01-300x225.jpg 300w, https:\/\/static.krafthand-truck.de\/uploads\/2020\/11\/03_20_031_01-768x576.jpg 768w, https:\/\/static.krafthand-truck.de\/uploads\/2020\/11\/03_20_031_01-200x150.jpg 200w\" sizes=\"(max-width: 1000px) 100vw, 1000px\" \/><figcaption id=\"caption-attachment-26058\" class=\"wp-caption-text\">Im Vergleich zu Pkw-Batterien entladen sich Nutzfahrzeug-Batterien bei ung\u00fcnstigen Betriebsbedingungen und Fahrprofilen wesentlich h\u00e4ufiger. Deshalb sollte man die Batterien mindestens zweimal im Jahr extern aufladen. F\u00e4llt die Ruhespannung auf 24,6 Volt oder weniger, sind Batterieprobleme vorprogrammiert. Bild: Banner<\/figcaption><\/figure>\n<p class=\"text-question\">Wie k\u00f6nnte so ein prophylaktischer Batterie service in der Praxis aussehen?<\/p><p class=\"text-answer\"> Ein Batterieservice sollte bei konventionellen Starter- und Bordnetzbatterien bei jedem Werkstattdurchlauf erfolgen. Dazu geh\u00f6rt neben der Pr\u00fcfung des Ladezustands immer auch die Kontrolle des Elektrolytstands. <\/p>\n<p class=\"text-question\">Wie lange \u201alebt\u2018 nach Ihren Erfahrungen eine durchschnittliche Nutzfahrzeugbatterie?<\/p><p class=\"text-answer\"> Drei bis vier Jahre schafft eine konventionelle Starter- und Bordnetzbatterie im Verteilerverkehr beziehungsweise bei Linien bussen \u2013 eine \u201agute\u2018 Behandlung vorausgesetzt. Bei Fernlastern und in Fernreisebussen streut die Lebensdauer je nach verwendeter Batterietechnologie. Banner empfiehlt f\u00fcr diese Anwendungen, m\u00f6glichst eine SHD Professional- oder EFB-Batterie zu verwenden, um eine \u00e4hnliche Einsatzdauer zu erzielen.<\/p>\n<p class=\"text-question\">Was sind Ihnen bekannte, typische \u201a Batterie-Killer\u2018?<\/p><p class=\"text-answer\"> Extreme R\u00fcttelbeanspruchungen, wie sie beim Integral-Heckverbau auftreten, extreme Zyklisierung, also sehr h\u00e4ufiges Entladen und Laden, sowie der hohe Energiebedarf im Fernverkehr, Stichwort \u201aHotelfunktionen\u2018.<\/p>\n<p class=\"text-question\">Was raten Sie Nutzfahrzeug-Betrieben f\u00fcr die bevorstehende Winterbevorratung? Mittlerweile gibt es ja bei Nutzfahrzeugen \u2013 \u00e4hnlich wie beim Pkw \u2013 auch immer mehr verschiedene Batterietypen (konventionell nass, AGM, Gel etc.).<\/p><p class=\"text-answer\"> Grunds\u00e4tzlich sollten die \u201aRenner-Batterietypen\u2018 f\u00fcr den eigenen Fuhrpark immer auf Lager sein. Dabei sollte Folgendes unbedingt beachtet werden:<br \/>\nBatterien k\u00fchl, zwischen 0 \u00b0C und + 25 \u00b0C und trocken lagern und regelm\u00e4\u00dfig die Ruhespannung kontrollieren. Sp\u00e4testens bei 12,5 Volt sofort nachladen. Und: kein Weiterverkauf beziehungsweise Einbau von Batterien mit einer Ruhespannung unter 12,60 Volt.<\/p>\n<p><em><strong> Herr Helmchen, vielen Dank f\u00fcr die interessanten Informationen.<\/strong><\/em><\/p>\n<p style=\"text-align: right;\"><em>Die Fragen stellte KRAFTHAND-Truck Chefredakteur Klaus Kuss.<\/em><\/p>\n<p><i>Den Beitrag finden Sie auch in der Print-Ausgabe 3\/20 der <a href=\"https:\/\/www.krafthand.de\/truck\/magazin\/\" title=\"Zum Magazin\">Krafthand-Truck<\/a>.<\/i><\/p>\r\n\t\t\t\t<div class=\"post-author\">\r\n\t\t\t\t\t<div class=\"khm-cp-author clearfix\">\r\n\t\t\t\t\t\t<div class=\"khm-cp-author__content\">\r\n\t\t\t\t\t\t\t\tKontakt zum Autor:<br \/>\r\n\t\t\t\t\t\t\t\t<strong>Klaus Kuss<\/strong>, 08247 \/ 3007-177 |  <a href=\"mailto:klaus.kuss@krafthand-medien.de\">klaus.kuss@krafthand-medien.de<\/a>\r\n\t\t\t\t\t\t\t<div class=\"khm-cp-author__image\">\r\n\t\t\t\t\t\t<img src=\"https:\/\/static.krafthand-truck.de\/uploads\/2018\/01\/Kuss_Klaus-250x300.png\" class=\"img-responsive\">\r\n\t\t\t\t\t<\/div>\r\n\t\t\t\t\t\t<\/div>\r\n\t\t\t\t\t<\/div>\r\n\t\t\t\t<\/div>\r\n\t\t\t\t","protected":false},"excerpt":{"rendered":"<p>KRAFTHAND-Truck sprach mit G\u00fcnter Helmchen, Gesch\u00e4ftsf\u00fchrer von Banner Batterien Deutschland, \u00fcber die Strategie des Linzer Starterbatteriespezialisten im Nutzfahrzeugsektor. <span class=\"excerpt-more__dots\">&#8230;<\/span> <a class=\"excerpt-more__link\" href=\"https:\/\/www.krafthand.de\/truck\/artikel\/besser-voll-geladen-26055\/\" >weiter<\/a><\/p>\n","protected":false},"author":7,"featured_media":26059,"comment_status":"closed","ping_status":"closed","sticky":false,"template":"","format":"standard","meta":{"footnotes":""},"categories":[4220,4218],"tags":[2842,3493,1502,3443,3507,3385],"settings":[3524,3523],"class_list":["post-26055","post","type-post","status-publish","format-standard","has-post-thumbnail","hentry","category-werkstattausruestung","category-werkstattpraxis","tag-agm-batterie","tag-banner","tag-batterie","tag-batterieladegeraet","tag-gel-batterie","tag-start-stopp-batterien"],"yoast_head":"<!-- This site is optimized with the Yoast SEO plugin v27.3 - https:\/\/yoast.com\/product\/yoast-seo-wordpress\/ -->\n<title>Besser voll geladen - Krafthand-Truck<\/title>\n<meta name=\"robots\" content=\"index, follow, max-snippet:-1, max-image-preview:large, max-video-preview:-1\" \/>\n<link rel=\"canonical\" href=\"https:\/\/www.krafthand.de\/truck\/artikel\/besser-voll-geladen-26055\/\" \/>\n<meta property=\"og:locale\" content=\"de_DE\" \/>\n<meta property=\"og:type\" content=\"article\" \/>\n<meta property=\"og:title\" content=\"Besser voll geladen - Krafthand-Truck\" \/>\n<meta property=\"og:description\" content=\"KRAFTHAND-Truck sprach mit G\u00fcnter Helmchen, Gesch\u00e4ftsf\u00fchrer von Banner Batterien Deutschland, \u00fcber die Strategie des Linzer Starterbatteriespezialisten im Nutzfahrzeugsektor. ... weiter\" \/>\n<meta property=\"og:url\" content=\"https:\/\/www.krafthand-truck.de\/artikel\/besser-voll-geladen-26055\/\" \/>\n<meta property=\"og:site_name\" content=\"Krafthand-Truck\" \/>\n<meta property=\"article:published_time\" content=\"2020-11-16T06:00:27+00:00\" \/>\n<meta property=\"article:modified_time\" content=\"2021-11-26T14:17:54+00:00\" \/>\n<meta property=\"og:image\" content=\"https:\/\/www.krafthand.de\/truck\/wp-content\/uploads\/2020\/11\/03_20_031_02.jpg\" \/>\n\t<meta property=\"og:image:width\" content=\"1000\" \/>\n\t<meta property=\"og:image:height\" content=\"722\" \/>\n\t<meta property=\"og:image:type\" content=\"image\/jpeg\" \/>\n<meta name=\"author\" content=\"julian.schmid@krafthand.de\" \/>\n<meta name=\"twitter:card\" content=\"summary_large_image\" \/>\n<meta name=\"twitter:label1\" content=\"Verfasst von\" \/>\n\t<meta name=\"twitter:data1\" content=\"julian.schmid@krafthand.de\" \/>\n\t<meta name=\"twitter:label2\" content=\"Gesch\u00e4tzte Lesezeit\" \/>\n\t<meta name=\"twitter:data2\" content=\"2\u00a0Minuten\" \/>\n<script type=\"application\/ld+json\" class=\"yoast-schema-graph\">{\"@context\":\"https:\\\/\\\/schema.org\",\"@graph\":[{\"@type\":\"Article\",\"@id\":\"https:\\\/\\\/www.krafthand.de\\\/truck\\\/artikel\\\/besser-voll-geladen-26055\\\/#article\",\"isPartOf\":{\"@id\":\"https:\\\/\\\/www.krafthand.de\\\/truck\\\/artikel\\\/besser-voll-geladen-26055\\\/\"},\"author\":{\"name\":\"julian.schmid@krafthand.de\",\"@id\":\"https:\\\/\\\/www.krafthand.de\\\/truck\\\/#\\\/schema\\\/person\\\/23aebc1e5e3f0204da7158bce36950bb\"},\"headline\":\"Besser voll geladen\",\"datePublished\":\"2020-11-16T06:00:27+00:00\",\"dateModified\":\"2021-11-26T14:17:54+00:00\",\"mainEntityOfPage\":{\"@id\":\"https:\\\/\\\/www.krafthand.de\\\/truck\\\/artikel\\\/besser-voll-geladen-26055\\\/\"},\"wordCount\":479,\"image\":{\"@id\":\"https:\\\/\\\/www.krafthand.de\\\/truck\\\/artikel\\\/besser-voll-geladen-26055\\\/#primaryimage\"},\"thumbnailUrl\":\"https:\\\/\\\/static.krafthand-truck.de\\\/uploads\\\/2020\\\/11\\\/03_20_031_02.jpg\",\"keywords\":[\"AGM-Batterie\",\"Banner\",\"Batterie\",\"Batterieladeger\u00e4t\",\"GEL-Batterie\",\"Start-\\\/Stopp-Batterien\"],\"articleSection\":[\"Werkstattausr\u00fcstung\",\"Werkstattpraxis\"],\"inLanguage\":\"de\"},{\"@type\":\"WebPage\",\"@id\":\"https:\\\/\\\/www.krafthand.de\\\/truck\\\/artikel\\\/besser-voll-geladen-26055\\\/\",\"url\":\"https:\\\/\\\/www.krafthand.de\\\/truck\\\/artikel\\\/besser-voll-geladen-26055\\\/\",\"name\":\"Besser voll geladen - Krafthand-Truck\",\"isPartOf\":{\"@id\":\"https:\\\/\\\/www.krafthand.de\\\/truck\\\/#website\"},\"primaryImageOfPage\":{\"@id\":\"https:\\\/\\\/www.krafthand.de\\\/truck\\\/artikel\\\/besser-voll-geladen-26055\\\/#primaryimage\"},\"image\":{\"@id\":\"https:\\\/\\\/www.krafthand.de\\\/truck\\\/artikel\\\/besser-voll-geladen-26055\\\/#primaryimage\"},\"thumbnailUrl\":\"https:\\\/\\\/static.krafthand-truck.de\\\/uploads\\\/2020\\\/11\\\/03_20_031_02.jpg\",\"datePublished\":\"2020-11-16T06:00:27+00:00\",\"dateModified\":\"2021-11-26T14:17:54+00:00\",\"author\":{\"@id\":\"https:\\\/\\\/www.krafthand.de\\\/truck\\\/#\\\/schema\\\/person\\\/23aebc1e5e3f0204da7158bce36950bb\"},\"breadcrumb\":{\"@id\":\"https:\\\/\\\/www.krafthand.de\\\/truck\\\/artikel\\\/besser-voll-geladen-26055\\\/#breadcrumb\"},\"inLanguage\":\"de\",\"potentialAction\":[{\"@type\":\"ReadAction\",\"target\":[\"https:\\\/\\\/www.krafthand.de\\\/truck\\\/artikel\\\/besser-voll-geladen-26055\\\/\"]}]},{\"@type\":\"ImageObject\",\"inLanguage\":\"de\",\"@id\":\"https:\\\/\\\/www.krafthand.de\\\/truck\\\/artikel\\\/besser-voll-geladen-26055\\\/#primaryimage\",\"url\":\"https:\\\/\\\/static.krafthand-truck.de\\\/uploads\\\/2020\\\/11\\\/03_20_031_02.jpg\",\"contentUrl\":\"https:\\\/\\\/static.krafthand-truck.de\\\/uploads\\\/2020\\\/11\\\/03_20_031_02.jpg\",\"width\":1000,\"height\":722,\"caption\":\"Bei konventionellen Starter- und Bordnetzbatterien sollte ein prophylaktischer Batterieservice bei jedem Werkstattdurchlauf erfolgen. Dabei sollte man den Ladezustand pr\u00fcfen und den Elektrolytstand kontrollieren\u201c, r\u00e4t G\u00fcnter Helmchen, Gesch\u00e4ftsf\u00fchrer von Banner Batterien Deutschland. (Bild: Banner)\"},{\"@type\":\"BreadcrumbList\",\"@id\":\"https:\\\/\\\/www.krafthand.de\\\/truck\\\/artikel\\\/besser-voll-geladen-26055\\\/#breadcrumb\",\"itemListElement\":[{\"@type\":\"ListItem\",\"position\":1,\"name\":\"Krafthand-Truck\",\"item\":\"https:\\\/\\\/www.krafthand.de\\\/truck\\\/\"},{\"@type\":\"ListItem\",\"position\":2,\"name\":\"Nfz-Service\",\"item\":\"https:\\\/\\\/www.krafthand.de\\\/truck\\\/kategorie\\\/nfz-service\\\/\"},{\"@type\":\"ListItem\",\"position\":3,\"name\":\"Werkstattpraxis\",\"item\":\"https:\\\/\\\/www.krafthand.de\\\/truck\\\/kategorie\\\/nfz-service\\\/werkstattpraxis\\\/\"},{\"@type\":\"ListItem\",\"position\":4,\"name\":\"Besser voll geladen\"}]},{\"@type\":\"WebSite\",\"@id\":\"https:\\\/\\\/www.krafthand.de\\\/truck\\\/#website\",\"url\":\"https:\\\/\\\/www.krafthand.de\\\/truck\\\/\",\"name\":\"Krafthand-Truck\",\"description\":\"\",\"potentialAction\":[{\"@type\":\"SearchAction\",\"target\":{\"@type\":\"EntryPoint\",\"urlTemplate\":\"https:\\\/\\\/www.krafthand.de\\\/truck\\\/?s={search_term_string}\"},\"query-input\":{\"@type\":\"PropertyValueSpecification\",\"valueRequired\":true,\"valueName\":\"search_term_string\"}}],\"inLanguage\":\"de\"},{\"@type\":\"Person\",\"@id\":\"https:\\\/\\\/www.krafthand.de\\\/truck\\\/#\\\/schema\\\/person\\\/23aebc1e5e3f0204da7158bce36950bb\",\"name\":\"julian.schmid@krafthand.de\",\"image\":{\"@type\":\"ImageObject\",\"inLanguage\":\"de\",\"@id\":\"https:\\\/\\\/secure.gravatar.com\\\/avatar\\\/ef76c2910cab8eb23fcc013e1c6dc1ba4af5e93fea6e6132d7c4e67d4e9631e9?s=96&d=mm&r=g\",\"url\":\"https:\\\/\\\/secure.gravatar.com\\\/avatar\\\/ef76c2910cab8eb23fcc013e1c6dc1ba4af5e93fea6e6132d7c4e67d4e9631e9?s=96&d=mm&r=g\",\"contentUrl\":\"https:\\\/\\\/secure.gravatar.com\\\/avatar\\\/ef76c2910cab8eb23fcc013e1c6dc1ba4af5e93fea6e6132d7c4e67d4e9631e9?s=96&d=mm&r=g\",\"caption\":\"julian.schmid@krafthand.de\"}}]}<\/script>\n<!-- \/ Yoast SEO plugin. -->","yoast_head_json":{"title":"Besser voll geladen - Krafthand-Truck","robots":{"index":"index","follow":"follow","max-snippet":"max-snippet:-1","max-image-preview":"max-image-preview:large","max-video-preview":"max-video-preview:-1"},"canonical":"https:\/\/www.krafthand.de\/truck\/artikel\/besser-voll-geladen-26055\/","og_locale":"de_DE","og_type":"article","og_title":"Besser voll geladen - Krafthand-Truck","og_description":"KRAFTHAND-Truck sprach mit G\u00fcnter Helmchen, Gesch\u00e4ftsf\u00fchrer von Banner Batterien Deutschland, \u00fcber die Strategie des Linzer Starterbatteriespezialisten im Nutzfahrzeugsektor. ... weiter","og_url":"https:\/\/www.krafthand-truck.de\/artikel\/besser-voll-geladen-26055\/","og_site_name":"Krafthand-Truck","article_published_time":"2020-11-16T06:00:27+00:00","article_modified_time":"2021-11-26T14:17:54+00:00","og_image":[{"width":1000,"height":722,"url":"https:\/\/www.krafthand.de\/truck\/wp-content\/uploads\/2020\/11\/03_20_031_02.jpg","type":"image\/jpeg"}],"author":"julian.schmid@krafthand.de","twitter_card":"summary_large_image","twitter_misc":{"Verfasst von":"julian.schmid@krafthand.de","Gesch\u00e4tzte Lesezeit":"2\u00a0Minuten"},"schema":{"@context":"https:\/\/schema.org","@graph":[{"@type":"Article","@id":"https:\/\/www.krafthand.de\/truck\/artikel\/besser-voll-geladen-26055\/#article","isPartOf":{"@id":"https:\/\/www.krafthand.de\/truck\/artikel\/besser-voll-geladen-26055\/"},"author":{"name":"julian.schmid@krafthand.de","@id":"https:\/\/www.krafthand.de\/truck\/#\/schema\/person\/23aebc1e5e3f0204da7158bce36950bb"},"headline":"Besser voll geladen","datePublished":"2020-11-16T06:00:27+00:00","dateModified":"2021-11-26T14:17:54+00:00","mainEntityOfPage":{"@id":"https:\/\/www.krafthand.de\/truck\/artikel\/besser-voll-geladen-26055\/"},"wordCount":479,"image":{"@id":"https:\/\/www.krafthand.de\/truck\/artikel\/besser-voll-geladen-26055\/#primaryimage"},"thumbnailUrl":"https:\/\/static.krafthand-truck.de\/uploads\/2020\/11\/03_20_031_02.jpg","keywords":["AGM-Batterie","Banner","Batterie","Batterieladeger\u00e4t","GEL-Batterie","Start-\/Stopp-Batterien"],"articleSection":["Werkstattausr\u00fcstung","Werkstattpraxis"],"inLanguage":"de"},{"@type":"WebPage","@id":"https:\/\/www.krafthand.de\/truck\/artikel\/besser-voll-geladen-26055\/","url":"https:\/\/www.krafthand.de\/truck\/artikel\/besser-voll-geladen-26055\/","name":"Besser voll geladen - Krafthand-Truck","isPartOf":{"@id":"https:\/\/www.krafthand.de\/truck\/#website"},"primaryImageOfPage":{"@id":"https:\/\/www.krafthand.de\/truck\/artikel\/besser-voll-geladen-26055\/#primaryimage"},"image":{"@id":"https:\/\/www.krafthand.de\/truck\/artikel\/besser-voll-geladen-26055\/#primaryimage"},"thumbnailUrl":"https:\/\/static.krafthand-truck.de\/uploads\/2020\/11\/03_20_031_02.jpg","datePublished":"2020-11-16T06:00:27+00:00","dateModified":"2021-11-26T14:17:54+00:00","author":{"@id":"https:\/\/www.krafthand.de\/truck\/#\/schema\/person\/23aebc1e5e3f0204da7158bce36950bb"},"breadcrumb":{"@id":"https:\/\/www.krafthand.de\/truck\/artikel\/besser-voll-geladen-26055\/#breadcrumb"},"inLanguage":"de","potentialAction":[{"@type":"ReadAction","target":["https:\/\/www.krafthand.de\/truck\/artikel\/besser-voll-geladen-26055\/"]}]},{"@type":"ImageObject","inLanguage":"de","@id":"https:\/\/www.krafthand.de\/truck\/artikel\/besser-voll-geladen-26055\/#primaryimage","url":"https:\/\/static.krafthand-truck.de\/uploads\/2020\/11\/03_20_031_02.jpg","contentUrl":"https:\/\/static.krafthand-truck.de\/uploads\/2020\/11\/03_20_031_02.jpg","width":1000,"height":722,"caption":"Bei konventionellen Starter- und Bordnetzbatterien sollte ein prophylaktischer Batterieservice bei jedem Werkstattdurchlauf erfolgen. Dabei sollte man den Ladezustand pr\u00fcfen und den Elektrolytstand kontrollieren\u201c, r\u00e4t G\u00fcnter Helmchen, Gesch\u00e4ftsf\u00fchrer von Banner Batterien Deutschland. (Bild: Banner)"},{"@type":"BreadcrumbList","@id":"https:\/\/www.krafthand.de\/truck\/artikel\/besser-voll-geladen-26055\/#breadcrumb","itemListElement":[{"@type":"ListItem","position":1,"name":"Krafthand-Truck","item":"https:\/\/www.krafthand.de\/truck\/"},{"@type":"ListItem","position":2,"name":"Nfz-Service","item":"https:\/\/www.krafthand.de\/truck\/kategorie\/nfz-service\/"},{"@type":"ListItem","position":3,"name":"Werkstattpraxis","item":"https:\/\/www.krafthand.de\/truck\/kategorie\/nfz-service\/werkstattpraxis\/"},{"@type":"ListItem","position":4,"name":"Besser voll geladen"}]},{"@type":"WebSite","@id":"https:\/\/www.krafthand.de\/truck\/#website","url":"https:\/\/www.krafthand.de\/truck\/","name":"Krafthand-Truck","description":"","potentialAction":[{"@type":"SearchAction","target":{"@type":"EntryPoint","urlTemplate":"https:\/\/www.krafthand.de\/truck\/?s={search_term_string}"},"query-input":{"@type":"PropertyValueSpecification","valueRequired":true,"valueName":"search_term_string"}}],"inLanguage":"de"},{"@type":"Person","@id":"https:\/\/www.krafthand.de\/truck\/#\/schema\/person\/23aebc1e5e3f0204da7158bce36950bb","name":"julian.schmid@krafthand.de","image":{"@type":"ImageObject","inLanguage":"de","@id":"https:\/\/secure.gravatar.com\/avatar\/ef76c2910cab8eb23fcc013e1c6dc1ba4af5e93fea6e6132d7c4e67d4e9631e9?s=96&d=mm&r=g","url":"https:\/\/secure.gravatar.com\/avatar\/ef76c2910cab8eb23fcc013e1c6dc1ba4af5e93fea6e6132d7c4e67d4e9631e9?s=96&d=mm&r=g","contentUrl":"https:\/\/secure.gravatar.com\/avatar\/ef76c2910cab8eb23fcc013e1c6dc1ba4af5e93fea6e6132d7c4e67d4e9631e9?s=96&d=mm&r=g","caption":"julian.schmid@krafthand.de"}}]}},"_links":{"self":[{"href":"https:\/\/www.krafthand.de\/truck\/wp-json\/wp\/v2\/posts\/26055","targetHints":{"allow":["GET"]}}],"collection":[{"href":"https:\/\/www.krafthand.de\/truck\/wp-json\/wp\/v2\/posts"}],"about":[{"href":"https:\/\/www.krafthand.de\/truck\/wp-json\/wp\/v2\/types\/post"}],"author":[{"embeddable":true,"href":"https:\/\/www.krafthand.de\/truck\/wp-json\/wp\/v2\/users\/7"}],"replies":[{"embeddable":true,"href":"https:\/\/www.krafthand.de\/truck\/wp-json\/wp\/v2\/comments?post=26055"}],"version-history":[{"count":5,"href":"https:\/\/www.krafthand.de\/truck\/wp-json\/wp\/v2\/posts\/26055\/revisions"}],"predecessor-version":[{"id":29794,"href":"https:\/\/www.krafthand.de\/truck\/wp-json\/wp\/v2\/posts\/26055\/revisions\/29794"}],"wp:featuredmedia":[{"embeddable":true,"href":"https:\/\/www.krafthand.de\/truck\/wp-json\/wp\/v2\/media\/26059"}],"wp:attachment":[{"href":"https:\/\/www.krafthand.de\/truck\/wp-json\/wp\/v2\/media?parent=26055"}],"wp:term":[{"taxonomy":"category","embeddable":true,"href":"https:\/\/www.krafthand.de\/truck\/wp-json\/wp\/v2\/categories?post=26055"},{"taxonomy":"post_tag","embeddable":true,"href":"https:\/\/www.krafthand.de\/truck\/wp-json\/wp\/v2\/tags?post=26055"},{"taxonomy":"settings","embeddable":true,"href":"https:\/\/www.krafthand.de\/truck\/wp-json\/wp\/v2\/settings?post=26055"}],"curies":[{"name":"wp","href":"https:\/\/api.w.org\/{rel}","templated":true}]}}