{"id":26023,"date":"2020-11-07T07:00:27","date_gmt":"2020-11-07T06:00:27","guid":{"rendered":"https:\/\/www.krafthand.de\/truck\/?p=26023"},"modified":"2020-11-09T09:20:39","modified_gmt":"2020-11-09T08:20:39","slug":"neuer-produktspezialist-fuer-lkw-und-nfz","status":"publish","type":"post","link":"https:\/\/www.krafthand.de\/truck\/artikel\/neuer-produktspezialist-fuer-lkw-und-nfz-26023\/","title":{"rendered":"Neuer Produktspezialist f\u00fcr Lkw und Nfz"},"content":{"rendered":"<p>Bei Tyre System gibt es mit Jochen Grabarits seit Kurzem einen neuen Produktmanager f\u00fcr Lkw-, Nutzfahrzeug- und Landwirtschaftsreifen. Er soll unter anderem den Sortimentsausbau bei dem B2B-Online-Reifenspezialisten vorantreiben und gleichzeitig auch der Ansprechpartner f\u00fcr Lieferanten, Reifenh\u00e4ndler, Werkst\u00e4tten sowie Flottenbetreiber sein und diese in allen produktspezifischen und De-minimis-betreffenden Fragen sowie beim Thema Runderneuerung professionell beraten.<\/p>\n<p>Laut Tyre System war der gelernte Industriekaufmann Grabarits bereits seit 2016 Teil des Vertriebsteams und kenne daher die Kundenbed\u00fcrfnisse genau.<\/p>\n<p><i>Den Beitrag finden Sie auch in der Print-Ausgabe 3\/20 der <a href=\"https:\/\/www.krafthand.de\/truck\/magazin\/\" title=\"Zum Magazin\">Krafthand-Truck<\/a>.<\/i><\/p>","protected":false},"excerpt":{"rendered":"<p>Bei Tyre Systems gibt es mit Jochen Grabarits seit Kurzem einen neuen Produktmanager f\u00fcr Lkw-, Nutzfahrzeug- und Landwirtschaftsreifen. <span class=\"excerpt-more__dots\">&#8230;<\/span> <a class=\"excerpt-more__link\" href=\"https:\/\/www.krafthand.de\/truck\/artikel\/neuer-produktspezialist-fuer-lkw-und-nfz-26023\/\" >weiter<\/a><\/p>\n","protected":false},"author":7,"featured_media":26024,"comment_status":"closed","ping_status":"closed","sticky":false,"template":"","format":"standard","meta":{"footnotes":""},"categories":[5],"tags":[4081],"settings":[],"class_list":["post-26023","post","type-post","status-publish","format-standard","has-post-thumbnail","hentry","category-branche","tag-tyre-system"],"yoast_head":"<!-- This site is optimized with the Yoast SEO plugin v27.3 - https:\/\/yoast.com\/product\/yoast-seo-wordpress\/ -->\n<title>Neuer Produktspezialist f\u00fcr Lkw und Nfz - Krafthand-Truck<\/title>\n<meta name=\"robots\" content=\"index, follow, max-snippet:-1, max-image-preview:large, max-video-preview:-1\" \/>\n<link rel=\"canonical\" href=\"https:\/\/www.krafthand.de\/truck\/artikel\/neuer-produktspezialist-fuer-lkw-und-nfz-26023\/\" \/>\n<meta property=\"og:locale\" content=\"de_DE\" \/>\n<meta property=\"og:type\" content=\"article\" \/>\n<meta property=\"og:title\" content=\"Neuer Produktspezialist f\u00fcr Lkw und Nfz - Krafthand-Truck\" \/>\n<meta property=\"og:description\" content=\"Bei Tyre Systems gibt es mit Jochen Grabarits seit Kurzem einen neuen Produktmanager f\u00fcr Lkw-, Nutzfahrzeug- und Landwirtschaftsreifen. ... weiter\" \/>\n<meta property=\"og:url\" content=\"https:\/\/www.krafthand-truck.de\/artikel\/neuer-produktspezialist-fuer-lkw-und-nfz-26023\/\" \/>\n<meta property=\"og:site_name\" content=\"Krafthand-Truck\" \/>\n<meta property=\"article:published_time\" content=\"2020-11-07T06:00:27+00:00\" \/>\n<meta property=\"article:modified_time\" content=\"2020-11-09T08:20:39+00:00\" \/>\n<meta property=\"og:image\" content=\"https:\/\/www.krafthand.de\/truck\/wp-content\/uploads\/2020\/11\/03_20_025.jpg\" \/>\n\t<meta property=\"og:image:width\" content=\"1000\" \/>\n\t<meta property=\"og:image:height\" content=\"779\" \/>\n\t<meta property=\"og:image:type\" content=\"image\/jpeg\" \/>\n<meta name=\"author\" content=\"julian.schmid@krafthand.de\" \/>\n<meta name=\"twitter:card\" content=\"summary_large_image\" \/>\n<meta name=\"twitter:label1\" content=\"Verfasst von\" \/>\n\t<meta name=\"twitter:data1\" content=\"julian.schmid@krafthand.de\" \/>\n<script type=\"application\/ld+json\" class=\"yoast-schema-graph\">{\"@context\":\"https:\\\/\\\/schema.org\",\"@graph\":[{\"@type\":\"Article\",\"@id\":\"https:\\\/\\\/www.krafthand.de\\\/truck\\\/artikel\\\/neuer-produktspezialist-fuer-lkw-und-nfz-26023\\\/#article\",\"isPartOf\":{\"@id\":\"https:\\\/\\\/www.krafthand.de\\\/truck\\\/artikel\\\/neuer-produktspezialist-fuer-lkw-und-nfz-26023\\\/\"},\"author\":{\"name\":\"julian.schmid@krafthand.de\",\"@id\":\"https:\\\/\\\/www.krafthand.de\\\/truck\\\/#\\\/schema\\\/person\\\/23aebc1e5e3f0204da7158bce36950bb\"},\"headline\":\"Neuer Produktspezialist f\u00fcr Lkw und Nfz\",\"datePublished\":\"2020-11-07T06:00:27+00:00\",\"dateModified\":\"2020-11-09T08:20:39+00:00\",\"mainEntityOfPage\":{\"@id\":\"https:\\\/\\\/www.krafthand.de\\\/truck\\\/artikel\\\/neuer-produktspezialist-fuer-lkw-und-nfz-26023\\\/\"},\"wordCount\":86,\"image\":{\"@id\":\"https:\\\/\\\/www.krafthand.de\\\/truck\\\/artikel\\\/neuer-produktspezialist-fuer-lkw-und-nfz-26023\\\/#primaryimage\"},\"thumbnailUrl\":\"https:\\\/\\\/static.krafthand-truck.de\\\/uploads\\\/2020\\\/11\\\/03_20_025.jpg\",\"keywords\":[\"Tyre System\"],\"articleSection\":[\"Nfz-Branche\"],\"inLanguage\":\"de\"},{\"@type\":\"WebPage\",\"@id\":\"https:\\\/\\\/www.krafthand.de\\\/truck\\\/artikel\\\/neuer-produktspezialist-fuer-lkw-und-nfz-26023\\\/\",\"url\":\"https:\\\/\\\/www.krafthand.de\\\/truck\\\/artikel\\\/neuer-produktspezialist-fuer-lkw-und-nfz-26023\\\/\",\"name\":\"Neuer Produktspezialist f\u00fcr Lkw und Nfz - Krafthand-Truck\",\"isPartOf\":{\"@id\":\"https:\\\/\\\/www.krafthand.de\\\/truck\\\/#website\"},\"primaryImageOfPage\":{\"@id\":\"https:\\\/\\\/www.krafthand.de\\\/truck\\\/artikel\\\/neuer-produktspezialist-fuer-lkw-und-nfz-26023\\\/#primaryimage\"},\"image\":{\"@id\":\"https:\\\/\\\/www.krafthand.de\\\/truck\\\/artikel\\\/neuer-produktspezialist-fuer-lkw-und-nfz-26023\\\/#primaryimage\"},\"thumbnailUrl\":\"https:\\\/\\\/static.krafthand-truck.de\\\/uploads\\\/2020\\\/11\\\/03_20_025.jpg\",\"datePublished\":\"2020-11-07T06:00:27+00:00\",\"dateModified\":\"2020-11-09T08:20:39+00:00\",\"author\":{\"@id\":\"https:\\\/\\\/www.krafthand.de\\\/truck\\\/#\\\/schema\\\/person\\\/23aebc1e5e3f0204da7158bce36950bb\"},\"breadcrumb\":{\"@id\":\"https:\\\/\\\/www.krafthand.de\\\/truck\\\/artikel\\\/neuer-produktspezialist-fuer-lkw-und-nfz-26023\\\/#breadcrumb\"},\"inLanguage\":\"de\",\"potentialAction\":[{\"@type\":\"ReadAction\",\"target\":[\"https:\\\/\\\/www.krafthand.de\\\/truck\\\/artikel\\\/neuer-produktspezialist-fuer-lkw-und-nfz-26023\\\/\"]}]},{\"@type\":\"ImageObject\",\"inLanguage\":\"de\",\"@id\":\"https:\\\/\\\/www.krafthand.de\\\/truck\\\/artikel\\\/neuer-produktspezialist-fuer-lkw-und-nfz-26023\\\/#primaryimage\",\"url\":\"https:\\\/\\\/static.krafthand-truck.de\\\/uploads\\\/2020\\\/11\\\/03_20_025.jpg\",\"contentUrl\":\"https:\\\/\\\/static.krafthand-truck.de\\\/uploads\\\/2020\\\/11\\\/03_20_025.jpg\",\"width\":1000,\"height\":779,\"caption\":\"Jochen Grabarits, Tyre Systems, Produktmanager f\u00fcr Lkw-, Nutzfahrzeug- und Landwirtschaftsreifen\"},{\"@type\":\"BreadcrumbList\",\"@id\":\"https:\\\/\\\/www.krafthand.de\\\/truck\\\/artikel\\\/neuer-produktspezialist-fuer-lkw-und-nfz-26023\\\/#breadcrumb\",\"itemListElement\":[{\"@type\":\"ListItem\",\"position\":1,\"name\":\"Krafthand-Truck\",\"item\":\"https:\\\/\\\/www.krafthand.de\\\/truck\\\/\"},{\"@type\":\"ListItem\",\"position\":2,\"name\":\"Nfz-Branche\",\"item\":\"https:\\\/\\\/www.krafthand.de\\\/truck\\\/kategorie\\\/branche\\\/\"},{\"@type\":\"ListItem\",\"position\":3,\"name\":\"Neuer Produktspezialist f\u00fcr Lkw und Nfz\"}]},{\"@type\":\"WebSite\",\"@id\":\"https:\\\/\\\/www.krafthand.de\\\/truck\\\/#website\",\"url\":\"https:\\\/\\\/www.krafthand.de\\\/truck\\\/\",\"name\":\"Krafthand-Truck\",\"description\":\"\",\"potentialAction\":[{\"@type\":\"SearchAction\",\"target\":{\"@type\":\"EntryPoint\",\"urlTemplate\":\"https:\\\/\\\/www.krafthand.de\\\/truck\\\/?s={search_term_string}\"},\"query-input\":{\"@type\":\"PropertyValueSpecification\",\"valueRequired\":true,\"valueName\":\"search_term_string\"}}],\"inLanguage\":\"de\"},{\"@type\":\"Person\",\"@id\":\"https:\\\/\\\/www.krafthand.de\\\/truck\\\/#\\\/schema\\\/person\\\/23aebc1e5e3f0204da7158bce36950bb\",\"name\":\"julian.schmid@krafthand.de\",\"image\":{\"@type\":\"ImageObject\",\"inLanguage\":\"de\",\"@id\":\"https:\\\/\\\/secure.gravatar.com\\\/avatar\\\/ef76c2910cab8eb23fcc013e1c6dc1ba4af5e93fea6e6132d7c4e67d4e9631e9?s=96&d=mm&r=g\",\"url\":\"https:\\\/\\\/secure.gravatar.com\\\/avatar\\\/ef76c2910cab8eb23fcc013e1c6dc1ba4af5e93fea6e6132d7c4e67d4e9631e9?s=96&d=mm&r=g\",\"contentUrl\":\"https:\\\/\\\/secure.gravatar.com\\\/avatar\\\/ef76c2910cab8eb23fcc013e1c6dc1ba4af5e93fea6e6132d7c4e67d4e9631e9?s=96&d=mm&r=g\",\"caption\":\"julian.schmid@krafthand.de\"}}]}<\/script>\n<!-- \/ Yoast SEO plugin. -->","yoast_head_json":{"title":"Neuer Produktspezialist f\u00fcr Lkw und Nfz - Krafthand-Truck","robots":{"index":"index","follow":"follow","max-snippet":"max-snippet:-1","max-image-preview":"max-image-preview:large","max-video-preview":"max-video-preview:-1"},"canonical":"https:\/\/www.krafthand.de\/truck\/artikel\/neuer-produktspezialist-fuer-lkw-und-nfz-26023\/","og_locale":"de_DE","og_type":"article","og_title":"Neuer Produktspezialist f\u00fcr Lkw und Nfz - Krafthand-Truck","og_description":"Bei Tyre Systems gibt es mit Jochen Grabarits seit Kurzem einen neuen Produktmanager f\u00fcr Lkw-, Nutzfahrzeug- und Landwirtschaftsreifen. ... weiter","og_url":"https:\/\/www.krafthand-truck.de\/artikel\/neuer-produktspezialist-fuer-lkw-und-nfz-26023\/","og_site_name":"Krafthand-Truck","article_published_time":"2020-11-07T06:00:27+00:00","article_modified_time":"2020-11-09T08:20:39+00:00","og_image":[{"width":1000,"height":779,"url":"https:\/\/www.krafthand.de\/truck\/wp-content\/uploads\/2020\/11\/03_20_025.jpg","type":"image\/jpeg"}],"author":"julian.schmid@krafthand.de","twitter_card":"summary_large_image","twitter_misc":{"Verfasst von":"julian.schmid@krafthand.de"},"schema":{"@context":"https:\/\/schema.org","@graph":[{"@type":"Article","@id":"https:\/\/www.krafthand.de\/truck\/artikel\/neuer-produktspezialist-fuer-lkw-und-nfz-26023\/#article","isPartOf":{"@id":"https:\/\/www.krafthand.de\/truck\/artikel\/neuer-produktspezialist-fuer-lkw-und-nfz-26023\/"},"author":{"name":"julian.schmid@krafthand.de","@id":"https:\/\/www.krafthand.de\/truck\/#\/schema\/person\/23aebc1e5e3f0204da7158bce36950bb"},"headline":"Neuer Produktspezialist f\u00fcr Lkw und Nfz","datePublished":"2020-11-07T06:00:27+00:00","dateModified":"2020-11-09T08:20:39+00:00","mainEntityOfPage":{"@id":"https:\/\/www.krafthand.de\/truck\/artikel\/neuer-produktspezialist-fuer-lkw-und-nfz-26023\/"},"wordCount":86,"image":{"@id":"https:\/\/www.krafthand.de\/truck\/artikel\/neuer-produktspezialist-fuer-lkw-und-nfz-26023\/#primaryimage"},"thumbnailUrl":"https:\/\/static.krafthand-truck.de\/uploads\/2020\/11\/03_20_025.jpg","keywords":["Tyre System"],"articleSection":["Nfz-Branche"],"inLanguage":"de"},{"@type":"WebPage","@id":"https:\/\/www.krafthand.de\/truck\/artikel\/neuer-produktspezialist-fuer-lkw-und-nfz-26023\/","url":"https:\/\/www.krafthand.de\/truck\/artikel\/neuer-produktspezialist-fuer-lkw-und-nfz-26023\/","name":"Neuer Produktspezialist f\u00fcr Lkw und Nfz - Krafthand-Truck","isPartOf":{"@id":"https:\/\/www.krafthand.de\/truck\/#website"},"primaryImageOfPage":{"@id":"https:\/\/www.krafthand.de\/truck\/artikel\/neuer-produktspezialist-fuer-lkw-und-nfz-26023\/#primaryimage"},"image":{"@id":"https:\/\/www.krafthand.de\/truck\/artikel\/neuer-produktspezialist-fuer-lkw-und-nfz-26023\/#primaryimage"},"thumbnailUrl":"https:\/\/static.krafthand-truck.de\/uploads\/2020\/11\/03_20_025.jpg","datePublished":"2020-11-07T06:00:27+00:00","dateModified":"2020-11-09T08:20:39+00:00","author":{"@id":"https:\/\/www.krafthand.de\/truck\/#\/schema\/person\/23aebc1e5e3f0204da7158bce36950bb"},"breadcrumb":{"@id":"https:\/\/www.krafthand.de\/truck\/artikel\/neuer-produktspezialist-fuer-lkw-und-nfz-26023\/#breadcrumb"},"inLanguage":"de","potentialAction":[{"@type":"ReadAction","target":["https:\/\/www.krafthand.de\/truck\/artikel\/neuer-produktspezialist-fuer-lkw-und-nfz-26023\/"]}]},{"@type":"ImageObject","inLanguage":"de","@id":"https:\/\/www.krafthand.de\/truck\/artikel\/neuer-produktspezialist-fuer-lkw-und-nfz-26023\/#primaryimage","url":"https:\/\/static.krafthand-truck.de\/uploads\/2020\/11\/03_20_025.jpg","contentUrl":"https:\/\/static.krafthand-truck.de\/uploads\/2020\/11\/03_20_025.jpg","width":1000,"height":779,"caption":"Jochen Grabarits, Tyre Systems, Produktmanager f\u00fcr Lkw-, Nutzfahrzeug- und Landwirtschaftsreifen"},{"@type":"BreadcrumbList","@id":"https:\/\/www.krafthand.de\/truck\/artikel\/neuer-produktspezialist-fuer-lkw-und-nfz-26023\/#breadcrumb","itemListElement":[{"@type":"ListItem","position":1,"name":"Krafthand-Truck","item":"https:\/\/www.krafthand.de\/truck\/"},{"@type":"ListItem","position":2,"name":"Nfz-Branche","item":"https:\/\/www.krafthand.de\/truck\/kategorie\/branche\/"},{"@type":"ListItem","position":3,"name":"Neuer Produktspezialist f\u00fcr Lkw und Nfz"}]},{"@type":"WebSite","@id":"https:\/\/www.krafthand.de\/truck\/#website","url":"https:\/\/www.krafthand.de\/truck\/","name":"Krafthand-Truck","description":"","potentialAction":[{"@type":"SearchAction","target":{"@type":"EntryPoint","urlTemplate":"https:\/\/www.krafthand.de\/truck\/?s={search_term_string}"},"query-input":{"@type":"PropertyValueSpecification","valueRequired":true,"valueName":"search_term_string"}}],"inLanguage":"de"},{"@type":"Person","@id":"https:\/\/www.krafthand.de\/truck\/#\/schema\/person\/23aebc1e5e3f0204da7158bce36950bb","name":"julian.schmid@krafthand.de","image":{"@type":"ImageObject","inLanguage":"de","@id":"https:\/\/secure.gravatar.com\/avatar\/ef76c2910cab8eb23fcc013e1c6dc1ba4af5e93fea6e6132d7c4e67d4e9631e9?s=96&d=mm&r=g","url":"https:\/\/secure.gravatar.com\/avatar\/ef76c2910cab8eb23fcc013e1c6dc1ba4af5e93fea6e6132d7c4e67d4e9631e9?s=96&d=mm&r=g","contentUrl":"https:\/\/secure.gravatar.com\/avatar\/ef76c2910cab8eb23fcc013e1c6dc1ba4af5e93fea6e6132d7c4e67d4e9631e9?s=96&d=mm&r=g","caption":"julian.schmid@krafthand.de"}}]}},"_links":{"self":[{"href":"https:\/\/www.krafthand.de\/truck\/wp-json\/wp\/v2\/posts\/26023","targetHints":{"allow":["GET"]}}],"collection":[{"href":"https:\/\/www.krafthand.de\/truck\/wp-json\/wp\/v2\/posts"}],"about":[{"href":"https:\/\/www.krafthand.de\/truck\/wp-json\/wp\/v2\/types\/post"}],"author":[{"embeddable":true,"href":"https:\/\/www.krafthand.de\/truck\/wp-json\/wp\/v2\/users\/7"}],"replies":[{"embeddable":true,"href":"https:\/\/www.krafthand.de\/truck\/wp-json\/wp\/v2\/comments?post=26023"}],"version-history":[{"count":2,"href":"https:\/\/www.krafthand.de\/truck\/wp-json\/wp\/v2\/posts\/26023\/revisions"}],"predecessor-version":[{"id":26037,"href":"https:\/\/www.krafthand.de\/truck\/wp-json\/wp\/v2\/posts\/26023\/revisions\/26037"}],"wp:featuredmedia":[{"embeddable":true,"href":"https:\/\/www.krafthand.de\/truck\/wp-json\/wp\/v2\/media\/26024"}],"wp:attachment":[{"href":"https:\/\/www.krafthand.de\/truck\/wp-json\/wp\/v2\/media?parent=26023"}],"wp:term":[{"taxonomy":"category","embeddable":true,"href":"https:\/\/www.krafthand.de\/truck\/wp-json\/wp\/v2\/categories?post=26023"},{"taxonomy":"post_tag","embeddable":true,"href":"https:\/\/www.krafthand.de\/truck\/wp-json\/wp\/v2\/tags?post=26023"},{"taxonomy":"settings","embeddable":true,"href":"https:\/\/www.krafthand.de\/truck\/wp-json\/wp\/v2\/settings?post=26023"}],"curies":[{"name":"wp","href":"https:\/\/api.w.org\/{rel}","templated":true}]}}