{"id":26015,"date":"2020-11-05T07:00:02","date_gmt":"2020-11-05T06:00:02","guid":{"rendered":"https:\/\/www.krafthand.de\/truck\/?p=26015"},"modified":"2022-02-15T09:11:52","modified_gmt":"2022-02-15T08:11:52","slug":"hauptsache-hygienisch","status":"publish","type":"post","link":"https:\/\/www.krafthand.de\/truck\/artikel\/hauptsache-hygienisch-26015\/","title":{"rendered":"Hauptsache hygienisch"},"content":{"rendered":"<p class=\"text-colored\"> Die Corona-Pandemie hat das Leben in vielen Bereichen ver\u00e4ndert. Vor allem das Thema \u201aHygiene im Alltag\u2018 hat einen neuen, extrem wichtigen Stellenwert bekommen. Und viele Unternehmen aus der Kfz-Branche, die auf den ersten Blick nichts oder nur wenig mit Hygiene zu tun haben, haben in Windeseile interessante L\u00f6sungen auf den Markt gebracht, die unterbinden sollen, dass sich das gef\u00e4hrliche Virus weiterverbreitet. KRAFTHAND-Truck stellt einige davon exemplarisch vor. <\/p>\n<p>Das Covid-19-Virus wird vorwiegend durch Tr\u00f6pfcheninfektion \u00fcbertragen, etwa, wenn eine infizierte Person hustet, niest oder ausatmet. Allerdings sind diese zum Teil mikroskopisch kleinen Tr\u00f6pfchen zu schwer, um lange in der Umgebungsluft schweben zu k\u00f6nnen. Deshalb sinken die Tr\u00f6pfchen schnell auf den Boden oder Oberfl\u00e4chen ab. Infizieren kann man sich unter anderem, wenn man sich in unmittelbarer N\u00e4he einer an Covid-19 erkrankten Person aufh\u00e4lt und das von ihr freigesetzte Virus einatmet. Anstecken kann man sich aber auch, wenn man auf Oberfl\u00e4chen fasst, die mit dem gef\u00e4hrlichen Virus kontaminiert sind, und man danach Augen, Nase oder Mund ber\u00fchrt und so das Virus \u00fcber die Schleimh\u00e4ute eindringen kann. Um all dies wirkungsvoll zu unterbinden, haben sich unterschiedlichste Unternehmen der Kfz-Branche spezielle L\u00f6sungen einfallen lassen.<\/p>\n<h2>Infektionsschutz f\u00fcr Innenr\u00e4ume<\/h2>\n<p>Mit dem \u201aOzonePro\u2018 hat <a href=\"http:\/\/www. mahle.com\" target=\"_blank\" rel=\"noopener noreferrer\">Mahle<\/a> k\u00fcrzlich ein Serviceger\u00e4t vorgestellt, mit dem sich Fahrgastr\u00e4ume von Fahrzeugen, insbesondere mit wechselnden Fahrern, Insassen oder Besatzungen, etwa Busse, Lkw, Taxen, Miet-, Dienst- und Krankenwagen, aber auch Gesch\u00e4ftsr\u00e4ume mit Hilfe von Ozon hygienisch sauber, keim- und geruchsfrei machen lassen sollen. Die Fahrzeuge oder R\u00e4ume m\u00fcssen daf\u00fcr allerdings geschlossen werden. W\u00e4hrend des Reinigungsvorgangs messen die Sensoren des \u201aOzonePro\u2018 kontinuierlich die Ozon-Konzentration und passen diese an, bis ein optimaler Wert erreicht ist. Dieser wird f\u00fcr einige Zeit aufrechterhalten, um eine hygienische Reinigung zu gew\u00e4hrleisten. Gleichzeitig werden damit \u00fcberh\u00f6hte Ozonwerte vermieden, welche Oxidationssch\u00e4den an der Innenausstattung hervorrufen k\u00f6nnten. Das Ger\u00e4t arbeitet vollautomatisch und informiert den Benutzer via Smartphone \u00fcber die \u201aO3- Easy\u2018-App \u00fcber den Abschluss des Desinfektionsvorgangs. Mit dieser App kann der Anwender die gesamte Prozedur von au\u00dfen steuern und \u00fcberwachen und bei Bedarf einen Desinfektionsbericht f\u00fcr den Kunden ausdrucken. Das \u201aOzonePro\u2018 l\u00e4sst sich entweder \u00fcber den Zigarettenanz\u00fcnder oder mit einem zus\u00e4tzlichen Netzteil betreiben. Es soll R\u00e4ume von bis zu 40 Quadratmetern Grundfl\u00e4che oder rund 100 Kubikmetern Rauminhalt desinfizieren k\u00f6nnen, was in etwa dem Volumen eines Reisebusses entspricht. Mahle bietet das \u201aOzonePro\u2018 im freien Reparaturmarkt auch unter der Vertriebsmarke Brain Bee als \u201aO3-Nex\u2018 an.<\/p>\n<figure id=\"attachment_26020\" aria-describedby=\"caption-attachment-26020\" style=\"width: 1000px\" class=\"wp-caption alignnone\"><img fetchpriority=\"high\" decoding=\"async\" class=\"size-full wp-image-26020\" src=\"https:\/\/www.krafthand.de\/truck\/wp-content\/uploads\/2020\/11\/03_20_024_Mahle.jpg\" alt=\"Mahle Ozonger\u00e4t \u201aOzonePro\u2018\" width=\"1000\" height=\"782\" srcset=\"https:\/\/static.krafthand-truck.de\/uploads\/2020\/11\/03_20_024_Mahle.jpg 1000w, https:\/\/static.krafthand-truck.de\/uploads\/2020\/11\/03_20_024_Mahle-300x235.jpg 300w, https:\/\/static.krafthand-truck.de\/uploads\/2020\/11\/03_20_024_Mahle-768x601.jpg 768w\" sizes=\"(max-width: 1000px) 100vw, 1000px\" \/><figcaption id=\"caption-attachment-26020\" class=\"wp-caption-text\">Mit dem neuen Ozonger\u00e4t \u201aOzonePro\u2018 erweitert Mahle Aftermarket seine Palette an Serviceger\u00e4ten um ein Produkt zum hygienischen Reinigen von Fahrgastr\u00e4umen in Pkw, Bussen und Nutzfahrzeugen. Bild: Mahle<\/figcaption><\/figure>\n<p>Ein ebenfalls mit Ozon arbeitendes Desinfektionsger\u00e4t haben die Klimatechnikspezialisten von <a href=\"http:\/\/www.texa.com\" target=\"_blank\" rel=\"noopener noreferrer\">Texa<\/a> kurzfristig mit dem \u201aAir2 San\u2018 entwickelt. Unternehmensangaben zufolge unterscheidet sich der neue Ozongenerator von vielen anderen bereits am Markt befindlichen Produkten unter anderem wegen seiner aufwendigen Sensorik. Die Sensoren messen permanent Umgebungstemperatur, Ozonkonzentration und Sauerstoff, wodurch sich der f\u00fcr eine optimale Desinfektion erforderlich S\u00e4ttigungsgrad bestm\u00f6glich kontrollieren lassen soll. Dar\u00fcber hinaus verf\u00fcgt das \u201aAir2 San\u2018 laut <a href=\"http:\/\/www.texadeutschland.com\" target=\"_blank\" rel=\"noopener noreferrer\">Texa Deutschland<\/a> \u00fcber einen speziellen Katalysator, welcher am Ende des Desinfektionsprozesses das noch vorhandene Ozon in harmlosen Sauerstoff umwandelt. Damit soll eine Gef\u00e4hrdung von Anwendern und Kunden bestm\u00f6glich ausgeschlossen sein. Zum Lieferumfang des \u201aAir2 San\u2018 geh\u00f6rt eine spezielle Smartphone-App, um das Ger\u00e4t bequem f\u00fcr die bevorstehende Aufgabe zu konfigurieren und auf Kundenwunsch einen abschlie\u00dfenden Desinfektionsbericht auszudrucken.<\/p>\n<figure id=\"attachment_26021\" aria-describedby=\"caption-attachment-26021\" style=\"width: 1000px\" class=\"wp-caption alignnone\"><img decoding=\"async\" class=\"size-full wp-image-26021\" src=\"https:\/\/www.krafthand.de\/truck\/wp-content\/uploads\/2020\/11\/03_20_024_Texa.jpg\" alt=\"Texa Ozongenerator \u201aAir2 San\u2018 \" width=\"1000\" height=\"667\" srcset=\"https:\/\/static.krafthand-truck.de\/uploads\/2020\/11\/03_20_024_Texa.jpg 1000w, https:\/\/static.krafthand-truck.de\/uploads\/2020\/11\/03_20_024_Texa-300x200.jpg 300w, https:\/\/static.krafthand-truck.de\/uploads\/2020\/11\/03_20_024_Texa-768x512.jpg 768w\" sizes=\"(max-width: 1000px) 100vw, 1000px\" \/><figcaption id=\"caption-attachment-26021\" class=\"wp-caption-text\">Der von Texa kurzfristig entwickelte Ozongenerator \u201aAir2 San\u2018 l\u00e4sst sich von au\u00dferhalb des Fahrzeugs entweder \u00fcber die serienm\u00e4\u00dfige Fernbedienung oder die kosten &#8211; lose App aktivieren und bietet eine vollautomatische Desinfektion des Fahrgastraums. Bild: Texa<\/figcaption><\/figure>\n<p>Eine andere Variante, Fahrgastr\u00e4ume zu entkeimen, ist die Kaltvernebelung einer speziellen Desinfektionsl\u00f6sung, wie\u00a0 sie <a href=\"http:\/\/www.herthundbuss.com\" target=\"_blank\" rel=\"noopener noreferrer\">Kfz-Teilespezialist Herth+Buss<\/a> mit dem \u201aAir Clean\u2018-System anbietet. Das\u00a0 Verfahrenfunktioniert ganz ohne Chemie und bew\u00e4hrt sich schon seit l\u00e4ngerem bei der Klimaanlagen-Verdampferreinigung. Bei der \u201aAnoKath\u2018 genannten Reinigungsfl\u00fcssigkeit handelt es sich nach Unternehmensangaben um ein starkes Oxidationsmittel auf Mineralsalz-Basis. Es wird \u00fcber ein druckluftbetriebenes Vernebelungstool bei aktivierter Klimaanlage oder eingeschaltetem L\u00fcftungssystem im gesamten Innenraum verteilt und bek\u00e4mpft so gesundheitssch\u00e4dliche Viren, Bakterien, Keime und Pilze. Der Salznebel ist laut Herth+Buss schwebf\u00e4hig und f\u00fcr Mensch, Umwelt und Gesundheit absolut unbedenklich. Mit \u201aAnoKath\u2018 behandelte R\u00e4ume lassen sich zudem ohne Wartezeit sofort wieder nutzen.<\/p>\n<figure id=\"attachment_26018\" aria-describedby=\"caption-attachment-26018\" style=\"width: 1000px\" class=\"wp-caption alignnone\"><img decoding=\"async\" class=\"size-full wp-image-26018\" src=\"https:\/\/www.krafthand.de\/truck\/wp-content\/uploads\/2020\/11\/03_20_024_HerthBuss.jpg\" alt=\"Kaltvernebelungssystem \u201aAir Clean\u2018 von Herth+Buss\" width=\"1000\" height=\"462\" srcset=\"https:\/\/static.krafthand-truck.de\/uploads\/2020\/11\/03_20_024_HerthBuss.jpg 1000w, https:\/\/static.krafthand-truck.de\/uploads\/2020\/11\/03_20_024_HerthBuss-300x139.jpg 300w, https:\/\/static.krafthand-truck.de\/uploads\/2020\/11\/03_20_024_HerthBuss-768x355.jpg 768w\" sizes=\"(max-width: 1000px) 100vw, 1000px\" \/><figcaption id=\"caption-attachment-26018\" class=\"wp-caption-text\">Das Kaltvernebelungssystem \u201aAir Clean\u2018 von Herth+Buss desinfiziert ganz ohne Chemie. Bei der \u201aAnoKath\u2018 genannten Reinigungsfl\u00fcssigkeit handelt es sich um ein\u00a0starkes, aber unbedenkliches Oxidationsmittel auf Mineralsalz-Basis. Bild: Herth+Buss<\/figcaption><\/figure>\n<h2>\u201aMechanischer\u2018 Virenschutz f\u00fcr Busse<\/h2>\n<p>Busse bestimmen den Alltag von Christian Gschwendtner und seinem Team in den AGK Buskompetenzzentren in Feldkirchen und F\u00fcrth. Seit mehr als zw\u00f6lf Jahren k\u00fcmmern sich die Praktiker dort um die Wartung und Reparatur von Nahverkehrs- und Reisebussen. In der Corona- Krise haben sich die <a href=\"http:\/\/www.agk-bayern.de\" target=\"_blank\" rel=\"noopener noreferrer\">Bus-Spezialisten von AGK<\/a> kurzfristig Gedanken \u00fcber den Schutz von Fahrern und Fahrg\u00e4sten gemacht. Das Ergebnis ist eine praxisgerechte, einfach zu installierende und vom T\u00dcV S\u00fcd gepr\u00fcfte Glasabtrennung, um den Fahrerarbeitsplatz vom Fahrgastraum abzutrennen. So werde laut AGK nicht nur dem Infektionsschutz Rechnung getragen, sondern vor allem auch Ticket- Verkauf und Einstieg \u00fcber die vordere T\u00fcr erm\u00f6glicht. Zudem brauche der Fahrer keine Maske. Mit Blick auf Mehrmarkenfuhrparks hat AGK das System so entwickelt, dass es f\u00fcr die aktuellen Modelle von Iveco, MAN, Mercedes-Benz, Solaris, Setra und Volvo passt. \u201eF\u00fcr andere und \u00e4ltere Fahrzeuge bieten wir Individuall\u00f6sungen an\u201c, verspricht AGK-Chef Gschwendtner.<\/p>\n<figure id=\"attachment_26016\" aria-describedby=\"caption-attachment-26016\" style=\"width: 750px\" class=\"wp-caption alignnone\"><img loading=\"lazy\" decoding=\"async\" class=\"size-full wp-image-26016\" src=\"https:\/\/www.krafthand.de\/truck\/wp-content\/uploads\/2020\/11\/03_20_024_AGK-e1604322447434.jpg\" alt=\"AGK Glasabtrennung\" width=\"750\" height=\"512\" srcset=\"https:\/\/static.krafthand-truck.de\/uploads\/2020\/11\/03_20_024_AGK-e1604322447434.jpg 750w, https:\/\/static.krafthand-truck.de\/uploads\/2020\/11\/03_20_024_AGK-e1604322447434-300x205.jpg 300w\" sizes=\"(max-width: 750px) 100vw, 750px\" \/><figcaption id=\"caption-attachment-26016\" class=\"wp-caption-text\">Schutz f\u00fcr Fahrer und Fahrg\u00e4ste bieten die vom T\u00dcV S\u00fcd gepr\u00fcften Glasabtrennungen von AGK. Sie sind passgenau f\u00fcr viele Bustypen erh\u00e4ltlich. Bild: AGK<\/figcaption><\/figure>\n<p>Einen Virenschutz, der vor allem auch die Bus-Insassen voreinander sch\u00fctzen soll, gibt es seit Kurzem beim Mendener <a href=\"http:\/\/www.hjs.com\" target=\"_blank\" rel=\"noopener noreferrer\">Emissionstechnikspezialisten HJS<\/a>. Die derzeit f\u00fcr Busse von MAN und Mercedes-Benz lieferbaren Infektionsschutzscheiben bestehen aus Einscheiben-Sicherheitsglas (ESG) und lassen sich nach Unternehmensangaben sowohl zwischen den einzelnen Sitzreihen als auch als Abtrennung zwischen Fahrerraum und dem restlichen Fahrzeugbereich einsetzen. Als Nies- und Spuckschutz sollen die Scheiben das Infektionsrisiko im Inneren des Busses minimieren helfen. Die Schutzscheiben sind laut HJS T\u00dcV-gepr\u00fcft, bruch- und kratzfest, brand- und splittersicher sowie formstabil selbst bei hohen Temperaturen. Neben ihrem prim\u00e4ren Zweck, vor einer Infektion zu sch\u00fctzen, sich die Schutzscheiben zudem auch als Werbetr\u00e4ger eignen. Versionen f\u00fcr Busse des Hersteller Solaris sollen demn\u00e4chst auch erh\u00e4ltlich sein.<\/p>\n<figure id=\"attachment_26019\" aria-describedby=\"caption-attachment-26019\" style=\"width: 750px\" class=\"wp-caption alignnone\"><img loading=\"lazy\" decoding=\"async\" class=\"size-full wp-image-26019\" src=\"https:\/\/www.krafthand.de\/truck\/wp-content\/uploads\/2020\/11\/03_20_024_HJS-e1604322509235.jpg\" alt=\"HJS Infektionsschutzscheibe\" width=\"750\" height=\"535\" srcset=\"https:\/\/static.krafthand-truck.de\/uploads\/2020\/11\/03_20_024_HJS-e1604322509235.jpg 750w, https:\/\/static.krafthand-truck.de\/uploads\/2020\/11\/03_20_024_HJS-e1604322509235-300x214.jpg 300w\" sizes=\"(max-width: 750px) 100vw, 750px\" \/><figcaption id=\"caption-attachment-26019\" class=\"wp-caption-text\">Die von HJS entwickelten Infektionsschutzscheiben aus Einscheiben-Sicherheitsglas (ESG) lassen sich sowohl zwischen den einzelnen Sitzreihen als auch als Abtrennung zwischen Fahrerraum und dem restlichen Fahrzeugbereich einsetzen. Bild: HJS<\/figcaption><\/figure>\n<p>Da Mund-Nasen-Schutzmasken in vielen Bereichen des \u00f6ffentlichen Lebens Pflicht sind, hat der M\u00fcnsteraner <a href=\"http:\/\/www.hengst.de\" target=\"_blank\" rel=\"noopener noreferrer\">Filtertechnik-Spezialist Hengst<\/a> kurzfristig einen Teil seiner Produktion auf diese wichtigen Schutzartikel umgestellt und fertigt dreilagige Masken nach DIN EN 14683. Die f\u00fcr die Filterwirkung entscheidende Mittellage der \u201aMNS 03\u2018 genannten Maske besteht aus hochwertigem Polypropylen, dem sogenannten \u201aMeltblown\u2018-Medium. Dadurch soll die Maske eine Filterwirksamkeit f\u00fcr Bakterien (BFE) von \u2265 98 Prozent aufweisen und sich zudem durch einen geringen Atemwiderstand auszeichnen. Die drei Filterlagen und Ohrb\u00e4nder sind Ultra schall-verschwei\u00dft und dadurch kleberfrei. Die Masken sind <a href=\"http:\/\/www.hengst.shop\" target=\"_blank\" rel=\"noopener noreferrer\">in zwei verschiedenen Verpackungseinheiten erh\u00e4ltlich<\/a>.<\/p>\n<figure id=\"attachment_26017\" aria-describedby=\"caption-attachment-26017\" style=\"width: 1000px\" class=\"wp-caption alignnone\"><img loading=\"lazy\" decoding=\"async\" class=\"size-full wp-image-26017\" src=\"https:\/\/www.krafthand.de\/truck\/wp-content\/uploads\/2020\/11\/03_20_024_Hengst.jpg\" alt=\"Hengst Mund-Nasen-Schutzmaske\" width=\"1000\" height=\"667\" srcset=\"https:\/\/static.krafthand-truck.de\/uploads\/2020\/11\/03_20_024_Hengst.jpg 1000w, https:\/\/static.krafthand-truck.de\/uploads\/2020\/11\/03_20_024_Hengst-300x200.jpg 300w, https:\/\/static.krafthand-truck.de\/uploads\/2020\/11\/03_20_024_Hengst-768x512.jpg 768w\" sizes=\"(max-width: 1000px) 100vw, 1000px\" \/><figcaption id=\"caption-attachment-26017\" class=\"wp-caption-text\">Der M\u00fcnsteraner Filterspezialist Hengst \u201akann\u2018 auch medizinische Mund-Nasen-Schutzmasken. Die Mittellage der \u201aMNS 03\u2018 besteht aus hochwertigem Polypropylen, dem sogenannten \u201aMeltblown\u2018-Medium. Bild: Hengst<\/figcaption><\/figure>\n<p><i>Den Beitrag finden Sie auch in der Print-Ausgabe 3\/20 der <a href=\"https:\/\/www.krafthand.de\/truck\/magazin\/\" title=\"Zum Magazin\">Krafthand-Truck<\/a>.<\/i><\/p>","protected":false},"excerpt":{"rendered":"<p>Die Corona-Pandemie hat das Leben in vielen Bereichen ver\u00e4ndert. Vor allem das Thema \u201aHygiene im Alltag\u2018 hat einen neuen, extrem wichtigen Stellenwert bekommen. <span class=\"excerpt-more__dots\">&#8230;<\/span> <a class=\"excerpt-more__link\" href=\"https:\/\/www.krafthand.de\/truck\/artikel\/hauptsache-hygienisch-26015\/\" >weiter<\/a><\/p>\n","protected":false},"author":7,"featured_media":0,"comment_status":"closed","ping_status":"closed","sticky":false,"template":"","format":"standard","meta":{"footnotes":""},"categories":[4220],"tags":[4112,4105,3851,2695,3006,1401,4113,4111,1593],"settings":[],"class_list":["post-26015","post","type-post","status-publish","format-standard","hentry","category-werkstattausruestung","tag-agk","tag-corona","tag-hengst","tag-herth-buss","tag-hjs","tag-mahle","tag-mund-nasen-schutz","tag-ozongeraet","tag-texa"],"yoast_head":"<!-- This site is optimized with the Yoast SEO plugin v27.3 - https:\/\/yoast.com\/product\/yoast-seo-wordpress\/ -->\n<title>Hauptsache hygienisch - Krafthand-Truck<\/title>\n<meta name=\"robots\" content=\"index, follow, max-snippet:-1, max-image-preview:large, max-video-preview:-1\" \/>\n<link rel=\"canonical\" href=\"https:\/\/www.krafthand.de\/truck\/artikel\/hauptsache-hygienisch-26015\/\" \/>\n<meta property=\"og:locale\" content=\"de_DE\" \/>\n<meta property=\"og:type\" content=\"article\" \/>\n<meta property=\"og:title\" content=\"Hauptsache hygienisch - Krafthand-Truck\" \/>\n<meta property=\"og:description\" content=\"Die Corona-Pandemie hat das Leben in vielen Bereichen ver\u00e4ndert. Vor allem das Thema \u201aHygiene im Alltag\u2018 hat einen neuen, extrem wichtigen Stellenwert bekommen. ... weiter\" \/>\n<meta property=\"og:url\" content=\"https:\/\/www.krafthand-truck.de\/artikel\/hauptsache-hygienisch-26015\/\" \/>\n<meta property=\"og:site_name\" content=\"Krafthand-Truck\" \/>\n<meta property=\"article:published_time\" content=\"2020-11-05T06:00:02+00:00\" \/>\n<meta property=\"article:modified_time\" content=\"2022-02-15T08:11:52+00:00\" \/>\n<meta property=\"og:image\" content=\"https:\/\/www.krafthand.de\/truck\/wp-content\/uploads\/2020\/11\/03_20_024_Mahle.jpg\" \/>\n<meta name=\"author\" content=\"julian.schmid@krafthand.de\" \/>\n<meta name=\"twitter:card\" content=\"summary_large_image\" \/>\n<meta name=\"twitter:label1\" content=\"Verfasst von\" \/>\n\t<meta name=\"twitter:data1\" content=\"julian.schmid@krafthand.de\" \/>\n\t<meta name=\"twitter:label2\" content=\"Gesch\u00e4tzte Lesezeit\" \/>\n\t<meta name=\"twitter:data2\" content=\"6\u00a0Minuten\" \/>\n<script type=\"application\/ld+json\" class=\"yoast-schema-graph\">{\"@context\":\"https:\\\/\\\/schema.org\",\"@graph\":[{\"@type\":\"Article\",\"@id\":\"https:\\\/\\\/www.krafthand.de\\\/truck\\\/artikel\\\/hauptsache-hygienisch-26015\\\/#article\",\"isPartOf\":{\"@id\":\"https:\\\/\\\/www.krafthand.de\\\/truck\\\/artikel\\\/hauptsache-hygienisch-26015\\\/\"},\"author\":{\"name\":\"julian.schmid@krafthand.de\",\"@id\":\"https:\\\/\\\/www.krafthand.de\\\/truck\\\/#\\\/schema\\\/person\\\/23aebc1e5e3f0204da7158bce36950bb\"},\"headline\":\"Hauptsache hygienisch\",\"datePublished\":\"2020-11-05T06:00:02+00:00\",\"dateModified\":\"2022-02-15T08:11:52+00:00\",\"mainEntityOfPage\":{\"@id\":\"https:\\\/\\\/www.krafthand.de\\\/truck\\\/artikel\\\/hauptsache-hygienisch-26015\\\/\"},\"wordCount\":1285,\"image\":{\"@id\":\"https:\\\/\\\/www.krafthand.de\\\/truck\\\/artikel\\\/hauptsache-hygienisch-26015\\\/#primaryimage\"},\"thumbnailUrl\":\"https:\\\/\\\/www.krafthand.de\\\/truck\\\/wp-content\\\/uploads\\\/2020\\\/11\\\/03_20_024_Mahle.jpg\",\"keywords\":[\"AGK\",\"Corona\",\"Hengst\",\"Herth + Buss\",\"HJS\",\"Mahle\",\"Mund-Nasen-Schutz\",\"Ozonger\u00e4t\",\"Texa\"],\"articleSection\":[\"Werkstattausr\u00fcstung\"],\"inLanguage\":\"de\"},{\"@type\":\"WebPage\",\"@id\":\"https:\\\/\\\/www.krafthand.de\\\/truck\\\/artikel\\\/hauptsache-hygienisch-26015\\\/\",\"url\":\"https:\\\/\\\/www.krafthand.de\\\/truck\\\/artikel\\\/hauptsache-hygienisch-26015\\\/\",\"name\":\"Hauptsache hygienisch - Krafthand-Truck\",\"isPartOf\":{\"@id\":\"https:\\\/\\\/www.krafthand.de\\\/truck\\\/#website\"},\"primaryImageOfPage\":{\"@id\":\"https:\\\/\\\/www.krafthand.de\\\/truck\\\/artikel\\\/hauptsache-hygienisch-26015\\\/#primaryimage\"},\"image\":{\"@id\":\"https:\\\/\\\/www.krafthand.de\\\/truck\\\/artikel\\\/hauptsache-hygienisch-26015\\\/#primaryimage\"},\"thumbnailUrl\":\"https:\\\/\\\/www.krafthand.de\\\/truck\\\/wp-content\\\/uploads\\\/2020\\\/11\\\/03_20_024_Mahle.jpg\",\"datePublished\":\"2020-11-05T06:00:02+00:00\",\"dateModified\":\"2022-02-15T08:11:52+00:00\",\"author\":{\"@id\":\"https:\\\/\\\/www.krafthand.de\\\/truck\\\/#\\\/schema\\\/person\\\/23aebc1e5e3f0204da7158bce36950bb\"},\"breadcrumb\":{\"@id\":\"https:\\\/\\\/www.krafthand.de\\\/truck\\\/artikel\\\/hauptsache-hygienisch-26015\\\/#breadcrumb\"},\"inLanguage\":\"de\",\"potentialAction\":[{\"@type\":\"ReadAction\",\"target\":[\"https:\\\/\\\/www.krafthand.de\\\/truck\\\/artikel\\\/hauptsache-hygienisch-26015\\\/\"]}]},{\"@type\":\"ImageObject\",\"inLanguage\":\"de\",\"@id\":\"https:\\\/\\\/www.krafthand.de\\\/truck\\\/artikel\\\/hauptsache-hygienisch-26015\\\/#primaryimage\",\"url\":\"https:\\\/\\\/www.krafthand.de\\\/truck\\\/wp-content\\\/uploads\\\/2020\\\/11\\\/03_20_024_Mahle.jpg\",\"contentUrl\":\"https:\\\/\\\/www.krafthand.de\\\/truck\\\/wp-content\\\/uploads\\\/2020\\\/11\\\/03_20_024_Mahle.jpg\"},{\"@type\":\"BreadcrumbList\",\"@id\":\"https:\\\/\\\/www.krafthand.de\\\/truck\\\/artikel\\\/hauptsache-hygienisch-26015\\\/#breadcrumb\",\"itemListElement\":[{\"@type\":\"ListItem\",\"position\":1,\"name\":\"Krafthand-Truck\",\"item\":\"https:\\\/\\\/www.krafthand.de\\\/truck\\\/\"},{\"@type\":\"ListItem\",\"position\":2,\"name\":\"Nfz-Service\",\"item\":\"https:\\\/\\\/www.krafthand.de\\\/truck\\\/kategorie\\\/nfz-service\\\/\"},{\"@type\":\"ListItem\",\"position\":3,\"name\":\"Werkstattausr\u00fcstung\",\"item\":\"https:\\\/\\\/www.krafthand.de\\\/truck\\\/kategorie\\\/nfz-service\\\/werkstattausruestung\\\/\"},{\"@type\":\"ListItem\",\"position\":4,\"name\":\"Hauptsache hygienisch\"}]},{\"@type\":\"WebSite\",\"@id\":\"https:\\\/\\\/www.krafthand.de\\\/truck\\\/#website\",\"url\":\"https:\\\/\\\/www.krafthand.de\\\/truck\\\/\",\"name\":\"Krafthand-Truck\",\"description\":\"\",\"potentialAction\":[{\"@type\":\"SearchAction\",\"target\":{\"@type\":\"EntryPoint\",\"urlTemplate\":\"https:\\\/\\\/www.krafthand.de\\\/truck\\\/?s={search_term_string}\"},\"query-input\":{\"@type\":\"PropertyValueSpecification\",\"valueRequired\":true,\"valueName\":\"search_term_string\"}}],\"inLanguage\":\"de\"},{\"@type\":\"Person\",\"@id\":\"https:\\\/\\\/www.krafthand.de\\\/truck\\\/#\\\/schema\\\/person\\\/23aebc1e5e3f0204da7158bce36950bb\",\"name\":\"julian.schmid@krafthand.de\",\"image\":{\"@type\":\"ImageObject\",\"inLanguage\":\"de\",\"@id\":\"https:\\\/\\\/secure.gravatar.com\\\/avatar\\\/ef76c2910cab8eb23fcc013e1c6dc1ba4af5e93fea6e6132d7c4e67d4e9631e9?s=96&d=mm&r=g\",\"url\":\"https:\\\/\\\/secure.gravatar.com\\\/avatar\\\/ef76c2910cab8eb23fcc013e1c6dc1ba4af5e93fea6e6132d7c4e67d4e9631e9?s=96&d=mm&r=g\",\"contentUrl\":\"https:\\\/\\\/secure.gravatar.com\\\/avatar\\\/ef76c2910cab8eb23fcc013e1c6dc1ba4af5e93fea6e6132d7c4e67d4e9631e9?s=96&d=mm&r=g\",\"caption\":\"julian.schmid@krafthand.de\"}}]}<\/script>\n<!-- \/ Yoast SEO plugin. -->","yoast_head_json":{"title":"Hauptsache hygienisch - Krafthand-Truck","robots":{"index":"index","follow":"follow","max-snippet":"max-snippet:-1","max-image-preview":"max-image-preview:large","max-video-preview":"max-video-preview:-1"},"canonical":"https:\/\/www.krafthand.de\/truck\/artikel\/hauptsache-hygienisch-26015\/","og_locale":"de_DE","og_type":"article","og_title":"Hauptsache hygienisch - Krafthand-Truck","og_description":"Die Corona-Pandemie hat das Leben in vielen Bereichen ver\u00e4ndert. Vor allem das Thema \u201aHygiene im Alltag\u2018 hat einen neuen, extrem wichtigen Stellenwert bekommen. ... weiter","og_url":"https:\/\/www.krafthand-truck.de\/artikel\/hauptsache-hygienisch-26015\/","og_site_name":"Krafthand-Truck","article_published_time":"2020-11-05T06:00:02+00:00","article_modified_time":"2022-02-15T08:11:52+00:00","og_image":[{"url":"https:\/\/www.krafthand.de\/truck\/wp-content\/uploads\/2020\/11\/03_20_024_Mahle.jpg","type":"","width":"","height":""}],"author":"julian.schmid@krafthand.de","twitter_card":"summary_large_image","twitter_misc":{"Verfasst von":"julian.schmid@krafthand.de","Gesch\u00e4tzte Lesezeit":"6\u00a0Minuten"},"schema":{"@context":"https:\/\/schema.org","@graph":[{"@type":"Article","@id":"https:\/\/www.krafthand.de\/truck\/artikel\/hauptsache-hygienisch-26015\/#article","isPartOf":{"@id":"https:\/\/www.krafthand.de\/truck\/artikel\/hauptsache-hygienisch-26015\/"},"author":{"name":"julian.schmid@krafthand.de","@id":"https:\/\/www.krafthand.de\/truck\/#\/schema\/person\/23aebc1e5e3f0204da7158bce36950bb"},"headline":"Hauptsache hygienisch","datePublished":"2020-11-05T06:00:02+00:00","dateModified":"2022-02-15T08:11:52+00:00","mainEntityOfPage":{"@id":"https:\/\/www.krafthand.de\/truck\/artikel\/hauptsache-hygienisch-26015\/"},"wordCount":1285,"image":{"@id":"https:\/\/www.krafthand.de\/truck\/artikel\/hauptsache-hygienisch-26015\/#primaryimage"},"thumbnailUrl":"https:\/\/www.krafthand.de\/truck\/wp-content\/uploads\/2020\/11\/03_20_024_Mahle.jpg","keywords":["AGK","Corona","Hengst","Herth + Buss","HJS","Mahle","Mund-Nasen-Schutz","Ozonger\u00e4t","Texa"],"articleSection":["Werkstattausr\u00fcstung"],"inLanguage":"de"},{"@type":"WebPage","@id":"https:\/\/www.krafthand.de\/truck\/artikel\/hauptsache-hygienisch-26015\/","url":"https:\/\/www.krafthand.de\/truck\/artikel\/hauptsache-hygienisch-26015\/","name":"Hauptsache hygienisch - Krafthand-Truck","isPartOf":{"@id":"https:\/\/www.krafthand.de\/truck\/#website"},"primaryImageOfPage":{"@id":"https:\/\/www.krafthand.de\/truck\/artikel\/hauptsache-hygienisch-26015\/#primaryimage"},"image":{"@id":"https:\/\/www.krafthand.de\/truck\/artikel\/hauptsache-hygienisch-26015\/#primaryimage"},"thumbnailUrl":"https:\/\/www.krafthand.de\/truck\/wp-content\/uploads\/2020\/11\/03_20_024_Mahle.jpg","datePublished":"2020-11-05T06:00:02+00:00","dateModified":"2022-02-15T08:11:52+00:00","author":{"@id":"https:\/\/www.krafthand.de\/truck\/#\/schema\/person\/23aebc1e5e3f0204da7158bce36950bb"},"breadcrumb":{"@id":"https:\/\/www.krafthand.de\/truck\/artikel\/hauptsache-hygienisch-26015\/#breadcrumb"},"inLanguage":"de","potentialAction":[{"@type":"ReadAction","target":["https:\/\/www.krafthand.de\/truck\/artikel\/hauptsache-hygienisch-26015\/"]}]},{"@type":"ImageObject","inLanguage":"de","@id":"https:\/\/www.krafthand.de\/truck\/artikel\/hauptsache-hygienisch-26015\/#primaryimage","url":"https:\/\/www.krafthand.de\/truck\/wp-content\/uploads\/2020\/11\/03_20_024_Mahle.jpg","contentUrl":"https:\/\/www.krafthand.de\/truck\/wp-content\/uploads\/2020\/11\/03_20_024_Mahle.jpg"},{"@type":"BreadcrumbList","@id":"https:\/\/www.krafthand.de\/truck\/artikel\/hauptsache-hygienisch-26015\/#breadcrumb","itemListElement":[{"@type":"ListItem","position":1,"name":"Krafthand-Truck","item":"https:\/\/www.krafthand.de\/truck\/"},{"@type":"ListItem","position":2,"name":"Nfz-Service","item":"https:\/\/www.krafthand.de\/truck\/kategorie\/nfz-service\/"},{"@type":"ListItem","position":3,"name":"Werkstattausr\u00fcstung","item":"https:\/\/www.krafthand.de\/truck\/kategorie\/nfz-service\/werkstattausruestung\/"},{"@type":"ListItem","position":4,"name":"Hauptsache hygienisch"}]},{"@type":"WebSite","@id":"https:\/\/www.krafthand.de\/truck\/#website","url":"https:\/\/www.krafthand.de\/truck\/","name":"Krafthand-Truck","description":"","potentialAction":[{"@type":"SearchAction","target":{"@type":"EntryPoint","urlTemplate":"https:\/\/www.krafthand.de\/truck\/?s={search_term_string}"},"query-input":{"@type":"PropertyValueSpecification","valueRequired":true,"valueName":"search_term_string"}}],"inLanguage":"de"},{"@type":"Person","@id":"https:\/\/www.krafthand.de\/truck\/#\/schema\/person\/23aebc1e5e3f0204da7158bce36950bb","name":"julian.schmid@krafthand.de","image":{"@type":"ImageObject","inLanguage":"de","@id":"https:\/\/secure.gravatar.com\/avatar\/ef76c2910cab8eb23fcc013e1c6dc1ba4af5e93fea6e6132d7c4e67d4e9631e9?s=96&d=mm&r=g","url":"https:\/\/secure.gravatar.com\/avatar\/ef76c2910cab8eb23fcc013e1c6dc1ba4af5e93fea6e6132d7c4e67d4e9631e9?s=96&d=mm&r=g","contentUrl":"https:\/\/secure.gravatar.com\/avatar\/ef76c2910cab8eb23fcc013e1c6dc1ba4af5e93fea6e6132d7c4e67d4e9631e9?s=96&d=mm&r=g","caption":"julian.schmid@krafthand.de"}}]}},"_links":{"self":[{"href":"https:\/\/www.krafthand.de\/truck\/wp-json\/wp\/v2\/posts\/26015","targetHints":{"allow":["GET"]}}],"collection":[{"href":"https:\/\/www.krafthand.de\/truck\/wp-json\/wp\/v2\/posts"}],"about":[{"href":"https:\/\/www.krafthand.de\/truck\/wp-json\/wp\/v2\/types\/post"}],"author":[{"embeddable":true,"href":"https:\/\/www.krafthand.de\/truck\/wp-json\/wp\/v2\/users\/7"}],"replies":[{"embeddable":true,"href":"https:\/\/www.krafthand.de\/truck\/wp-json\/wp\/v2\/comments?post=26015"}],"version-history":[{"count":2,"href":"https:\/\/www.krafthand.de\/truck\/wp-json\/wp\/v2\/posts\/26015\/revisions"}],"predecessor-version":[{"id":26035,"href":"https:\/\/www.krafthand.de\/truck\/wp-json\/wp\/v2\/posts\/26015\/revisions\/26035"}],"wp:attachment":[{"href":"https:\/\/www.krafthand.de\/truck\/wp-json\/wp\/v2\/media?parent=26015"}],"wp:term":[{"taxonomy":"category","embeddable":true,"href":"https:\/\/www.krafthand.de\/truck\/wp-json\/wp\/v2\/categories?post=26015"},{"taxonomy":"post_tag","embeddable":true,"href":"https:\/\/www.krafthand.de\/truck\/wp-json\/wp\/v2\/tags?post=26015"},{"taxonomy":"settings","embeddable":true,"href":"https:\/\/www.krafthand.de\/truck\/wp-json\/wp\/v2\/settings?post=26015"}],"curies":[{"name":"wp","href":"https:\/\/api.w.org\/{rel}","templated":true}]}}