{"id":25998,"date":"2020-10-28T08:00:51","date_gmt":"2020-10-28T07:00:51","guid":{"rendered":"https:\/\/www.krafthand.de\/truck\/?p=25998"},"modified":"2021-03-12T11:01:26","modified_gmt":"2021-03-12T10:01:26","slug":"und-jetzt-erst-recht","status":"publish","type":"post","link":"https:\/\/www.krafthand.de\/truck\/artikel\/und-jetzt-erst-recht-25998\/","title":{"rendered":"Und jetzt erst recht!"},"content":{"rendered":"<p class=\"text-colored\"> Wegen der Corona-Pandemie findet die \u201aAutomechanika\u2018 erst im n\u00e4chsten Jahr statt. Um mit all jenen Kfz-Fachleuten, die gerne pers\u00f6nlich nach Frankfurt gekommen w\u00e4ren, dennoch in engem Kontakt zu bleiben, startet das Automechanika-Organisationsteam im September eine Digital-Offensive mit interessanten Online-Angeboten zu den unterschiedlichsten Themen. Auch KRAFTHAND-Truck ist mit dabei: mit dem Online-Workshop \u201aRadar- und kamerabasierte Fahrerassistenzsysteme in der Werkstattpraxis\u2018.<\/p>\n<figure id=\"attachment_26001\" aria-describedby=\"caption-attachment-26001\" style=\"width: 300px\" class=\"wp-caption aligncenter\"><img decoding=\"async\" class=\"wp-image-26001 size-medium\" src=\"https:\/\/www.krafthand.de\/truck\/wp-content\/uploads\/2020\/10\/03_20_033_Logo-01-300x73.jpg\" alt=\"Logo Automechanika\" width=\"300\" height=\"73\" srcset=\"https:\/\/static.krafthand-truck.de\/uploads\/2020\/10\/03_20_033_Logo-01-300x73.jpg 300w, https:\/\/static.krafthand-truck.de\/uploads\/2020\/10\/03_20_033_Logo-01-768x187.jpg 768w, https:\/\/static.krafthand-truck.de\/uploads\/2020\/10\/03_20_033_Logo-01.jpg 1000w\" sizes=\"(max-width: 300px) 100vw, 300px\" \/><figcaption id=\"caption-attachment-26001\" class=\"wp-caption-text\">Bild: Automechanika<\/figcaption><\/figure>\n<p>Jetzt erst recht in Verbindung bleiben!\u2018 \u2013 unter diesem Motto hat die Automechanika Frankfurt ein ganzes B\u00fcndel interessanter digitaler Services geschn\u00fcrt, um im Corona-Jahr mit all jenen Kfz-Profis, die gerne selbst zur gr\u00f6\u00dften Branchenleitmesse der Automotive-Branche in die Main-Metropole gekommen w\u00e4ren, in Verbindung zu bleiben \u2013 und nicht zuletzt, um diesen die Wartezeit bis zum 14. September 2021, wenn die 26. Automechanika bis einschlie\u00dflich 18. September 2021 ihre Pforten \u00f6ffnet, zu vers\u00fc\u00dfen. Zu der angek\u00fcndigten Digital-Offensive geh\u00f6ren unter anderem Online-Weiterbildungen mit Live- Streams und Videos, eine aktualisierte Online-Aussteller- und Produktsuche sowie neue Networking-M\u00f6glichk eiten mit der \u201aConnect\u2018-Funktion der Automechanika-App. Sie bietet eine Chat- Funktion, um mit anderen Kfz-Profis und Ausstellern Kontakt aufzunehmen und zu kommunizieren. Die Automechanika-App ist voraussichtlich noch im September kostenlos in den App-Stores erh\u00e4ltlich.<\/p>\n<h2>Life-Workshops, Coachings, Expertengespr\u00e4che<\/h2>\n<p>Weiterbildungen und Workshops sind seit Jahren ein fester und wichtiger Bestandteil der Automechanika Frankfurt. Daran soll sich den Veranstaltern zufolge auch im Corona-Jahr nichts \u00e4ndern. Sie haben sich deshalb f\u00fcr diesen Herbst eine digitale Veranstaltungsreihe einfallen lassen, die sich vorzugsweise an deutsche Werkst\u00e4tten richtet und die gemeinsam mit f\u00fchrenden Fachmedien wie KRAFTHAND-Truck organisiert wird. KRAFTHAND-Truck wird am 19. Oktober 2020 um 19:00 Uhr in Zusammenarbeit mit dem Handwerklichen Bildungszentrum HBZ M\u00fcnster und zusammen mit Sponsoren, dem Diagnosespezialisten Texa und dem Achsmessexperten Koch- Achsmessanlagen, in einem rund einst\u00fcndigen Online-Workshop \u201a Radar- und kamerabasierte Fahrerassistenzsysteme von Nutzfahrzeugen in der Werkstattpraxis\u2018 zeigen, wie man diese sicherheitsrelevanten, elektronischen Fahrzeugsysteme fachgerecht justiert und kalibriert.<\/p>\n<h2>Neuheiten trotz Corona<\/h2>\n<p>Au\u00dferdem k\u00f6nnen die Besucher der Webseite \u201a<a href=\"http:\/\/sneak-preview.automechanika-frankfurt.com\" target=\"_blank\" rel=\"noopener noreferrer\">sneak-preview.automechanika-frankfurt.com<\/a>\u2018 in den aktualisierten Unternehmensprofilen der Aussteller zahlreiche Produktneuheiten und L\u00f6sungen entdecken. \u201eDie Branche braucht gerade in diesen herausfordernden Zeiten ein Schaufenster, wo neue Produkte online pr\u00e4sentiert werden, etwa in Form von anschaulichen Videos. Diese M\u00f6glichkeit bieten wir unseren Kunden weltweit mit der neuen, aktualisierten Aussteller- und Produktsuche\u201c, berichtet Olaf Mu\u00dfhoff, Direktor der Automechanika Frankfurt. \u201eDiese digitale Alternative bietet der Branche die Chance, auch im Corona-Jahr Neuheiten zu pr\u00e4sentieren und mit Kunden in Kontakt zu bleiben. Unsere Mitglieder freuen sich aber genauso auf das pers\u00f6nliche Wiedersehen n\u00e4chstes Jahr und haben angek\u00fcndigt, alle dabei zu sein\u201c, erg\u00e4nzt Thomas Fischer, Vorstand des AAMPACT e.V., Verband der Automobilzulieferer im freien Ersatzteilmarkt.<\/p>\n<p>Alles Wichtige zur Digitaloffensive der Automechanika Frankfurt finden Interessierte unter \u201a<a href=\"http:\/\/sneak-preview.automechanika-frankfurt.com\" target=\"_blank\" rel=\"noopener noreferrer\">sneak-preview.automechanika-frankfurt.com<\/a>\u2018.<\/p>\n<figure id=\"attachment_25999\" aria-describedby=\"caption-attachment-25999\" style=\"width: 1000px\" class=\"wp-caption alignnone\"><img fetchpriority=\"high\" decoding=\"async\" class=\"size-full wp-image-25999\" src=\"https:\/\/www.krafthand.de\/truck\/wp-content\/uploads\/2020\/10\/03_20_033_02.jpg\" alt=\"Automechanika digital\" width=\"1000\" height=\"563\" srcset=\"https:\/\/static.krafthand-truck.de\/uploads\/2020\/10\/03_20_033_02.jpg 1000w, https:\/\/static.krafthand-truck.de\/uploads\/2020\/10\/03_20_033_02-300x169.jpg 300w, https:\/\/static.krafthand-truck.de\/uploads\/2020\/10\/03_20_033_02-768x432.jpg 768w\" sizes=\"(max-width: 1000px) 100vw, 1000px\" \/><figcaption id=\"caption-attachment-25999\" class=\"wp-caption-text\">Automechanika digital: Seit dem 10. September 2020 l\u00e4uft eine Serie von Online-Weiterbildungen, Experten-Talkrunden und Coachings f\u00fcr Werkst\u00e4tten unter \u201asneak-preview.automechanika-frankfurt.com\u2018. Bild: Automechanika<\/figcaption><\/figure>\n<p><i>Den Beitrag finden Sie auch in der Print-Ausgabe 3\/20 der <a href=\"https:\/\/www.krafthand.de\/truck\/magazin\/\" title=\"Zum Magazin\">Krafthand-Truck<\/a>.<\/i><\/p>\r\n\t\t\t\t<div class=\"post-author\">\r\n\t\t\t\t\t<div class=\"khm-cp-author clearfix\">\r\n\t\t\t\t\t\t<div class=\"khm-cp-author__content\">\r\n\t\t\t\t\t\t\t\tKontakt zum Autor:<br \/>\r\n\t\t\t\t\t\t\t\t<strong>Klaus Kuss<\/strong>, 08247 \/ 3007-177 |  <a href=\"mailto:klaus.kuss@krafthand-medien.de\">klaus.kuss@krafthand-medien.de<\/a>\r\n\t\t\t\t\t\t\t<div class=\"khm-cp-author__image\">\r\n\t\t\t\t\t\t<img src=\"https:\/\/static.krafthand-truck.de\/uploads\/2018\/01\/Kuss_Klaus-250x300.png\" class=\"img-responsive\">\r\n\t\t\t\t\t<\/div>\r\n\t\t\t\t\t\t<\/div>\r\n\t\t\t\t\t<\/div>\r\n\t\t\t\t<\/div>\r\n\t\t\t\t","protected":false},"excerpt":{"rendered":"<p>Wegen der Corona-Pandemie findet die \u201aAutomechanika\u2018 erst im n\u00e4chsten Jahr statt. Um mit all jenen Kfz-Fachleuten, die gerne pers\u00f6nlich nach Frankfurt gekommen w\u00e4ren, dennoch in engem Kontakt zu bleiben, startet das Automechanika-Organisationsteam im September eine Digital-Offensive mit interessanten Online-Angeboten zu den unterschiedlichsten Themen. <span class=\"excerpt-more__dots\">&#8230;<\/span> <a class=\"excerpt-more__link\" href=\"https:\/\/www.krafthand.de\/truck\/artikel\/und-jetzt-erst-recht-25998\/\" >weiter<\/a><\/p>\n","protected":false},"author":7,"featured_media":26000,"comment_status":"closed","ping_status":"closed","sticky":false,"template":"","format":"standard","meta":{"footnotes":""},"categories":[4236],"tags":[1346,4106,4105,548,4107],"settings":[3524,3523],"class_list":["post-25998","post","type-post","status-publish","format-standard","has-post-thumbnail","hentry","category-veranstaltungen","tag-automechanika","tag-coaching","tag-corona","tag-fachmesse","tag-life-workshop"],"yoast_head":"<!-- This site is optimized with the Yoast SEO plugin v27.3 - https:\/\/yoast.com\/product\/yoast-seo-wordpress\/ -->\n<title>Und jetzt erst recht! - Krafthand-Truck<\/title>\n<meta name=\"robots\" content=\"index, follow, max-snippet:-1, max-image-preview:large, max-video-preview:-1\" \/>\n<link rel=\"canonical\" href=\"https:\/\/www.krafthand.de\/truck\/artikel\/und-jetzt-erst-recht-25998\/\" \/>\n<meta property=\"og:locale\" content=\"de_DE\" \/>\n<meta property=\"og:type\" content=\"article\" \/>\n<meta property=\"og:title\" content=\"Und jetzt erst recht! - Krafthand-Truck\" \/>\n<meta property=\"og:description\" content=\"Wegen der Corona-Pandemie findet die \u201aAutomechanika\u2018 erst im n\u00e4chsten Jahr statt. Um mit all jenen Kfz-Fachleuten, die gerne pers\u00f6nlich nach Frankfurt gekommen w\u00e4ren, dennoch in engem Kontakt zu bleiben, startet das Automechanika-Organisationsteam im September eine Digital-Offensive mit interessanten Online-Angeboten zu den unterschiedlichsten Themen. ... weiter\" \/>\n<meta property=\"og:url\" content=\"https:\/\/www.krafthand-truck.de\/artikel\/und-jetzt-erst-recht-25998\/\" \/>\n<meta property=\"og:site_name\" content=\"Krafthand-Truck\" \/>\n<meta property=\"article:published_time\" content=\"2020-10-28T07:00:51+00:00\" \/>\n<meta property=\"article:modified_time\" content=\"2021-03-12T10:01:26+00:00\" \/>\n<meta property=\"og:image\" content=\"https:\/\/www.krafthand.de\/truck\/wp-content\/uploads\/2020\/10\/03_20_033_01.jpg\" \/>\n\t<meta property=\"og:image:width\" content=\"1000\" \/>\n\t<meta property=\"og:image:height\" content=\"669\" \/>\n\t<meta property=\"og:image:type\" content=\"image\/jpeg\" \/>\n<meta name=\"author\" content=\"julian.schmid@krafthand.de\" \/>\n<meta name=\"twitter:card\" content=\"summary_large_image\" \/>\n<meta name=\"twitter:label1\" content=\"Verfasst von\" \/>\n\t<meta name=\"twitter:data1\" content=\"julian.schmid@krafthand.de\" \/>\n\t<meta name=\"twitter:label2\" content=\"Gesch\u00e4tzte Lesezeit\" \/>\n\t<meta name=\"twitter:data2\" content=\"2\u00a0Minuten\" \/>\n<script type=\"application\/ld+json\" class=\"yoast-schema-graph\">{\"@context\":\"https:\\\/\\\/schema.org\",\"@graph\":[{\"@type\":\"Article\",\"@id\":\"https:\\\/\\\/www.krafthand.de\\\/truck\\\/artikel\\\/und-jetzt-erst-recht-25998\\\/#article\",\"isPartOf\":{\"@id\":\"https:\\\/\\\/www.krafthand.de\\\/truck\\\/artikel\\\/und-jetzt-erst-recht-25998\\\/\"},\"author\":{\"name\":\"julian.schmid@krafthand.de\",\"@id\":\"https:\\\/\\\/www.krafthand.de\\\/truck\\\/#\\\/schema\\\/person\\\/23aebc1e5e3f0204da7158bce36950bb\"},\"headline\":\"Und jetzt erst recht!\",\"datePublished\":\"2020-10-28T07:00:51+00:00\",\"dateModified\":\"2021-03-12T10:01:26+00:00\",\"mainEntityOfPage\":{\"@id\":\"https:\\\/\\\/www.krafthand.de\\\/truck\\\/artikel\\\/und-jetzt-erst-recht-25998\\\/\"},\"wordCount\":496,\"image\":{\"@id\":\"https:\\\/\\\/www.krafthand.de\\\/truck\\\/artikel\\\/und-jetzt-erst-recht-25998\\\/#primaryimage\"},\"thumbnailUrl\":\"https:\\\/\\\/static.krafthand-truck.de\\\/uploads\\\/2020\\\/10\\\/03_20_033_01.jpg\",\"keywords\":[\"Automechanika\",\"Coaching\",\"Corona\",\"Fachmesse\",\"Life-Workshop\"],\"articleSection\":[\"Veranstaltungen\\\/Messen\"],\"inLanguage\":\"de\"},{\"@type\":\"WebPage\",\"@id\":\"https:\\\/\\\/www.krafthand.de\\\/truck\\\/artikel\\\/und-jetzt-erst-recht-25998\\\/\",\"url\":\"https:\\\/\\\/www.krafthand.de\\\/truck\\\/artikel\\\/und-jetzt-erst-recht-25998\\\/\",\"name\":\"Und jetzt erst recht! - Krafthand-Truck\",\"isPartOf\":{\"@id\":\"https:\\\/\\\/www.krafthand.de\\\/truck\\\/#website\"},\"primaryImageOfPage\":{\"@id\":\"https:\\\/\\\/www.krafthand.de\\\/truck\\\/artikel\\\/und-jetzt-erst-recht-25998\\\/#primaryimage\"},\"image\":{\"@id\":\"https:\\\/\\\/www.krafthand.de\\\/truck\\\/artikel\\\/und-jetzt-erst-recht-25998\\\/#primaryimage\"},\"thumbnailUrl\":\"https:\\\/\\\/static.krafthand-truck.de\\\/uploads\\\/2020\\\/10\\\/03_20_033_01.jpg\",\"datePublished\":\"2020-10-28T07:00:51+00:00\",\"dateModified\":\"2021-03-12T10:01:26+00:00\",\"author\":{\"@id\":\"https:\\\/\\\/www.krafthand.de\\\/truck\\\/#\\\/schema\\\/person\\\/23aebc1e5e3f0204da7158bce36950bb\"},\"breadcrumb\":{\"@id\":\"https:\\\/\\\/www.krafthand.de\\\/truck\\\/artikel\\\/und-jetzt-erst-recht-25998\\\/#breadcrumb\"},\"inLanguage\":\"de\",\"potentialAction\":[{\"@type\":\"ReadAction\",\"target\":[\"https:\\\/\\\/www.krafthand.de\\\/truck\\\/artikel\\\/und-jetzt-erst-recht-25998\\\/\"]}]},{\"@type\":\"ImageObject\",\"inLanguage\":\"de\",\"@id\":\"https:\\\/\\\/www.krafthand.de\\\/truck\\\/artikel\\\/und-jetzt-erst-recht-25998\\\/#primaryimage\",\"url\":\"https:\\\/\\\/static.krafthand-truck.de\\\/uploads\\\/2020\\\/10\\\/03_20_033_01.jpg\",\"contentUrl\":\"https:\\\/\\\/static.krafthand-truck.de\\\/uploads\\\/2020\\\/10\\\/03_20_033_01.jpg\",\"width\":1000,\"height\":669,\"caption\":\"KRAFTHAND-Truck ist mit\u00a0dem Praxisworkshop \u201aRadar- und kamerabasierte Fahrerassistenzsysteme bei Nutzfahrzeugen in der Werkstattpraxis\u2018 dabei. Bild: Kuss\"},{\"@type\":\"BreadcrumbList\",\"@id\":\"https:\\\/\\\/www.krafthand.de\\\/truck\\\/artikel\\\/und-jetzt-erst-recht-25998\\\/#breadcrumb\",\"itemListElement\":[{\"@type\":\"ListItem\",\"position\":1,\"name\":\"Krafthand-Truck\",\"item\":\"https:\\\/\\\/www.krafthand.de\\\/truck\\\/\"},{\"@type\":\"ListItem\",\"position\":2,\"name\":\"Nfz-Branche\",\"item\":\"https:\\\/\\\/www.krafthand.de\\\/truck\\\/kategorie\\\/branche\\\/\"},{\"@type\":\"ListItem\",\"position\":3,\"name\":\"Veranstaltungen\\\/Messen\",\"item\":\"https:\\\/\\\/www.krafthand.de\\\/truck\\\/kategorie\\\/branche\\\/veranstaltungen\\\/\"},{\"@type\":\"ListItem\",\"position\":4,\"name\":\"Und jetzt erst recht!\"}]},{\"@type\":\"WebSite\",\"@id\":\"https:\\\/\\\/www.krafthand.de\\\/truck\\\/#website\",\"url\":\"https:\\\/\\\/www.krafthand.de\\\/truck\\\/\",\"name\":\"Krafthand-Truck\",\"description\":\"\",\"potentialAction\":[{\"@type\":\"SearchAction\",\"target\":{\"@type\":\"EntryPoint\",\"urlTemplate\":\"https:\\\/\\\/www.krafthand.de\\\/truck\\\/?s={search_term_string}\"},\"query-input\":{\"@type\":\"PropertyValueSpecification\",\"valueRequired\":true,\"valueName\":\"search_term_string\"}}],\"inLanguage\":\"de\"},{\"@type\":\"Person\",\"@id\":\"https:\\\/\\\/www.krafthand.de\\\/truck\\\/#\\\/schema\\\/person\\\/23aebc1e5e3f0204da7158bce36950bb\",\"name\":\"julian.schmid@krafthand.de\",\"image\":{\"@type\":\"ImageObject\",\"inLanguage\":\"de\",\"@id\":\"https:\\\/\\\/secure.gravatar.com\\\/avatar\\\/ef76c2910cab8eb23fcc013e1c6dc1ba4af5e93fea6e6132d7c4e67d4e9631e9?s=96&d=mm&r=g\",\"url\":\"https:\\\/\\\/secure.gravatar.com\\\/avatar\\\/ef76c2910cab8eb23fcc013e1c6dc1ba4af5e93fea6e6132d7c4e67d4e9631e9?s=96&d=mm&r=g\",\"contentUrl\":\"https:\\\/\\\/secure.gravatar.com\\\/avatar\\\/ef76c2910cab8eb23fcc013e1c6dc1ba4af5e93fea6e6132d7c4e67d4e9631e9?s=96&d=mm&r=g\",\"caption\":\"julian.schmid@krafthand.de\"}}]}<\/script>\n<!-- \/ Yoast SEO plugin. -->","yoast_head_json":{"title":"Und jetzt erst recht! - Krafthand-Truck","robots":{"index":"index","follow":"follow","max-snippet":"max-snippet:-1","max-image-preview":"max-image-preview:large","max-video-preview":"max-video-preview:-1"},"canonical":"https:\/\/www.krafthand.de\/truck\/artikel\/und-jetzt-erst-recht-25998\/","og_locale":"de_DE","og_type":"article","og_title":"Und jetzt erst recht! - Krafthand-Truck","og_description":"Wegen der Corona-Pandemie findet die \u201aAutomechanika\u2018 erst im n\u00e4chsten Jahr statt. Um mit all jenen Kfz-Fachleuten, die gerne pers\u00f6nlich nach Frankfurt gekommen w\u00e4ren, dennoch in engem Kontakt zu bleiben, startet das Automechanika-Organisationsteam im September eine Digital-Offensive mit interessanten Online-Angeboten zu den unterschiedlichsten Themen. ... weiter","og_url":"https:\/\/www.krafthand-truck.de\/artikel\/und-jetzt-erst-recht-25998\/","og_site_name":"Krafthand-Truck","article_published_time":"2020-10-28T07:00:51+00:00","article_modified_time":"2021-03-12T10:01:26+00:00","og_image":[{"width":1000,"height":669,"url":"https:\/\/www.krafthand.de\/truck\/wp-content\/uploads\/2020\/10\/03_20_033_01.jpg","type":"image\/jpeg"}],"author":"julian.schmid@krafthand.de","twitter_card":"summary_large_image","twitter_misc":{"Verfasst von":"julian.schmid@krafthand.de","Gesch\u00e4tzte Lesezeit":"2\u00a0Minuten"},"schema":{"@context":"https:\/\/schema.org","@graph":[{"@type":"Article","@id":"https:\/\/www.krafthand.de\/truck\/artikel\/und-jetzt-erst-recht-25998\/#article","isPartOf":{"@id":"https:\/\/www.krafthand.de\/truck\/artikel\/und-jetzt-erst-recht-25998\/"},"author":{"name":"julian.schmid@krafthand.de","@id":"https:\/\/www.krafthand.de\/truck\/#\/schema\/person\/23aebc1e5e3f0204da7158bce36950bb"},"headline":"Und jetzt erst recht!","datePublished":"2020-10-28T07:00:51+00:00","dateModified":"2021-03-12T10:01:26+00:00","mainEntityOfPage":{"@id":"https:\/\/www.krafthand.de\/truck\/artikel\/und-jetzt-erst-recht-25998\/"},"wordCount":496,"image":{"@id":"https:\/\/www.krafthand.de\/truck\/artikel\/und-jetzt-erst-recht-25998\/#primaryimage"},"thumbnailUrl":"https:\/\/static.krafthand-truck.de\/uploads\/2020\/10\/03_20_033_01.jpg","keywords":["Automechanika","Coaching","Corona","Fachmesse","Life-Workshop"],"articleSection":["Veranstaltungen\/Messen"],"inLanguage":"de"},{"@type":"WebPage","@id":"https:\/\/www.krafthand.de\/truck\/artikel\/und-jetzt-erst-recht-25998\/","url":"https:\/\/www.krafthand.de\/truck\/artikel\/und-jetzt-erst-recht-25998\/","name":"Und jetzt erst recht! - Krafthand-Truck","isPartOf":{"@id":"https:\/\/www.krafthand.de\/truck\/#website"},"primaryImageOfPage":{"@id":"https:\/\/www.krafthand.de\/truck\/artikel\/und-jetzt-erst-recht-25998\/#primaryimage"},"image":{"@id":"https:\/\/www.krafthand.de\/truck\/artikel\/und-jetzt-erst-recht-25998\/#primaryimage"},"thumbnailUrl":"https:\/\/static.krafthand-truck.de\/uploads\/2020\/10\/03_20_033_01.jpg","datePublished":"2020-10-28T07:00:51+00:00","dateModified":"2021-03-12T10:01:26+00:00","author":{"@id":"https:\/\/www.krafthand.de\/truck\/#\/schema\/person\/23aebc1e5e3f0204da7158bce36950bb"},"breadcrumb":{"@id":"https:\/\/www.krafthand.de\/truck\/artikel\/und-jetzt-erst-recht-25998\/#breadcrumb"},"inLanguage":"de","potentialAction":[{"@type":"ReadAction","target":["https:\/\/www.krafthand.de\/truck\/artikel\/und-jetzt-erst-recht-25998\/"]}]},{"@type":"ImageObject","inLanguage":"de","@id":"https:\/\/www.krafthand.de\/truck\/artikel\/und-jetzt-erst-recht-25998\/#primaryimage","url":"https:\/\/static.krafthand-truck.de\/uploads\/2020\/10\/03_20_033_01.jpg","contentUrl":"https:\/\/static.krafthand-truck.de\/uploads\/2020\/10\/03_20_033_01.jpg","width":1000,"height":669,"caption":"KRAFTHAND-Truck ist mit\u00a0dem Praxisworkshop \u201aRadar- und kamerabasierte Fahrerassistenzsysteme bei Nutzfahrzeugen in der Werkstattpraxis\u2018 dabei. Bild: Kuss"},{"@type":"BreadcrumbList","@id":"https:\/\/www.krafthand.de\/truck\/artikel\/und-jetzt-erst-recht-25998\/#breadcrumb","itemListElement":[{"@type":"ListItem","position":1,"name":"Krafthand-Truck","item":"https:\/\/www.krafthand.de\/truck\/"},{"@type":"ListItem","position":2,"name":"Nfz-Branche","item":"https:\/\/www.krafthand.de\/truck\/kategorie\/branche\/"},{"@type":"ListItem","position":3,"name":"Veranstaltungen\/Messen","item":"https:\/\/www.krafthand.de\/truck\/kategorie\/branche\/veranstaltungen\/"},{"@type":"ListItem","position":4,"name":"Und jetzt erst recht!"}]},{"@type":"WebSite","@id":"https:\/\/www.krafthand.de\/truck\/#website","url":"https:\/\/www.krafthand.de\/truck\/","name":"Krafthand-Truck","description":"","potentialAction":[{"@type":"SearchAction","target":{"@type":"EntryPoint","urlTemplate":"https:\/\/www.krafthand.de\/truck\/?s={search_term_string}"},"query-input":{"@type":"PropertyValueSpecification","valueRequired":true,"valueName":"search_term_string"}}],"inLanguage":"de"},{"@type":"Person","@id":"https:\/\/www.krafthand.de\/truck\/#\/schema\/person\/23aebc1e5e3f0204da7158bce36950bb","name":"julian.schmid@krafthand.de","image":{"@type":"ImageObject","inLanguage":"de","@id":"https:\/\/secure.gravatar.com\/avatar\/ef76c2910cab8eb23fcc013e1c6dc1ba4af5e93fea6e6132d7c4e67d4e9631e9?s=96&d=mm&r=g","url":"https:\/\/secure.gravatar.com\/avatar\/ef76c2910cab8eb23fcc013e1c6dc1ba4af5e93fea6e6132d7c4e67d4e9631e9?s=96&d=mm&r=g","contentUrl":"https:\/\/secure.gravatar.com\/avatar\/ef76c2910cab8eb23fcc013e1c6dc1ba4af5e93fea6e6132d7c4e67d4e9631e9?s=96&d=mm&r=g","caption":"julian.schmid@krafthand.de"}}]}},"_links":{"self":[{"href":"https:\/\/www.krafthand.de\/truck\/wp-json\/wp\/v2\/posts\/25998","targetHints":{"allow":["GET"]}}],"collection":[{"href":"https:\/\/www.krafthand.de\/truck\/wp-json\/wp\/v2\/posts"}],"about":[{"href":"https:\/\/www.krafthand.de\/truck\/wp-json\/wp\/v2\/types\/post"}],"author":[{"embeddable":true,"href":"https:\/\/www.krafthand.de\/truck\/wp-json\/wp\/v2\/users\/7"}],"replies":[{"embeddable":true,"href":"https:\/\/www.krafthand.de\/truck\/wp-json\/wp\/v2\/comments?post=25998"}],"version-history":[{"count":1,"href":"https:\/\/www.krafthand.de\/truck\/wp-json\/wp\/v2\/posts\/25998\/revisions"}],"predecessor-version":[{"id":26002,"href":"https:\/\/www.krafthand.de\/truck\/wp-json\/wp\/v2\/posts\/25998\/revisions\/26002"}],"wp:featuredmedia":[{"embeddable":true,"href":"https:\/\/www.krafthand.de\/truck\/wp-json\/wp\/v2\/media\/26000"}],"wp:attachment":[{"href":"https:\/\/www.krafthand.de\/truck\/wp-json\/wp\/v2\/media?parent=25998"}],"wp:term":[{"taxonomy":"category","embeddable":true,"href":"https:\/\/www.krafthand.de\/truck\/wp-json\/wp\/v2\/categories?post=25998"},{"taxonomy":"post_tag","embeddable":true,"href":"https:\/\/www.krafthand.de\/truck\/wp-json\/wp\/v2\/tags?post=25998"},{"taxonomy":"settings","embeddable":true,"href":"https:\/\/www.krafthand.de\/truck\/wp-json\/wp\/v2\/settings?post=25998"}],"curies":[{"name":"wp","href":"https:\/\/api.w.org\/{rel}","templated":true}]}}