{"id":25952,"date":"2020-10-15T07:00:21","date_gmt":"2020-10-15T05:00:21","guid":{"rendered":"https:\/\/www.krafthand.de\/truck\/?p=25952"},"modified":"2022-02-15T09:14:55","modified_gmt":"2022-02-15T08:14:55","slug":"voll-vernetzter-klimaservice","status":"publish","type":"post","link":"https:\/\/www.krafthand.de\/truck\/artikel\/voll-vernetzter-klimaservice-25952\/","title":{"rendered":"Voll vernetzter Klimaservice"},"content":{"rendered":"<p>Untereinander vernetzte Werkstattger\u00e4te sind nicht nur praktisch, sondern sie ersparen dem Werkstattbetreiber enorm viel wertvolle Arbeitszeit, weil Fahrzeug- und Kundendaten nur einmal eingegeben werden m\u00fcssen und dann dem Mechaniker an allen Stationen des Netzwerks die f\u00fcr ihn relevanten Daten quasi \u201aauf Knopfdruck\u2018 zur Verf\u00fcgung stehen. Der deutsche Standard \u201aasanetwork\u2018 spielt hierbei seit Jahren eine Pionierrolle und wird von zahlreichen Werkstattausr\u00fcstern unterst\u00fctzt. Auch der italienische Klimaservice- und Diagnosespezialist Texa bietet seinen Kunden ab sofort die M\u00f6glichkeit, das Klimaserviceger\u00e4t in das Werkstattnetz einzubinden.<\/p>\n<p>Dazu muss der Ger\u00e4tebesitzer lediglich eine WiFi-Karte in seine Servicestation nachr\u00fcsten und diese mit einem Soft- und Firmware-Update \u201aasanetwork- tauglich\u2019 machen. \u00dcber eine eigene Texa App l\u00e4sst sich die WiFi-Karte schlie\u00dflich an das Ger\u00e4t anlernen. Anschlie\u00dfend k\u00f6nnen die Klimastationen der \u201aKonfort\u2018- Baureihe aus dem \u201aasanetwork-Manager\u2018 heraus Werkstattauftr\u00e4ge entgegennehmen und nach dem Klimaservice alle relevanten Daten wie abgesaugte und aufge f\u00fcllte K\u00e4ltemittelmenge, eingebrachtes Klima\u00f6l und vieles mehr wieder in das Werkstattnetzwerk zur\u00fcckmelden, wo sie sich dokumentieren und weiterverarbeiten lassen.<\/p>\n<p>Laut Texa Deutschland lassen sich sowohl neue als auch schon im Markt befindliche Servicestationen der Modellreihe \u201aKonfort 720, 760, 760 BUS, 770S und 780 Bi-Gas\u2018 problemlos und mit geringem Kostenaufwand auf den \u201aasanetwork\u2018-Standard hochr\u00fcsten.<\/p>\n<p><i>Den Beitrag finden Sie auch in der Print-Ausgabe 3\/20 der <a href=\"https:\/\/www.krafthand.de\/truck\/magazin\/\" title=\"Zum Magazin\">Krafthand-Truck<\/a>.<\/i><\/p>","protected":false},"excerpt":{"rendered":"<p>Der italienische Klimaservice- und Diagnosespezialist Texa bietet seinen Kunden ab sofort die M\u00f6glichkeit, das Klimaserviceger\u00e4t in das Werkstattnetz einzubinden. <span class=\"excerpt-more__dots\">&#8230;<\/span> <a class=\"excerpt-more__link\" href=\"https:\/\/www.krafthand.de\/truck\/artikel\/voll-vernetzter-klimaservice-25952\/\" >weiter<\/a><\/p>\n","protected":false},"author":7,"featured_media":25953,"comment_status":"closed","ping_status":"closed","sticky":false,"template":"","format":"standard","meta":{"footnotes":""},"categories":[4253,4220],"tags":[913,1593],"settings":[],"class_list":["post-25952","post","type-post","status-publish","format-standard","has-post-thumbnail","hentry","category-schmierstoffe","category-werkstattausruestung","tag-klimaservicegeraet","tag-texa"],"yoast_head":"<!-- This site is optimized with the Yoast SEO plugin v27.3 - https:\/\/yoast.com\/product\/yoast-seo-wordpress\/ -->\n<title>Voll vernetzter Klimaservice - Krafthand-Truck<\/title>\n<meta name=\"robots\" content=\"index, follow, max-snippet:-1, max-image-preview:large, max-video-preview:-1\" \/>\n<link rel=\"canonical\" href=\"https:\/\/www.krafthand.de\/truck\/artikel\/voll-vernetzter-klimaservice-25952\/\" \/>\n<meta property=\"og:locale\" content=\"de_DE\" \/>\n<meta property=\"og:type\" content=\"article\" \/>\n<meta property=\"og:title\" content=\"Voll vernetzter Klimaservice - Krafthand-Truck\" \/>\n<meta property=\"og:description\" content=\"Der italienische Klimaservice- und Diagnosespezialist Texa bietet seinen Kunden ab sofort die M\u00f6glichkeit, das Klimaserviceger\u00e4t in das Werkstattnetz einzubinden. ... weiter\" \/>\n<meta property=\"og:url\" content=\"https:\/\/www.krafthand-truck.de\/artikel\/voll-vernetzter-klimaservice-25952\/\" \/>\n<meta property=\"og:site_name\" content=\"Krafthand-Truck\" \/>\n<meta property=\"article:published_time\" content=\"2020-10-15T05:00:21+00:00\" \/>\n<meta property=\"article:modified_time\" content=\"2022-02-15T08:14:55+00:00\" \/>\n<meta property=\"og:image\" content=\"https:\/\/static.krafthand-truck.de\/uploads\/2020\/10\/03_20_004_Detail.jpg\" \/>\n\t<meta property=\"og:image:width\" content=\"733\" \/>\n\t<meta property=\"og:image:height\" content=\"1000\" \/>\n\t<meta property=\"og:image:type\" content=\"image\/jpeg\" \/>\n<meta name=\"author\" content=\"julian.schmid@krafthand.de\" \/>\n<meta name=\"twitter:card\" content=\"summary_large_image\" \/>\n<meta name=\"twitter:label1\" content=\"Verfasst von\" \/>\n\t<meta name=\"twitter:data1\" content=\"julian.schmid@krafthand.de\" \/>\n\t<meta name=\"twitter:label2\" content=\"Gesch\u00e4tzte Lesezeit\" \/>\n\t<meta name=\"twitter:data2\" content=\"1\u00a0Minute\" \/>\n<script type=\"application\/ld+json\" class=\"yoast-schema-graph\">{\"@context\":\"https:\\\/\\\/schema.org\",\"@graph\":[{\"@type\":\"Article\",\"@id\":\"https:\\\/\\\/www.krafthand.de\\\/truck\\\/artikel\\\/voll-vernetzter-klimaservice-25952\\\/#article\",\"isPartOf\":{\"@id\":\"https:\\\/\\\/www.krafthand.de\\\/truck\\\/artikel\\\/voll-vernetzter-klimaservice-25952\\\/\"},\"author\":{\"name\":\"julian.schmid@krafthand.de\",\"@id\":\"https:\\\/\\\/www.krafthand.de\\\/truck\\\/#\\\/schema\\\/person\\\/23aebc1e5e3f0204da7158bce36950bb\"},\"headline\":\"Voll vernetzter Klimaservice\",\"datePublished\":\"2020-10-15T05:00:21+00:00\",\"dateModified\":\"2022-02-15T08:14:55+00:00\",\"mainEntityOfPage\":{\"@id\":\"https:\\\/\\\/www.krafthand.de\\\/truck\\\/artikel\\\/voll-vernetzter-klimaservice-25952\\\/\"},\"wordCount\":215,\"image\":{\"@id\":\"https:\\\/\\\/www.krafthand.de\\\/truck\\\/artikel\\\/voll-vernetzter-klimaservice-25952\\\/#primaryimage\"},\"thumbnailUrl\":\"https:\\\/\\\/static.krafthand-truck.de\\\/uploads\\\/2020\\\/10\\\/03_20_004_Detail.jpg\",\"keywords\":[\"Klimaserviceger\u00e4t\",\"Texa\"],\"articleSection\":[\"Schmier-\\\/Betriebsstoffe\",\"Werkstattausr\u00fcstung\"],\"inLanguage\":\"de\"},{\"@type\":\"WebPage\",\"@id\":\"https:\\\/\\\/www.krafthand.de\\\/truck\\\/artikel\\\/voll-vernetzter-klimaservice-25952\\\/\",\"url\":\"https:\\\/\\\/www.krafthand.de\\\/truck\\\/artikel\\\/voll-vernetzter-klimaservice-25952\\\/\",\"name\":\"Voll vernetzter Klimaservice - Krafthand-Truck\",\"isPartOf\":{\"@id\":\"https:\\\/\\\/www.krafthand.de\\\/truck\\\/#website\"},\"primaryImageOfPage\":{\"@id\":\"https:\\\/\\\/www.krafthand.de\\\/truck\\\/artikel\\\/voll-vernetzter-klimaservice-25952\\\/#primaryimage\"},\"image\":{\"@id\":\"https:\\\/\\\/www.krafthand.de\\\/truck\\\/artikel\\\/voll-vernetzter-klimaservice-25952\\\/#primaryimage\"},\"thumbnailUrl\":\"https:\\\/\\\/static.krafthand-truck.de\\\/uploads\\\/2020\\\/10\\\/03_20_004_Detail.jpg\",\"datePublished\":\"2020-10-15T05:00:21+00:00\",\"dateModified\":\"2022-02-15T08:14:55+00:00\",\"author\":{\"@id\":\"https:\\\/\\\/www.krafthand.de\\\/truck\\\/#\\\/schema\\\/person\\\/23aebc1e5e3f0204da7158bce36950bb\"},\"breadcrumb\":{\"@id\":\"https:\\\/\\\/www.krafthand.de\\\/truck\\\/artikel\\\/voll-vernetzter-klimaservice-25952\\\/#breadcrumb\"},\"inLanguage\":\"de\",\"potentialAction\":[{\"@type\":\"ReadAction\",\"target\":[\"https:\\\/\\\/www.krafthand.de\\\/truck\\\/artikel\\\/voll-vernetzter-klimaservice-25952\\\/\"]}]},{\"@type\":\"ImageObject\",\"inLanguage\":\"de\",\"@id\":\"https:\\\/\\\/www.krafthand.de\\\/truck\\\/artikel\\\/voll-vernetzter-klimaservice-25952\\\/#primaryimage\",\"url\":\"https:\\\/\\\/static.krafthand-truck.de\\\/uploads\\\/2020\\\/10\\\/03_20_004_Detail.jpg\",\"contentUrl\":\"https:\\\/\\\/static.krafthand-truck.de\\\/uploads\\\/2020\\\/10\\\/03_20_004_Detail.jpg\",\"width\":733,\"height\":1000,\"caption\":\"Vernetzung spart Zeit und reduziert Eingabefehler: Seit Kurzem lassen sich die \u201aKonfort\u2018-Klimaservicestationen von Texa mit geringem Aufwand via WiFi-Karte hochr\u00fcsten und in ein \u201aasanetwork\u2018-Werkstattnetzwerk integrieren. Bild: Texa\"},{\"@type\":\"BreadcrumbList\",\"@id\":\"https:\\\/\\\/www.krafthand.de\\\/truck\\\/artikel\\\/voll-vernetzter-klimaservice-25952\\\/#breadcrumb\",\"itemListElement\":[{\"@type\":\"ListItem\",\"position\":1,\"name\":\"Krafthand-Truck\",\"item\":\"https:\\\/\\\/www.krafthand.de\\\/truck\\\/\"},{\"@type\":\"ListItem\",\"position\":2,\"name\":\"Nfz-Service\",\"item\":\"https:\\\/\\\/www.krafthand.de\\\/truck\\\/kategorie\\\/nfz-service\\\/\"},{\"@type\":\"ListItem\",\"position\":3,\"name\":\"Schmier-\\\/Betriebsstoffe\",\"item\":\"https:\\\/\\\/www.krafthand.de\\\/truck\\\/kategorie\\\/nfz-service\\\/schmierstoffe\\\/\"},{\"@type\":\"ListItem\",\"position\":4,\"name\":\"Voll vernetzter Klimaservice\"}]},{\"@type\":\"WebSite\",\"@id\":\"https:\\\/\\\/www.krafthand.de\\\/truck\\\/#website\",\"url\":\"https:\\\/\\\/www.krafthand.de\\\/truck\\\/\",\"name\":\"Krafthand-Truck\",\"description\":\"\",\"potentialAction\":[{\"@type\":\"SearchAction\",\"target\":{\"@type\":\"EntryPoint\",\"urlTemplate\":\"https:\\\/\\\/www.krafthand.de\\\/truck\\\/?s={search_term_string}\"},\"query-input\":{\"@type\":\"PropertyValueSpecification\",\"valueRequired\":true,\"valueName\":\"search_term_string\"}}],\"inLanguage\":\"de\"},{\"@type\":\"Person\",\"@id\":\"https:\\\/\\\/www.krafthand.de\\\/truck\\\/#\\\/schema\\\/person\\\/23aebc1e5e3f0204da7158bce36950bb\",\"name\":\"julian.schmid@krafthand.de\",\"image\":{\"@type\":\"ImageObject\",\"inLanguage\":\"de\",\"@id\":\"https:\\\/\\\/secure.gravatar.com\\\/avatar\\\/ef76c2910cab8eb23fcc013e1c6dc1ba4af5e93fea6e6132d7c4e67d4e9631e9?s=96&d=mm&r=g\",\"url\":\"https:\\\/\\\/secure.gravatar.com\\\/avatar\\\/ef76c2910cab8eb23fcc013e1c6dc1ba4af5e93fea6e6132d7c4e67d4e9631e9?s=96&d=mm&r=g\",\"contentUrl\":\"https:\\\/\\\/secure.gravatar.com\\\/avatar\\\/ef76c2910cab8eb23fcc013e1c6dc1ba4af5e93fea6e6132d7c4e67d4e9631e9?s=96&d=mm&r=g\",\"caption\":\"julian.schmid@krafthand.de\"}}]}<\/script>\n<!-- \/ Yoast SEO plugin. -->","yoast_head_json":{"title":"Voll vernetzter Klimaservice - Krafthand-Truck","robots":{"index":"index","follow":"follow","max-snippet":"max-snippet:-1","max-image-preview":"max-image-preview:large","max-video-preview":"max-video-preview:-1"},"canonical":"https:\/\/www.krafthand.de\/truck\/artikel\/voll-vernetzter-klimaservice-25952\/","og_locale":"de_DE","og_type":"article","og_title":"Voll vernetzter Klimaservice - Krafthand-Truck","og_description":"Der italienische Klimaservice- und Diagnosespezialist Texa bietet seinen Kunden ab sofort die M\u00f6glichkeit, das Klimaserviceger\u00e4t in das Werkstattnetz einzubinden. ... weiter","og_url":"https:\/\/www.krafthand-truck.de\/artikel\/voll-vernetzter-klimaservice-25952\/","og_site_name":"Krafthand-Truck","article_published_time":"2020-10-15T05:00:21+00:00","article_modified_time":"2022-02-15T08:14:55+00:00","og_image":[{"width":733,"height":1000,"url":"https:\/\/static.krafthand-truck.de\/uploads\/2020\/10\/03_20_004_Detail.jpg","type":"image\/jpeg"}],"author":"julian.schmid@krafthand.de","twitter_card":"summary_large_image","twitter_misc":{"Verfasst von":"julian.schmid@krafthand.de","Gesch\u00e4tzte Lesezeit":"1\u00a0Minute"},"schema":{"@context":"https:\/\/schema.org","@graph":[{"@type":"Article","@id":"https:\/\/www.krafthand.de\/truck\/artikel\/voll-vernetzter-klimaservice-25952\/#article","isPartOf":{"@id":"https:\/\/www.krafthand.de\/truck\/artikel\/voll-vernetzter-klimaservice-25952\/"},"author":{"name":"julian.schmid@krafthand.de","@id":"https:\/\/www.krafthand.de\/truck\/#\/schema\/person\/23aebc1e5e3f0204da7158bce36950bb"},"headline":"Voll vernetzter Klimaservice","datePublished":"2020-10-15T05:00:21+00:00","dateModified":"2022-02-15T08:14:55+00:00","mainEntityOfPage":{"@id":"https:\/\/www.krafthand.de\/truck\/artikel\/voll-vernetzter-klimaservice-25952\/"},"wordCount":215,"image":{"@id":"https:\/\/www.krafthand.de\/truck\/artikel\/voll-vernetzter-klimaservice-25952\/#primaryimage"},"thumbnailUrl":"https:\/\/static.krafthand-truck.de\/uploads\/2020\/10\/03_20_004_Detail.jpg","keywords":["Klimaserviceger\u00e4t","Texa"],"articleSection":["Schmier-\/Betriebsstoffe","Werkstattausr\u00fcstung"],"inLanguage":"de"},{"@type":"WebPage","@id":"https:\/\/www.krafthand.de\/truck\/artikel\/voll-vernetzter-klimaservice-25952\/","url":"https:\/\/www.krafthand.de\/truck\/artikel\/voll-vernetzter-klimaservice-25952\/","name":"Voll vernetzter Klimaservice - Krafthand-Truck","isPartOf":{"@id":"https:\/\/www.krafthand.de\/truck\/#website"},"primaryImageOfPage":{"@id":"https:\/\/www.krafthand.de\/truck\/artikel\/voll-vernetzter-klimaservice-25952\/#primaryimage"},"image":{"@id":"https:\/\/www.krafthand.de\/truck\/artikel\/voll-vernetzter-klimaservice-25952\/#primaryimage"},"thumbnailUrl":"https:\/\/static.krafthand-truck.de\/uploads\/2020\/10\/03_20_004_Detail.jpg","datePublished":"2020-10-15T05:00:21+00:00","dateModified":"2022-02-15T08:14:55+00:00","author":{"@id":"https:\/\/www.krafthand.de\/truck\/#\/schema\/person\/23aebc1e5e3f0204da7158bce36950bb"},"breadcrumb":{"@id":"https:\/\/www.krafthand.de\/truck\/artikel\/voll-vernetzter-klimaservice-25952\/#breadcrumb"},"inLanguage":"de","potentialAction":[{"@type":"ReadAction","target":["https:\/\/www.krafthand.de\/truck\/artikel\/voll-vernetzter-klimaservice-25952\/"]}]},{"@type":"ImageObject","inLanguage":"de","@id":"https:\/\/www.krafthand.de\/truck\/artikel\/voll-vernetzter-klimaservice-25952\/#primaryimage","url":"https:\/\/static.krafthand-truck.de\/uploads\/2020\/10\/03_20_004_Detail.jpg","contentUrl":"https:\/\/static.krafthand-truck.de\/uploads\/2020\/10\/03_20_004_Detail.jpg","width":733,"height":1000,"caption":"Vernetzung spart Zeit und reduziert Eingabefehler: Seit Kurzem lassen sich die \u201aKonfort\u2018-Klimaservicestationen von Texa mit geringem Aufwand via WiFi-Karte hochr\u00fcsten und in ein \u201aasanetwork\u2018-Werkstattnetzwerk integrieren. Bild: Texa"},{"@type":"BreadcrumbList","@id":"https:\/\/www.krafthand.de\/truck\/artikel\/voll-vernetzter-klimaservice-25952\/#breadcrumb","itemListElement":[{"@type":"ListItem","position":1,"name":"Krafthand-Truck","item":"https:\/\/www.krafthand.de\/truck\/"},{"@type":"ListItem","position":2,"name":"Nfz-Service","item":"https:\/\/www.krafthand.de\/truck\/kategorie\/nfz-service\/"},{"@type":"ListItem","position":3,"name":"Schmier-\/Betriebsstoffe","item":"https:\/\/www.krafthand.de\/truck\/kategorie\/nfz-service\/schmierstoffe\/"},{"@type":"ListItem","position":4,"name":"Voll vernetzter Klimaservice"}]},{"@type":"WebSite","@id":"https:\/\/www.krafthand.de\/truck\/#website","url":"https:\/\/www.krafthand.de\/truck\/","name":"Krafthand-Truck","description":"","potentialAction":[{"@type":"SearchAction","target":{"@type":"EntryPoint","urlTemplate":"https:\/\/www.krafthand.de\/truck\/?s={search_term_string}"},"query-input":{"@type":"PropertyValueSpecification","valueRequired":true,"valueName":"search_term_string"}}],"inLanguage":"de"},{"@type":"Person","@id":"https:\/\/www.krafthand.de\/truck\/#\/schema\/person\/23aebc1e5e3f0204da7158bce36950bb","name":"julian.schmid@krafthand.de","image":{"@type":"ImageObject","inLanguage":"de","@id":"https:\/\/secure.gravatar.com\/avatar\/ef76c2910cab8eb23fcc013e1c6dc1ba4af5e93fea6e6132d7c4e67d4e9631e9?s=96&d=mm&r=g","url":"https:\/\/secure.gravatar.com\/avatar\/ef76c2910cab8eb23fcc013e1c6dc1ba4af5e93fea6e6132d7c4e67d4e9631e9?s=96&d=mm&r=g","contentUrl":"https:\/\/secure.gravatar.com\/avatar\/ef76c2910cab8eb23fcc013e1c6dc1ba4af5e93fea6e6132d7c4e67d4e9631e9?s=96&d=mm&r=g","caption":"julian.schmid@krafthand.de"}}]}},"_links":{"self":[{"href":"https:\/\/www.krafthand.de\/truck\/wp-json\/wp\/v2\/posts\/25952","targetHints":{"allow":["GET"]}}],"collection":[{"href":"https:\/\/www.krafthand.de\/truck\/wp-json\/wp\/v2\/posts"}],"about":[{"href":"https:\/\/www.krafthand.de\/truck\/wp-json\/wp\/v2\/types\/post"}],"author":[{"embeddable":true,"href":"https:\/\/www.krafthand.de\/truck\/wp-json\/wp\/v2\/users\/7"}],"replies":[{"embeddable":true,"href":"https:\/\/www.krafthand.de\/truck\/wp-json\/wp\/v2\/comments?post=25952"}],"version-history":[{"count":1,"href":"https:\/\/www.krafthand.de\/truck\/wp-json\/wp\/v2\/posts\/25952\/revisions"}],"predecessor-version":[{"id":25954,"href":"https:\/\/www.krafthand.de\/truck\/wp-json\/wp\/v2\/posts\/25952\/revisions\/25954"}],"wp:featuredmedia":[{"embeddable":true,"href":"https:\/\/www.krafthand.de\/truck\/wp-json\/wp\/v2\/media\/25953"}],"wp:attachment":[{"href":"https:\/\/www.krafthand.de\/truck\/wp-json\/wp\/v2\/media?parent=25952"}],"wp:term":[{"taxonomy":"category","embeddable":true,"href":"https:\/\/www.krafthand.de\/truck\/wp-json\/wp\/v2\/categories?post=25952"},{"taxonomy":"post_tag","embeddable":true,"href":"https:\/\/www.krafthand.de\/truck\/wp-json\/wp\/v2\/tags?post=25952"},{"taxonomy":"settings","embeddable":true,"href":"https:\/\/www.krafthand.de\/truck\/wp-json\/wp\/v2\/settings?post=25952"}],"curies":[{"name":"wp","href":"https:\/\/api.w.org\/{rel}","templated":true}]}}