{"id":25929,"date":"2020-10-09T07:00:26","date_gmt":"2020-10-09T05:00:26","guid":{"rendered":"https:\/\/www.krafthand.de\/truck\/?p=25929"},"modified":"2020-09-25T10:40:20","modified_gmt":"2020-09-25T08:40:20","slug":"nachhaltig-produzierte-luftfilter","status":"publish","type":"post","link":"https:\/\/www.krafthand.de\/truck\/artikel\/nachhaltig-produzierte-luftfilter-25929\/","title":{"rendered":"Nachhaltig produzierte Luftfilter"},"content":{"rendered":"<p>Nachhaltigkeit wird beim Ludwigsburger Filtrationsexperten Mann gro\u00df geschrieben: Bei den gelb-gr\u00fcnen \u201aMann-Filter\u2018- Schachteln etwa setzt das Unternehmen nach eigenem Bekunden zwischen 80 und 95 Prozent Recyclingfasern ein. Und bei den ressourcenschonend hergestellten synthetischen Filtermedien kommt eine weltweit einzigartige Spinnvliesanlage am Standort Marklkofen zum Einsatz. Die Kombination aus Spinnvliesverfahren und integrierten \u00d6fen, um das Vlies thermisch zu verfestigen, ist im Vergleich zu bisher \u00fcblichen Methoden, etwa dem Meltblown-Verfahren, neuartig. Nach den Angaben der Ludwigsburger sollen sich damit j\u00e4hrlich bis zu 70 Prozent des Prozessenergiebedarfs einsparen lassen, was \u00fcber 4.000 Tonnen weniger CO2 pro Jahr bedeutet.<\/p>\n<p>Parallel zur Spinnvliesanlage wurde eine Recyclinganlage errichtet, welche die bei der Produktion anfallenden Randbeschnitte und Ausschussrollen wieder zu Granulat aufbereitet und wieder dem Prozess zuf\u00fchrt, sodass die Anlage nahezu abfallfrei arbeiten soll. Au\u00dferdem die Entwickler bei Mann und Hummel an Luftfiltern aus Recyclingkunststoffen. Derzeit steckt in einem Quadratmeter Filtermedium der recycelte Kunststoff aus circa zwei 1,5-Liter-PET-Flaschen. Wegen der hohen Schmutzaufnahmekapazit\u00e4t kommen daraus gefertigte Luftfilter mit nur rund 30 Prozent der Filtermedienfl\u00e4che aus, die bei klassischen Luftfiltern mit Zellulose-Medium notwendig w\u00e4ren.<\/p>\n<p><i>Den Beitrag finden Sie auch in der Print-Ausgabe 3\/20 der <a href=\"https:\/\/www.krafthand.de\/truck\/magazin\/\" title=\"Zum Magazin\">Krafthand-Truck<\/a>.<\/i><\/p>","protected":false},"excerpt":{"rendered":"<p>Bei den gelb-gr\u00fcnen \u201aMann-Filter\u2018- Schachteln etwa setzt das Unternehmen nach eigenem Bekunden zwischen 80 und 95 Prozent Recyclingfasern ein. <span class=\"excerpt-more__dots\">&#8230;<\/span> <a class=\"excerpt-more__link\" href=\"https:\/\/www.krafthand.de\/truck\/artikel\/nachhaltig-produzierte-luftfilter-25929\/\" >weiter<\/a><\/p>\n","protected":false},"author":7,"featured_media":25930,"comment_status":"closed","ping_status":"closed","sticky":false,"template":"","format":"standard","meta":{"footnotes":""},"categories":[5],"tags":[2617,1706],"settings":[],"class_list":["post-25929","post","type-post","status-publish","format-standard","has-post-thumbnail","hentry","category-branche","tag-luftfilter","tag-mann-filter"],"yoast_head":"<!-- This site is optimized with the Yoast SEO plugin v27.3 - https:\/\/yoast.com\/product\/yoast-seo-wordpress\/ -->\n<title>Nachhaltig produzierte Luftfilter - Krafthand-Truck<\/title>\n<meta name=\"robots\" content=\"index, follow, max-snippet:-1, max-image-preview:large, max-video-preview:-1\" \/>\n<link rel=\"canonical\" href=\"https:\/\/www.krafthand.de\/truck\/artikel\/nachhaltig-produzierte-luftfilter-25929\/\" \/>\n<meta property=\"og:locale\" content=\"de_DE\" \/>\n<meta property=\"og:type\" content=\"article\" \/>\n<meta property=\"og:title\" content=\"Nachhaltig produzierte Luftfilter - Krafthand-Truck\" \/>\n<meta property=\"og:description\" content=\"Bei den gelb-gr\u00fcnen \u201aMann-Filter\u2018- Schachteln etwa setzt das Unternehmen nach eigenem Bekunden zwischen 80 und 95 Prozent Recyclingfasern ein. ... weiter\" \/>\n<meta property=\"og:url\" content=\"https:\/\/www.krafthand-truck.de\/artikel\/nachhaltig-produzierte-luftfilter-25929\/\" \/>\n<meta property=\"og:site_name\" content=\"Krafthand-Truck\" \/>\n<meta property=\"article:published_time\" content=\"2020-10-09T05:00:26+00:00\" \/>\n<meta property=\"og:image\" content=\"https:\/\/www.krafthand.de\/truck\/wp-content\/uploads\/2020\/09\/02_20_039.jpg\" \/>\n\t<meta property=\"og:image:width\" content=\"1000\" \/>\n\t<meta property=\"og:image:height\" content=\"722\" \/>\n\t<meta property=\"og:image:type\" content=\"image\/jpeg\" \/>\n<meta name=\"author\" content=\"julian.schmid@krafthand.de\" \/>\n<meta name=\"twitter:card\" content=\"summary_large_image\" \/>\n<meta name=\"twitter:label1\" content=\"Verfasst von\" \/>\n\t<meta name=\"twitter:data1\" content=\"julian.schmid@krafthand.de\" \/>\n\t<meta name=\"twitter:label2\" content=\"Gesch\u00e4tzte Lesezeit\" \/>\n\t<meta name=\"twitter:data2\" content=\"1\u00a0Minute\" \/>\n<script type=\"application\/ld+json\" class=\"yoast-schema-graph\">{\"@context\":\"https:\\\/\\\/schema.org\",\"@graph\":[{\"@type\":\"Article\",\"@id\":\"https:\\\/\\\/www.krafthand.de\\\/truck\\\/artikel\\\/nachhaltig-produzierte-luftfilter-25929\\\/#article\",\"isPartOf\":{\"@id\":\"https:\\\/\\\/www.krafthand.de\\\/truck\\\/artikel\\\/nachhaltig-produzierte-luftfilter-25929\\\/\"},\"author\":{\"name\":\"julian.schmid@krafthand.de\",\"@id\":\"https:\\\/\\\/www.krafthand.de\\\/truck\\\/#\\\/schema\\\/person\\\/23aebc1e5e3f0204da7158bce36950bb\"},\"headline\":\"Nachhaltig produzierte Luftfilter\",\"datePublished\":\"2020-10-09T05:00:26+00:00\",\"mainEntityOfPage\":{\"@id\":\"https:\\\/\\\/www.krafthand.de\\\/truck\\\/artikel\\\/nachhaltig-produzierte-luftfilter-25929\\\/\"},\"wordCount\":180,\"image\":{\"@id\":\"https:\\\/\\\/www.krafthand.de\\\/truck\\\/artikel\\\/nachhaltig-produzierte-luftfilter-25929\\\/#primaryimage\"},\"thumbnailUrl\":\"https:\\\/\\\/static.krafthand-truck.de\\\/uploads\\\/2020\\\/09\\\/02_20_039.jpg\",\"keywords\":[\"Luftfilter\",\"Mann-Filter\"],\"articleSection\":[\"Nfz-Branche\"],\"inLanguage\":\"de\"},{\"@type\":\"WebPage\",\"@id\":\"https:\\\/\\\/www.krafthand.de\\\/truck\\\/artikel\\\/nachhaltig-produzierte-luftfilter-25929\\\/\",\"url\":\"https:\\\/\\\/www.krafthand.de\\\/truck\\\/artikel\\\/nachhaltig-produzierte-luftfilter-25929\\\/\",\"name\":\"Nachhaltig produzierte Luftfilter - Krafthand-Truck\",\"isPartOf\":{\"@id\":\"https:\\\/\\\/www.krafthand.de\\\/truck\\\/#website\"},\"primaryImageOfPage\":{\"@id\":\"https:\\\/\\\/www.krafthand.de\\\/truck\\\/artikel\\\/nachhaltig-produzierte-luftfilter-25929\\\/#primaryimage\"},\"image\":{\"@id\":\"https:\\\/\\\/www.krafthand.de\\\/truck\\\/artikel\\\/nachhaltig-produzierte-luftfilter-25929\\\/#primaryimage\"},\"thumbnailUrl\":\"https:\\\/\\\/static.krafthand-truck.de\\\/uploads\\\/2020\\\/09\\\/02_20_039.jpg\",\"datePublished\":\"2020-10-09T05:00:26+00:00\",\"author\":{\"@id\":\"https:\\\/\\\/www.krafthand.de\\\/truck\\\/#\\\/schema\\\/person\\\/23aebc1e5e3f0204da7158bce36950bb\"},\"breadcrumb\":{\"@id\":\"https:\\\/\\\/www.krafthand.de\\\/truck\\\/artikel\\\/nachhaltig-produzierte-luftfilter-25929\\\/#breadcrumb\"},\"inLanguage\":\"de\",\"potentialAction\":[{\"@type\":\"ReadAction\",\"target\":[\"https:\\\/\\\/www.krafthand.de\\\/truck\\\/artikel\\\/nachhaltig-produzierte-luftfilter-25929\\\/\"]}]},{\"@type\":\"ImageObject\",\"inLanguage\":\"de\",\"@id\":\"https:\\\/\\\/www.krafthand.de\\\/truck\\\/artikel\\\/nachhaltig-produzierte-luftfilter-25929\\\/#primaryimage\",\"url\":\"https:\\\/\\\/static.krafthand-truck.de\\\/uploads\\\/2020\\\/09\\\/02_20_039.jpg\",\"contentUrl\":\"https:\\\/\\\/static.krafthand-truck.de\\\/uploads\\\/2020\\\/09\\\/02_20_039.jpg\",\"width\":1000,\"height\":722,\"caption\":\"Zur nachhaltigen und ressourcenschonende Produktion kommen bei den Luftfiltern der Marke \u201aMann-Filter\u2018 sowohl bei den Filtermedien als auch bei den Verpackungen Recyclingfasern zum Einsatz. Bild: Mann-Filter\"},{\"@type\":\"BreadcrumbList\",\"@id\":\"https:\\\/\\\/www.krafthand.de\\\/truck\\\/artikel\\\/nachhaltig-produzierte-luftfilter-25929\\\/#breadcrumb\",\"itemListElement\":[{\"@type\":\"ListItem\",\"position\":1,\"name\":\"Krafthand-Truck\",\"item\":\"https:\\\/\\\/www.krafthand.de\\\/truck\\\/\"},{\"@type\":\"ListItem\",\"position\":2,\"name\":\"Nfz-Branche\",\"item\":\"https:\\\/\\\/www.krafthand.de\\\/truck\\\/kategorie\\\/branche\\\/\"},{\"@type\":\"ListItem\",\"position\":3,\"name\":\"Nachhaltig produzierte Luftfilter\"}]},{\"@type\":\"WebSite\",\"@id\":\"https:\\\/\\\/www.krafthand.de\\\/truck\\\/#website\",\"url\":\"https:\\\/\\\/www.krafthand.de\\\/truck\\\/\",\"name\":\"Krafthand-Truck\",\"description\":\"\",\"potentialAction\":[{\"@type\":\"SearchAction\",\"target\":{\"@type\":\"EntryPoint\",\"urlTemplate\":\"https:\\\/\\\/www.krafthand.de\\\/truck\\\/?s={search_term_string}\"},\"query-input\":{\"@type\":\"PropertyValueSpecification\",\"valueRequired\":true,\"valueName\":\"search_term_string\"}}],\"inLanguage\":\"de\"},{\"@type\":\"Person\",\"@id\":\"https:\\\/\\\/www.krafthand.de\\\/truck\\\/#\\\/schema\\\/person\\\/23aebc1e5e3f0204da7158bce36950bb\",\"name\":\"julian.schmid@krafthand.de\",\"image\":{\"@type\":\"ImageObject\",\"inLanguage\":\"de\",\"@id\":\"https:\\\/\\\/secure.gravatar.com\\\/avatar\\\/ef76c2910cab8eb23fcc013e1c6dc1ba4af5e93fea6e6132d7c4e67d4e9631e9?s=96&d=mm&r=g\",\"url\":\"https:\\\/\\\/secure.gravatar.com\\\/avatar\\\/ef76c2910cab8eb23fcc013e1c6dc1ba4af5e93fea6e6132d7c4e67d4e9631e9?s=96&d=mm&r=g\",\"contentUrl\":\"https:\\\/\\\/secure.gravatar.com\\\/avatar\\\/ef76c2910cab8eb23fcc013e1c6dc1ba4af5e93fea6e6132d7c4e67d4e9631e9?s=96&d=mm&r=g\",\"caption\":\"julian.schmid@krafthand.de\"}}]}<\/script>\n<!-- \/ Yoast SEO plugin. -->","yoast_head_json":{"title":"Nachhaltig produzierte Luftfilter - Krafthand-Truck","robots":{"index":"index","follow":"follow","max-snippet":"max-snippet:-1","max-image-preview":"max-image-preview:large","max-video-preview":"max-video-preview:-1"},"canonical":"https:\/\/www.krafthand.de\/truck\/artikel\/nachhaltig-produzierte-luftfilter-25929\/","og_locale":"de_DE","og_type":"article","og_title":"Nachhaltig produzierte Luftfilter - Krafthand-Truck","og_description":"Bei den gelb-gr\u00fcnen \u201aMann-Filter\u2018- Schachteln etwa setzt das Unternehmen nach eigenem Bekunden zwischen 80 und 95 Prozent Recyclingfasern ein. ... weiter","og_url":"https:\/\/www.krafthand-truck.de\/artikel\/nachhaltig-produzierte-luftfilter-25929\/","og_site_name":"Krafthand-Truck","article_published_time":"2020-10-09T05:00:26+00:00","og_image":[{"width":1000,"height":722,"url":"https:\/\/www.krafthand.de\/truck\/wp-content\/uploads\/2020\/09\/02_20_039.jpg","type":"image\/jpeg"}],"author":"julian.schmid@krafthand.de","twitter_card":"summary_large_image","twitter_misc":{"Verfasst von":"julian.schmid@krafthand.de","Gesch\u00e4tzte Lesezeit":"1\u00a0Minute"},"schema":{"@context":"https:\/\/schema.org","@graph":[{"@type":"Article","@id":"https:\/\/www.krafthand.de\/truck\/artikel\/nachhaltig-produzierte-luftfilter-25929\/#article","isPartOf":{"@id":"https:\/\/www.krafthand.de\/truck\/artikel\/nachhaltig-produzierte-luftfilter-25929\/"},"author":{"name":"julian.schmid@krafthand.de","@id":"https:\/\/www.krafthand.de\/truck\/#\/schema\/person\/23aebc1e5e3f0204da7158bce36950bb"},"headline":"Nachhaltig produzierte Luftfilter","datePublished":"2020-10-09T05:00:26+00:00","mainEntityOfPage":{"@id":"https:\/\/www.krafthand.de\/truck\/artikel\/nachhaltig-produzierte-luftfilter-25929\/"},"wordCount":180,"image":{"@id":"https:\/\/www.krafthand.de\/truck\/artikel\/nachhaltig-produzierte-luftfilter-25929\/#primaryimage"},"thumbnailUrl":"https:\/\/static.krafthand-truck.de\/uploads\/2020\/09\/02_20_039.jpg","keywords":["Luftfilter","Mann-Filter"],"articleSection":["Nfz-Branche"],"inLanguage":"de"},{"@type":"WebPage","@id":"https:\/\/www.krafthand.de\/truck\/artikel\/nachhaltig-produzierte-luftfilter-25929\/","url":"https:\/\/www.krafthand.de\/truck\/artikel\/nachhaltig-produzierte-luftfilter-25929\/","name":"Nachhaltig produzierte Luftfilter - Krafthand-Truck","isPartOf":{"@id":"https:\/\/www.krafthand.de\/truck\/#website"},"primaryImageOfPage":{"@id":"https:\/\/www.krafthand.de\/truck\/artikel\/nachhaltig-produzierte-luftfilter-25929\/#primaryimage"},"image":{"@id":"https:\/\/www.krafthand.de\/truck\/artikel\/nachhaltig-produzierte-luftfilter-25929\/#primaryimage"},"thumbnailUrl":"https:\/\/static.krafthand-truck.de\/uploads\/2020\/09\/02_20_039.jpg","datePublished":"2020-10-09T05:00:26+00:00","author":{"@id":"https:\/\/www.krafthand.de\/truck\/#\/schema\/person\/23aebc1e5e3f0204da7158bce36950bb"},"breadcrumb":{"@id":"https:\/\/www.krafthand.de\/truck\/artikel\/nachhaltig-produzierte-luftfilter-25929\/#breadcrumb"},"inLanguage":"de","potentialAction":[{"@type":"ReadAction","target":["https:\/\/www.krafthand.de\/truck\/artikel\/nachhaltig-produzierte-luftfilter-25929\/"]}]},{"@type":"ImageObject","inLanguage":"de","@id":"https:\/\/www.krafthand.de\/truck\/artikel\/nachhaltig-produzierte-luftfilter-25929\/#primaryimage","url":"https:\/\/static.krafthand-truck.de\/uploads\/2020\/09\/02_20_039.jpg","contentUrl":"https:\/\/static.krafthand-truck.de\/uploads\/2020\/09\/02_20_039.jpg","width":1000,"height":722,"caption":"Zur nachhaltigen und ressourcenschonende Produktion kommen bei den Luftfiltern der Marke \u201aMann-Filter\u2018 sowohl bei den Filtermedien als auch bei den Verpackungen Recyclingfasern zum Einsatz. Bild: Mann-Filter"},{"@type":"BreadcrumbList","@id":"https:\/\/www.krafthand.de\/truck\/artikel\/nachhaltig-produzierte-luftfilter-25929\/#breadcrumb","itemListElement":[{"@type":"ListItem","position":1,"name":"Krafthand-Truck","item":"https:\/\/www.krafthand.de\/truck\/"},{"@type":"ListItem","position":2,"name":"Nfz-Branche","item":"https:\/\/www.krafthand.de\/truck\/kategorie\/branche\/"},{"@type":"ListItem","position":3,"name":"Nachhaltig produzierte Luftfilter"}]},{"@type":"WebSite","@id":"https:\/\/www.krafthand.de\/truck\/#website","url":"https:\/\/www.krafthand.de\/truck\/","name":"Krafthand-Truck","description":"","potentialAction":[{"@type":"SearchAction","target":{"@type":"EntryPoint","urlTemplate":"https:\/\/www.krafthand.de\/truck\/?s={search_term_string}"},"query-input":{"@type":"PropertyValueSpecification","valueRequired":true,"valueName":"search_term_string"}}],"inLanguage":"de"},{"@type":"Person","@id":"https:\/\/www.krafthand.de\/truck\/#\/schema\/person\/23aebc1e5e3f0204da7158bce36950bb","name":"julian.schmid@krafthand.de","image":{"@type":"ImageObject","inLanguage":"de","@id":"https:\/\/secure.gravatar.com\/avatar\/ef76c2910cab8eb23fcc013e1c6dc1ba4af5e93fea6e6132d7c4e67d4e9631e9?s=96&d=mm&r=g","url":"https:\/\/secure.gravatar.com\/avatar\/ef76c2910cab8eb23fcc013e1c6dc1ba4af5e93fea6e6132d7c4e67d4e9631e9?s=96&d=mm&r=g","contentUrl":"https:\/\/secure.gravatar.com\/avatar\/ef76c2910cab8eb23fcc013e1c6dc1ba4af5e93fea6e6132d7c4e67d4e9631e9?s=96&d=mm&r=g","caption":"julian.schmid@krafthand.de"}}]}},"_links":{"self":[{"href":"https:\/\/www.krafthand.de\/truck\/wp-json\/wp\/v2\/posts\/25929","targetHints":{"allow":["GET"]}}],"collection":[{"href":"https:\/\/www.krafthand.de\/truck\/wp-json\/wp\/v2\/posts"}],"about":[{"href":"https:\/\/www.krafthand.de\/truck\/wp-json\/wp\/v2\/types\/post"}],"author":[{"embeddable":true,"href":"https:\/\/www.krafthand.de\/truck\/wp-json\/wp\/v2\/users\/7"}],"replies":[{"embeddable":true,"href":"https:\/\/www.krafthand.de\/truck\/wp-json\/wp\/v2\/comments?post=25929"}],"version-history":[{"count":1,"href":"https:\/\/www.krafthand.de\/truck\/wp-json\/wp\/v2\/posts\/25929\/revisions"}],"predecessor-version":[{"id":25931,"href":"https:\/\/www.krafthand.de\/truck\/wp-json\/wp\/v2\/posts\/25929\/revisions\/25931"}],"wp:featuredmedia":[{"embeddable":true,"href":"https:\/\/www.krafthand.de\/truck\/wp-json\/wp\/v2\/media\/25930"}],"wp:attachment":[{"href":"https:\/\/www.krafthand.de\/truck\/wp-json\/wp\/v2\/media?parent=25929"}],"wp:term":[{"taxonomy":"category","embeddable":true,"href":"https:\/\/www.krafthand.de\/truck\/wp-json\/wp\/v2\/categories?post=25929"},{"taxonomy":"post_tag","embeddable":true,"href":"https:\/\/www.krafthand.de\/truck\/wp-json\/wp\/v2\/tags?post=25929"},{"taxonomy":"settings","embeddable":true,"href":"https:\/\/www.krafthand.de\/truck\/wp-json\/wp\/v2\/settings?post=25929"}],"curies":[{"name":"wp","href":"https:\/\/api.w.org\/{rel}","templated":true}]}}