{"id":25900,"date":"2020-10-02T07:00:34","date_gmt":"2020-10-02T05:00:34","guid":{"rendered":"https:\/\/www.krafthand.de\/truck\/?p=25900"},"modified":"2021-03-12T11:02:34","modified_gmt":"2021-03-12T10:02:34","slug":"innovationsschau-2020-teil-1-2","status":"publish","type":"post","link":"https:\/\/www.krafthand.de\/truck\/artikel\/innovationsschau-2020-teil-1-2-25900\/","title":{"rendered":"Innovationsschau 2020 (Teil 1\/2)"},"content":{"rendered":"<p class=\"text-colored\">Wegen der Corona-Pandemie finden in diesem Jahr die beiden wichtigsten internationalen Branchenleitmessen \u2013 die Automechanika in Frankfurt und die IAA Nutzfahrzeuge in Hannover \u2013 nicht wie geplant statt. Damit die von den Ausstellern vorbereiteten Messe-Highlights nicht ungesehen verpuffen, pr\u00e4sentieren wir sie in der \u201a KRAFTHAND-Truck Innovationsschau 2020\u2018 quasi als \u201aMesse im Heft\u2018 und unter dem Motto \u201aDas w\u00e4re zu sehen gewesen\u2018.<\/p>\n<p>Der Corona-Virus hat vieles ver\u00e4ndert. So fallen beispielsweise die wichtigsten Branchenleitmessen \u2013 Automechanika und IAA Nutzfahrzeuge \u2013 in diesem Jahr aus. Interessante Produkte gibt es aber trotzdem. Denn wie vor solchen internationalen Messen \u00fcblich, haben sich die Entwickler der teilnehmenden Unternehmen m\u00e4chtig ins Zeug gelegt, um den neugierigen Fachbesuchern ein Feuerwerk an Innovationen bieten zu k\u00f6nnen. Und damit die vielen Aussteller, die ihre Neuheiten und Neuigkeiten quasi schon ins Messegep\u00e4ck gepackt hatten, nicht umsonst entwickelt, get\u00fcftelt und gewerkelt haben, zeigen wir \u2013 quasi als \u201aMesse-Ersatz\u2018 \u2013 in unserer \u201aKRAFTHAND-Truck Innovationsschau 2020\u2018 eine Auswahl interessanter neuer Produkte. Und da uns die Werkstattausr\u00fcster, Systemspezialisten, Zulieferer, Ersatzteilhersteller und Dienstleister so viele neue Produkte geschickt haben, m\u00fcssen wir sie auf zwei Magazine verteilen. In dieser Ausgabe zeigen wir also den ersten Teil der Innovationen, in der n\u00e4chsten KRAFTHAND-Truck, der Ausgabe 4-2020, sehen Sie dann im zweiten Teil der \u201aInnovationsschau 2020\u2018 weitere interessante Neuheiten und Neuigkeiten.<\/p>\n<h2>Innovationen trotz Virus<\/h2>\n<h3>AVL Ditest<\/h3>\n<p>Da das \u201aAlternative K\u00e4ltemittel R1234yf\u2018 f\u00fcr Busklimaanlagen nicht wirklich eine Alternative f\u00fcr das klimasch\u00e4dliche K\u00e4ltemittel R123a ist, setzen Bushersteller vermehrt auf CO2 \u2013 unter Klimaprofis auch als R744 bekannt. Denn CO2 ist nicht nur viel umweltfreundlicher, sondern kann aufgrund seiner physikalischen Eigenschaften mit weiteren Vorz\u00fcgen aufw arten. \u201eR744 weist eine rund dreimal h\u00f6here K\u00e4ltekapazit\u00e4t auf als R134a, was Vorteile beim raschen Herunterk\u00fchlen stark aufgeheizter Bus-Innenr\u00e4ume bringt\u201c, berichten die Klimatechnik-Spezialisten von <a href=\"http:\/\/www.avlditest.com\" target=\"_blank\" rel=\"noopener noreferrer\">AVL Ditest<\/a>. F\u00fcr den notwenigen, regelm\u00e4\u00dfigen Klimaservice hat das Unternehmen mit der vollautomatischen Servicestation \u201aADS 340\u2018 heute schon ein passendes Ger\u00e4t im Portfolio. Aufgrund seiner Leistungsd aten und seiner F\u00fcllgenauigkeit soll es sich speziell auch f\u00fcr die gro\u00dfen Klimaanlagen von Bussen eignen.<\/p>\n<figure id=\"attachment_25901\" aria-describedby=\"caption-attachment-25901\" style=\"width: 218px\" class=\"wp-caption aligncenter\"><img fetchpriority=\"high\" decoding=\"async\" class=\"wp-image-25901 size-medium\" src=\"https:\/\/www.krafthand.de\/truck\/wp-content\/uploads\/2020\/09\/03_20_040_AVL-Ditest-218x300.jpg\" alt=\"AVL-Ditest R744-Klimaserviceger\u00e4t ADS 340\" width=\"218\" height=\"300\" srcset=\"https:\/\/static.krafthand-truck.de\/uploads\/2020\/09\/03_20_040_AVL-Ditest-218x300.jpg 218w, https:\/\/static.krafthand-truck.de\/uploads\/2020\/09\/03_20_040_AVL-Ditest.jpg 727w\" sizes=\"(max-width: 218px) 100vw, 218px\" \/><figcaption id=\"caption-attachment-25901\" class=\"wp-caption-text\">Mit der Station \u201aADS 340\u2018 hat AVL Ditest ein spezielles Klimaservice ger\u00e4t f\u00fcr\u00a0R744-Klimaanlagen im\u00a0 K\u00f6cher. Damit k\u00f6nnen Nutzfahrzeug- und Bus-Werkst\u00e4tten CO2-Anlagen schon heute fachgerecht warten. Bild: AVL Ditest<\/figcaption><\/figure>\n<h3>Borg Warner<\/h3>\n<p>Anfang des Jahres hat <a href=\"http:\/\/www.borgwarner.com\" target=\"_blank\" rel=\"noopener noreferrer\">Borg Warner<\/a> die Vertriebsaktivit\u00e4ten f\u00fcr Gl\u00fchkerzen, Gl\u00fch zeit-Steuerger\u00e4t e und Z\u00fc ndspulen seiner Marke \u201aBeru\u2018 wieder in die eigenen H\u00e4nde genommen. In diesem Zuge werden die bekannten \u201aBeru\u2018-Verpackungen auf das aktuelle \u201aBorg Warner\u2018-Design umgestellt. \u201eDie Anpassung der Verpackung wird dazu beitragen, unsere Kunden von der Echtheit und der bew\u00e4hrten Qualit\u00e4 t der Aftermarket-Komponenten zu \u00fcberzeugen. Das gut wiedererkennbare Design wird die Marke \u201aBorgWarner\u2018 im Ersatzteilemarkt festigen und unseren Ruf als starken, verl\u00e4sslichen Partner in diesem Segment weiter untermauern\u201c, erl\u00e4utert Michael Boe, Vice President &amp; General Manager f\u00fcr den Global Aftermarket bei Borg Warner die Hintergr\u00fcnde. Zum <a href=\"http:\/\/www.borgwarner.com\/aftermarket\" target=\"_blank\" rel=\"noopener noreferrer\">Aftermarkt-Portfolio des Unternehmens<\/a> geh\u00f6ren unter anderem neue und wiederaufbereitete Turbolader und AGR-Ventile, Gl\u00fchkerzen, Gl\u00fchzeitsSteuerger\u00e4te und Z\u00fcndspulen. Dar\u00fcber hinaus liefert Borg Warner auch L\u00fcfter, Thermostate, Ersatzteile f\u00fcr Allradkupplungen sowie Filter-, Pumpen- und Sensor-Sets und dazu passende \u00d6le.<\/p>\n<figure id=\"attachment_25902\" aria-describedby=\"caption-attachment-25902\" style=\"width: 1000px\" class=\"wp-caption alignnone\"><img decoding=\"async\" class=\"size-full wp-image-25902\" src=\"https:\/\/www.krafthand.de\/truck\/wp-content\/uploads\/2020\/09\/03_20_040_BorgWarner.jpg\" alt=\"Verpackungsdesign Borg Warner\/Beru\" width=\"1000\" height=\"568\" srcset=\"https:\/\/static.krafthand-truck.de\/uploads\/2020\/09\/03_20_040_BorgWarner.jpg 1000w, https:\/\/static.krafthand-truck.de\/uploads\/2020\/09\/03_20_040_BorgWarner-300x170.jpg 300w, https:\/\/static.krafthand-truck.de\/uploads\/2020\/09\/03_20_040_BorgWarner-768x436.jpg 768w\" sizes=\"(max-width: 1000px) 100vw, 1000px\" \/><figcaption id=\"caption-attachment-25902\" class=\"wp-caption-text\">Bei Borg Warner gibt es ab sofort ein neues Verpackungsdesign. Auch die Produkte der Traditionsmarke \u201aBeru\u2018 kommen darin in den Teilehandel und in die Werkstatt. Bild: Borg Warner<\/figcaption><\/figure>\n<h3>BPW<\/h3>\n<p>Mehr Nutzlast und weniger Verbrauch \u2013 mit diesen Argumenten bewirbt Achsenhersteller <a href=\"http:\/\/www.bpw.de\" target=\"_blank\" rel=\"noopener noreferrer\">BPW<\/a> seine j\u00fcngste Kreation, die Neun-Tonnen-Trailerachse \u201aAirlight II\u2018. Zu den beson deren Features des Leichtgewichts, die Unternehmensangaben zufolge erstmals ein Modulgewicht von unter 370 Kilogramm erm\u00f6glichen, geh\u00f6ren neben leichten Alu-Naben und der Trailers cheibenbremse \u201aEco Disc TS\u2018 vor allem die neuartigen, laut BPW \u201eultraleichten\u201c Lenkerfedern aus hochfestem Federstahl. Ein neu entwickeltes Herstellungsverfahren erm\u00f6glicht demnach die Produktion des geschmiedeten Hohlprofils nach dem Vorbild der Natur, vergleichbar einem Knochen. Alleine die \u201aLightTube\u2018 genannten Leichtbau-Lenkerfedern sollen laut BPW bei einem Dreiachs aggregat eine Gewichtsersparnis von 42 Kilogramm erm\u00f6glichen. Zusammen mit den 54 Kilogramm leichteren Alu-Naben soll die \u201aAirlight II\u2018-Achse einem Trailer einen Nutzlastvorteil von 96 Kilogramm bescheren.<\/p>\n<figure id=\"attachment_25904\" aria-describedby=\"caption-attachment-25904\" style=\"width: 1000px\" class=\"wp-caption alignnone\"><img decoding=\"async\" class=\"size-full wp-image-25904\" src=\"https:\/\/www.krafthand.de\/truck\/wp-content\/uploads\/2020\/09\/03_20_040_BPW-gross.jpg\" alt=\"BPW Airlight II Trailerachse\" width=\"1000\" height=\"692\" srcset=\"https:\/\/static.krafthand-truck.de\/uploads\/2020\/09\/03_20_040_BPW-gross.jpg 1000w, https:\/\/static.krafthand-truck.de\/uploads\/2020\/09\/03_20_040_BPW-gross-300x208.jpg 300w, https:\/\/static.krafthand-truck.de\/uploads\/2020\/09\/03_20_040_BPW-gross-768x531.jpg 768w\" sizes=\"(max-width: 1000px) 100vw, 1000px\" \/><figcaption id=\"caption-attachment-25904\" class=\"wp-caption-text\">Mehr Nutzlast und weniger Verbrauch \u2013 das\u00a0ist mit der Neun-Tonnen-Trailerachse \u201aAirlight II\u2018 von BPW m\u00f6glich. Bemerkenswert ist die unter bionischen Gesichtspunkten hergestellte, hohlgeschmiedete Leichtbau-Lenkerfeder \u201aLightTube\u2018. Bild: BPW<\/figcaption><\/figure>\n<h3>Dometic<\/h3>\n<p>Beim <a href=\"http:\/\/www. dometic.com\" target=\"_blank\" rel=\"noopener noreferrer\">Zubeh\u00f6rspezialisten Dometic<\/a> steht der Fahrzeughersteller- unabh\u00e4ngig nachr\u00fcstbare \u201eintelligente Abbiegeassistent\u201c mit der Bezeichnung \u201aBVS71000\u2018 im Fokus. Nach Unternehmensangaben verf\u00fcgt dieser \u00fcber eine ABE, die das System nach aktuellen Standards des De-minimis-Programms der Regierung als f\u00f6rderungsw\u00fcrdiges System ausweist. Das Set besteht im Wesentlichen aus einem Sieben-ZollMonitor, der Spezial-Kamera \u201aCAM1000\u2018 sowie einer intelligenten Bildauswertungssoftware, welche irrelevante Objekte automatisch ausblenden und so die Akzeptanz des Fahrers erh\u00f6hen soll. Integrierte Infrarot-LEDs sollen nachts f\u00fcr eine gute Bild qualit\u00e4t sorgen. Der Einbau der Universall\u00f6sung soll sich laut Dometic im Vergleich zu anderen Abbiegeassistenten in der halben Zeit erledigen lassen, da alle Komponenten (GPS-Sensor, Infrarot-LEDs, Steuerplatine usw.) kompakt im Kamerageh\u00e4use integriert sind. Zur Installation ist der \u201aBVS71000\u2018 lediglich mit dem Stromnetz zu verbinden, weitere Fahrzeugsignale oder ein Kalibrieren sind laut Dometic nicht erforderlich.<\/p>\n<figure id=\"attachment_25905\" aria-describedby=\"caption-attachment-25905\" style=\"width: 1000px\" class=\"wp-caption alignnone\"><img loading=\"lazy\" decoding=\"async\" class=\"size-full wp-image-25905\" src=\"https:\/\/www.krafthand.de\/truck\/wp-content\/uploads\/2020\/09\/03_20_040_Dometic.jpg\" alt=\"Dometic Abbiegeassistent BVS71000\" width=\"1000\" height=\"1000\" srcset=\"https:\/\/static.krafthand-truck.de\/uploads\/2020\/09\/03_20_040_Dometic.jpg 1000w, https:\/\/static.krafthand-truck.de\/uploads\/2020\/09\/03_20_040_Dometic-300x300.jpg 300w, https:\/\/static.krafthand-truck.de\/uploads\/2020\/09\/03_20_040_Dometic-150x150.jpg 150w, https:\/\/static.krafthand-truck.de\/uploads\/2020\/09\/03_20_040_Dometic-768x768.jpg 768w\" sizes=\"(max-width: 1000px) 100vw, 1000px\" \/><figcaption id=\"caption-attachment-25905\" class=\"wp-caption-text\">Beim Zubeh\u00f6rspezialisten Dometic gibt es den \u201eintelligenten Abbiegeassistenten\u201c namens \u201aBVS71000\u2018 zum Nachr\u00fcsten. Dank ABE ist das System f\u00f6rderf\u00e4hig nach dem De-minimis-Programm der Regierung. Bild: Dometic<\/figcaption><\/figure>\n<h3>Josam Richttechnik<\/h3>\n<p>Herausragendes Thema bei <a href=\"http:\/\/www.josam.net\" target=\"_blank\" rel=\"noopener noreferrer\">Josam Richttechnik<\/a> sind die neuen Herstellerfreigaben f\u00fcr das Kamera-Achsmesssystem \u201aCam-aligner\u2018: Nach Daimler empfehlen nun auch Renault, Scania und Volvo das System des schwedischen Werkstattausr\u00fcsters. Das elektronische System funktioniert kabellos, was sowohl bei Achs- als auch Rahmenvermessungen eine maximale Bewegungsfreiheit rund um das zu vermessende Fahrzeug erlauben soll. Zudem erfolgt die Felgenschlagkompensation zeitsparend nach der Rollmethode, sodass das Fahrzeug nicht angehoben werden muss. Laut Josam Richttechnik werden die Messdaten der Kameras kabellos an den Werkstatt-PC oder -Laptop \u00fcbertragen und k\u00f6nnen dort per intuitiver Men\u00fcf\u00fchrung verarbeitet werden. Ergebnis ist ein umfassendes \u201aVorher-Nachher\u2018-Protokoll innerhalb weniger Minuten.<\/p>\n<figure id=\"attachment_25906\" aria-describedby=\"caption-attachment-25906\" style=\"width: 1000px\" class=\"wp-caption alignnone\"><img loading=\"lazy\" decoding=\"async\" class=\"size-full wp-image-25906\" src=\"https:\/\/www.krafthand.de\/truck\/wp-content\/uploads\/2020\/09\/03_20_040_Josam.jpg\" alt=\"Kamera-Vermesssystem Cam-alligner f\u00fcr die Fahrwerksvermessung\" width=\"1000\" height=\"719\" srcset=\"https:\/\/static.krafthand-truck.de\/uploads\/2020\/09\/03_20_040_Josam.jpg 1000w, https:\/\/static.krafthand-truck.de\/uploads\/2020\/09\/03_20_040_Josam-300x216.jpg 300w, https:\/\/static.krafthand-truck.de\/uploads\/2020\/09\/03_20_040_Josam-768x552.jpg 768w\" sizes=\"(max-width: 1000px) 100vw, 1000px\" \/><figcaption id=\"caption-attachment-25906\" class=\"wp-caption-text\">Nach Daimler empfehlen nun auch Renault, Scania und Volvo das Kamera-Vermesssystem \u201aCam-aligner\u2018 von Josam zur Fahrwerksvermessung ihrer Transporter, Lkw und Busse. Bild: Josam Richttechnik<\/figcaption><\/figure>\n<h3>Knorr-Bremse<\/h3>\n<p>Auch bei <a href=\"http:\/\/www.knorr-bremse. com\" target=\"_blank\" rel=\"noopener noreferrer\">Knorr-Bremse<\/a> ist der Abbiegeassistent ein wichtiges T hema. Mit dem \u201aProFleet Assist+\u2018 bieten Knorr-Bremse Truck Services und Partner Mobileye ein universell nachr\u00fcstbares System, welches die Fahrumgebung optisch mit speziellen Seitenkameras erfasst. Hochentwickelte ComputerVision-Algorithmen werten deren Bilder in Echtzeit aus. Dabei soll die Software erkennen k\u00f6nnen, ob es sich bei dem Objekt neben dem Fahrzeug beispielsweise um einen Radfahrer handelt, der auf die Kreuzung zuh\u00e4lt. Im \u201aFall der F\u00e4lle\u2018 zeigt der Abbiegeassistent entsprechende Warnungen auf einem Seitendisplay in der Fahrerkabine an, welches so angebracht wird, dass es der Fahrer beim Abbiegen optimal im Blick hat.<\/p>\n<figure id=\"attachment_25908\" aria-describedby=\"caption-attachment-25908\" style=\"width: 1000px\" class=\"wp-caption alignnone\"><img loading=\"lazy\" decoding=\"async\" class=\"size-full wp-image-25908\" src=\"https:\/\/www.krafthand.de\/truck\/wp-content\/uploads\/2020\/10\/03_20_040_Knorr.jpg\" alt=\"Knorr ProFleetAssist+ Abbiegeassistent\" width=\"1000\" height=\"563\" srcset=\"https:\/\/static.krafthand-truck.de\/uploads\/2020\/10\/03_20_040_Knorr.jpg 1000w, https:\/\/static.krafthand-truck.de\/uploads\/2020\/10\/03_20_040_Knorr-300x169.jpg 300w, https:\/\/static.krafthand-truck.de\/uploads\/2020\/10\/03_20_040_Knorr-768x432.jpg 768w\" sizes=\"(max-width: 1000px) 100vw, 1000px\" \/><figcaption id=\"caption-attachment-25908\" class=\"wp-caption-text\">Mit dem \u201aProFleet Assist+\u2018 bieten Knorr-Bremse Truck Services einen universell nachr\u00fcstbaren Abbiegeassistenten, welcher die Fahrumgebung optisch mit speziellen Seitenkameras erfasst. Bild: Knorr-Bremse<\/figcaption><\/figure>\n<h3>Maha<\/h3>\n<p>Der <a href=\"http:\/\/www.maha.de\" target=\"_blank\" rel=\"noopener noreferrer\">Allg\u00e4uer Werkstattausr\u00fcster Maha<\/a> h\u00e4tte ein ganzes B\u00fcndel an Neuheiten mit zu den Messen gebracht, darunter den neuen Achsspieltester \u201aLMS 20.0\u2018 und das digitale Verbindungstool \u201aConnect Cube V3\u2018. Nach eigenem Bekunden erf\u00fcllt der Spieltester, dessen maximale Achslast 20 Tonen betr\u00e4gt, die Anforderungen der neuen europ\u00e4ischen Richtlinie 2014\/45\/EU. Dazu geh\u00f6ren unter anderem die synchrone, aber entgegengesetzte Bewegung beider Pr\u00fcfplatten in L\u00e4ngs- und Querrichtung. Zudem betr\u00e4gt der Verfahrweg der Pr\u00fcfplatten den Produktinformationen zufolge mehr als 95 Millimeter, wobei die Pr\u00fcfplattengeschwindigkeit \u00fcber f\u00fcnf Zentimeter pro Sekunde liegt, so wie es die Richtlinie fordert. Beim \u201aConnect Cube V3\u2018 indes handelt es sich um einen mobilen Digitalknoten, der sich bei ASA-livestreamf\u00e4higen Bremspr\u00fcfst\u00e4nden (BPS) der unterschiedlichsten Hersteller einsetzen lassen und den Werkstattalltag vereinfachen soll, etwa bei der Sicherheitspr\u00fcfung (SP) und der Hauptuntersuchung (HU). Laut Maha lassen sich damit per \u201aPlug&amp;Play\u2018 bestehende BPS auf einfache Weise um eine Digitalanzeige erweitern oder die Werte auf Laptops, Tablets und Smartphones \u201azaubern\u2018.<\/p>\n<figure id=\"attachment_25909\" aria-describedby=\"caption-attachment-25909\" style=\"width: 1000px\" class=\"wp-caption alignnone\"><img loading=\"lazy\" decoding=\"async\" class=\"size-full wp-image-25909\" src=\"https:\/\/www.krafthand.de\/truck\/wp-content\/uploads\/2020\/10\/03_20_040_Maha.jpg\" alt=\"Maha Achsspieltester LMS 20.0\" width=\"1000\" height=\"668\" srcset=\"https:\/\/static.krafthand-truck.de\/uploads\/2020\/10\/03_20_040_Maha.jpg 1000w, https:\/\/static.krafthand-truck.de\/uploads\/2020\/10\/03_20_040_Maha-300x200.jpg 300w, https:\/\/static.krafthand-truck.de\/uploads\/2020\/10\/03_20_040_Maha-768x513.jpg 768w\" sizes=\"(max-width: 1000px) 100vw, 1000px\" \/><figcaption id=\"caption-attachment-25909\" class=\"wp-caption-text\">Die maximale Achslast des neue Achsspieltesters \u201aLMS 20.0\u2018 von Maha betr\u00e4gt 20\u00a0Tonen. Das Testtool erf\u00fcllt die Anforderungen der neuen europ\u00e4ischen Richtlinie 2014\/45\/EU. Bild: Maha<\/figcaption><\/figure>\n<h3>Mahle<\/h3>\n<p>Zulieferer <a href=\"http:\/\/www.mahle-aftermarket.com\" target=\"_blank\" rel=\"noopener noreferrer\">Mahle<\/a> feiert 2020 ein besonderes Jubil\u00e4um: das Stuttgarter Traditionsunternehmen wird 100 Jahre alt. \u201a100 Jahre Mahle, das bedeutet auch 100 Jahre Aftermarket\u2018, konstatierte Olaf Henning, Mitglied der Konzernleitung und Leiter des Gesch\u00e4ftsbereichs Aftermarket bei Mahle, anl\u00e4sslich einer Fachpressekonferenz, die bislang traditionell vor der Autom echanika stattfand \u2013 und diesmal der Corona-Pandemie geschuldet, online abgehalten wurde. Henning wagte dabei einen Blick in die Zukunft. Der Aftermarkt-Experte sieht in alternativen Antrieben gro\u00dfe Chancen f\u00fcr die Werkst\u00e4tten und den Handel, speziell weil sich dadurch neue Gesch\u00e4ftsfelder f\u00fcr den Reparaturmarkt ergeben. Besonders das Thermomanagement wird nach Einsch\u00e4tzung Hennings angesichts der steigenden Zahl von E- und Hybridfahrzeugen weiter an Bedeutung gewinnen. Aber auch neuartige Filtersysteme und Neuentwicklungen, um Fahrzeuginnenr\u00e4ume zum Schutz vor Infektionen hygienisch zu reinigen, stehen demnach auf der Innovationsliste des auf Ersatzteile und Werkstattausr\u00fcstung spezialisierten Gesch\u00e4ftsbereichs des Mahle-Konzerns.<\/p>\n<p>\u201eMahle Aftermarket profitiert dabei vom technologieoffenen Ansatz des Konzerns, der im Rahmen seiner dualen Strategie Produkte sowohl f\u00fcr die klassischen als auch f\u00fcr alle alternativen Antriebsarten entwickelt. Damit sind wir in der Lage, Werkst\u00e4tten und Gro\u00dfhandel mit einem umfassenden Angebot an notwendigen Ersatzteilen, Servicel\u00f6sungen sowie Dienstleistungen zu versorgen, die ihnen erm\u00f6glichen, die neuen Potenziale der Zukunft zu erschlie\u00dfen\u201c, versicherte Henning.<\/p>\n<figure id=\"attachment_25910\" aria-describedby=\"caption-attachment-25910\" style=\"width: 1000px\" class=\"wp-caption alignnone\"><img loading=\"lazy\" decoding=\"async\" class=\"size-full wp-image-25910\" src=\"https:\/\/www.krafthand.de\/truck\/wp-content\/uploads\/2020\/10\/03_20_040_Mahle.jpg\" alt=\"Mahle Werkstattausr\u00fcstung\" width=\"1000\" height=\"899\" srcset=\"https:\/\/static.krafthand-truck.de\/uploads\/2020\/10\/03_20_040_Mahle.jpg 1000w, https:\/\/static.krafthand-truck.de\/uploads\/2020\/10\/03_20_040_Mahle-300x270.jpg 300w, https:\/\/static.krafthand-truck.de\/uploads\/2020\/10\/03_20_040_Mahle-768x690.jpg 768w\" sizes=\"(max-width: 1000px) 100vw, 1000px\" \/><figcaption id=\"caption-attachment-25910\" class=\"wp-caption-text\">Mit einem breiten Portfolio an Produkten und Werkstattausr\u00fcstung rund um klassische und alternative Antriebe unterst\u00fctzt Mahle als zuverl\u00e4ssiger Partner Werkst\u00e4tten und den Teilehandel. Bild: Mahle<\/figcaption><\/figure>\n<h3>Mann+Hummel<\/h3>\n<p>Ein dreistufiger Diesel-Kraftstofffilter geh\u00f6rt zu den Neuheiten beim Ludwigsburger <a href=\"http:\/\/www.mann-hummel.com\" target=\"_blank\" rel=\"noopener noreferrer\">Filterspezialisten Mann+Hummel<\/a>. Der Filter mit der Bezeichnung \u201aMann-Filter PU 12 004 z\u2018 wurde Unternehmensangaben zufolge entwickelt, um kleinste Wassertropfen und Schmutzpartikel sicher zur\u00fcckzuhalten, damit diese nicht in die empfindlichen Komponenten von Hochdruck-Einspritzsystemen gelangen. Bei dem neuen Produkt durchstr\u00f6mt der Kraftstoff das Filtermaterial von au\u00dfen nach innen. Den Entwicklern zufolge bezeichnet man dies als \u201edruckseitigen Filterbetrieb\u201c. Und so funktioniert das Ganze: In Stufe eins befreit das Filtermedium den Dieselkraftstoff von festen Schmutzpartikeln. Stufe zwei arbeitet mit einem Koales zenzvlies, welches feinste Wassertr\u00f6pfchen aus der Kraftstoff- Wasseremulsion abf\u00e4ngt und sie zu gr\u00f6\u00dferen Tropfen zusammenf\u00fchrt. In Stufe drei verhindert ein wasserabweisendes Siebgewebe, dass die vergr\u00f6\u00dferten Tropfen ins Einspritzsystem gelangen. Das abgeschiedene Wasser sammelt sich aufgrund der Schwerkraft im Wassersammelraum des Filterm oduls. Ein Sensor meldet, sobald das Wasser manuell abgelassen beziehungsweise abgesaugt werden muss. Unternehmensangaben zufolge lassen sich so \u00fcber 90 Prozent der bis zu zehn Mikrometer gro\u00dfen Wassertropfen aus handels\u00fcblichen Tankstellen-Kraftstoffen eliminieren \u2013 und dies zuverl\u00e4ssig bis zum Ende des Wechselintervalls, selbst bei beladenem Filterelement.<\/p>\n<figure id=\"attachment_25911\" aria-describedby=\"caption-attachment-25911\" style=\"width: 1000px\" class=\"wp-caption alignnone\"><img loading=\"lazy\" decoding=\"async\" class=\"size-full wp-image-25911\" src=\"https:\/\/www.krafthand.de\/truck\/wp-content\/uploads\/2020\/10\/03_20_040_Mann.jpg\" alt=\"Mann-Filter Diesel-Kraftstofffilter\" width=\"1000\" height=\"1000\" srcset=\"https:\/\/static.krafthand-truck.de\/uploads\/2020\/10\/03_20_040_Mann.jpg 1000w, https:\/\/static.krafthand-truck.de\/uploads\/2020\/10\/03_20_040_Mann-300x300.jpg 300w, https:\/\/static.krafthand-truck.de\/uploads\/2020\/10\/03_20_040_Mann-150x150.jpg 150w, https:\/\/static.krafthand-truck.de\/uploads\/2020\/10\/03_20_040_Mann-768x768.jpg 768w\" sizes=\"(max-width: 1000px) 100vw, 1000px\" \/><figcaption id=\"caption-attachment-25911\" class=\"wp-caption-text\">Ein dreistufiger Diesel-Kraftstofffilter geh\u00f6rt zu den Neuheiten von Mann-Filter. Der \u201aPU 12 004 z\u2018 wurde entwickelt, um\u00a0kleinste Wassertropfen und Schmutzpartikel aus den empfindlichen Komponenten von Hochdruck-Einspritzsystemen fernzuhalten. Bild: Mann-Filter<\/figcaption><\/figure>\n<h3>Romess<\/h3>\n<p>Gutes noch weiter verbessern \u2013 das geht sogar beim schw\u00e4bischen <a href=\"http:\/\/www.romess.de\" target=\"_blank\" rel=\"noopener noreferrer\">Messtechnikspezialisten Romess<\/a>. \u201eAb sofort verwenden wir in unserem Ultraschall-Lecksucher \u201aUSM 20128\u2018 einen modulierenden Sender, sodass sich kleinste Mikro-Leckagen noch sicherer aufsp\u00fcren lassen\u201c, berichtet Werner Rogg, Inhaber und Chefentwickler von Romess. Demnach l\u00e4sst sich aufgrund des Updates nun das gesamte Frequenzband scannen, was f\u00fcr den Anwender noch komfortabler sein soll. Das mit modernster Mikroelektronik best\u00fcckte Ultraschallsystem bew\u00e4hrt sich nach Unternehmensangaben besonders auch in Nutzfahrzeug-Werkst\u00e4tten, etwa um Undichtigkeiten und Leckagen an Klimaanlagen, Druckluftleitungen, Turboladern, Bremskraftverst\u00e4rkern oder dem Ansaugsystem des Motors aufzusp\u00fcren. \u201eKonservative Fachleute setzten hierzu oft noch Kontrastmittel ein, was aber sehr zeitaufwendig und umst\u00e4ndlich ist. Die elektroakustische Ortung mit Ultraschall bringt hier viele Vorteile\u201c, versichert T\u00fcftler Rogg. Mit unserem verbesserten Lecksucher \u201aUSM 20128\u2018 lassen sich Luft-, Dampf- und Gasleckagen mit Querschnitten von bis zu unter 0,1 Millimetern v\u00f6llig unkompliziert lokalisieren, denn das digitale Display im ablesefreundlichen Analogstil reagiert ausgesprochen sensibel auch auf feinste Resonanzschwingungen, die der Sender ausl\u00f6st, wenn seine Schallwellen auf eine Undichtigkeit treffen\u201c, berichtet der Fachmann.<\/p>\n<figure id=\"attachment_25912\" aria-describedby=\"caption-attachment-25912\" style=\"width: 667px\" class=\"wp-caption alignnone\"><img loading=\"lazy\" decoding=\"async\" class=\"size-full wp-image-25912\" src=\"https:\/\/www.krafthand.de\/truck\/wp-content\/uploads\/2020\/10\/03_20_040_Romess-e1600948927203.jpg\" alt=\"Romess Ultraschall-Leck suchsystem \u201aUSM 20128\u2018\" width=\"667\" height=\"445\" srcset=\"https:\/\/static.krafthand-truck.de\/uploads\/2020\/10\/03_20_040_Romess-e1600948927203.jpg 667w, https:\/\/static.krafthand-truck.de\/uploads\/2020\/10\/03_20_040_Romess-e1600948927203-300x200.jpg 300w\" sizes=\"(max-width: 667px) 100vw, 667px\" \/><figcaption id=\"caption-attachment-25912\" class=\"wp-caption-text\">Ab sofort verwendet Romess in seinem Ultraschall-Leck suchsystem \u201aUSM\u00a020128\u2018 einen modulierenden Sender, mit dem sich kleinste Mikro-Leckagen noch sicherer aufsp\u00fcren lassen sollen. Bild:\u00a0Romess<\/figcaption><\/figure>\n<h3>Texa<\/h3>\n<p>Auch die Entwickler beim italienischen Diagnosespezialisten Texa hatten sich auf die Automechanika vorbereitet und ein B\u00fcndel mit Neuheiten geschn\u00fcrt. Darin unter anderem das neue Diagnosesystem \u201aAxone Nemo 2\u2018. Es ersetzt den erstmals auf der Automechanika 2016 vorgestellten \u201aAxone Nemo\u2018. \u201eDas Ger\u00e4t hat bewusst die gleichen Abmessungen wie sein Vorg\u00e4nger, damit der Kunde bereits vorhandenes Zubeh\u00f6r weiter nutzen kann und hierf\u00fcr keine Mehrkosten entstehen\u201c, erl\u00e4utert Werner Arpogaus von <a href=\"http:\/\/www.texadeutschland.com\" target=\"_blank\" rel=\"noopener noreferrer\">Texa Deutschland<\/a>. Doch im Inneren des Ger\u00e4ts findet sich viel Neues: ein neuer, leistungsf\u00e4higerer Prozessor samt schnellerer Festplatte und besserem Grafikchip sowie einen erweiterten, leistungsf\u00e4higeren Arbeitsspeicher. Zusammen mit der Software IDC5 als intuitive Schaltzentrale soll mit dem \u201aAxone Nemo 2\u2018 ein optimaler Allrounder f\u00fcr Mehrmarkenprofis entstanden sein. Eine weitere Neuerung bei Texa ist die ab sofort m\u00f6gliche Einbindung der Klimaserviceger\u00e4te-Modelle 720R, 760R, 760R BUS, 770S und 780R aus der \u201aKonfort\u2018-Baureihe in das \u201aasanetwork\u2018-Werkstattnetz. Damit sollen sich viele administrative Abl\u00e4ufe wie das Eingeben von Fahrzeug- und Kundendaten sowie Pr\u00fcfergebnissen vereinfachen und beschleunigen lassen. Das einfach einzubauende WiFi-Modul l\u00e4sst sich nach eigenem Bekunden auch bei bereits am Markt befindlichen Ger\u00e4ten nachr\u00fcsten.<\/p>\n<figure id=\"attachment_25913\" aria-describedby=\"caption-attachment-25913\" style=\"width: 1000px\" class=\"wp-caption alignnone\"><img loading=\"lazy\" decoding=\"async\" class=\"size-full wp-image-25913\" src=\"https:\/\/www.krafthand.de\/truck\/wp-content\/uploads\/2020\/10\/03_20_040_Texa.jpg\" alt=\"Texa Axone Nemo 2\" width=\"1000\" height=\"667\" srcset=\"https:\/\/static.krafthand-truck.de\/uploads\/2020\/10\/03_20_040_Texa.jpg 1000w, https:\/\/static.krafthand-truck.de\/uploads\/2020\/10\/03_20_040_Texa-300x200.jpg 300w, https:\/\/static.krafthand-truck.de\/uploads\/2020\/10\/03_20_040_Texa-768x512.jpg 768w\" sizes=\"(max-width: 1000px) 100vw, 1000px\" \/><figcaption id=\"caption-attachment-25913\" class=\"wp-caption-text\">Das Innenleben des \u201aAxone Nemo 2\u2018 von Texa ist nahezu komplett neu. Zusammen mit der Software IDC5 als intuitive Schaltzentrale soll er ein optimaler Allrounder f\u00fcr Mehrmarkenprofis sein. Bild: Texa<\/figcaption><\/figure>\n<h3>Werbas<\/h3>\n<p>Die digitale und mobile Werkstatt steht beim <a href=\"http:\/\/www.werbas.de\" target=\"_blank\" rel=\"noopener noreferrer\">Softwarespezialisten Werbas<\/a> im Mittelpunkt. M\u00f6glich wird sie nach Unternehmensangaben mit dem webbasierten Zusatzmodul \u201aWerbas.blue\u2018 f\u00fcr die Werkstatt- Management-Software \u201aWerbas Nfz\u2018. \u201e\u201aWerbas.blue\u2018 soll Werkst\u00e4tten dort mobil machen, wo es f\u00fcr den Ablauf sinnvoll ist\u201c, erl\u00e4utert Werbas- Vorstand Harald Pfau. Aktuell haben die Softwaree ntwickler der Anwendung eine neue Cloud-Infras truktur angedeihen lassen, wobei nach wie vor die Kundendaten der Werkstatt lokal auf deren Server bleiben. Mit der Neuausrichtung ist die Cloud- Applikation jetzt allerdings selbstst\u00e4ndig administrierbar. \u201eSomit kann der Werkstattinhaber zuk\u00fcnftig selber seine Mitarbeiter anlegen und auch entsprechende Rechte vergeben und die Nutzung personifizieren. Dies erfolgt unabh\u00e4ngig der bisherigen Werbas-Rechteverwaltung\u201c, erkl\u00e4rt Pfau. Demnach l\u00e4sst sich \u201aWerbas.blue\u2018 auf dieser Basis nicht nur per WLAN auf Tablets und Smartphones, sondern auch am Desktop im Browser in der Werkstatt einsetzen. \u201eUnd auch der Nutzung bei Kundeneins\u00e4tzen vor Ort oder bei der Pannenhilfe steht mithilfe des Internets nichts im Wege\u201c, so der Werbas-Chef.<\/p>\n<figure id=\"attachment_25914\" aria-describedby=\"caption-attachment-25914\" style=\"width: 780px\" class=\"wp-caption alignnone\"><img loading=\"lazy\" decoding=\"async\" class=\"size-full wp-image-25914\" src=\"https:\/\/www.krafthand.de\/truck\/wp-content\/uploads\/2020\/10\/03_20_040_Werbas-e1600949175268.jpg\" alt=\"Werkstatt-Management-Software Werbas.blue\" width=\"780\" height=\"445\" srcset=\"https:\/\/static.krafthand-truck.de\/uploads\/2020\/10\/03_20_040_Werbas-e1600949175268.jpg 780w, https:\/\/static.krafthand-truck.de\/uploads\/2020\/10\/03_20_040_Werbas-e1600949175268-300x171.jpg 300w, https:\/\/static.krafthand-truck.de\/uploads\/2020\/10\/03_20_040_Werbas-e1600949175268-768x438.jpg 768w\" sizes=\"(max-width: 780px) 100vw, 780px\" \/><figcaption id=\"caption-attachment-25914\" class=\"wp-caption-text\">Mit dem webbasierten Zusatzmodul \u201aWerbas.blue\u2018 f\u00fcr die Werkstatt-Management-Software \u201aWerbas Nfz\u2018 sollen Werkst\u00e4tten dort mobil gemacht werden, wo\u00a0es f\u00fcr den Ablauf sinnvoll ist. Bild: Werbas<\/figcaption><\/figure>\n<p><i>Den Beitrag finden Sie auch in der Print-Ausgabe 3\/20 der <a href=\"https:\/\/www.krafthand.de\/truck\/magazin\/\" title=\"Zum Magazin\">Krafthand-Truck<\/a>.<\/i><\/p>\r\n\t\t\t\t<div class=\"post-author\">\r\n\t\t\t\t\t<div class=\"khm-cp-author clearfix\">\r\n\t\t\t\t\t\t<div class=\"khm-cp-author__content\">\r\n\t\t\t\t\t\t\t\tKontakt zum Autor:<br \/>\r\n\t\t\t\t\t\t\t\t<strong>Klaus Kuss<\/strong>, 08247 \/ 3007-177 |  <a href=\"mailto:klaus.kuss@krafthand-medien.de\">klaus.kuss@krafthand-medien.de<\/a>\r\n\t\t\t\t\t\t\t<div class=\"khm-cp-author__image\">\r\n\t\t\t\t\t\t<img src=\"https:\/\/static.krafthand-truck.de\/uploads\/2018\/01\/Kuss_Klaus-250x300.png\" class=\"img-responsive\">\r\n\t\t\t\t\t<\/div>\r\n\t\t\t\t\t\t<\/div>\r\n\t\t\t\t\t<\/div>\r\n\t\t\t\t<\/div>\r\n\t\t\t\t","protected":false},"excerpt":{"rendered":"<p>Damit die von den Ausstellern vorbereiteten Messe-Highlights nicht ungesehen verpuffen, pr\u00e4sentieren wir sie in der \u201aKRAFTHAND-Truck Innovationsschau 2020\u2018 quasi als \u201aMesse im Heft\u2018 und unter dem Motto \u201aDas w\u00e4re zu sehen gewesen\u2018. <span class=\"excerpt-more__dots\">&#8230;<\/span> <a class=\"excerpt-more__link\" href=\"https:\/\/www.krafthand.de\/truck\/artikel\/innovationsschau-2020-teil-1-2-25900\/\" >weiter<\/a><\/p>\n","protected":false},"author":7,"featured_media":25920,"comment_status":"closed","ping_status":"closed","sticky":false,"template":"","format":"standard","meta":{"footnotes":""},"categories":[4236],"tags":[1346,974,370,173,4009,1285,198,186,395,1401,1706,3748,1593,3472],"settings":[3524,3523],"class_list":["post-25900","post","type-post","status-publish","format-standard","has-post-thumbnail","hentry","category-veranstaltungen","tag-automechanika","tag-avl-ditest","tag-borg-warner","tag-bpw","tag-dometic","tag-iaa-nutzfahrzeuge","tag-josam-richttechnik","tag-knorr-bremse","tag-maha","tag-mahle","tag-mann-filter","tag-romes-rogg","tag-texa","tag-werbas"],"yoast_head":"<!-- This site is optimized with the Yoast SEO plugin v27.3 - https:\/\/yoast.com\/product\/yoast-seo-wordpress\/ -->\n<title>Innovationsschau 2020 (Teil 1\/2) - Krafthand-Truck<\/title>\n<meta name=\"robots\" content=\"index, follow, max-snippet:-1, max-image-preview:large, max-video-preview:-1\" \/>\n<link rel=\"canonical\" href=\"https:\/\/www.krafthand.de\/truck\/artikel\/innovationsschau-2020-teil-1-2-25900\/\" \/>\n<meta property=\"og:locale\" content=\"de_DE\" \/>\n<meta property=\"og:type\" content=\"article\" \/>\n<meta property=\"og:title\" content=\"Innovationsschau 2020 (Teil 1\/2) - Krafthand-Truck\" \/>\n<meta property=\"og:description\" content=\"Damit die von den Ausstellern vorbereiteten Messe-Highlights nicht ungesehen verpuffen, pr\u00e4sentieren wir sie in der \u201aKRAFTHAND-Truck Innovationsschau 2020\u2018 quasi als \u201aMesse im Heft\u2018 und unter dem Motto \u201aDas w\u00e4re zu sehen gewesen\u2018. ... weiter\" \/>\n<meta property=\"og:url\" content=\"https:\/\/www.krafthand-truck.de\/artikel\/innovationsschau-2020-teil-1-2-25900\/\" \/>\n<meta property=\"og:site_name\" content=\"Krafthand-Truck\" \/>\n<meta property=\"article:published_time\" content=\"2020-10-02T05:00:34+00:00\" \/>\n<meta property=\"article:modified_time\" content=\"2021-03-12T10:02:34+00:00\" \/>\n<meta property=\"og:image\" content=\"https:\/\/www.krafthand.de\/truck\/wp-content\/uploads\/2020\/10\/03_2020_Messen.jpg\" \/>\n\t<meta property=\"og:image:width\" content=\"2000\" \/>\n\t<meta property=\"og:image:height\" content=\"945\" \/>\n\t<meta property=\"og:image:type\" content=\"image\/jpeg\" \/>\n<meta name=\"author\" content=\"julian.schmid@krafthand.de\" \/>\n<meta name=\"twitter:card\" content=\"summary_large_image\" \/>\n<meta name=\"twitter:label1\" content=\"Verfasst von\" \/>\n\t<meta name=\"twitter:data1\" content=\"julian.schmid@krafthand.de\" \/>\n\t<meta name=\"twitter:label2\" content=\"Gesch\u00e4tzte Lesezeit\" \/>\n\t<meta name=\"twitter:data2\" content=\"12\u00a0Minuten\" \/>\n<script type=\"application\/ld+json\" class=\"yoast-schema-graph\">{\"@context\":\"https:\\\/\\\/schema.org\",\"@graph\":[{\"@type\":\"Article\",\"@id\":\"https:\\\/\\\/www.krafthand.de\\\/truck\\\/artikel\\\/innovationsschau-2020-teil-1-2-25900\\\/#article\",\"isPartOf\":{\"@id\":\"https:\\\/\\\/www.krafthand.de\\\/truck\\\/artikel\\\/innovationsschau-2020-teil-1-2-25900\\\/\"},\"author\":{\"name\":\"julian.schmid@krafthand.de\",\"@id\":\"https:\\\/\\\/www.krafthand.de\\\/truck\\\/#\\\/schema\\\/person\\\/23aebc1e5e3f0204da7158bce36950bb\"},\"headline\":\"Innovationsschau 2020 (Teil 1\\\/2)\",\"datePublished\":\"2020-10-02T05:00:34+00:00\",\"dateModified\":\"2021-03-12T10:02:34+00:00\",\"mainEntityOfPage\":{\"@id\":\"https:\\\/\\\/www.krafthand.de\\\/truck\\\/artikel\\\/innovationsschau-2020-teil-1-2-25900\\\/\"},\"wordCount\":2495,\"image\":{\"@id\":\"https:\\\/\\\/www.krafthand.de\\\/truck\\\/artikel\\\/innovationsschau-2020-teil-1-2-25900\\\/#primaryimage\"},\"thumbnailUrl\":\"https:\\\/\\\/static.krafthand-truck.de\\\/uploads\\\/2020\\\/10\\\/03_2020_Messen.jpg\",\"keywords\":[\"Automechanika\",\"AVL Ditest\",\"Borg-Warner\",\"BPW\",\"Dometic\",\"IAA Nutzfahrzeuge\",\"Josam Richttechnik\",\"Knorr-Bremse\",\"Maha\",\"Mahle\",\"Mann-Filter\",\"Romes Rogg\",\"Texa\",\"Werbas\"],\"articleSection\":[\"Veranstaltungen\\\/Messen\"],\"inLanguage\":\"de\"},{\"@type\":\"WebPage\",\"@id\":\"https:\\\/\\\/www.krafthand.de\\\/truck\\\/artikel\\\/innovationsschau-2020-teil-1-2-25900\\\/\",\"url\":\"https:\\\/\\\/www.krafthand.de\\\/truck\\\/artikel\\\/innovationsschau-2020-teil-1-2-25900\\\/\",\"name\":\"Innovationsschau 2020 (Teil 1\\\/2) - Krafthand-Truck\",\"isPartOf\":{\"@id\":\"https:\\\/\\\/www.krafthand.de\\\/truck\\\/#website\"},\"primaryImageOfPage\":{\"@id\":\"https:\\\/\\\/www.krafthand.de\\\/truck\\\/artikel\\\/innovationsschau-2020-teil-1-2-25900\\\/#primaryimage\"},\"image\":{\"@id\":\"https:\\\/\\\/www.krafthand.de\\\/truck\\\/artikel\\\/innovationsschau-2020-teil-1-2-25900\\\/#primaryimage\"},\"thumbnailUrl\":\"https:\\\/\\\/static.krafthand-truck.de\\\/uploads\\\/2020\\\/10\\\/03_2020_Messen.jpg\",\"datePublished\":\"2020-10-02T05:00:34+00:00\",\"dateModified\":\"2021-03-12T10:02:34+00:00\",\"author\":{\"@id\":\"https:\\\/\\\/www.krafthand.de\\\/truck\\\/#\\\/schema\\\/person\\\/23aebc1e5e3f0204da7158bce36950bb\"},\"breadcrumb\":{\"@id\":\"https:\\\/\\\/www.krafthand.de\\\/truck\\\/artikel\\\/innovationsschau-2020-teil-1-2-25900\\\/#breadcrumb\"},\"inLanguage\":\"de\",\"potentialAction\":[{\"@type\":\"ReadAction\",\"target\":[\"https:\\\/\\\/www.krafthand.de\\\/truck\\\/artikel\\\/innovationsschau-2020-teil-1-2-25900\\\/\"]}]},{\"@type\":\"ImageObject\",\"inLanguage\":\"de\",\"@id\":\"https:\\\/\\\/www.krafthand.de\\\/truck\\\/artikel\\\/innovationsschau-2020-teil-1-2-25900\\\/#primaryimage\",\"url\":\"https:\\\/\\\/static.krafthand-truck.de\\\/uploads\\\/2020\\\/10\\\/03_2020_Messen.jpg\",\"contentUrl\":\"https:\\\/\\\/static.krafthand-truck.de\\\/uploads\\\/2020\\\/10\\\/03_2020_Messen.jpg\",\"width\":2000,\"height\":945,\"caption\":\"Wegen der Corona-Pandemie wurde die Frankfurter Automechanika um ein Jahr verschoben. Der neue Termin steht schon fest: 14. bis 18. September 2020. Die IAA Nutzfahrzeuge 2020 in Hannover wurde ganz abgesagt. Sie \u00f6ffnet erst wieder 2022 ihre Tore, der genaue Termin steht noch nicht fest. Bilder: Messe Frankfurt\\\/Screenshot: Kuss\"},{\"@type\":\"BreadcrumbList\",\"@id\":\"https:\\\/\\\/www.krafthand.de\\\/truck\\\/artikel\\\/innovationsschau-2020-teil-1-2-25900\\\/#breadcrumb\",\"itemListElement\":[{\"@type\":\"ListItem\",\"position\":1,\"name\":\"Krafthand-Truck\",\"item\":\"https:\\\/\\\/www.krafthand.de\\\/truck\\\/\"},{\"@type\":\"ListItem\",\"position\":2,\"name\":\"Nfz-Branche\",\"item\":\"https:\\\/\\\/www.krafthand.de\\\/truck\\\/kategorie\\\/branche\\\/\"},{\"@type\":\"ListItem\",\"position\":3,\"name\":\"Veranstaltungen\\\/Messen\",\"item\":\"https:\\\/\\\/www.krafthand.de\\\/truck\\\/kategorie\\\/branche\\\/veranstaltungen\\\/\"},{\"@type\":\"ListItem\",\"position\":4,\"name\":\"Innovationsschau 2020 (Teil 1\\\/2)\"}]},{\"@type\":\"WebSite\",\"@id\":\"https:\\\/\\\/www.krafthand.de\\\/truck\\\/#website\",\"url\":\"https:\\\/\\\/www.krafthand.de\\\/truck\\\/\",\"name\":\"Krafthand-Truck\",\"description\":\"\",\"potentialAction\":[{\"@type\":\"SearchAction\",\"target\":{\"@type\":\"EntryPoint\",\"urlTemplate\":\"https:\\\/\\\/www.krafthand.de\\\/truck\\\/?s={search_term_string}\"},\"query-input\":{\"@type\":\"PropertyValueSpecification\",\"valueRequired\":true,\"valueName\":\"search_term_string\"}}],\"inLanguage\":\"de\"},{\"@type\":\"Person\",\"@id\":\"https:\\\/\\\/www.krafthand.de\\\/truck\\\/#\\\/schema\\\/person\\\/23aebc1e5e3f0204da7158bce36950bb\",\"name\":\"julian.schmid@krafthand.de\",\"image\":{\"@type\":\"ImageObject\",\"inLanguage\":\"de\",\"@id\":\"https:\\\/\\\/secure.gravatar.com\\\/avatar\\\/ef76c2910cab8eb23fcc013e1c6dc1ba4af5e93fea6e6132d7c4e67d4e9631e9?s=96&d=mm&r=g\",\"url\":\"https:\\\/\\\/secure.gravatar.com\\\/avatar\\\/ef76c2910cab8eb23fcc013e1c6dc1ba4af5e93fea6e6132d7c4e67d4e9631e9?s=96&d=mm&r=g\",\"contentUrl\":\"https:\\\/\\\/secure.gravatar.com\\\/avatar\\\/ef76c2910cab8eb23fcc013e1c6dc1ba4af5e93fea6e6132d7c4e67d4e9631e9?s=96&d=mm&r=g\",\"caption\":\"julian.schmid@krafthand.de\"}}]}<\/script>\n<!-- \/ Yoast SEO plugin. -->","yoast_head_json":{"title":"Innovationsschau 2020 (Teil 1\/2) - Krafthand-Truck","robots":{"index":"index","follow":"follow","max-snippet":"max-snippet:-1","max-image-preview":"max-image-preview:large","max-video-preview":"max-video-preview:-1"},"canonical":"https:\/\/www.krafthand.de\/truck\/artikel\/innovationsschau-2020-teil-1-2-25900\/","og_locale":"de_DE","og_type":"article","og_title":"Innovationsschau 2020 (Teil 1\/2) - Krafthand-Truck","og_description":"Damit die von den Ausstellern vorbereiteten Messe-Highlights nicht ungesehen verpuffen, pr\u00e4sentieren wir sie in der \u201aKRAFTHAND-Truck Innovationsschau 2020\u2018 quasi als \u201aMesse im Heft\u2018 und unter dem Motto \u201aDas w\u00e4re zu sehen gewesen\u2018. ... weiter","og_url":"https:\/\/www.krafthand-truck.de\/artikel\/innovationsschau-2020-teil-1-2-25900\/","og_site_name":"Krafthand-Truck","article_published_time":"2020-10-02T05:00:34+00:00","article_modified_time":"2021-03-12T10:02:34+00:00","og_image":[{"width":2000,"height":945,"url":"https:\/\/www.krafthand.de\/truck\/wp-content\/uploads\/2020\/10\/03_2020_Messen.jpg","type":"image\/jpeg"}],"author":"julian.schmid@krafthand.de","twitter_card":"summary_large_image","twitter_misc":{"Verfasst von":"julian.schmid@krafthand.de","Gesch\u00e4tzte Lesezeit":"12\u00a0Minuten"},"schema":{"@context":"https:\/\/schema.org","@graph":[{"@type":"Article","@id":"https:\/\/www.krafthand.de\/truck\/artikel\/innovationsschau-2020-teil-1-2-25900\/#article","isPartOf":{"@id":"https:\/\/www.krafthand.de\/truck\/artikel\/innovationsschau-2020-teil-1-2-25900\/"},"author":{"name":"julian.schmid@krafthand.de","@id":"https:\/\/www.krafthand.de\/truck\/#\/schema\/person\/23aebc1e5e3f0204da7158bce36950bb"},"headline":"Innovationsschau 2020 (Teil 1\/2)","datePublished":"2020-10-02T05:00:34+00:00","dateModified":"2021-03-12T10:02:34+00:00","mainEntityOfPage":{"@id":"https:\/\/www.krafthand.de\/truck\/artikel\/innovationsschau-2020-teil-1-2-25900\/"},"wordCount":2495,"image":{"@id":"https:\/\/www.krafthand.de\/truck\/artikel\/innovationsschau-2020-teil-1-2-25900\/#primaryimage"},"thumbnailUrl":"https:\/\/static.krafthand-truck.de\/uploads\/2020\/10\/03_2020_Messen.jpg","keywords":["Automechanika","AVL Ditest","Borg-Warner","BPW","Dometic","IAA Nutzfahrzeuge","Josam Richttechnik","Knorr-Bremse","Maha","Mahle","Mann-Filter","Romes Rogg","Texa","Werbas"],"articleSection":["Veranstaltungen\/Messen"],"inLanguage":"de"},{"@type":"WebPage","@id":"https:\/\/www.krafthand.de\/truck\/artikel\/innovationsschau-2020-teil-1-2-25900\/","url":"https:\/\/www.krafthand.de\/truck\/artikel\/innovationsschau-2020-teil-1-2-25900\/","name":"Innovationsschau 2020 (Teil 1\/2) - Krafthand-Truck","isPartOf":{"@id":"https:\/\/www.krafthand.de\/truck\/#website"},"primaryImageOfPage":{"@id":"https:\/\/www.krafthand.de\/truck\/artikel\/innovationsschau-2020-teil-1-2-25900\/#primaryimage"},"image":{"@id":"https:\/\/www.krafthand.de\/truck\/artikel\/innovationsschau-2020-teil-1-2-25900\/#primaryimage"},"thumbnailUrl":"https:\/\/static.krafthand-truck.de\/uploads\/2020\/10\/03_2020_Messen.jpg","datePublished":"2020-10-02T05:00:34+00:00","dateModified":"2021-03-12T10:02:34+00:00","author":{"@id":"https:\/\/www.krafthand.de\/truck\/#\/schema\/person\/23aebc1e5e3f0204da7158bce36950bb"},"breadcrumb":{"@id":"https:\/\/www.krafthand.de\/truck\/artikel\/innovationsschau-2020-teil-1-2-25900\/#breadcrumb"},"inLanguage":"de","potentialAction":[{"@type":"ReadAction","target":["https:\/\/www.krafthand.de\/truck\/artikel\/innovationsschau-2020-teil-1-2-25900\/"]}]},{"@type":"ImageObject","inLanguage":"de","@id":"https:\/\/www.krafthand.de\/truck\/artikel\/innovationsschau-2020-teil-1-2-25900\/#primaryimage","url":"https:\/\/static.krafthand-truck.de\/uploads\/2020\/10\/03_2020_Messen.jpg","contentUrl":"https:\/\/static.krafthand-truck.de\/uploads\/2020\/10\/03_2020_Messen.jpg","width":2000,"height":945,"caption":"Wegen der Corona-Pandemie wurde die Frankfurter Automechanika um ein Jahr verschoben. Der neue Termin steht schon fest: 14. bis 18. September 2020. Die IAA Nutzfahrzeuge 2020 in Hannover wurde ganz abgesagt. Sie \u00f6ffnet erst wieder 2022 ihre Tore, der genaue Termin steht noch nicht fest. Bilder: Messe Frankfurt\/Screenshot: Kuss"},{"@type":"BreadcrumbList","@id":"https:\/\/www.krafthand.de\/truck\/artikel\/innovationsschau-2020-teil-1-2-25900\/#breadcrumb","itemListElement":[{"@type":"ListItem","position":1,"name":"Krafthand-Truck","item":"https:\/\/www.krafthand.de\/truck\/"},{"@type":"ListItem","position":2,"name":"Nfz-Branche","item":"https:\/\/www.krafthand.de\/truck\/kategorie\/branche\/"},{"@type":"ListItem","position":3,"name":"Veranstaltungen\/Messen","item":"https:\/\/www.krafthand.de\/truck\/kategorie\/branche\/veranstaltungen\/"},{"@type":"ListItem","position":4,"name":"Innovationsschau 2020 (Teil 1\/2)"}]},{"@type":"WebSite","@id":"https:\/\/www.krafthand.de\/truck\/#website","url":"https:\/\/www.krafthand.de\/truck\/","name":"Krafthand-Truck","description":"","potentialAction":[{"@type":"SearchAction","target":{"@type":"EntryPoint","urlTemplate":"https:\/\/www.krafthand.de\/truck\/?s={search_term_string}"},"query-input":{"@type":"PropertyValueSpecification","valueRequired":true,"valueName":"search_term_string"}}],"inLanguage":"de"},{"@type":"Person","@id":"https:\/\/www.krafthand.de\/truck\/#\/schema\/person\/23aebc1e5e3f0204da7158bce36950bb","name":"julian.schmid@krafthand.de","image":{"@type":"ImageObject","inLanguage":"de","@id":"https:\/\/secure.gravatar.com\/avatar\/ef76c2910cab8eb23fcc013e1c6dc1ba4af5e93fea6e6132d7c4e67d4e9631e9?s=96&d=mm&r=g","url":"https:\/\/secure.gravatar.com\/avatar\/ef76c2910cab8eb23fcc013e1c6dc1ba4af5e93fea6e6132d7c4e67d4e9631e9?s=96&d=mm&r=g","contentUrl":"https:\/\/secure.gravatar.com\/avatar\/ef76c2910cab8eb23fcc013e1c6dc1ba4af5e93fea6e6132d7c4e67d4e9631e9?s=96&d=mm&r=g","caption":"julian.schmid@krafthand.de"}}]}},"_links":{"self":[{"href":"https:\/\/www.krafthand.de\/truck\/wp-json\/wp\/v2\/posts\/25900","targetHints":{"allow":["GET"]}}],"collection":[{"href":"https:\/\/www.krafthand.de\/truck\/wp-json\/wp\/v2\/posts"}],"about":[{"href":"https:\/\/www.krafthand.de\/truck\/wp-json\/wp\/v2\/types\/post"}],"author":[{"embeddable":true,"href":"https:\/\/www.krafthand.de\/truck\/wp-json\/wp\/v2\/users\/7"}],"replies":[{"embeddable":true,"href":"https:\/\/www.krafthand.de\/truck\/wp-json\/wp\/v2\/comments?post=25900"}],"version-history":[{"count":4,"href":"https:\/\/www.krafthand.de\/truck\/wp-json\/wp\/v2\/posts\/25900\/revisions"}],"predecessor-version":[{"id":26107,"href":"https:\/\/www.krafthand.de\/truck\/wp-json\/wp\/v2\/posts\/25900\/revisions\/26107"}],"wp:featuredmedia":[{"embeddable":true,"href":"https:\/\/www.krafthand.de\/truck\/wp-json\/wp\/v2\/media\/25920"}],"wp:attachment":[{"href":"https:\/\/www.krafthand.de\/truck\/wp-json\/wp\/v2\/media?parent=25900"}],"wp:term":[{"taxonomy":"category","embeddable":true,"href":"https:\/\/www.krafthand.de\/truck\/wp-json\/wp\/v2\/categories?post=25900"},{"taxonomy":"post_tag","embeddable":true,"href":"https:\/\/www.krafthand.de\/truck\/wp-json\/wp\/v2\/tags?post=25900"},{"taxonomy":"settings","embeddable":true,"href":"https:\/\/www.krafthand.de\/truck\/wp-json\/wp\/v2\/settings?post=25900"}],"curies":[{"name":"wp","href":"https:\/\/api.w.org\/{rel}","templated":true}]}}