{"id":25857,"date":"2020-09-01T07:00:56","date_gmt":"2020-09-01T05:00:56","guid":{"rendered":"https:\/\/www.krafthand.de\/truck\/?p=25857"},"modified":"2021-03-16T10:22:13","modified_gmt":"2021-03-16T09:22:13","slug":"digital-und-mobil-in-der-werkstatt-arbeiten","status":"publish","type":"post","link":"https:\/\/www.krafthand.de\/truck\/artikel\/digital-und-mobil-in-der-werkstatt-arbeiten-25857\/","title":{"rendered":"Digital und mobil in der Werkstatt arbeiten"},"content":{"rendered":"<p>In innovativen Werkstattbetrieben haben Smartphones und Tablets l\u00e4ngst Notizbl\u00f6cke und Stempelkarten aus Papier ersetzt, denn digitales und mobiles Arbeiten bringt viele Vorteile und erleichtert den Werkstattalltag zum Teil signifikant. Seit mehr als drei Jahren treibt auch der schw\u00e4bische Softwarespezialist Werbas die Digitalisierung seiner Werkstatt-Management-L\u00f6sung mit dem webbasierten Zusatz-Modul \u201aWerbas blue\u2018 voran. \u201eUnser Ziel war es von Anfang an, Werkst\u00e4tten dort mobil zu machen, wo es f\u00fcr den Arbeitsablauf sinnvoll ist\u201c, erkl\u00e4rt Werbas-Vorstand Harald Pfau. Demnach k\u00f6nnen ab sofort sowohl Betreiber von Pkw- als auch Nutzfahrzeug-Werkst\u00e4tten dieses Modul aus \u201aWerbas Pkw\u2018 beziehungsweise \u201aWerbas Nfz\u2018 heraus nutzen.<\/p>\n<p>Obwohl es sich bei \u201aWerbas blue\u2018 um eine Cloud-basierte L\u00f6sung handelt, bleiben laut Pfau die Kundendaten lokal auf dem Server der jeweiligen Werkstatt gespeichert. Mit der aktuellen \u00dcberarbeitung kann der Werkstattbetreiber die Cloud-Applikation nun k\u00fcnftig selbstst\u00e4ndig administrieren und beispielsweise seine Mitarbeiter selbst anlegen und diesen bestimmte Rechte einr\u00e4umen. Die personifizierte Nutzung erfolgt demnach unabh\u00e4ngig der bisherigen Rechteverwaltung in \u201aWerbas\u2018. Auf dieser Basis l\u00e4sst sich \u201aWerbas blue\u2018 Unternehmensangaben zufolge per WLAN auf Tablets und Smartphones in der Werkstatt einsetzen. Selbst Kundeneins\u00e4tze vor Ort oder der Pannenhilfe soll via Internet m\u00f6glich sein. \u201eDurch die Integration von \u201aWerbas blue\u2018 in die Werkstatt-Management-L\u00f6sungen stehen unseren Kunden verschiedene Grundfunktionen (Lesezugriff) ohne zus\u00e4tzliche Kosten zur Verf\u00fcgung\u201c, verspricht der Werbas-Chef. Demnach ist hierf\u00fcr lediglich die Cloud-Applikation in der sogenannten \u201aOrganisation\u2018 einmalig einzurichten.<\/p>\n<p><i>Den Beitrag finden Sie auch in der Print-Ausgabe 2\/20 der <a href=\"https:\/\/www.krafthand.de\/truck\/magazin\/\" title=\"Zum Magazin\">Krafthand-Truck<\/a>.<\/i><\/p>","protected":false},"excerpt":{"rendered":"<p>Ab sofort k\u00f6nnen Betreiber von Pkw- und Nutzfahrzeug-Werkst\u00e4tten \u201aWerbas blue\u2018 aus \u201aWerbas Pkw\u2018 beziehungsweise \u201aWerbas Nfz\u2018 heraus nutzen. <span class=\"excerpt-more__dots\">&#8230;<\/span> <a class=\"excerpt-more__link\" href=\"https:\/\/www.krafthand.de\/truck\/artikel\/digital-und-mobil-in-der-werkstatt-arbeiten-25857\/\" >weiter<\/a><\/p>\n","protected":false},"author":7,"featured_media":25858,"comment_status":"closed","ping_status":"closed","sticky":false,"template":"","format":"standard","meta":{"footnotes":""},"categories":[4231],"tags":[3472,2626,3476],"settings":[],"class_list":["post-25857","post","type-post","status-publish","format-standard","has-post-thumbnail","hentry","category-werkstatt-it","tag-werbas","tag-werbas-blue","tag-werbas-nfz"],"yoast_head":"<!-- This site is optimized with the Yoast SEO plugin v27.3 - https:\/\/yoast.com\/product\/yoast-seo-wordpress\/ -->\n<title>Digital und mobil in der Werkstatt arbeiten - Krafthand-Truck<\/title>\n<meta name=\"robots\" content=\"index, follow, max-snippet:-1, max-image-preview:large, max-video-preview:-1\" \/>\n<link rel=\"canonical\" href=\"https:\/\/www.krafthand.de\/truck\/artikel\/digital-und-mobil-in-der-werkstatt-arbeiten-25857\/\" \/>\n<meta property=\"og:locale\" content=\"de_DE\" \/>\n<meta property=\"og:type\" content=\"article\" \/>\n<meta property=\"og:title\" content=\"Digital und mobil in der Werkstatt arbeiten - Krafthand-Truck\" \/>\n<meta property=\"og:description\" content=\"Ab sofort k\u00f6nnen Betreiber von Pkw- und Nutzfahrzeug-Werkst\u00e4tten \u201aWerbas blue\u2018 aus \u201aWerbas Pkw\u2018 beziehungsweise \u201aWerbas Nfz\u2018 heraus nutzen. ... weiter\" \/>\n<meta property=\"og:url\" content=\"https:\/\/www.krafthand-truck.de\/artikel\/digital-und-mobil-in-der-werkstatt-arbeiten-25857\/\" \/>\n<meta property=\"og:site_name\" content=\"Krafthand-Truck\" \/>\n<meta property=\"article:published_time\" content=\"2020-09-01T05:00:56+00:00\" \/>\n<meta property=\"article:modified_time\" content=\"2021-03-16T09:22:13+00:00\" \/>\n<meta property=\"og:image\" content=\"https:\/\/www.krafthand.de\/truck\/wp-content\/uploads\/2020\/08\/02_20_037-e1597138411502.jpg\" \/>\n\t<meta property=\"og:image:width\" content=\"855\" \/>\n\t<meta property=\"og:image:height\" content=\"695\" \/>\n\t<meta property=\"og:image:type\" content=\"image\/jpeg\" \/>\n<meta name=\"author\" content=\"julian.schmid@krafthand.de\" \/>\n<meta name=\"twitter:card\" content=\"summary_large_image\" \/>\n<meta name=\"twitter:label1\" content=\"Verfasst von\" \/>\n\t<meta name=\"twitter:data1\" content=\"julian.schmid@krafthand.de\" \/>\n\t<meta name=\"twitter:label2\" content=\"Gesch\u00e4tzte Lesezeit\" \/>\n\t<meta name=\"twitter:data2\" content=\"1\u00a0Minute\" \/>\n<script type=\"application\/ld+json\" class=\"yoast-schema-graph\">{\"@context\":\"https:\\\/\\\/schema.org\",\"@graph\":[{\"@type\":\"Article\",\"@id\":\"https:\\\/\\\/www.krafthand.de\\\/truck\\\/artikel\\\/digital-und-mobil-in-der-werkstatt-arbeiten-25857\\\/#article\",\"isPartOf\":{\"@id\":\"https:\\\/\\\/www.krafthand.de\\\/truck\\\/artikel\\\/digital-und-mobil-in-der-werkstatt-arbeiten-25857\\\/\"},\"author\":{\"name\":\"julian.schmid@krafthand.de\",\"@id\":\"https:\\\/\\\/www.krafthand.de\\\/truck\\\/#\\\/schema\\\/person\\\/23aebc1e5e3f0204da7158bce36950bb\"},\"headline\":\"Digital und mobil in der Werkstatt arbeiten\",\"datePublished\":\"2020-09-01T05:00:56+00:00\",\"dateModified\":\"2021-03-16T09:22:13+00:00\",\"mainEntityOfPage\":{\"@id\":\"https:\\\/\\\/www.krafthand.de\\\/truck\\\/artikel\\\/digital-und-mobil-in-der-werkstatt-arbeiten-25857\\\/\"},\"wordCount\":248,\"image\":{\"@id\":\"https:\\\/\\\/www.krafthand.de\\\/truck\\\/artikel\\\/digital-und-mobil-in-der-werkstatt-arbeiten-25857\\\/#primaryimage\"},\"thumbnailUrl\":\"https:\\\/\\\/static.krafthand-truck.de\\\/uploads\\\/2020\\\/08\\\/02_20_037-e1597138411502.jpg\",\"keywords\":[\"Werbas\",\"Werbas blue\",\"Werbas Nfz\"],\"articleSection\":[\"Werkstatt-IT\"],\"inLanguage\":\"de\"},{\"@type\":\"WebPage\",\"@id\":\"https:\\\/\\\/www.krafthand.de\\\/truck\\\/artikel\\\/digital-und-mobil-in-der-werkstatt-arbeiten-25857\\\/\",\"url\":\"https:\\\/\\\/www.krafthand.de\\\/truck\\\/artikel\\\/digital-und-mobil-in-der-werkstatt-arbeiten-25857\\\/\",\"name\":\"Digital und mobil in der Werkstatt arbeiten - Krafthand-Truck\",\"isPartOf\":{\"@id\":\"https:\\\/\\\/www.krafthand.de\\\/truck\\\/#website\"},\"primaryImageOfPage\":{\"@id\":\"https:\\\/\\\/www.krafthand.de\\\/truck\\\/artikel\\\/digital-und-mobil-in-der-werkstatt-arbeiten-25857\\\/#primaryimage\"},\"image\":{\"@id\":\"https:\\\/\\\/www.krafthand.de\\\/truck\\\/artikel\\\/digital-und-mobil-in-der-werkstatt-arbeiten-25857\\\/#primaryimage\"},\"thumbnailUrl\":\"https:\\\/\\\/static.krafthand-truck.de\\\/uploads\\\/2020\\\/08\\\/02_20_037-e1597138411502.jpg\",\"datePublished\":\"2020-09-01T05:00:56+00:00\",\"dateModified\":\"2021-03-16T09:22:13+00:00\",\"author\":{\"@id\":\"https:\\\/\\\/www.krafthand.de\\\/truck\\\/#\\\/schema\\\/person\\\/23aebc1e5e3f0204da7158bce36950bb\"},\"breadcrumb\":{\"@id\":\"https:\\\/\\\/www.krafthand.de\\\/truck\\\/artikel\\\/digital-und-mobil-in-der-werkstatt-arbeiten-25857\\\/#breadcrumb\"},\"inLanguage\":\"de\",\"potentialAction\":[{\"@type\":\"ReadAction\",\"target\":[\"https:\\\/\\\/www.krafthand.de\\\/truck\\\/artikel\\\/digital-und-mobil-in-der-werkstatt-arbeiten-25857\\\/\"]}]},{\"@type\":\"ImageObject\",\"inLanguage\":\"de\",\"@id\":\"https:\\\/\\\/www.krafthand.de\\\/truck\\\/artikel\\\/digital-und-mobil-in-der-werkstatt-arbeiten-25857\\\/#primaryimage\",\"url\":\"https:\\\/\\\/static.krafthand-truck.de\\\/uploads\\\/2020\\\/08\\\/02_20_037-e1597138411502.jpg\",\"contentUrl\":\"https:\\\/\\\/static.krafthand-truck.de\\\/uploads\\\/2020\\\/08\\\/02_20_037-e1597138411502.jpg\",\"width\":855,\"height\":695,\"caption\":\"Ab sofort steht Pkw- und Nutzfahrzeug-Werkst\u00e4tten, welche die Werkstatt-Management-Software \u201aWerbas\u2018 nutzen, das webbasierte Werkstatt-Modul \u201aWerbas blue\u2018 automatisch in den verschiedenen Anwendungen zur Verf\u00fcgung. Bild: Werbas\"},{\"@type\":\"BreadcrumbList\",\"@id\":\"https:\\\/\\\/www.krafthand.de\\\/truck\\\/artikel\\\/digital-und-mobil-in-der-werkstatt-arbeiten-25857\\\/#breadcrumb\",\"itemListElement\":[{\"@type\":\"ListItem\",\"position\":1,\"name\":\"Krafthand-Truck\",\"item\":\"https:\\\/\\\/www.krafthand.de\\\/truck\\\/\"},{\"@type\":\"ListItem\",\"position\":2,\"name\":\"IT+Fuhrpark\",\"item\":\"https:\\\/\\\/www.krafthand.de\\\/truck\\\/kategorie\\\/fuhrpark\\\/\"},{\"@type\":\"ListItem\",\"position\":3,\"name\":\"Werkstatt-IT\",\"item\":\"https:\\\/\\\/www.krafthand.de\\\/truck\\\/kategorie\\\/fuhrpark\\\/werkstatt-it\\\/\"},{\"@type\":\"ListItem\",\"position\":4,\"name\":\"Digital und mobil in der Werkstatt arbeiten\"}]},{\"@type\":\"WebSite\",\"@id\":\"https:\\\/\\\/www.krafthand.de\\\/truck\\\/#website\",\"url\":\"https:\\\/\\\/www.krafthand.de\\\/truck\\\/\",\"name\":\"Krafthand-Truck\",\"description\":\"\",\"potentialAction\":[{\"@type\":\"SearchAction\",\"target\":{\"@type\":\"EntryPoint\",\"urlTemplate\":\"https:\\\/\\\/www.krafthand.de\\\/truck\\\/?s={search_term_string}\"},\"query-input\":{\"@type\":\"PropertyValueSpecification\",\"valueRequired\":true,\"valueName\":\"search_term_string\"}}],\"inLanguage\":\"de\"},{\"@type\":\"Person\",\"@id\":\"https:\\\/\\\/www.krafthand.de\\\/truck\\\/#\\\/schema\\\/person\\\/23aebc1e5e3f0204da7158bce36950bb\",\"name\":\"julian.schmid@krafthand.de\",\"image\":{\"@type\":\"ImageObject\",\"inLanguage\":\"de\",\"@id\":\"https:\\\/\\\/secure.gravatar.com\\\/avatar\\\/ef76c2910cab8eb23fcc013e1c6dc1ba4af5e93fea6e6132d7c4e67d4e9631e9?s=96&d=mm&r=g\",\"url\":\"https:\\\/\\\/secure.gravatar.com\\\/avatar\\\/ef76c2910cab8eb23fcc013e1c6dc1ba4af5e93fea6e6132d7c4e67d4e9631e9?s=96&d=mm&r=g\",\"contentUrl\":\"https:\\\/\\\/secure.gravatar.com\\\/avatar\\\/ef76c2910cab8eb23fcc013e1c6dc1ba4af5e93fea6e6132d7c4e67d4e9631e9?s=96&d=mm&r=g\",\"caption\":\"julian.schmid@krafthand.de\"}}]}<\/script>\n<!-- \/ Yoast SEO plugin. -->","yoast_head_json":{"title":"Digital und mobil in der Werkstatt arbeiten - Krafthand-Truck","robots":{"index":"index","follow":"follow","max-snippet":"max-snippet:-1","max-image-preview":"max-image-preview:large","max-video-preview":"max-video-preview:-1"},"canonical":"https:\/\/www.krafthand.de\/truck\/artikel\/digital-und-mobil-in-der-werkstatt-arbeiten-25857\/","og_locale":"de_DE","og_type":"article","og_title":"Digital und mobil in der Werkstatt arbeiten - Krafthand-Truck","og_description":"Ab sofort k\u00f6nnen Betreiber von Pkw- und Nutzfahrzeug-Werkst\u00e4tten \u201aWerbas blue\u2018 aus \u201aWerbas Pkw\u2018 beziehungsweise \u201aWerbas Nfz\u2018 heraus nutzen. ... weiter","og_url":"https:\/\/www.krafthand-truck.de\/artikel\/digital-und-mobil-in-der-werkstatt-arbeiten-25857\/","og_site_name":"Krafthand-Truck","article_published_time":"2020-09-01T05:00:56+00:00","article_modified_time":"2021-03-16T09:22:13+00:00","og_image":[{"width":855,"height":695,"url":"https:\/\/www.krafthand.de\/truck\/wp-content\/uploads\/2020\/08\/02_20_037-e1597138411502.jpg","type":"image\/jpeg"}],"author":"julian.schmid@krafthand.de","twitter_card":"summary_large_image","twitter_misc":{"Verfasst von":"julian.schmid@krafthand.de","Gesch\u00e4tzte Lesezeit":"1\u00a0Minute"},"schema":{"@context":"https:\/\/schema.org","@graph":[{"@type":"Article","@id":"https:\/\/www.krafthand.de\/truck\/artikel\/digital-und-mobil-in-der-werkstatt-arbeiten-25857\/#article","isPartOf":{"@id":"https:\/\/www.krafthand.de\/truck\/artikel\/digital-und-mobil-in-der-werkstatt-arbeiten-25857\/"},"author":{"name":"julian.schmid@krafthand.de","@id":"https:\/\/www.krafthand.de\/truck\/#\/schema\/person\/23aebc1e5e3f0204da7158bce36950bb"},"headline":"Digital und mobil in der Werkstatt arbeiten","datePublished":"2020-09-01T05:00:56+00:00","dateModified":"2021-03-16T09:22:13+00:00","mainEntityOfPage":{"@id":"https:\/\/www.krafthand.de\/truck\/artikel\/digital-und-mobil-in-der-werkstatt-arbeiten-25857\/"},"wordCount":248,"image":{"@id":"https:\/\/www.krafthand.de\/truck\/artikel\/digital-und-mobil-in-der-werkstatt-arbeiten-25857\/#primaryimage"},"thumbnailUrl":"https:\/\/static.krafthand-truck.de\/uploads\/2020\/08\/02_20_037-e1597138411502.jpg","keywords":["Werbas","Werbas blue","Werbas Nfz"],"articleSection":["Werkstatt-IT"],"inLanguage":"de"},{"@type":"WebPage","@id":"https:\/\/www.krafthand.de\/truck\/artikel\/digital-und-mobil-in-der-werkstatt-arbeiten-25857\/","url":"https:\/\/www.krafthand.de\/truck\/artikel\/digital-und-mobil-in-der-werkstatt-arbeiten-25857\/","name":"Digital und mobil in der Werkstatt arbeiten - Krafthand-Truck","isPartOf":{"@id":"https:\/\/www.krafthand.de\/truck\/#website"},"primaryImageOfPage":{"@id":"https:\/\/www.krafthand.de\/truck\/artikel\/digital-und-mobil-in-der-werkstatt-arbeiten-25857\/#primaryimage"},"image":{"@id":"https:\/\/www.krafthand.de\/truck\/artikel\/digital-und-mobil-in-der-werkstatt-arbeiten-25857\/#primaryimage"},"thumbnailUrl":"https:\/\/static.krafthand-truck.de\/uploads\/2020\/08\/02_20_037-e1597138411502.jpg","datePublished":"2020-09-01T05:00:56+00:00","dateModified":"2021-03-16T09:22:13+00:00","author":{"@id":"https:\/\/www.krafthand.de\/truck\/#\/schema\/person\/23aebc1e5e3f0204da7158bce36950bb"},"breadcrumb":{"@id":"https:\/\/www.krafthand.de\/truck\/artikel\/digital-und-mobil-in-der-werkstatt-arbeiten-25857\/#breadcrumb"},"inLanguage":"de","potentialAction":[{"@type":"ReadAction","target":["https:\/\/www.krafthand.de\/truck\/artikel\/digital-und-mobil-in-der-werkstatt-arbeiten-25857\/"]}]},{"@type":"ImageObject","inLanguage":"de","@id":"https:\/\/www.krafthand.de\/truck\/artikel\/digital-und-mobil-in-der-werkstatt-arbeiten-25857\/#primaryimage","url":"https:\/\/static.krafthand-truck.de\/uploads\/2020\/08\/02_20_037-e1597138411502.jpg","contentUrl":"https:\/\/static.krafthand-truck.de\/uploads\/2020\/08\/02_20_037-e1597138411502.jpg","width":855,"height":695,"caption":"Ab sofort steht Pkw- und Nutzfahrzeug-Werkst\u00e4tten, welche die Werkstatt-Management-Software \u201aWerbas\u2018 nutzen, das webbasierte Werkstatt-Modul \u201aWerbas blue\u2018 automatisch in den verschiedenen Anwendungen zur Verf\u00fcgung. Bild: Werbas"},{"@type":"BreadcrumbList","@id":"https:\/\/www.krafthand.de\/truck\/artikel\/digital-und-mobil-in-der-werkstatt-arbeiten-25857\/#breadcrumb","itemListElement":[{"@type":"ListItem","position":1,"name":"Krafthand-Truck","item":"https:\/\/www.krafthand.de\/truck\/"},{"@type":"ListItem","position":2,"name":"IT+Fuhrpark","item":"https:\/\/www.krafthand.de\/truck\/kategorie\/fuhrpark\/"},{"@type":"ListItem","position":3,"name":"Werkstatt-IT","item":"https:\/\/www.krafthand.de\/truck\/kategorie\/fuhrpark\/werkstatt-it\/"},{"@type":"ListItem","position":4,"name":"Digital und mobil in der Werkstatt arbeiten"}]},{"@type":"WebSite","@id":"https:\/\/www.krafthand.de\/truck\/#website","url":"https:\/\/www.krafthand.de\/truck\/","name":"Krafthand-Truck","description":"","potentialAction":[{"@type":"SearchAction","target":{"@type":"EntryPoint","urlTemplate":"https:\/\/www.krafthand.de\/truck\/?s={search_term_string}"},"query-input":{"@type":"PropertyValueSpecification","valueRequired":true,"valueName":"search_term_string"}}],"inLanguage":"de"},{"@type":"Person","@id":"https:\/\/www.krafthand.de\/truck\/#\/schema\/person\/23aebc1e5e3f0204da7158bce36950bb","name":"julian.schmid@krafthand.de","image":{"@type":"ImageObject","inLanguage":"de","@id":"https:\/\/secure.gravatar.com\/avatar\/ef76c2910cab8eb23fcc013e1c6dc1ba4af5e93fea6e6132d7c4e67d4e9631e9?s=96&d=mm&r=g","url":"https:\/\/secure.gravatar.com\/avatar\/ef76c2910cab8eb23fcc013e1c6dc1ba4af5e93fea6e6132d7c4e67d4e9631e9?s=96&d=mm&r=g","contentUrl":"https:\/\/secure.gravatar.com\/avatar\/ef76c2910cab8eb23fcc013e1c6dc1ba4af5e93fea6e6132d7c4e67d4e9631e9?s=96&d=mm&r=g","caption":"julian.schmid@krafthand.de"}}]}},"_links":{"self":[{"href":"https:\/\/www.krafthand.de\/truck\/wp-json\/wp\/v2\/posts\/25857","targetHints":{"allow":["GET"]}}],"collection":[{"href":"https:\/\/www.krafthand.de\/truck\/wp-json\/wp\/v2\/posts"}],"about":[{"href":"https:\/\/www.krafthand.de\/truck\/wp-json\/wp\/v2\/types\/post"}],"author":[{"embeddable":true,"href":"https:\/\/www.krafthand.de\/truck\/wp-json\/wp\/v2\/users\/7"}],"replies":[{"embeddable":true,"href":"https:\/\/www.krafthand.de\/truck\/wp-json\/wp\/v2\/comments?post=25857"}],"version-history":[{"count":1,"href":"https:\/\/www.krafthand.de\/truck\/wp-json\/wp\/v2\/posts\/25857\/revisions"}],"predecessor-version":[{"id":25859,"href":"https:\/\/www.krafthand.de\/truck\/wp-json\/wp\/v2\/posts\/25857\/revisions\/25859"}],"wp:featuredmedia":[{"embeddable":true,"href":"https:\/\/www.krafthand.de\/truck\/wp-json\/wp\/v2\/media\/25858"}],"wp:attachment":[{"href":"https:\/\/www.krafthand.de\/truck\/wp-json\/wp\/v2\/media?parent=25857"}],"wp:term":[{"taxonomy":"category","embeddable":true,"href":"https:\/\/www.krafthand.de\/truck\/wp-json\/wp\/v2\/categories?post=25857"},{"taxonomy":"post_tag","embeddable":true,"href":"https:\/\/www.krafthand.de\/truck\/wp-json\/wp\/v2\/tags?post=25857"},{"taxonomy":"settings","embeddable":true,"href":"https:\/\/www.krafthand.de\/truck\/wp-json\/wp\/v2\/settings?post=25857"}],"curies":[{"name":"wp","href":"https:\/\/api.w.org\/{rel}","templated":true}]}}