{"id":25803,"date":"2020-08-07T07:00:36","date_gmt":"2020-08-07T05:00:36","guid":{"rendered":"https:\/\/www.krafthand.de\/truck\/?p=25803"},"modified":"2021-03-30T07:51:27","modified_gmt":"2021-03-30T05:51:27","slug":"elektrisch-aufgeladen","status":"publish","type":"post","link":"https:\/\/www.krafthand.de\/truck\/artikel\/elektrisch-aufgeladen-25803\/","title":{"rendered":"Elektrisch aufgeladen"},"content":{"rendered":"<p>Nicht zuletzt, um die immer sch\u00e4rferen Abgasgesetzte einhalten zu k\u00f6nnen, elektrifizieren Nutzfahrzeughersteller vermehrt bislang klassische mechanische Komponenten, beispielsweise den Turbolader. Zulieferer Borg Warner hat in diesem Zuge den \u201aeTurbo\u2018 entwickelt, einen elektrisch unterst\u00fctzten Turbolader, dessen Besonderheit sein integrierter Elektromotor ist. Mit des-sen Hilfe l\u00e4sst sich entweder die Verdichterleistung erh\u00f6hen, oder aber elektrische Energie aus dem Abgasstrom erzeugen, um die Traktionsbatterie des Nutzfahrzeugs zu laden, was wiederum den Generator entlastet und so die Energiebilanz des Motors verbessert.<\/p>\n<p>\u201eIm Ergebnis reduziert der \u201aeTurbo\u2018 den Kraftstoffverbrauch und damit den Emissionsaussto\u00df\u2018, versprechen die Entwickler von Borg Warner. Eine intelligente Steuerung erlaube zudem eine Abgastemperaturregelung, um das Abgasnachbehandlungssystem zu unterst\u00fctzen und so den Schadstoffaussto\u00df zu optimieren. Die Entwickler empfehlen ihren \u201aeTurbo\u2018 f\u00fcr gro\u00dfe, mittlere und kleine Nutzfahrzeugmotoren gleicherma\u00dfen. Demnach ist der \u201aeTurbo\u2018 sowohl f\u00fcr 48-Volt-Bordnetze als auch f\u00fcr Hochspannungssysteme mit bis zu 800 Volt erh\u00e4ltlich und soll dank seines hocheffizienten Permanentmagnetmotors bis zu 24 kW konstante Leistung und bis zu 34 kW Spitzenleistung erzeugen k\u00f6nnen. Dar\u00fcber hinaus soll der elektrifizierte Lader ein signifikantes Downspeeding beziehungsweise Downsizing ohne Leistungsverluste zulassen: er hebt die Drehmomentkurve im unteren Drehzahlbereich deutlich an, um ein bestm\u00f6gliches Ansprechverhalten ohne Turboloch zu generieren.<\/p>\n<p><i>Den Beitrag finden Sie auch in der Print-Ausgabe 6\/20 der <a href=\"https:\/\/www.krafthand.de\/truck\/magazin\/\" title=\"Zum Magazin\">Krafthand-Truck<\/a>.<\/i><\/p>","protected":false},"excerpt":{"rendered":"<p>\u201eIm Ergebnis reduziert der \u201aeTurbo\u2018 den Kraftstoffverbrauch und damit den Emissionsaussto\u00df\u2018, versprechen die Entwickler von Borg Warner. <span class=\"excerpt-more__dots\">&#8230;<\/span> <a class=\"excerpt-more__link\" href=\"https:\/\/www.krafthand.de\/truck\/artikel\/elektrisch-aufgeladen-25803\/\" >weiter<\/a><\/p>\n","protected":false},"author":7,"featured_media":25804,"comment_status":"closed","ping_status":"closed","sticky":false,"template":"","format":"standard","meta":{"footnotes":""},"categories":[4223],"tags":[370,3970,3015,367],"settings":[],"class_list":["post-25803","post","type-post","status-publish","format-standard","has-post-thumbnail","hentry","category-antrieb","tag-borg-warner","tag-downsizing","tag-eturbo","tag-turbolader"],"yoast_head":"<!-- This site is optimized with the Yoast SEO plugin v27.3 - https:\/\/yoast.com\/product\/yoast-seo-wordpress\/ -->\n<title>Elektrisch aufgeladen - Krafthand-Truck<\/title>\n<meta name=\"robots\" content=\"index, follow, max-snippet:-1, max-image-preview:large, max-video-preview:-1\" \/>\n<link rel=\"canonical\" href=\"https:\/\/www.krafthand.de\/truck\/artikel\/elektrisch-aufgeladen-25803\/\" \/>\n<meta property=\"og:locale\" content=\"de_DE\" \/>\n<meta property=\"og:type\" content=\"article\" \/>\n<meta property=\"og:title\" content=\"Elektrisch aufgeladen - Krafthand-Truck\" \/>\n<meta property=\"og:description\" content=\"\u201eIm Ergebnis reduziert der \u201aeTurbo\u2018 den Kraftstoffverbrauch und damit den Emissionsaussto\u00df\u2018, versprechen die Entwickler von Borg Warner. ... weiter\" \/>\n<meta property=\"og:url\" content=\"https:\/\/www.krafthand-truck.de\/artikel\/elektrisch-aufgeladen-25803\/\" \/>\n<meta property=\"og:site_name\" content=\"Krafthand-Truck\" \/>\n<meta property=\"article:published_time\" content=\"2020-08-07T05:00:36+00:00\" \/>\n<meta property=\"article:modified_time\" content=\"2021-03-30T05:51:27+00:00\" \/>\n<meta property=\"og:image\" content=\"https:\/\/www.krafthand.de\/truck\/wp-content\/uploads\/2020\/07\/02_20_002.jpg\" \/>\n\t<meta property=\"og:image:width\" content=\"1000\" \/>\n\t<meta property=\"og:image:height\" content=\"699\" \/>\n\t<meta property=\"og:image:type\" content=\"image\/jpeg\" \/>\n<meta name=\"author\" content=\"julian.schmid@krafthand.de\" \/>\n<meta name=\"twitter:card\" content=\"summary_large_image\" \/>\n<meta name=\"twitter:label1\" content=\"Verfasst von\" \/>\n\t<meta name=\"twitter:data1\" content=\"julian.schmid@krafthand.de\" \/>\n\t<meta name=\"twitter:label2\" content=\"Gesch\u00e4tzte Lesezeit\" \/>\n\t<meta name=\"twitter:data2\" content=\"1\u00a0Minute\" \/>\n<script type=\"application\/ld+json\" class=\"yoast-schema-graph\">{\"@context\":\"https:\\\/\\\/schema.org\",\"@graph\":[{\"@type\":\"Article\",\"@id\":\"https:\\\/\\\/www.krafthand.de\\\/truck\\\/artikel\\\/elektrisch-aufgeladen-25803\\\/#article\",\"isPartOf\":{\"@id\":\"https:\\\/\\\/www.krafthand.de\\\/truck\\\/artikel\\\/elektrisch-aufgeladen-25803\\\/\"},\"author\":{\"name\":\"julian.schmid@krafthand.de\",\"@id\":\"https:\\\/\\\/www.krafthand.de\\\/truck\\\/#\\\/schema\\\/person\\\/23aebc1e5e3f0204da7158bce36950bb\"},\"headline\":\"Elektrisch aufgeladen\",\"datePublished\":\"2020-08-07T05:00:36+00:00\",\"dateModified\":\"2021-03-30T05:51:27+00:00\",\"mainEntityOfPage\":{\"@id\":\"https:\\\/\\\/www.krafthand.de\\\/truck\\\/artikel\\\/elektrisch-aufgeladen-25803\\\/\"},\"wordCount\":205,\"image\":{\"@id\":\"https:\\\/\\\/www.krafthand.de\\\/truck\\\/artikel\\\/elektrisch-aufgeladen-25803\\\/#primaryimage\"},\"thumbnailUrl\":\"https:\\\/\\\/static.krafthand-truck.de\\\/uploads\\\/2020\\\/07\\\/02_20_002.jpg\",\"keywords\":[\"Borg-Warner\",\"Downsizing\",\"eTurbo\",\"Turbolader\"],\"articleSection\":[\"Antrieb (Motor\\\/Getriebe)\"],\"inLanguage\":\"de\"},{\"@type\":\"WebPage\",\"@id\":\"https:\\\/\\\/www.krafthand.de\\\/truck\\\/artikel\\\/elektrisch-aufgeladen-25803\\\/\",\"url\":\"https:\\\/\\\/www.krafthand.de\\\/truck\\\/artikel\\\/elektrisch-aufgeladen-25803\\\/\",\"name\":\"Elektrisch aufgeladen - Krafthand-Truck\",\"isPartOf\":{\"@id\":\"https:\\\/\\\/www.krafthand.de\\\/truck\\\/#website\"},\"primaryImageOfPage\":{\"@id\":\"https:\\\/\\\/www.krafthand.de\\\/truck\\\/artikel\\\/elektrisch-aufgeladen-25803\\\/#primaryimage\"},\"image\":{\"@id\":\"https:\\\/\\\/www.krafthand.de\\\/truck\\\/artikel\\\/elektrisch-aufgeladen-25803\\\/#primaryimage\"},\"thumbnailUrl\":\"https:\\\/\\\/static.krafthand-truck.de\\\/uploads\\\/2020\\\/07\\\/02_20_002.jpg\",\"datePublished\":\"2020-08-07T05:00:36+00:00\",\"dateModified\":\"2021-03-30T05:51:27+00:00\",\"author\":{\"@id\":\"https:\\\/\\\/www.krafthand.de\\\/truck\\\/#\\\/schema\\\/person\\\/23aebc1e5e3f0204da7158bce36950bb\"},\"breadcrumb\":{\"@id\":\"https:\\\/\\\/www.krafthand.de\\\/truck\\\/artikel\\\/elektrisch-aufgeladen-25803\\\/#breadcrumb\"},\"inLanguage\":\"de\",\"potentialAction\":[{\"@type\":\"ReadAction\",\"target\":[\"https:\\\/\\\/www.krafthand.de\\\/truck\\\/artikel\\\/elektrisch-aufgeladen-25803\\\/\"]}]},{\"@type\":\"ImageObject\",\"inLanguage\":\"de\",\"@id\":\"https:\\\/\\\/www.krafthand.de\\\/truck\\\/artikel\\\/elektrisch-aufgeladen-25803\\\/#primaryimage\",\"url\":\"https:\\\/\\\/static.krafthand-truck.de\\\/uploads\\\/2020\\\/07\\\/02_20_002.jpg\",\"contentUrl\":\"https:\\\/\\\/static.krafthand-truck.de\\\/uploads\\\/2020\\\/07\\\/02_20_002.jpg\",\"width\":1000,\"height\":699,\"caption\":\"Der \u201aeTurbo\u2018 von Borg Warner ist ein Turbolader mit integriertem Elektromotor, der als Antrieb und Generator gleicherma\u00dfen dient. Bei niedrigen Drehzahlen unterst\u00fctzt er den schnellen Ladedruckaufbau und verbessert so das Ansprechverhalten. Bei abgeschaltetem Elektromotor kann der \u201aeTurbo\u2018 mit der Generator-Funktion elektrische Energie aus dem Abgasstrom erzeugen und die Traktionsbatterie laden. Bild: Borg Warner.\"},{\"@type\":\"BreadcrumbList\",\"@id\":\"https:\\\/\\\/www.krafthand.de\\\/truck\\\/artikel\\\/elektrisch-aufgeladen-25803\\\/#breadcrumb\",\"itemListElement\":[{\"@type\":\"ListItem\",\"position\":1,\"name\":\"Krafthand-Truck\",\"item\":\"https:\\\/\\\/www.krafthand.de\\\/truck\\\/\"},{\"@type\":\"ListItem\",\"position\":2,\"name\":\"Nfz-Technik\",\"item\":\"https:\\\/\\\/www.krafthand.de\\\/truck\\\/kategorie\\\/nfz-technik\\\/\"},{\"@type\":\"ListItem\",\"position\":3,\"name\":\"Antrieb (Motor\\\/Getriebe)\",\"item\":\"https:\\\/\\\/www.krafthand.de\\\/truck\\\/kategorie\\\/nfz-technik\\\/antrieb\\\/\"},{\"@type\":\"ListItem\",\"position\":4,\"name\":\"Elektrisch aufgeladen\"}]},{\"@type\":\"WebSite\",\"@id\":\"https:\\\/\\\/www.krafthand.de\\\/truck\\\/#website\",\"url\":\"https:\\\/\\\/www.krafthand.de\\\/truck\\\/\",\"name\":\"Krafthand-Truck\",\"description\":\"\",\"potentialAction\":[{\"@type\":\"SearchAction\",\"target\":{\"@type\":\"EntryPoint\",\"urlTemplate\":\"https:\\\/\\\/www.krafthand.de\\\/truck\\\/?s={search_term_string}\"},\"query-input\":{\"@type\":\"PropertyValueSpecification\",\"valueRequired\":true,\"valueName\":\"search_term_string\"}}],\"inLanguage\":\"de\"},{\"@type\":\"Person\",\"@id\":\"https:\\\/\\\/www.krafthand.de\\\/truck\\\/#\\\/schema\\\/person\\\/23aebc1e5e3f0204da7158bce36950bb\",\"name\":\"julian.schmid@krafthand.de\",\"image\":{\"@type\":\"ImageObject\",\"inLanguage\":\"de\",\"@id\":\"https:\\\/\\\/secure.gravatar.com\\\/avatar\\\/ef76c2910cab8eb23fcc013e1c6dc1ba4af5e93fea6e6132d7c4e67d4e9631e9?s=96&d=mm&r=g\",\"url\":\"https:\\\/\\\/secure.gravatar.com\\\/avatar\\\/ef76c2910cab8eb23fcc013e1c6dc1ba4af5e93fea6e6132d7c4e67d4e9631e9?s=96&d=mm&r=g\",\"contentUrl\":\"https:\\\/\\\/secure.gravatar.com\\\/avatar\\\/ef76c2910cab8eb23fcc013e1c6dc1ba4af5e93fea6e6132d7c4e67d4e9631e9?s=96&d=mm&r=g\",\"caption\":\"julian.schmid@krafthand.de\"}}]}<\/script>\n<!-- \/ Yoast SEO plugin. -->","yoast_head_json":{"title":"Elektrisch aufgeladen - Krafthand-Truck","robots":{"index":"index","follow":"follow","max-snippet":"max-snippet:-1","max-image-preview":"max-image-preview:large","max-video-preview":"max-video-preview:-1"},"canonical":"https:\/\/www.krafthand.de\/truck\/artikel\/elektrisch-aufgeladen-25803\/","og_locale":"de_DE","og_type":"article","og_title":"Elektrisch aufgeladen - Krafthand-Truck","og_description":"\u201eIm Ergebnis reduziert der \u201aeTurbo\u2018 den Kraftstoffverbrauch und damit den Emissionsaussto\u00df\u2018, versprechen die Entwickler von Borg Warner. ... weiter","og_url":"https:\/\/www.krafthand-truck.de\/artikel\/elektrisch-aufgeladen-25803\/","og_site_name":"Krafthand-Truck","article_published_time":"2020-08-07T05:00:36+00:00","article_modified_time":"2021-03-30T05:51:27+00:00","og_image":[{"width":1000,"height":699,"url":"https:\/\/www.krafthand.de\/truck\/wp-content\/uploads\/2020\/07\/02_20_002.jpg","type":"image\/jpeg"}],"author":"julian.schmid@krafthand.de","twitter_card":"summary_large_image","twitter_misc":{"Verfasst von":"julian.schmid@krafthand.de","Gesch\u00e4tzte Lesezeit":"1\u00a0Minute"},"schema":{"@context":"https:\/\/schema.org","@graph":[{"@type":"Article","@id":"https:\/\/www.krafthand.de\/truck\/artikel\/elektrisch-aufgeladen-25803\/#article","isPartOf":{"@id":"https:\/\/www.krafthand.de\/truck\/artikel\/elektrisch-aufgeladen-25803\/"},"author":{"name":"julian.schmid@krafthand.de","@id":"https:\/\/www.krafthand.de\/truck\/#\/schema\/person\/23aebc1e5e3f0204da7158bce36950bb"},"headline":"Elektrisch aufgeladen","datePublished":"2020-08-07T05:00:36+00:00","dateModified":"2021-03-30T05:51:27+00:00","mainEntityOfPage":{"@id":"https:\/\/www.krafthand.de\/truck\/artikel\/elektrisch-aufgeladen-25803\/"},"wordCount":205,"image":{"@id":"https:\/\/www.krafthand.de\/truck\/artikel\/elektrisch-aufgeladen-25803\/#primaryimage"},"thumbnailUrl":"https:\/\/static.krafthand-truck.de\/uploads\/2020\/07\/02_20_002.jpg","keywords":["Borg-Warner","Downsizing","eTurbo","Turbolader"],"articleSection":["Antrieb (Motor\/Getriebe)"],"inLanguage":"de"},{"@type":"WebPage","@id":"https:\/\/www.krafthand.de\/truck\/artikel\/elektrisch-aufgeladen-25803\/","url":"https:\/\/www.krafthand.de\/truck\/artikel\/elektrisch-aufgeladen-25803\/","name":"Elektrisch aufgeladen - Krafthand-Truck","isPartOf":{"@id":"https:\/\/www.krafthand.de\/truck\/#website"},"primaryImageOfPage":{"@id":"https:\/\/www.krafthand.de\/truck\/artikel\/elektrisch-aufgeladen-25803\/#primaryimage"},"image":{"@id":"https:\/\/www.krafthand.de\/truck\/artikel\/elektrisch-aufgeladen-25803\/#primaryimage"},"thumbnailUrl":"https:\/\/static.krafthand-truck.de\/uploads\/2020\/07\/02_20_002.jpg","datePublished":"2020-08-07T05:00:36+00:00","dateModified":"2021-03-30T05:51:27+00:00","author":{"@id":"https:\/\/www.krafthand.de\/truck\/#\/schema\/person\/23aebc1e5e3f0204da7158bce36950bb"},"breadcrumb":{"@id":"https:\/\/www.krafthand.de\/truck\/artikel\/elektrisch-aufgeladen-25803\/#breadcrumb"},"inLanguage":"de","potentialAction":[{"@type":"ReadAction","target":["https:\/\/www.krafthand.de\/truck\/artikel\/elektrisch-aufgeladen-25803\/"]}]},{"@type":"ImageObject","inLanguage":"de","@id":"https:\/\/www.krafthand.de\/truck\/artikel\/elektrisch-aufgeladen-25803\/#primaryimage","url":"https:\/\/static.krafthand-truck.de\/uploads\/2020\/07\/02_20_002.jpg","contentUrl":"https:\/\/static.krafthand-truck.de\/uploads\/2020\/07\/02_20_002.jpg","width":1000,"height":699,"caption":"Der \u201aeTurbo\u2018 von Borg Warner ist ein Turbolader mit integriertem Elektromotor, der als Antrieb und Generator gleicherma\u00dfen dient. Bei niedrigen Drehzahlen unterst\u00fctzt er den schnellen Ladedruckaufbau und verbessert so das Ansprechverhalten. Bei abgeschaltetem Elektromotor kann der \u201aeTurbo\u2018 mit der Generator-Funktion elektrische Energie aus dem Abgasstrom erzeugen und die Traktionsbatterie laden. Bild: Borg Warner."},{"@type":"BreadcrumbList","@id":"https:\/\/www.krafthand.de\/truck\/artikel\/elektrisch-aufgeladen-25803\/#breadcrumb","itemListElement":[{"@type":"ListItem","position":1,"name":"Krafthand-Truck","item":"https:\/\/www.krafthand.de\/truck\/"},{"@type":"ListItem","position":2,"name":"Nfz-Technik","item":"https:\/\/www.krafthand.de\/truck\/kategorie\/nfz-technik\/"},{"@type":"ListItem","position":3,"name":"Antrieb (Motor\/Getriebe)","item":"https:\/\/www.krafthand.de\/truck\/kategorie\/nfz-technik\/antrieb\/"},{"@type":"ListItem","position":4,"name":"Elektrisch aufgeladen"}]},{"@type":"WebSite","@id":"https:\/\/www.krafthand.de\/truck\/#website","url":"https:\/\/www.krafthand.de\/truck\/","name":"Krafthand-Truck","description":"","potentialAction":[{"@type":"SearchAction","target":{"@type":"EntryPoint","urlTemplate":"https:\/\/www.krafthand.de\/truck\/?s={search_term_string}"},"query-input":{"@type":"PropertyValueSpecification","valueRequired":true,"valueName":"search_term_string"}}],"inLanguage":"de"},{"@type":"Person","@id":"https:\/\/www.krafthand.de\/truck\/#\/schema\/person\/23aebc1e5e3f0204da7158bce36950bb","name":"julian.schmid@krafthand.de","image":{"@type":"ImageObject","inLanguage":"de","@id":"https:\/\/secure.gravatar.com\/avatar\/ef76c2910cab8eb23fcc013e1c6dc1ba4af5e93fea6e6132d7c4e67d4e9631e9?s=96&d=mm&r=g","url":"https:\/\/secure.gravatar.com\/avatar\/ef76c2910cab8eb23fcc013e1c6dc1ba4af5e93fea6e6132d7c4e67d4e9631e9?s=96&d=mm&r=g","contentUrl":"https:\/\/secure.gravatar.com\/avatar\/ef76c2910cab8eb23fcc013e1c6dc1ba4af5e93fea6e6132d7c4e67d4e9631e9?s=96&d=mm&r=g","caption":"julian.schmid@krafthand.de"}}]}},"_links":{"self":[{"href":"https:\/\/www.krafthand.de\/truck\/wp-json\/wp\/v2\/posts\/25803","targetHints":{"allow":["GET"]}}],"collection":[{"href":"https:\/\/www.krafthand.de\/truck\/wp-json\/wp\/v2\/posts"}],"about":[{"href":"https:\/\/www.krafthand.de\/truck\/wp-json\/wp\/v2\/types\/post"}],"author":[{"embeddable":true,"href":"https:\/\/www.krafthand.de\/truck\/wp-json\/wp\/v2\/users\/7"}],"replies":[{"embeddable":true,"href":"https:\/\/www.krafthand.de\/truck\/wp-json\/wp\/v2\/comments?post=25803"}],"version-history":[{"count":1,"href":"https:\/\/www.krafthand.de\/truck\/wp-json\/wp\/v2\/posts\/25803\/revisions"}],"predecessor-version":[{"id":25805,"href":"https:\/\/www.krafthand.de\/truck\/wp-json\/wp\/v2\/posts\/25803\/revisions\/25805"}],"wp:featuredmedia":[{"embeddable":true,"href":"https:\/\/www.krafthand.de\/truck\/wp-json\/wp\/v2\/media\/25804"}],"wp:attachment":[{"href":"https:\/\/www.krafthand.de\/truck\/wp-json\/wp\/v2\/media?parent=25803"}],"wp:term":[{"taxonomy":"category","embeddable":true,"href":"https:\/\/www.krafthand.de\/truck\/wp-json\/wp\/v2\/categories?post=25803"},{"taxonomy":"post_tag","embeddable":true,"href":"https:\/\/www.krafthand.de\/truck\/wp-json\/wp\/v2\/tags?post=25803"},{"taxonomy":"settings","embeddable":true,"href":"https:\/\/www.krafthand.de\/truck\/wp-json\/wp\/v2\/settings?post=25803"}],"curies":[{"name":"wp","href":"https:\/\/api.w.org\/{rel}","templated":true}]}}