{"id":25772,"date":"2020-07-21T07:00:48","date_gmt":"2020-07-21T05:00:48","guid":{"rendered":"https:\/\/www.krafthand.de\/truck\/?p=25772"},"modified":"2020-07-13T13:31:40","modified_gmt":"2020-07-13T11:31:40","slug":"freie-auswahl-bei-radnaben","status":"publish","type":"post","link":"https:\/\/www.krafthand.de\/truck\/artikel\/freie-auswahl-bei-radnaben-25772\/","title":{"rendered":"Freie Auswahl bei Radnaben"},"content":{"rendered":"<p>Bei Radlager- oder Bremsenreparaturen an Zugmaschinen und Trailern muss der Werkstattfachmann h\u00e4ufig auch schadhafte Radnaben ersetzen. Da die Anspr\u00fcche an die Zuverl\u00e4ssigkeit und Standzeit dieser gewisserma\u00dfen sicherheitsrelevanten Komponenten hoch sind, empfehlen die Ersatzteilspezialisten von PE Automotive, beim Austausch auf Markenqualit\u00e4t zu achten. Der Wuppertaler Nutzfahrzeugteile-Spezialist hat nach eigenen Angaben k\u00fcrzlich sein Radnaben-Programm nochmals deutlich ausgebaut, unter anderen f\u00fcr Mercedes-Zugmaschinen- und BPW-Trailer-Achsen. Unternehmensangaben zufolge k\u00f6nnen Werkstattkunden hierbei zwischen drei Varianten w\u00e4hlen: Radnabe einzeln, Radnabe mit \u201aPE\u2018-Lager und Radnabe mit OES-Lager.<\/p>\n<p><i>Den Beitrag finden Sie auch in der Print-Ausgabe 2\/20 der <a href=\"https:\/\/www.krafthand.de\/truck\/magazin\/\" title=\"Zum Magazin\">Krafthand-Truck<\/a>.<\/i><\/p>","protected":false},"excerpt":{"rendered":"<p>Der Wuppertaler Nutzfahrzeugteile-Spezialist hat nach eigenen Angaben k\u00fcrzlich sein Radnaben-Programm nochmals deutlich ausgebaut. <span class=\"excerpt-more__dots\">&#8230;<\/span> <a class=\"excerpt-more__link\" href=\"https:\/\/www.krafthand.de\/truck\/artikel\/freie-auswahl-bei-radnaben-25772\/\" >weiter<\/a><\/p>\n","protected":false},"author":7,"featured_media":25773,"comment_status":"closed","ping_status":"closed","sticky":false,"template":"","format":"standard","meta":{"footnotes":""},"categories":[5],"tags":[1920,2148,2923,2644],"settings":[],"class_list":["post-25772","post","type-post","status-publish","format-standard","has-post-thumbnail","hentry","category-branche","tag-bremsenservice","tag-pe-automotive","tag-radlager-reparatur","tag-radnabe"],"yoast_head":"<!-- This site is optimized with the Yoast SEO plugin v27.3 - https:\/\/yoast.com\/product\/yoast-seo-wordpress\/ -->\n<title>Freie Auswahl bei Radnaben - Krafthand-Truck<\/title>\n<meta name=\"robots\" content=\"index, follow, max-snippet:-1, max-image-preview:large, max-video-preview:-1\" \/>\n<link rel=\"canonical\" href=\"https:\/\/www.krafthand.de\/truck\/artikel\/freie-auswahl-bei-radnaben-25772\/\" \/>\n<meta property=\"og:locale\" content=\"de_DE\" \/>\n<meta property=\"og:type\" content=\"article\" \/>\n<meta property=\"og:title\" content=\"Freie Auswahl bei Radnaben - Krafthand-Truck\" \/>\n<meta property=\"og:description\" content=\"Der Wuppertaler Nutzfahrzeugteile-Spezialist hat nach eigenen Angaben k\u00fcrzlich sein Radnaben-Programm nochmals deutlich ausgebaut. ... weiter\" \/>\n<meta property=\"og:url\" content=\"https:\/\/www.krafthand-truck.de\/artikel\/freie-auswahl-bei-radnaben-25772\/\" \/>\n<meta property=\"og:site_name\" content=\"Krafthand-Truck\" \/>\n<meta property=\"article:published_time\" content=\"2020-07-21T05:00:48+00:00\" \/>\n<meta property=\"og:image\" content=\"https:\/\/www.krafthand.de\/truck\/wp-content\/uploads\/2020\/07\/02_20_004.jpg\" \/>\n\t<meta property=\"og:image:width\" content=\"1000\" \/>\n\t<meta property=\"og:image:height\" content=\"764\" \/>\n\t<meta property=\"og:image:type\" content=\"image\/jpeg\" \/>\n<meta name=\"author\" content=\"julian.schmid@krafthand.de\" \/>\n<meta name=\"twitter:card\" content=\"summary_large_image\" \/>\n<meta name=\"twitter:label1\" content=\"Verfasst von\" \/>\n\t<meta name=\"twitter:data1\" content=\"julian.schmid@krafthand.de\" \/>\n<script type=\"application\/ld+json\" class=\"yoast-schema-graph\">{\"@context\":\"https:\\\/\\\/schema.org\",\"@graph\":[{\"@type\":\"Article\",\"@id\":\"https:\\\/\\\/www.krafthand.de\\\/truck\\\/artikel\\\/freie-auswahl-bei-radnaben-25772\\\/#article\",\"isPartOf\":{\"@id\":\"https:\\\/\\\/www.krafthand.de\\\/truck\\\/artikel\\\/freie-auswahl-bei-radnaben-25772\\\/\"},\"author\":{\"name\":\"julian.schmid@krafthand.de\",\"@id\":\"https:\\\/\\\/www.krafthand.de\\\/truck\\\/#\\\/schema\\\/person\\\/23aebc1e5e3f0204da7158bce36950bb\"},\"headline\":\"Freie Auswahl bei Radnaben\",\"datePublished\":\"2020-07-21T05:00:48+00:00\",\"mainEntityOfPage\":{\"@id\":\"https:\\\/\\\/www.krafthand.de\\\/truck\\\/artikel\\\/freie-auswahl-bei-radnaben-25772\\\/\"},\"wordCount\":93,\"image\":{\"@id\":\"https:\\\/\\\/www.krafthand.de\\\/truck\\\/artikel\\\/freie-auswahl-bei-radnaben-25772\\\/#primaryimage\"},\"thumbnailUrl\":\"https:\\\/\\\/static.krafthand-truck.de\\\/uploads\\\/2020\\\/07\\\/02_20_004.jpg\",\"keywords\":[\"Bremsenservice\",\"PE Automotive\",\"Radlager-Reparatur\",\"Radnabe\"],\"articleSection\":[\"Nfz-Branche\"],\"inLanguage\":\"de\"},{\"@type\":\"WebPage\",\"@id\":\"https:\\\/\\\/www.krafthand.de\\\/truck\\\/artikel\\\/freie-auswahl-bei-radnaben-25772\\\/\",\"url\":\"https:\\\/\\\/www.krafthand.de\\\/truck\\\/artikel\\\/freie-auswahl-bei-radnaben-25772\\\/\",\"name\":\"Freie Auswahl bei Radnaben - Krafthand-Truck\",\"isPartOf\":{\"@id\":\"https:\\\/\\\/www.krafthand.de\\\/truck\\\/#website\"},\"primaryImageOfPage\":{\"@id\":\"https:\\\/\\\/www.krafthand.de\\\/truck\\\/artikel\\\/freie-auswahl-bei-radnaben-25772\\\/#primaryimage\"},\"image\":{\"@id\":\"https:\\\/\\\/www.krafthand.de\\\/truck\\\/artikel\\\/freie-auswahl-bei-radnaben-25772\\\/#primaryimage\"},\"thumbnailUrl\":\"https:\\\/\\\/static.krafthand-truck.de\\\/uploads\\\/2020\\\/07\\\/02_20_004.jpg\",\"datePublished\":\"2020-07-21T05:00:48+00:00\",\"author\":{\"@id\":\"https:\\\/\\\/www.krafthand.de\\\/truck\\\/#\\\/schema\\\/person\\\/23aebc1e5e3f0204da7158bce36950bb\"},\"breadcrumb\":{\"@id\":\"https:\\\/\\\/www.krafthand.de\\\/truck\\\/artikel\\\/freie-auswahl-bei-radnaben-25772\\\/#breadcrumb\"},\"inLanguage\":\"de\",\"potentialAction\":[{\"@type\":\"ReadAction\",\"target\":[\"https:\\\/\\\/www.krafthand.de\\\/truck\\\/artikel\\\/freie-auswahl-bei-radnaben-25772\\\/\"]}]},{\"@type\":\"ImageObject\",\"inLanguage\":\"de\",\"@id\":\"https:\\\/\\\/www.krafthand.de\\\/truck\\\/artikel\\\/freie-auswahl-bei-radnaben-25772\\\/#primaryimage\",\"url\":\"https:\\\/\\\/static.krafthand-truck.de\\\/uploads\\\/2020\\\/07\\\/02_20_004.jpg\",\"contentUrl\":\"https:\\\/\\\/static.krafthand-truck.de\\\/uploads\\\/2020\\\/07\\\/02_20_004.jpg\",\"width\":1000,\"height\":764,\"caption\":\"PE hat sein Radnaben-Programm f\u00fcr Zugmaschinen- und Trailerachsen ausgebaut. Es gibt drei Varianten: Radnabe einzeln, Radnabe mit \u201aPE\u2018-Lager und Radnabe mit OES-Lager. Bild: PE Automotive\"},{\"@type\":\"BreadcrumbList\",\"@id\":\"https:\\\/\\\/www.krafthand.de\\\/truck\\\/artikel\\\/freie-auswahl-bei-radnaben-25772\\\/#breadcrumb\",\"itemListElement\":[{\"@type\":\"ListItem\",\"position\":1,\"name\":\"Krafthand-Truck\",\"item\":\"https:\\\/\\\/www.krafthand.de\\\/truck\\\/\"},{\"@type\":\"ListItem\",\"position\":2,\"name\":\"Nfz-Branche\",\"item\":\"https:\\\/\\\/www.krafthand.de\\\/truck\\\/kategorie\\\/branche\\\/\"},{\"@type\":\"ListItem\",\"position\":3,\"name\":\"Freie Auswahl bei Radnaben\"}]},{\"@type\":\"WebSite\",\"@id\":\"https:\\\/\\\/www.krafthand.de\\\/truck\\\/#website\",\"url\":\"https:\\\/\\\/www.krafthand.de\\\/truck\\\/\",\"name\":\"Krafthand-Truck\",\"description\":\"\",\"potentialAction\":[{\"@type\":\"SearchAction\",\"target\":{\"@type\":\"EntryPoint\",\"urlTemplate\":\"https:\\\/\\\/www.krafthand.de\\\/truck\\\/?s={search_term_string}\"},\"query-input\":{\"@type\":\"PropertyValueSpecification\",\"valueRequired\":true,\"valueName\":\"search_term_string\"}}],\"inLanguage\":\"de\"},{\"@type\":\"Person\",\"@id\":\"https:\\\/\\\/www.krafthand.de\\\/truck\\\/#\\\/schema\\\/person\\\/23aebc1e5e3f0204da7158bce36950bb\",\"name\":\"julian.schmid@krafthand.de\",\"image\":{\"@type\":\"ImageObject\",\"inLanguage\":\"de\",\"@id\":\"https:\\\/\\\/secure.gravatar.com\\\/avatar\\\/ef76c2910cab8eb23fcc013e1c6dc1ba4af5e93fea6e6132d7c4e67d4e9631e9?s=96&d=mm&r=g\",\"url\":\"https:\\\/\\\/secure.gravatar.com\\\/avatar\\\/ef76c2910cab8eb23fcc013e1c6dc1ba4af5e93fea6e6132d7c4e67d4e9631e9?s=96&d=mm&r=g\",\"contentUrl\":\"https:\\\/\\\/secure.gravatar.com\\\/avatar\\\/ef76c2910cab8eb23fcc013e1c6dc1ba4af5e93fea6e6132d7c4e67d4e9631e9?s=96&d=mm&r=g\",\"caption\":\"julian.schmid@krafthand.de\"}}]}<\/script>\n<!-- \/ Yoast SEO plugin. -->","yoast_head_json":{"title":"Freie Auswahl bei Radnaben - Krafthand-Truck","robots":{"index":"index","follow":"follow","max-snippet":"max-snippet:-1","max-image-preview":"max-image-preview:large","max-video-preview":"max-video-preview:-1"},"canonical":"https:\/\/www.krafthand.de\/truck\/artikel\/freie-auswahl-bei-radnaben-25772\/","og_locale":"de_DE","og_type":"article","og_title":"Freie Auswahl bei Radnaben - Krafthand-Truck","og_description":"Der Wuppertaler Nutzfahrzeugteile-Spezialist hat nach eigenen Angaben k\u00fcrzlich sein Radnaben-Programm nochmals deutlich ausgebaut. ... weiter","og_url":"https:\/\/www.krafthand-truck.de\/artikel\/freie-auswahl-bei-radnaben-25772\/","og_site_name":"Krafthand-Truck","article_published_time":"2020-07-21T05:00:48+00:00","og_image":[{"width":1000,"height":764,"url":"https:\/\/www.krafthand.de\/truck\/wp-content\/uploads\/2020\/07\/02_20_004.jpg","type":"image\/jpeg"}],"author":"julian.schmid@krafthand.de","twitter_card":"summary_large_image","twitter_misc":{"Verfasst von":"julian.schmid@krafthand.de"},"schema":{"@context":"https:\/\/schema.org","@graph":[{"@type":"Article","@id":"https:\/\/www.krafthand.de\/truck\/artikel\/freie-auswahl-bei-radnaben-25772\/#article","isPartOf":{"@id":"https:\/\/www.krafthand.de\/truck\/artikel\/freie-auswahl-bei-radnaben-25772\/"},"author":{"name":"julian.schmid@krafthand.de","@id":"https:\/\/www.krafthand.de\/truck\/#\/schema\/person\/23aebc1e5e3f0204da7158bce36950bb"},"headline":"Freie Auswahl bei Radnaben","datePublished":"2020-07-21T05:00:48+00:00","mainEntityOfPage":{"@id":"https:\/\/www.krafthand.de\/truck\/artikel\/freie-auswahl-bei-radnaben-25772\/"},"wordCount":93,"image":{"@id":"https:\/\/www.krafthand.de\/truck\/artikel\/freie-auswahl-bei-radnaben-25772\/#primaryimage"},"thumbnailUrl":"https:\/\/static.krafthand-truck.de\/uploads\/2020\/07\/02_20_004.jpg","keywords":["Bremsenservice","PE Automotive","Radlager-Reparatur","Radnabe"],"articleSection":["Nfz-Branche"],"inLanguage":"de"},{"@type":"WebPage","@id":"https:\/\/www.krafthand.de\/truck\/artikel\/freie-auswahl-bei-radnaben-25772\/","url":"https:\/\/www.krafthand.de\/truck\/artikel\/freie-auswahl-bei-radnaben-25772\/","name":"Freie Auswahl bei Radnaben - Krafthand-Truck","isPartOf":{"@id":"https:\/\/www.krafthand.de\/truck\/#website"},"primaryImageOfPage":{"@id":"https:\/\/www.krafthand.de\/truck\/artikel\/freie-auswahl-bei-radnaben-25772\/#primaryimage"},"image":{"@id":"https:\/\/www.krafthand.de\/truck\/artikel\/freie-auswahl-bei-radnaben-25772\/#primaryimage"},"thumbnailUrl":"https:\/\/static.krafthand-truck.de\/uploads\/2020\/07\/02_20_004.jpg","datePublished":"2020-07-21T05:00:48+00:00","author":{"@id":"https:\/\/www.krafthand.de\/truck\/#\/schema\/person\/23aebc1e5e3f0204da7158bce36950bb"},"breadcrumb":{"@id":"https:\/\/www.krafthand.de\/truck\/artikel\/freie-auswahl-bei-radnaben-25772\/#breadcrumb"},"inLanguage":"de","potentialAction":[{"@type":"ReadAction","target":["https:\/\/www.krafthand.de\/truck\/artikel\/freie-auswahl-bei-radnaben-25772\/"]}]},{"@type":"ImageObject","inLanguage":"de","@id":"https:\/\/www.krafthand.de\/truck\/artikel\/freie-auswahl-bei-radnaben-25772\/#primaryimage","url":"https:\/\/static.krafthand-truck.de\/uploads\/2020\/07\/02_20_004.jpg","contentUrl":"https:\/\/static.krafthand-truck.de\/uploads\/2020\/07\/02_20_004.jpg","width":1000,"height":764,"caption":"PE hat sein Radnaben-Programm f\u00fcr Zugmaschinen- und Trailerachsen ausgebaut. Es gibt drei Varianten: Radnabe einzeln, Radnabe mit \u201aPE\u2018-Lager und Radnabe mit OES-Lager. Bild: PE Automotive"},{"@type":"BreadcrumbList","@id":"https:\/\/www.krafthand.de\/truck\/artikel\/freie-auswahl-bei-radnaben-25772\/#breadcrumb","itemListElement":[{"@type":"ListItem","position":1,"name":"Krafthand-Truck","item":"https:\/\/www.krafthand.de\/truck\/"},{"@type":"ListItem","position":2,"name":"Nfz-Branche","item":"https:\/\/www.krafthand.de\/truck\/kategorie\/branche\/"},{"@type":"ListItem","position":3,"name":"Freie Auswahl bei Radnaben"}]},{"@type":"WebSite","@id":"https:\/\/www.krafthand.de\/truck\/#website","url":"https:\/\/www.krafthand.de\/truck\/","name":"Krafthand-Truck","description":"","potentialAction":[{"@type":"SearchAction","target":{"@type":"EntryPoint","urlTemplate":"https:\/\/www.krafthand.de\/truck\/?s={search_term_string}"},"query-input":{"@type":"PropertyValueSpecification","valueRequired":true,"valueName":"search_term_string"}}],"inLanguage":"de"},{"@type":"Person","@id":"https:\/\/www.krafthand.de\/truck\/#\/schema\/person\/23aebc1e5e3f0204da7158bce36950bb","name":"julian.schmid@krafthand.de","image":{"@type":"ImageObject","inLanguage":"de","@id":"https:\/\/secure.gravatar.com\/avatar\/ef76c2910cab8eb23fcc013e1c6dc1ba4af5e93fea6e6132d7c4e67d4e9631e9?s=96&d=mm&r=g","url":"https:\/\/secure.gravatar.com\/avatar\/ef76c2910cab8eb23fcc013e1c6dc1ba4af5e93fea6e6132d7c4e67d4e9631e9?s=96&d=mm&r=g","contentUrl":"https:\/\/secure.gravatar.com\/avatar\/ef76c2910cab8eb23fcc013e1c6dc1ba4af5e93fea6e6132d7c4e67d4e9631e9?s=96&d=mm&r=g","caption":"julian.schmid@krafthand.de"}}]}},"_links":{"self":[{"href":"https:\/\/www.krafthand.de\/truck\/wp-json\/wp\/v2\/posts\/25772","targetHints":{"allow":["GET"]}}],"collection":[{"href":"https:\/\/www.krafthand.de\/truck\/wp-json\/wp\/v2\/posts"}],"about":[{"href":"https:\/\/www.krafthand.de\/truck\/wp-json\/wp\/v2\/types\/post"}],"author":[{"embeddable":true,"href":"https:\/\/www.krafthand.de\/truck\/wp-json\/wp\/v2\/users\/7"}],"replies":[{"embeddable":true,"href":"https:\/\/www.krafthand.de\/truck\/wp-json\/wp\/v2\/comments?post=25772"}],"version-history":[{"count":1,"href":"https:\/\/www.krafthand.de\/truck\/wp-json\/wp\/v2\/posts\/25772\/revisions"}],"predecessor-version":[{"id":25774,"href":"https:\/\/www.krafthand.de\/truck\/wp-json\/wp\/v2\/posts\/25772\/revisions\/25774"}],"wp:featuredmedia":[{"embeddable":true,"href":"https:\/\/www.krafthand.de\/truck\/wp-json\/wp\/v2\/media\/25773"}],"wp:attachment":[{"href":"https:\/\/www.krafthand.de\/truck\/wp-json\/wp\/v2\/media?parent=25772"}],"wp:term":[{"taxonomy":"category","embeddable":true,"href":"https:\/\/www.krafthand.de\/truck\/wp-json\/wp\/v2\/categories?post=25772"},{"taxonomy":"post_tag","embeddable":true,"href":"https:\/\/www.krafthand.de\/truck\/wp-json\/wp\/v2\/tags?post=25772"},{"taxonomy":"settings","embeddable":true,"href":"https:\/\/www.krafthand.de\/truck\/wp-json\/wp\/v2\/settings?post=25772"}],"curies":[{"name":"wp","href":"https:\/\/api.w.org\/{rel}","templated":true}]}}