{"id":25764,"date":"2020-07-15T07:00:34","date_gmt":"2020-07-15T05:00:34","guid":{"rendered":"https:\/\/www.krafthand.de\/truck\/?p=25764"},"modified":"2021-08-10T01:25:04","modified_gmt":"2021-08-09T23:25:04","slug":"wm-eroeffnet-neues-verkaufshaus","status":"publish","type":"post","link":"https:\/\/www.krafthand.de\/truck\/artikel\/wm-eroeffnet-neues-verkaufshaus-25764\/","title":{"rendered":"WM er\u00f6ffnet neues Verkaufshaus"},"content":{"rendered":"<p>Der Osnabr\u00fccker Teilegro\u00dfh\u00e4ndler WM SE expandiert weiter: Seit 1. Juni 2020 gibt es in Stockstadt bei Aschaffenburg ein neues Verkaufshaus. Unternehmensangaben zufolge handelt es sich dabei um \u201eeines der modernsten und gr\u00f6\u00dften Verkaufsha\u0308user der WM SE\u201c. Mit dem neuen Standort wolle man die steigende Nachfrage in der Region noch besser abdecken und sich insbesondere um die Segmente Nutzfahrzeuge und Werkstattausr\u00fcstung k\u00fcmmern. Dar\u00fcber hinaus sollen Werkstattkunden im Gro\u00dfraum Aschaffenburg k\u00fcnftig von einer h\u00f6heren Teileverfu\u0308gbarkeit und einer schnelleren Lieferung profitieren, verspricht Verkaufshausleiter Oliver Knei\u00dfl.<\/p>\n<p><i>Den Beitrag finden Sie auch in der Print-Ausgabe 2\/20 der <a href=\"https:\/\/www.krafthand.de\/truck\/magazin\/\" title=\"Zum Magazin\">Krafthand-Truck<\/a>.<\/i><\/p>","protected":false},"excerpt":{"rendered":"<p>Der Osnabr\u00fccker Teilegro\u00dfh\u00e4ndler WM SE expandiert weiter: Seit 1. Juni 2020 gibt es in Stockstadt bei Aschaffenburg ein neues Verkaufshaus. <span class=\"excerpt-more__dots\">&#8230;<\/span> <a class=\"excerpt-more__link\" href=\"https:\/\/www.krafthand.de\/truck\/artikel\/wm-eroeffnet-neues-verkaufshaus-25764\/\" >weiter<\/a><\/p>\n","protected":false},"author":7,"featured_media":25765,"comment_status":"closed","ping_status":"closed","sticky":false,"template":"","format":"standard","meta":{"footnotes":""},"categories":[5,4229,4235],"tags":[526,4084],"settings":[],"class_list":["post-25764","post","type-post","status-publish","format-standard","has-post-thumbnail","hentry","category-branche","category-nfz-teile-systeme","category-unternehmen","tag-werkstattausruestung","tag-wm-se"],"yoast_head":"<!-- This site is optimized with the Yoast SEO plugin v27.3 - https:\/\/yoast.com\/product\/yoast-seo-wordpress\/ -->\n<title>WM er\u00f6ffnet neues Verkaufshaus - Krafthand-Truck<\/title>\n<meta name=\"robots\" content=\"index, follow, max-snippet:-1, max-image-preview:large, max-video-preview:-1\" \/>\n<link rel=\"canonical\" href=\"https:\/\/www.krafthand.de\/truck\/artikel\/wm-eroeffnet-neues-verkaufshaus-25764\/\" \/>\n<meta property=\"og:locale\" content=\"de_DE\" \/>\n<meta property=\"og:type\" content=\"article\" \/>\n<meta property=\"og:title\" content=\"WM er\u00f6ffnet neues Verkaufshaus - Krafthand-Truck\" \/>\n<meta property=\"og:description\" content=\"Der Osnabr\u00fccker Teilegro\u00dfh\u00e4ndler WM SE expandiert weiter: Seit 1. Juni 2020 gibt es in Stockstadt bei Aschaffenburg ein neues Verkaufshaus. ... weiter\" \/>\n<meta property=\"og:url\" content=\"https:\/\/www.krafthand-truck.de\/artikel\/wm-eroeffnet-neues-verkaufshaus-25764\/\" \/>\n<meta property=\"og:site_name\" content=\"Krafthand-Truck\" \/>\n<meta property=\"article:published_time\" content=\"2020-07-15T05:00:34+00:00\" \/>\n<meta property=\"article:modified_time\" content=\"2021-08-09T23:25:04+00:00\" \/>\n<meta property=\"og:image\" content=\"https:\/\/www.krafthand.de\/truck\/wp-content\/uploads\/2020\/07\/02_20_028-e1594633040257.jpg\" \/>\n\t<meta property=\"og:image:width\" content=\"885\" \/>\n\t<meta property=\"og:image:height\" content=\"420\" \/>\n\t<meta property=\"og:image:type\" content=\"image\/jpeg\" \/>\n<meta name=\"author\" content=\"julian.schmid@krafthand.de\" \/>\n<meta name=\"twitter:card\" content=\"summary_large_image\" \/>\n<meta name=\"twitter:label1\" content=\"Verfasst von\" \/>\n\t<meta name=\"twitter:data1\" content=\"julian.schmid@krafthand.de\" \/>\n<script type=\"application\/ld+json\" class=\"yoast-schema-graph\">{\"@context\":\"https:\\\/\\\/schema.org\",\"@graph\":[{\"@type\":\"Article\",\"@id\":\"https:\\\/\\\/www.krafthand.de\\\/truck\\\/artikel\\\/wm-eroeffnet-neues-verkaufshaus-25764\\\/#article\",\"isPartOf\":{\"@id\":\"https:\\\/\\\/www.krafthand.de\\\/truck\\\/artikel\\\/wm-eroeffnet-neues-verkaufshaus-25764\\\/\"},\"author\":{\"name\":\"julian.schmid@krafthand.de\",\"@id\":\"https:\\\/\\\/www.krafthand.de\\\/truck\\\/#\\\/schema\\\/person\\\/23aebc1e5e3f0204da7158bce36950bb\"},\"headline\":\"WM er\u00f6ffnet neues Verkaufshaus\",\"datePublished\":\"2020-07-15T05:00:34+00:00\",\"dateModified\":\"2021-08-09T23:25:04+00:00\",\"mainEntityOfPage\":{\"@id\":\"https:\\\/\\\/www.krafthand.de\\\/truck\\\/artikel\\\/wm-eroeffnet-neues-verkaufshaus-25764\\\/\"},\"wordCount\":98,\"image\":{\"@id\":\"https:\\\/\\\/www.krafthand.de\\\/truck\\\/artikel\\\/wm-eroeffnet-neues-verkaufshaus-25764\\\/#primaryimage\"},\"thumbnailUrl\":\"https:\\\/\\\/static.krafthand-truck.de\\\/uploads\\\/2020\\\/07\\\/02_20_028-e1594633040257.jpg\",\"keywords\":[\"Werkstattausr\u00fcstung\",\"WM SE\"],\"articleSection\":[\"Nfz-Branche\",\"Nfz-Teile\\\/Systeme\",\"Unternehmen\"],\"inLanguage\":\"de\"},{\"@type\":\"WebPage\",\"@id\":\"https:\\\/\\\/www.krafthand.de\\\/truck\\\/artikel\\\/wm-eroeffnet-neues-verkaufshaus-25764\\\/\",\"url\":\"https:\\\/\\\/www.krafthand.de\\\/truck\\\/artikel\\\/wm-eroeffnet-neues-verkaufshaus-25764\\\/\",\"name\":\"WM er\u00f6ffnet neues Verkaufshaus - Krafthand-Truck\",\"isPartOf\":{\"@id\":\"https:\\\/\\\/www.krafthand.de\\\/truck\\\/#website\"},\"primaryImageOfPage\":{\"@id\":\"https:\\\/\\\/www.krafthand.de\\\/truck\\\/artikel\\\/wm-eroeffnet-neues-verkaufshaus-25764\\\/#primaryimage\"},\"image\":{\"@id\":\"https:\\\/\\\/www.krafthand.de\\\/truck\\\/artikel\\\/wm-eroeffnet-neues-verkaufshaus-25764\\\/#primaryimage\"},\"thumbnailUrl\":\"https:\\\/\\\/static.krafthand-truck.de\\\/uploads\\\/2020\\\/07\\\/02_20_028-e1594633040257.jpg\",\"datePublished\":\"2020-07-15T05:00:34+00:00\",\"dateModified\":\"2021-08-09T23:25:04+00:00\",\"author\":{\"@id\":\"https:\\\/\\\/www.krafthand.de\\\/truck\\\/#\\\/schema\\\/person\\\/23aebc1e5e3f0204da7158bce36950bb\"},\"breadcrumb\":{\"@id\":\"https:\\\/\\\/www.krafthand.de\\\/truck\\\/artikel\\\/wm-eroeffnet-neues-verkaufshaus-25764\\\/#breadcrumb\"},\"inLanguage\":\"de\",\"potentialAction\":[{\"@type\":\"ReadAction\",\"target\":[\"https:\\\/\\\/www.krafthand.de\\\/truck\\\/artikel\\\/wm-eroeffnet-neues-verkaufshaus-25764\\\/\"]}]},{\"@type\":\"ImageObject\",\"inLanguage\":\"de\",\"@id\":\"https:\\\/\\\/www.krafthand.de\\\/truck\\\/artikel\\\/wm-eroeffnet-neues-verkaufshaus-25764\\\/#primaryimage\",\"url\":\"https:\\\/\\\/static.krafthand-truck.de\\\/uploads\\\/2020\\\/07\\\/02_20_028-e1594633040257.jpg\",\"contentUrl\":\"https:\\\/\\\/static.krafthand-truck.de\\\/uploads\\\/2020\\\/07\\\/02_20_028-e1594633040257.jpg\",\"width\":885,\"height\":420,\"caption\":\"Bild: WM SE\"},{\"@type\":\"BreadcrumbList\",\"@id\":\"https:\\\/\\\/www.krafthand.de\\\/truck\\\/artikel\\\/wm-eroeffnet-neues-verkaufshaus-25764\\\/#breadcrumb\",\"itemListElement\":[{\"@type\":\"ListItem\",\"position\":1,\"name\":\"Krafthand-Truck\",\"item\":\"https:\\\/\\\/www.krafthand.de\\\/truck\\\/\"},{\"@type\":\"ListItem\",\"position\":2,\"name\":\"Nfz-Branche\",\"item\":\"https:\\\/\\\/www.krafthand.de\\\/truck\\\/kategorie\\\/branche\\\/\"},{\"@type\":\"ListItem\",\"position\":3,\"name\":\"WM er\u00f6ffnet neues Verkaufshaus\"}]},{\"@type\":\"WebSite\",\"@id\":\"https:\\\/\\\/www.krafthand.de\\\/truck\\\/#website\",\"url\":\"https:\\\/\\\/www.krafthand.de\\\/truck\\\/\",\"name\":\"Krafthand-Truck\",\"description\":\"\",\"potentialAction\":[{\"@type\":\"SearchAction\",\"target\":{\"@type\":\"EntryPoint\",\"urlTemplate\":\"https:\\\/\\\/www.krafthand.de\\\/truck\\\/?s={search_term_string}\"},\"query-input\":{\"@type\":\"PropertyValueSpecification\",\"valueRequired\":true,\"valueName\":\"search_term_string\"}}],\"inLanguage\":\"de\"},{\"@type\":\"Person\",\"@id\":\"https:\\\/\\\/www.krafthand.de\\\/truck\\\/#\\\/schema\\\/person\\\/23aebc1e5e3f0204da7158bce36950bb\",\"name\":\"julian.schmid@krafthand.de\",\"image\":{\"@type\":\"ImageObject\",\"inLanguage\":\"de\",\"@id\":\"https:\\\/\\\/secure.gravatar.com\\\/avatar\\\/ef76c2910cab8eb23fcc013e1c6dc1ba4af5e93fea6e6132d7c4e67d4e9631e9?s=96&d=mm&r=g\",\"url\":\"https:\\\/\\\/secure.gravatar.com\\\/avatar\\\/ef76c2910cab8eb23fcc013e1c6dc1ba4af5e93fea6e6132d7c4e67d4e9631e9?s=96&d=mm&r=g\",\"contentUrl\":\"https:\\\/\\\/secure.gravatar.com\\\/avatar\\\/ef76c2910cab8eb23fcc013e1c6dc1ba4af5e93fea6e6132d7c4e67d4e9631e9?s=96&d=mm&r=g\",\"caption\":\"julian.schmid@krafthand.de\"}}]}<\/script>\n<!-- \/ Yoast SEO plugin. -->","yoast_head_json":{"title":"WM er\u00f6ffnet neues Verkaufshaus - Krafthand-Truck","robots":{"index":"index","follow":"follow","max-snippet":"max-snippet:-1","max-image-preview":"max-image-preview:large","max-video-preview":"max-video-preview:-1"},"canonical":"https:\/\/www.krafthand.de\/truck\/artikel\/wm-eroeffnet-neues-verkaufshaus-25764\/","og_locale":"de_DE","og_type":"article","og_title":"WM er\u00f6ffnet neues Verkaufshaus - Krafthand-Truck","og_description":"Der Osnabr\u00fccker Teilegro\u00dfh\u00e4ndler WM SE expandiert weiter: Seit 1. Juni 2020 gibt es in Stockstadt bei Aschaffenburg ein neues Verkaufshaus. ... weiter","og_url":"https:\/\/www.krafthand-truck.de\/artikel\/wm-eroeffnet-neues-verkaufshaus-25764\/","og_site_name":"Krafthand-Truck","article_published_time":"2020-07-15T05:00:34+00:00","article_modified_time":"2021-08-09T23:25:04+00:00","og_image":[{"width":885,"height":420,"url":"https:\/\/www.krafthand.de\/truck\/wp-content\/uploads\/2020\/07\/02_20_028-e1594633040257.jpg","type":"image\/jpeg"}],"author":"julian.schmid@krafthand.de","twitter_card":"summary_large_image","twitter_misc":{"Verfasst von":"julian.schmid@krafthand.de"},"schema":{"@context":"https:\/\/schema.org","@graph":[{"@type":"Article","@id":"https:\/\/www.krafthand.de\/truck\/artikel\/wm-eroeffnet-neues-verkaufshaus-25764\/#article","isPartOf":{"@id":"https:\/\/www.krafthand.de\/truck\/artikel\/wm-eroeffnet-neues-verkaufshaus-25764\/"},"author":{"name":"julian.schmid@krafthand.de","@id":"https:\/\/www.krafthand.de\/truck\/#\/schema\/person\/23aebc1e5e3f0204da7158bce36950bb"},"headline":"WM er\u00f6ffnet neues Verkaufshaus","datePublished":"2020-07-15T05:00:34+00:00","dateModified":"2021-08-09T23:25:04+00:00","mainEntityOfPage":{"@id":"https:\/\/www.krafthand.de\/truck\/artikel\/wm-eroeffnet-neues-verkaufshaus-25764\/"},"wordCount":98,"image":{"@id":"https:\/\/www.krafthand.de\/truck\/artikel\/wm-eroeffnet-neues-verkaufshaus-25764\/#primaryimage"},"thumbnailUrl":"https:\/\/static.krafthand-truck.de\/uploads\/2020\/07\/02_20_028-e1594633040257.jpg","keywords":["Werkstattausr\u00fcstung","WM SE"],"articleSection":["Nfz-Branche","Nfz-Teile\/Systeme","Unternehmen"],"inLanguage":"de"},{"@type":"WebPage","@id":"https:\/\/www.krafthand.de\/truck\/artikel\/wm-eroeffnet-neues-verkaufshaus-25764\/","url":"https:\/\/www.krafthand.de\/truck\/artikel\/wm-eroeffnet-neues-verkaufshaus-25764\/","name":"WM er\u00f6ffnet neues Verkaufshaus - Krafthand-Truck","isPartOf":{"@id":"https:\/\/www.krafthand.de\/truck\/#website"},"primaryImageOfPage":{"@id":"https:\/\/www.krafthand.de\/truck\/artikel\/wm-eroeffnet-neues-verkaufshaus-25764\/#primaryimage"},"image":{"@id":"https:\/\/www.krafthand.de\/truck\/artikel\/wm-eroeffnet-neues-verkaufshaus-25764\/#primaryimage"},"thumbnailUrl":"https:\/\/static.krafthand-truck.de\/uploads\/2020\/07\/02_20_028-e1594633040257.jpg","datePublished":"2020-07-15T05:00:34+00:00","dateModified":"2021-08-09T23:25:04+00:00","author":{"@id":"https:\/\/www.krafthand.de\/truck\/#\/schema\/person\/23aebc1e5e3f0204da7158bce36950bb"},"breadcrumb":{"@id":"https:\/\/www.krafthand.de\/truck\/artikel\/wm-eroeffnet-neues-verkaufshaus-25764\/#breadcrumb"},"inLanguage":"de","potentialAction":[{"@type":"ReadAction","target":["https:\/\/www.krafthand.de\/truck\/artikel\/wm-eroeffnet-neues-verkaufshaus-25764\/"]}]},{"@type":"ImageObject","inLanguage":"de","@id":"https:\/\/www.krafthand.de\/truck\/artikel\/wm-eroeffnet-neues-verkaufshaus-25764\/#primaryimage","url":"https:\/\/static.krafthand-truck.de\/uploads\/2020\/07\/02_20_028-e1594633040257.jpg","contentUrl":"https:\/\/static.krafthand-truck.de\/uploads\/2020\/07\/02_20_028-e1594633040257.jpg","width":885,"height":420,"caption":"Bild: WM SE"},{"@type":"BreadcrumbList","@id":"https:\/\/www.krafthand.de\/truck\/artikel\/wm-eroeffnet-neues-verkaufshaus-25764\/#breadcrumb","itemListElement":[{"@type":"ListItem","position":1,"name":"Krafthand-Truck","item":"https:\/\/www.krafthand.de\/truck\/"},{"@type":"ListItem","position":2,"name":"Nfz-Branche","item":"https:\/\/www.krafthand.de\/truck\/kategorie\/branche\/"},{"@type":"ListItem","position":3,"name":"WM er\u00f6ffnet neues Verkaufshaus"}]},{"@type":"WebSite","@id":"https:\/\/www.krafthand.de\/truck\/#website","url":"https:\/\/www.krafthand.de\/truck\/","name":"Krafthand-Truck","description":"","potentialAction":[{"@type":"SearchAction","target":{"@type":"EntryPoint","urlTemplate":"https:\/\/www.krafthand.de\/truck\/?s={search_term_string}"},"query-input":{"@type":"PropertyValueSpecification","valueRequired":true,"valueName":"search_term_string"}}],"inLanguage":"de"},{"@type":"Person","@id":"https:\/\/www.krafthand.de\/truck\/#\/schema\/person\/23aebc1e5e3f0204da7158bce36950bb","name":"julian.schmid@krafthand.de","image":{"@type":"ImageObject","inLanguage":"de","@id":"https:\/\/secure.gravatar.com\/avatar\/ef76c2910cab8eb23fcc013e1c6dc1ba4af5e93fea6e6132d7c4e67d4e9631e9?s=96&d=mm&r=g","url":"https:\/\/secure.gravatar.com\/avatar\/ef76c2910cab8eb23fcc013e1c6dc1ba4af5e93fea6e6132d7c4e67d4e9631e9?s=96&d=mm&r=g","contentUrl":"https:\/\/secure.gravatar.com\/avatar\/ef76c2910cab8eb23fcc013e1c6dc1ba4af5e93fea6e6132d7c4e67d4e9631e9?s=96&d=mm&r=g","caption":"julian.schmid@krafthand.de"}}]}},"_links":{"self":[{"href":"https:\/\/www.krafthand.de\/truck\/wp-json\/wp\/v2\/posts\/25764","targetHints":{"allow":["GET"]}}],"collection":[{"href":"https:\/\/www.krafthand.de\/truck\/wp-json\/wp\/v2\/posts"}],"about":[{"href":"https:\/\/www.krafthand.de\/truck\/wp-json\/wp\/v2\/types\/post"}],"author":[{"embeddable":true,"href":"https:\/\/www.krafthand.de\/truck\/wp-json\/wp\/v2\/users\/7"}],"replies":[{"embeddable":true,"href":"https:\/\/www.krafthand.de\/truck\/wp-json\/wp\/v2\/comments?post=25764"}],"version-history":[{"count":2,"href":"https:\/\/www.krafthand.de\/truck\/wp-json\/wp\/v2\/posts\/25764\/revisions"}],"predecessor-version":[{"id":25767,"href":"https:\/\/www.krafthand.de\/truck\/wp-json\/wp\/v2\/posts\/25764\/revisions\/25767"}],"wp:featuredmedia":[{"embeddable":true,"href":"https:\/\/www.krafthand.de\/truck\/wp-json\/wp\/v2\/media\/25765"}],"wp:attachment":[{"href":"https:\/\/www.krafthand.de\/truck\/wp-json\/wp\/v2\/media?parent=25764"}],"wp:term":[{"taxonomy":"category","embeddable":true,"href":"https:\/\/www.krafthand.de\/truck\/wp-json\/wp\/v2\/categories?post=25764"},{"taxonomy":"post_tag","embeddable":true,"href":"https:\/\/www.krafthand.de\/truck\/wp-json\/wp\/v2\/tags?post=25764"},{"taxonomy":"settings","embeddable":true,"href":"https:\/\/www.krafthand.de\/truck\/wp-json\/wp\/v2\/settings?post=25764"}],"curies":[{"name":"wp","href":"https:\/\/api.w.org\/{rel}","templated":true}]}}