{"id":25755,"date":"2020-07-09T07:00:38","date_gmt":"2020-07-09T05:00:38","guid":{"rendered":"https:\/\/www.krafthand.de\/truck\/?p=25755"},"modified":"2020-07-13T11:13:56","modified_gmt":"2020-07-13T09:13:56","slug":"der-kleine-aber-feine-unterschied","status":"publish","type":"post","link":"https:\/\/www.krafthand.de\/truck\/artikel\/der-kleine-aber-feine-unterschied-25755\/","title":{"rendered":"Der kleine, aber feine Unterschied"},"content":{"rendered":"<p>Manchmal m\u00fcssen Motorenentwickler im Zuge der technischen Weiterentwicklung vorhandene Komponenten nur marginal anpassen, um die gew\u00fcnschten Effekte zu erreichen. Damit die Lagerhaltung im Aftermarkt dennoch schlank bleibt, lassen sich viele dieser weiterentwickelten Bauteile auch bei Vorg\u00e4ngergenerationen<br \/>\nverwenden, wenn man bei der Montage gewisse Punkte beachtet. Voraussetzung f\u00fcr eine fachgerechte Reparatur ist deshalb, dass der Werkstattfachmann diese Punkte kennt. Mahle Aftermarket kommuniziert solche wichtigen Informationen regelm\u00e4\u00dfig im \u201aTechnical Messenger\u2018 der sich auf der Internetseite unter \u201aServices\u2018 kostenlos abonnieren l\u00e4sst.<\/p>\n<p>Ein Beispiel hierf\u00fcr ist der \u201aTechnical Messenger 02\/2020\u2018: Er behandelt einen K\u00fchlmittelausgleichsbeh\u00e4lter, den Mahle f\u00fcr die Euro-IV-Motoren eines deutschen Nutzfahrzeug-Herstellers entwickelt hat und der aber mit einer geringf\u00fcgigen Adaption auch f\u00fcr Fahrzeuge mit Euro-IV und Euro-V-Norm passt. In der Euro-VI-Version verf\u00fcgt der Ausgleichsbeh\u00e4lter n\u00e4mlich \u00fcber einen zus\u00e4tzlichen Schlauchanschluss, den die Vorl\u00e4ufergenerationen nicht ben\u00f6tigen: Bei diesen muss der Werkstattfachmann diesen Stutzen mit dem beigelegten Blindstopfen verschlie\u00dfen, damit das K\u00fchlsystem dicht ist und es nicht zu einem ungewollten K\u00fchlmittelaustritt kommt.<\/p>\n<figure id=\"attachment_25758\" aria-describedby=\"caption-attachment-25758\" style=\"width: 300px\" class=\"wp-caption aligncenter\"><img fetchpriority=\"high\" decoding=\"async\" class=\"wp-image-25758 size-medium\" src=\"https:\/\/www.krafthand.de\/truck\/wp-content\/uploads\/2020\/07\/02_20_016_klein-300x225.jpg\" alt=\"Schlauchanschluss K\u00fchlmittelausgleichsbeh\u00e4lter\" width=\"300\" height=\"225\" srcset=\"https:\/\/static.krafthand-truck.de\/uploads\/2020\/07\/02_20_016_klein-300x225.jpg 300w, https:\/\/static.krafthand-truck.de\/uploads\/2020\/07\/02_20_016_klein-768x576.jpg 768w, https:\/\/static.krafthand-truck.de\/uploads\/2020\/07\/02_20_016_klein-200x150.jpg 200w, https:\/\/static.krafthand-truck.de\/uploads\/2020\/07\/02_20_016_klein.jpg 1000w\" sizes=\"(max-width: 300px) 100vw, 300px\" \/><figcaption id=\"caption-attachment-25758\" class=\"wp-caption-text\">Bild: Mahle<\/figcaption><\/figure>\n<p>Die Fachleute von Mahle Aftermarket empfehlen zudem, Komponenten wie K\u00fchlmittelausgleichsbeh\u00e4lter und -k\u00fchler grunds\u00e4tzlich auf nicht ben\u00f6tigte Anschl\u00fcsse zu pr\u00fcfen und diese gegebenenfalls mit geeigneten Blindstopfen zu verschlie\u00dfen. Um Leckagen zu vermeiden, sollte man zudem die Dichtungen an ge\u00f6ffneten Schlauchverbindungen immer ersetzen und neue Dichtringe vor der Montage mit frischem K\u00fchlmittel zu benetzen, um Bescha\u0308digungen zu vermeiden. Au\u00dferdem empfehlen die Experten von Mahle Aftermarket, bei Reparaturen am Ku\u0308hlkreislauf immer neues Ku\u0308hlmittel zu verwenden und das gesamte System fachgerecht zu entl\u00fcften.<\/p>\n<p><i>Den Beitrag finden Sie auch in der Print-Ausgabe 2\/20 der <a href=\"https:\/\/www.krafthand.de\/truck\/magazin\/\" title=\"Zum Magazin\">Krafthand-Truck<\/a>.<\/i><\/p>","protected":false},"excerpt":{"rendered":"<p>Manchmal m\u00fcssen Motorenentwickler im Zuge der technischen Weiterentwicklung vorhandene Komponenten nur marginal anpassen, um die gew\u00fcnschten Effekte zu erreichen. <span class=\"excerpt-more__dots\">&#8230;<\/span> <a class=\"excerpt-more__link\" href=\"https:\/\/www.krafthand.de\/truck\/artikel\/der-kleine-aber-feine-unterschied-25755\/\" >weiter<\/a><\/p>\n","protected":false},"author":7,"featured_media":25756,"comment_status":"closed","ping_status":"closed","sticky":false,"template":"","format":"standard","meta":{"footnotes":""},"categories":[5],"tags":[868,963,964,1393],"settings":[3523],"class_list":["post-25755","post","type-post","status-publish","format-standard","has-post-thumbnail","hentry","category-branche","tag-euro-vi","tag-euro-iv","tag-euro-v","tag-mahle-aftermarket"],"yoast_head":"<!-- This site is optimized with the Yoast SEO plugin v27.3 - https:\/\/yoast.com\/product\/yoast-seo-wordpress\/ -->\n<title>Der kleine, aber feine Unterschied - Krafthand-Truck<\/title>\n<meta name=\"robots\" content=\"index, follow, max-snippet:-1, max-image-preview:large, max-video-preview:-1\" \/>\n<link rel=\"canonical\" href=\"https:\/\/www.krafthand.de\/truck\/artikel\/der-kleine-aber-feine-unterschied-25755\/\" \/>\n<meta property=\"og:locale\" content=\"de_DE\" \/>\n<meta property=\"og:type\" content=\"article\" \/>\n<meta property=\"og:title\" content=\"Der kleine, aber feine Unterschied - Krafthand-Truck\" \/>\n<meta property=\"og:description\" content=\"Manchmal m\u00fcssen Motorenentwickler im Zuge der technischen Weiterentwicklung vorhandene Komponenten nur marginal anpassen, um die gew\u00fcnschten Effekte zu erreichen. ... weiter\" \/>\n<meta property=\"og:url\" content=\"https:\/\/www.krafthand-truck.de\/artikel\/der-kleine-aber-feine-unterschied-25755\/\" \/>\n<meta property=\"og:site_name\" content=\"Krafthand-Truck\" \/>\n<meta property=\"article:published_time\" content=\"2020-07-09T05:00:38+00:00\" \/>\n<meta property=\"article:modified_time\" content=\"2020-07-13T09:13:56+00:00\" \/>\n<meta property=\"og:image\" content=\"https:\/\/www.krafthand.de\/truck\/wp-content\/uploads\/2020\/07\/02_20_016_gross.jpg\" \/>\n\t<meta property=\"og:image:width\" content=\"1000\" \/>\n\t<meta property=\"og:image:height\" content=\"361\" \/>\n\t<meta property=\"og:image:type\" content=\"image\/jpeg\" \/>\n<meta name=\"author\" content=\"julian.schmid@krafthand.de\" \/>\n<meta name=\"twitter:card\" content=\"summary_large_image\" \/>\n<meta name=\"twitter:label1\" content=\"Verfasst von\" \/>\n\t<meta name=\"twitter:data1\" content=\"julian.schmid@krafthand.de\" \/>\n\t<meta name=\"twitter:label2\" content=\"Gesch\u00e4tzte Lesezeit\" \/>\n\t<meta name=\"twitter:data2\" content=\"1\u00a0Minute\" \/>\n<script type=\"application\/ld+json\" class=\"yoast-schema-graph\">{\"@context\":\"https:\\\/\\\/schema.org\",\"@graph\":[{\"@type\":\"Article\",\"@id\":\"https:\\\/\\\/www.krafthand.de\\\/truck\\\/artikel\\\/der-kleine-aber-feine-unterschied-25755\\\/#article\",\"isPartOf\":{\"@id\":\"https:\\\/\\\/www.krafthand.de\\\/truck\\\/artikel\\\/der-kleine-aber-feine-unterschied-25755\\\/\"},\"author\":{\"name\":\"julian.schmid@krafthand.de\",\"@id\":\"https:\\\/\\\/www.krafthand.de\\\/truck\\\/#\\\/schema\\\/person\\\/23aebc1e5e3f0204da7158bce36950bb\"},\"headline\":\"Der kleine, aber feine Unterschied\",\"datePublished\":\"2020-07-09T05:00:38+00:00\",\"dateModified\":\"2020-07-13T09:13:56+00:00\",\"mainEntityOfPage\":{\"@id\":\"https:\\\/\\\/www.krafthand.de\\\/truck\\\/artikel\\\/der-kleine-aber-feine-unterschied-25755\\\/\"},\"wordCount\":284,\"image\":{\"@id\":\"https:\\\/\\\/www.krafthand.de\\\/truck\\\/artikel\\\/der-kleine-aber-feine-unterschied-25755\\\/#primaryimage\"},\"thumbnailUrl\":\"https:\\\/\\\/static.krafthand-truck.de\\\/uploads\\\/2020\\\/07\\\/02_20_016_gross.jpg\",\"keywords\":[\"Euro VI\",\"Euro-IV\",\"Euro-V\",\"Mahle Aftermarket\"],\"articleSection\":[\"Nfz-Branche\"],\"inLanguage\":\"de\"},{\"@type\":\"WebPage\",\"@id\":\"https:\\\/\\\/www.krafthand.de\\\/truck\\\/artikel\\\/der-kleine-aber-feine-unterschied-25755\\\/\",\"url\":\"https:\\\/\\\/www.krafthand.de\\\/truck\\\/artikel\\\/der-kleine-aber-feine-unterschied-25755\\\/\",\"name\":\"Der kleine, aber feine Unterschied - Krafthand-Truck\",\"isPartOf\":{\"@id\":\"https:\\\/\\\/www.krafthand.de\\\/truck\\\/#website\"},\"primaryImageOfPage\":{\"@id\":\"https:\\\/\\\/www.krafthand.de\\\/truck\\\/artikel\\\/der-kleine-aber-feine-unterschied-25755\\\/#primaryimage\"},\"image\":{\"@id\":\"https:\\\/\\\/www.krafthand.de\\\/truck\\\/artikel\\\/der-kleine-aber-feine-unterschied-25755\\\/#primaryimage\"},\"thumbnailUrl\":\"https:\\\/\\\/static.krafthand-truck.de\\\/uploads\\\/2020\\\/07\\\/02_20_016_gross.jpg\",\"datePublished\":\"2020-07-09T05:00:38+00:00\",\"dateModified\":\"2020-07-13T09:13:56+00:00\",\"author\":{\"@id\":\"https:\\\/\\\/www.krafthand.de\\\/truck\\\/#\\\/schema\\\/person\\\/23aebc1e5e3f0204da7158bce36950bb\"},\"breadcrumb\":{\"@id\":\"https:\\\/\\\/www.krafthand.de\\\/truck\\\/artikel\\\/der-kleine-aber-feine-unterschied-25755\\\/#breadcrumb\"},\"inLanguage\":\"de\",\"potentialAction\":[{\"@type\":\"ReadAction\",\"target\":[\"https:\\\/\\\/www.krafthand.de\\\/truck\\\/artikel\\\/der-kleine-aber-feine-unterschied-25755\\\/\"]}]},{\"@type\":\"ImageObject\",\"inLanguage\":\"de\",\"@id\":\"https:\\\/\\\/www.krafthand.de\\\/truck\\\/artikel\\\/der-kleine-aber-feine-unterschied-25755\\\/#primaryimage\",\"url\":\"https:\\\/\\\/static.krafthand-truck.de\\\/uploads\\\/2020\\\/07\\\/02_20_016_gross.jpg\",\"contentUrl\":\"https:\\\/\\\/static.krafthand-truck.de\\\/uploads\\\/2020\\\/07\\\/02_20_016_gross.jpg\",\"width\":1000,\"height\":361,\"caption\":\"Der K\u00fchlmittelausgleichsbeh\u00e4lter von Mahle f\u00fcr Euro-VI-Motoren verf\u00fcgt \u00fcber einen zus\u00e4tzlichen Anschluss. Mit dem beigelegten Blindstopfen verschlossen, l\u00e4sst sich der Beh\u00e4lter auch f\u00fcr die vorherigen Motor-Generationen verwenden. Bild: Mahle\"},{\"@type\":\"BreadcrumbList\",\"@id\":\"https:\\\/\\\/www.krafthand.de\\\/truck\\\/artikel\\\/der-kleine-aber-feine-unterschied-25755\\\/#breadcrumb\",\"itemListElement\":[{\"@type\":\"ListItem\",\"position\":1,\"name\":\"Krafthand-Truck\",\"item\":\"https:\\\/\\\/www.krafthand.de\\\/truck\\\/\"},{\"@type\":\"ListItem\",\"position\":2,\"name\":\"Nfz-Branche\",\"item\":\"https:\\\/\\\/www.krafthand.de\\\/truck\\\/kategorie\\\/branche\\\/\"},{\"@type\":\"ListItem\",\"position\":3,\"name\":\"Der kleine, aber feine Unterschied\"}]},{\"@type\":\"WebSite\",\"@id\":\"https:\\\/\\\/www.krafthand.de\\\/truck\\\/#website\",\"url\":\"https:\\\/\\\/www.krafthand.de\\\/truck\\\/\",\"name\":\"Krafthand-Truck\",\"description\":\"\",\"potentialAction\":[{\"@type\":\"SearchAction\",\"target\":{\"@type\":\"EntryPoint\",\"urlTemplate\":\"https:\\\/\\\/www.krafthand.de\\\/truck\\\/?s={search_term_string}\"},\"query-input\":{\"@type\":\"PropertyValueSpecification\",\"valueRequired\":true,\"valueName\":\"search_term_string\"}}],\"inLanguage\":\"de\"},{\"@type\":\"Person\",\"@id\":\"https:\\\/\\\/www.krafthand.de\\\/truck\\\/#\\\/schema\\\/person\\\/23aebc1e5e3f0204da7158bce36950bb\",\"name\":\"julian.schmid@krafthand.de\",\"image\":{\"@type\":\"ImageObject\",\"inLanguage\":\"de\",\"@id\":\"https:\\\/\\\/secure.gravatar.com\\\/avatar\\\/ef76c2910cab8eb23fcc013e1c6dc1ba4af5e93fea6e6132d7c4e67d4e9631e9?s=96&d=mm&r=g\",\"url\":\"https:\\\/\\\/secure.gravatar.com\\\/avatar\\\/ef76c2910cab8eb23fcc013e1c6dc1ba4af5e93fea6e6132d7c4e67d4e9631e9?s=96&d=mm&r=g\",\"contentUrl\":\"https:\\\/\\\/secure.gravatar.com\\\/avatar\\\/ef76c2910cab8eb23fcc013e1c6dc1ba4af5e93fea6e6132d7c4e67d4e9631e9?s=96&d=mm&r=g\",\"caption\":\"julian.schmid@krafthand.de\"}}]}<\/script>\n<!-- \/ Yoast SEO plugin. -->","yoast_head_json":{"title":"Der kleine, aber feine Unterschied - Krafthand-Truck","robots":{"index":"index","follow":"follow","max-snippet":"max-snippet:-1","max-image-preview":"max-image-preview:large","max-video-preview":"max-video-preview:-1"},"canonical":"https:\/\/www.krafthand.de\/truck\/artikel\/der-kleine-aber-feine-unterschied-25755\/","og_locale":"de_DE","og_type":"article","og_title":"Der kleine, aber feine Unterschied - Krafthand-Truck","og_description":"Manchmal m\u00fcssen Motorenentwickler im Zuge der technischen Weiterentwicklung vorhandene Komponenten nur marginal anpassen, um die gew\u00fcnschten Effekte zu erreichen. ... weiter","og_url":"https:\/\/www.krafthand-truck.de\/artikel\/der-kleine-aber-feine-unterschied-25755\/","og_site_name":"Krafthand-Truck","article_published_time":"2020-07-09T05:00:38+00:00","article_modified_time":"2020-07-13T09:13:56+00:00","og_image":[{"width":1000,"height":361,"url":"https:\/\/www.krafthand.de\/truck\/wp-content\/uploads\/2020\/07\/02_20_016_gross.jpg","type":"image\/jpeg"}],"author":"julian.schmid@krafthand.de","twitter_card":"summary_large_image","twitter_misc":{"Verfasst von":"julian.schmid@krafthand.de","Gesch\u00e4tzte Lesezeit":"1\u00a0Minute"},"schema":{"@context":"https:\/\/schema.org","@graph":[{"@type":"Article","@id":"https:\/\/www.krafthand.de\/truck\/artikel\/der-kleine-aber-feine-unterschied-25755\/#article","isPartOf":{"@id":"https:\/\/www.krafthand.de\/truck\/artikel\/der-kleine-aber-feine-unterschied-25755\/"},"author":{"name":"julian.schmid@krafthand.de","@id":"https:\/\/www.krafthand.de\/truck\/#\/schema\/person\/23aebc1e5e3f0204da7158bce36950bb"},"headline":"Der kleine, aber feine Unterschied","datePublished":"2020-07-09T05:00:38+00:00","dateModified":"2020-07-13T09:13:56+00:00","mainEntityOfPage":{"@id":"https:\/\/www.krafthand.de\/truck\/artikel\/der-kleine-aber-feine-unterschied-25755\/"},"wordCount":284,"image":{"@id":"https:\/\/www.krafthand.de\/truck\/artikel\/der-kleine-aber-feine-unterschied-25755\/#primaryimage"},"thumbnailUrl":"https:\/\/static.krafthand-truck.de\/uploads\/2020\/07\/02_20_016_gross.jpg","keywords":["Euro VI","Euro-IV","Euro-V","Mahle Aftermarket"],"articleSection":["Nfz-Branche"],"inLanguage":"de"},{"@type":"WebPage","@id":"https:\/\/www.krafthand.de\/truck\/artikel\/der-kleine-aber-feine-unterschied-25755\/","url":"https:\/\/www.krafthand.de\/truck\/artikel\/der-kleine-aber-feine-unterschied-25755\/","name":"Der kleine, aber feine Unterschied - Krafthand-Truck","isPartOf":{"@id":"https:\/\/www.krafthand.de\/truck\/#website"},"primaryImageOfPage":{"@id":"https:\/\/www.krafthand.de\/truck\/artikel\/der-kleine-aber-feine-unterschied-25755\/#primaryimage"},"image":{"@id":"https:\/\/www.krafthand.de\/truck\/artikel\/der-kleine-aber-feine-unterschied-25755\/#primaryimage"},"thumbnailUrl":"https:\/\/static.krafthand-truck.de\/uploads\/2020\/07\/02_20_016_gross.jpg","datePublished":"2020-07-09T05:00:38+00:00","dateModified":"2020-07-13T09:13:56+00:00","author":{"@id":"https:\/\/www.krafthand.de\/truck\/#\/schema\/person\/23aebc1e5e3f0204da7158bce36950bb"},"breadcrumb":{"@id":"https:\/\/www.krafthand.de\/truck\/artikel\/der-kleine-aber-feine-unterschied-25755\/#breadcrumb"},"inLanguage":"de","potentialAction":[{"@type":"ReadAction","target":["https:\/\/www.krafthand.de\/truck\/artikel\/der-kleine-aber-feine-unterschied-25755\/"]}]},{"@type":"ImageObject","inLanguage":"de","@id":"https:\/\/www.krafthand.de\/truck\/artikel\/der-kleine-aber-feine-unterschied-25755\/#primaryimage","url":"https:\/\/static.krafthand-truck.de\/uploads\/2020\/07\/02_20_016_gross.jpg","contentUrl":"https:\/\/static.krafthand-truck.de\/uploads\/2020\/07\/02_20_016_gross.jpg","width":1000,"height":361,"caption":"Der K\u00fchlmittelausgleichsbeh\u00e4lter von Mahle f\u00fcr Euro-VI-Motoren verf\u00fcgt \u00fcber einen zus\u00e4tzlichen Anschluss. Mit dem beigelegten Blindstopfen verschlossen, l\u00e4sst sich der Beh\u00e4lter auch f\u00fcr die vorherigen Motor-Generationen verwenden. Bild: Mahle"},{"@type":"BreadcrumbList","@id":"https:\/\/www.krafthand.de\/truck\/artikel\/der-kleine-aber-feine-unterschied-25755\/#breadcrumb","itemListElement":[{"@type":"ListItem","position":1,"name":"Krafthand-Truck","item":"https:\/\/www.krafthand.de\/truck\/"},{"@type":"ListItem","position":2,"name":"Nfz-Branche","item":"https:\/\/www.krafthand.de\/truck\/kategorie\/branche\/"},{"@type":"ListItem","position":3,"name":"Der kleine, aber feine Unterschied"}]},{"@type":"WebSite","@id":"https:\/\/www.krafthand.de\/truck\/#website","url":"https:\/\/www.krafthand.de\/truck\/","name":"Krafthand-Truck","description":"","potentialAction":[{"@type":"SearchAction","target":{"@type":"EntryPoint","urlTemplate":"https:\/\/www.krafthand.de\/truck\/?s={search_term_string}"},"query-input":{"@type":"PropertyValueSpecification","valueRequired":true,"valueName":"search_term_string"}}],"inLanguage":"de"},{"@type":"Person","@id":"https:\/\/www.krafthand.de\/truck\/#\/schema\/person\/23aebc1e5e3f0204da7158bce36950bb","name":"julian.schmid@krafthand.de","image":{"@type":"ImageObject","inLanguage":"de","@id":"https:\/\/secure.gravatar.com\/avatar\/ef76c2910cab8eb23fcc013e1c6dc1ba4af5e93fea6e6132d7c4e67d4e9631e9?s=96&d=mm&r=g","url":"https:\/\/secure.gravatar.com\/avatar\/ef76c2910cab8eb23fcc013e1c6dc1ba4af5e93fea6e6132d7c4e67d4e9631e9?s=96&d=mm&r=g","contentUrl":"https:\/\/secure.gravatar.com\/avatar\/ef76c2910cab8eb23fcc013e1c6dc1ba4af5e93fea6e6132d7c4e67d4e9631e9?s=96&d=mm&r=g","caption":"julian.schmid@krafthand.de"}}]}},"_links":{"self":[{"href":"https:\/\/www.krafthand.de\/truck\/wp-json\/wp\/v2\/posts\/25755","targetHints":{"allow":["GET"]}}],"collection":[{"href":"https:\/\/www.krafthand.de\/truck\/wp-json\/wp\/v2\/posts"}],"about":[{"href":"https:\/\/www.krafthand.de\/truck\/wp-json\/wp\/v2\/types\/post"}],"author":[{"embeddable":true,"href":"https:\/\/www.krafthand.de\/truck\/wp-json\/wp\/v2\/users\/7"}],"replies":[{"embeddable":true,"href":"https:\/\/www.krafthand.de\/truck\/wp-json\/wp\/v2\/comments?post=25755"}],"version-history":[{"count":3,"href":"https:\/\/www.krafthand.de\/truck\/wp-json\/wp\/v2\/posts\/25755\/revisions"}],"predecessor-version":[{"id":25760,"href":"https:\/\/www.krafthand.de\/truck\/wp-json\/wp\/v2\/posts\/25755\/revisions\/25760"}],"wp:featuredmedia":[{"embeddable":true,"href":"https:\/\/www.krafthand.de\/truck\/wp-json\/wp\/v2\/media\/25756"}],"wp:attachment":[{"href":"https:\/\/www.krafthand.de\/truck\/wp-json\/wp\/v2\/media?parent=25755"}],"wp:term":[{"taxonomy":"category","embeddable":true,"href":"https:\/\/www.krafthand.de\/truck\/wp-json\/wp\/v2\/categories?post=25755"},{"taxonomy":"post_tag","embeddable":true,"href":"https:\/\/www.krafthand.de\/truck\/wp-json\/wp\/v2\/tags?post=25755"},{"taxonomy":"settings","embeddable":true,"href":"https:\/\/www.krafthand.de\/truck\/wp-json\/wp\/v2\/settings?post=25755"}],"curies":[{"name":"wp","href":"https:\/\/api.w.org\/{rel}","templated":true}]}}