{"id":25737,"date":"2020-06-28T07:00:35","date_gmt":"2020-06-28T05:00:35","guid":{"rendered":"https:\/\/www.krafthand.de\/truck\/?p=25737"},"modified":"2020-06-22T17:03:59","modified_gmt":"2020-06-22T15:03:59","slug":"staatlich-gefoerderter-reifenersatz","status":"publish","type":"post","link":"https:\/\/www.krafthand.de\/truck\/artikel\/staatlich-gefoerderter-reifenersatz-25737\/","title":{"rendered":"Staatlich gef\u00f6rderter Reifenersatz"},"content":{"rendered":"<p>Welche Reifen werden im Rahmen des \u201aDe-minimis\u2018-Programms mit wie viel Euro gef\u00f6rdert? Eine Frage, die vor allem f\u00fcr Spediteure und Fuhrparkmanager interessant ist. Der Online-Gro\u00dfh\u00e4ndler Tyre System unterst\u00fctzt seine Kunden seit Kurzem mit einer eigens geschaffenen \u201aDe-minimis-Filterfunktion\u2018. Nach eigenem Bekunden werden damit dem Nutzer alle f\u00f6rderf\u00e4higen neuen und runderneuerten Reifen angezeigt. Zudem lasse sich damit nach der prozentualen F\u00f6rderh\u00f6he filtern: in der Ergebnisliste sind dann alle Artikel mit der entsprechenden Prozentzahl versehen.<\/p>\n<p>Zus\u00e4tzlich bietet der Reifengro\u00dfh\u00e4ndler ein Expertentelefon f\u00fcr Lkw- und Nutzfahrzeugreifen. \u201eUnsere Erfahrung zeigt, dass viele Speditionen Reifen nur nach der F\u00f6rderh\u00f6he kaufen und dabei den Einsatzzweck au\u00dfer Acht lassen\u201c, berichtet Dirk Gleinser, Spezialist fu\u0308r Lkw- und Nutzfahrzeugbereifung bei Tyre System. Dem Fachmann zufolge k\u00f6nnen falsche Reifen aber den Kraftstoffverbrauch erh\u00f6hen und zudem schneller verschlei\u00dfen, sodass sich der F\u00f6rderungseffekt quasi \u201ain Luft aufl\u00f6se\u2018. Eine Gesamtkostenkalkulation schaffe hier Abhilfe. Tyre System unterst\u00fctze seine Kunden aktiv dabei und biete au\u00dferdem eine neutrale De-Minimis-Beratung an, verspricht Gleinser.<\/p>\n<p><i>Den Beitrag finden Sie auch in der Print-Ausgabe 2\/20 der <a href=\"https:\/\/www.krafthand.de\/truck\/magazin\/\" title=\"Zum Magazin\">Krafthand-Truck<\/a>.<\/i><\/p>","protected":false},"excerpt":{"rendered":"<p>Welche Reifen werden im Rahmen des \u201aDe-minimis\u2018-Programms mit wie viel Euro gef\u00f6rdert? Eine Frage, die vor allem f\u00fcr Spediteure und Fuhrparkmanager interessant ist. <span class=\"excerpt-more__dots\">&#8230;<\/span> <a class=\"excerpt-more__link\" href=\"https:\/\/www.krafthand.de\/truck\/artikel\/staatlich-gefoerderter-reifenersatz-25737\/\" >weiter<\/a><\/p>\n","protected":false},"author":7,"featured_media":25738,"comment_status":"closed","ping_status":"closed","sticky":false,"template":"","format":"standard","meta":{"footnotes":""},"categories":[5],"tags":[714,4081],"settings":[],"class_list":["post-25737","post","type-post","status-publish","format-standard","has-post-thumbnail","hentry","category-branche","tag-nutzfahrzeugreifen","tag-tyre-system"],"yoast_head":"<!-- This site is optimized with the Yoast SEO plugin v27.3 - https:\/\/yoast.com\/product\/yoast-seo-wordpress\/ -->\n<title>Staatlich gef\u00f6rderter Reifenersatz - Krafthand-Truck<\/title>\n<meta name=\"robots\" content=\"index, follow, max-snippet:-1, max-image-preview:large, max-video-preview:-1\" \/>\n<link rel=\"canonical\" href=\"https:\/\/www.krafthand.de\/truck\/artikel\/staatlich-gefoerderter-reifenersatz-25737\/\" \/>\n<meta property=\"og:locale\" content=\"de_DE\" \/>\n<meta property=\"og:type\" content=\"article\" \/>\n<meta property=\"og:title\" content=\"Staatlich gef\u00f6rderter Reifenersatz - Krafthand-Truck\" \/>\n<meta property=\"og:description\" content=\"Welche Reifen werden im Rahmen des \u201aDe-minimis\u2018-Programms mit wie viel Euro gef\u00f6rdert? Eine Frage, die vor allem f\u00fcr Spediteure und Fuhrparkmanager interessant ist. ... weiter\" \/>\n<meta property=\"og:url\" content=\"https:\/\/www.krafthand-truck.de\/artikel\/staatlich-gefoerderter-reifenersatz-25737\/\" \/>\n<meta property=\"og:site_name\" content=\"Krafthand-Truck\" \/>\n<meta property=\"article:published_time\" content=\"2020-06-28T05:00:35+00:00\" \/>\n<meta property=\"og:image\" content=\"https:\/\/www.krafthand.de\/truck\/wp-content\/uploads\/2020\/06\/02_20_043_Perso.jpg\" \/>\n\t<meta property=\"og:image:width\" content=\"1000\" \/>\n\t<meta property=\"og:image:height\" content=\"569\" \/>\n\t<meta property=\"og:image:type\" content=\"image\/jpeg\" \/>\n<meta name=\"author\" content=\"julian.schmid@krafthand.de\" \/>\n<meta name=\"twitter:card\" content=\"summary_large_image\" \/>\n<meta name=\"twitter:label1\" content=\"Verfasst von\" \/>\n\t<meta name=\"twitter:data1\" content=\"julian.schmid@krafthand.de\" \/>\n\t<meta name=\"twitter:label2\" content=\"Gesch\u00e4tzte Lesezeit\" \/>\n\t<meta name=\"twitter:data2\" content=\"1\u00a0Minute\" \/>\n<script type=\"application\/ld+json\" class=\"yoast-schema-graph\">{\"@context\":\"https:\\\/\\\/schema.org\",\"@graph\":[{\"@type\":\"Article\",\"@id\":\"https:\\\/\\\/www.krafthand.de\\\/truck\\\/artikel\\\/staatlich-gefoerderter-reifenersatz-25737\\\/#article\",\"isPartOf\":{\"@id\":\"https:\\\/\\\/www.krafthand.de\\\/truck\\\/artikel\\\/staatlich-gefoerderter-reifenersatz-25737\\\/\"},\"author\":{\"name\":\"julian.schmid@krafthand.de\",\"@id\":\"https:\\\/\\\/www.krafthand.de\\\/truck\\\/#\\\/schema\\\/person\\\/23aebc1e5e3f0204da7158bce36950bb\"},\"headline\":\"Staatlich gef\u00f6rderter Reifenersatz\",\"datePublished\":\"2020-06-28T05:00:35+00:00\",\"mainEntityOfPage\":{\"@id\":\"https:\\\/\\\/www.krafthand.de\\\/truck\\\/artikel\\\/staatlich-gefoerderter-reifenersatz-25737\\\/\"},\"wordCount\":184,\"image\":{\"@id\":\"https:\\\/\\\/www.krafthand.de\\\/truck\\\/artikel\\\/staatlich-gefoerderter-reifenersatz-25737\\\/#primaryimage\"},\"thumbnailUrl\":\"https:\\\/\\\/static.krafthand-truck.de\\\/uploads\\\/2020\\\/06\\\/02_20_043_Perso.jpg\",\"keywords\":[\"Nutzfahrzeugreifen\",\"Tyre System\"],\"articleSection\":[\"Nfz-Branche\"],\"inLanguage\":\"de\"},{\"@type\":\"WebPage\",\"@id\":\"https:\\\/\\\/www.krafthand.de\\\/truck\\\/artikel\\\/staatlich-gefoerderter-reifenersatz-25737\\\/\",\"url\":\"https:\\\/\\\/www.krafthand.de\\\/truck\\\/artikel\\\/staatlich-gefoerderter-reifenersatz-25737\\\/\",\"name\":\"Staatlich gef\u00f6rderter Reifenersatz - Krafthand-Truck\",\"isPartOf\":{\"@id\":\"https:\\\/\\\/www.krafthand.de\\\/truck\\\/#website\"},\"primaryImageOfPage\":{\"@id\":\"https:\\\/\\\/www.krafthand.de\\\/truck\\\/artikel\\\/staatlich-gefoerderter-reifenersatz-25737\\\/#primaryimage\"},\"image\":{\"@id\":\"https:\\\/\\\/www.krafthand.de\\\/truck\\\/artikel\\\/staatlich-gefoerderter-reifenersatz-25737\\\/#primaryimage\"},\"thumbnailUrl\":\"https:\\\/\\\/static.krafthand-truck.de\\\/uploads\\\/2020\\\/06\\\/02_20_043_Perso.jpg\",\"datePublished\":\"2020-06-28T05:00:35+00:00\",\"author\":{\"@id\":\"https:\\\/\\\/www.krafthand.de\\\/truck\\\/#\\\/schema\\\/person\\\/23aebc1e5e3f0204da7158bce36950bb\"},\"breadcrumb\":{\"@id\":\"https:\\\/\\\/www.krafthand.de\\\/truck\\\/artikel\\\/staatlich-gefoerderter-reifenersatz-25737\\\/#breadcrumb\"},\"inLanguage\":\"de\",\"potentialAction\":[{\"@type\":\"ReadAction\",\"target\":[\"https:\\\/\\\/www.krafthand.de\\\/truck\\\/artikel\\\/staatlich-gefoerderter-reifenersatz-25737\\\/\"]}]},{\"@type\":\"ImageObject\",\"inLanguage\":\"de\",\"@id\":\"https:\\\/\\\/www.krafthand.de\\\/truck\\\/artikel\\\/staatlich-gefoerderter-reifenersatz-25737\\\/#primaryimage\",\"url\":\"https:\\\/\\\/static.krafthand-truck.de\\\/uploads\\\/2020\\\/06\\\/02_20_043_Perso.jpg\",\"contentUrl\":\"https:\\\/\\\/static.krafthand-truck.de\\\/uploads\\\/2020\\\/06\\\/02_20_043_Perso.jpg\",\"width\":1000,\"height\":569,\"caption\":\"Dirk Gleinser, Experte f\u00fcr Lkw- und Nutzfahrzeugreifen beim Online-Reifenh\u00e4ndler Tyre System, ber\u00e4t individuell am Expertentelefon, insbesondere auch zur staatlichen De-minimis-F\u00f6rderung. Bild: Tyre System\"},{\"@type\":\"BreadcrumbList\",\"@id\":\"https:\\\/\\\/www.krafthand.de\\\/truck\\\/artikel\\\/staatlich-gefoerderter-reifenersatz-25737\\\/#breadcrumb\",\"itemListElement\":[{\"@type\":\"ListItem\",\"position\":1,\"name\":\"Krafthand-Truck\",\"item\":\"https:\\\/\\\/www.krafthand.de\\\/truck\\\/\"},{\"@type\":\"ListItem\",\"position\":2,\"name\":\"Nfz-Branche\",\"item\":\"https:\\\/\\\/www.krafthand.de\\\/truck\\\/kategorie\\\/branche\\\/\"},{\"@type\":\"ListItem\",\"position\":3,\"name\":\"Staatlich gef\u00f6rderter Reifenersatz\"}]},{\"@type\":\"WebSite\",\"@id\":\"https:\\\/\\\/www.krafthand.de\\\/truck\\\/#website\",\"url\":\"https:\\\/\\\/www.krafthand.de\\\/truck\\\/\",\"name\":\"Krafthand-Truck\",\"description\":\"\",\"potentialAction\":[{\"@type\":\"SearchAction\",\"target\":{\"@type\":\"EntryPoint\",\"urlTemplate\":\"https:\\\/\\\/www.krafthand.de\\\/truck\\\/?s={search_term_string}\"},\"query-input\":{\"@type\":\"PropertyValueSpecification\",\"valueRequired\":true,\"valueName\":\"search_term_string\"}}],\"inLanguage\":\"de\"},{\"@type\":\"Person\",\"@id\":\"https:\\\/\\\/www.krafthand.de\\\/truck\\\/#\\\/schema\\\/person\\\/23aebc1e5e3f0204da7158bce36950bb\",\"name\":\"julian.schmid@krafthand.de\",\"image\":{\"@type\":\"ImageObject\",\"inLanguage\":\"de\",\"@id\":\"https:\\\/\\\/secure.gravatar.com\\\/avatar\\\/ef76c2910cab8eb23fcc013e1c6dc1ba4af5e93fea6e6132d7c4e67d4e9631e9?s=96&d=mm&r=g\",\"url\":\"https:\\\/\\\/secure.gravatar.com\\\/avatar\\\/ef76c2910cab8eb23fcc013e1c6dc1ba4af5e93fea6e6132d7c4e67d4e9631e9?s=96&d=mm&r=g\",\"contentUrl\":\"https:\\\/\\\/secure.gravatar.com\\\/avatar\\\/ef76c2910cab8eb23fcc013e1c6dc1ba4af5e93fea6e6132d7c4e67d4e9631e9?s=96&d=mm&r=g\",\"caption\":\"julian.schmid@krafthand.de\"}}]}<\/script>\n<!-- \/ Yoast SEO plugin. -->","yoast_head_json":{"title":"Staatlich gef\u00f6rderter Reifenersatz - Krafthand-Truck","robots":{"index":"index","follow":"follow","max-snippet":"max-snippet:-1","max-image-preview":"max-image-preview:large","max-video-preview":"max-video-preview:-1"},"canonical":"https:\/\/www.krafthand.de\/truck\/artikel\/staatlich-gefoerderter-reifenersatz-25737\/","og_locale":"de_DE","og_type":"article","og_title":"Staatlich gef\u00f6rderter Reifenersatz - Krafthand-Truck","og_description":"Welche Reifen werden im Rahmen des \u201aDe-minimis\u2018-Programms mit wie viel Euro gef\u00f6rdert? Eine Frage, die vor allem f\u00fcr Spediteure und Fuhrparkmanager interessant ist. ... weiter","og_url":"https:\/\/www.krafthand-truck.de\/artikel\/staatlich-gefoerderter-reifenersatz-25737\/","og_site_name":"Krafthand-Truck","article_published_time":"2020-06-28T05:00:35+00:00","og_image":[{"width":1000,"height":569,"url":"https:\/\/www.krafthand.de\/truck\/wp-content\/uploads\/2020\/06\/02_20_043_Perso.jpg","type":"image\/jpeg"}],"author":"julian.schmid@krafthand.de","twitter_card":"summary_large_image","twitter_misc":{"Verfasst von":"julian.schmid@krafthand.de","Gesch\u00e4tzte Lesezeit":"1\u00a0Minute"},"schema":{"@context":"https:\/\/schema.org","@graph":[{"@type":"Article","@id":"https:\/\/www.krafthand.de\/truck\/artikel\/staatlich-gefoerderter-reifenersatz-25737\/#article","isPartOf":{"@id":"https:\/\/www.krafthand.de\/truck\/artikel\/staatlich-gefoerderter-reifenersatz-25737\/"},"author":{"name":"julian.schmid@krafthand.de","@id":"https:\/\/www.krafthand.de\/truck\/#\/schema\/person\/23aebc1e5e3f0204da7158bce36950bb"},"headline":"Staatlich gef\u00f6rderter Reifenersatz","datePublished":"2020-06-28T05:00:35+00:00","mainEntityOfPage":{"@id":"https:\/\/www.krafthand.de\/truck\/artikel\/staatlich-gefoerderter-reifenersatz-25737\/"},"wordCount":184,"image":{"@id":"https:\/\/www.krafthand.de\/truck\/artikel\/staatlich-gefoerderter-reifenersatz-25737\/#primaryimage"},"thumbnailUrl":"https:\/\/static.krafthand-truck.de\/uploads\/2020\/06\/02_20_043_Perso.jpg","keywords":["Nutzfahrzeugreifen","Tyre System"],"articleSection":["Nfz-Branche"],"inLanguage":"de"},{"@type":"WebPage","@id":"https:\/\/www.krafthand.de\/truck\/artikel\/staatlich-gefoerderter-reifenersatz-25737\/","url":"https:\/\/www.krafthand.de\/truck\/artikel\/staatlich-gefoerderter-reifenersatz-25737\/","name":"Staatlich gef\u00f6rderter Reifenersatz - Krafthand-Truck","isPartOf":{"@id":"https:\/\/www.krafthand.de\/truck\/#website"},"primaryImageOfPage":{"@id":"https:\/\/www.krafthand.de\/truck\/artikel\/staatlich-gefoerderter-reifenersatz-25737\/#primaryimage"},"image":{"@id":"https:\/\/www.krafthand.de\/truck\/artikel\/staatlich-gefoerderter-reifenersatz-25737\/#primaryimage"},"thumbnailUrl":"https:\/\/static.krafthand-truck.de\/uploads\/2020\/06\/02_20_043_Perso.jpg","datePublished":"2020-06-28T05:00:35+00:00","author":{"@id":"https:\/\/www.krafthand.de\/truck\/#\/schema\/person\/23aebc1e5e3f0204da7158bce36950bb"},"breadcrumb":{"@id":"https:\/\/www.krafthand.de\/truck\/artikel\/staatlich-gefoerderter-reifenersatz-25737\/#breadcrumb"},"inLanguage":"de","potentialAction":[{"@type":"ReadAction","target":["https:\/\/www.krafthand.de\/truck\/artikel\/staatlich-gefoerderter-reifenersatz-25737\/"]}]},{"@type":"ImageObject","inLanguage":"de","@id":"https:\/\/www.krafthand.de\/truck\/artikel\/staatlich-gefoerderter-reifenersatz-25737\/#primaryimage","url":"https:\/\/static.krafthand-truck.de\/uploads\/2020\/06\/02_20_043_Perso.jpg","contentUrl":"https:\/\/static.krafthand-truck.de\/uploads\/2020\/06\/02_20_043_Perso.jpg","width":1000,"height":569,"caption":"Dirk Gleinser, Experte f\u00fcr Lkw- und Nutzfahrzeugreifen beim Online-Reifenh\u00e4ndler Tyre System, ber\u00e4t individuell am Expertentelefon, insbesondere auch zur staatlichen De-minimis-F\u00f6rderung. Bild: Tyre System"},{"@type":"BreadcrumbList","@id":"https:\/\/www.krafthand.de\/truck\/artikel\/staatlich-gefoerderter-reifenersatz-25737\/#breadcrumb","itemListElement":[{"@type":"ListItem","position":1,"name":"Krafthand-Truck","item":"https:\/\/www.krafthand.de\/truck\/"},{"@type":"ListItem","position":2,"name":"Nfz-Branche","item":"https:\/\/www.krafthand.de\/truck\/kategorie\/branche\/"},{"@type":"ListItem","position":3,"name":"Staatlich gef\u00f6rderter Reifenersatz"}]},{"@type":"WebSite","@id":"https:\/\/www.krafthand.de\/truck\/#website","url":"https:\/\/www.krafthand.de\/truck\/","name":"Krafthand-Truck","description":"","potentialAction":[{"@type":"SearchAction","target":{"@type":"EntryPoint","urlTemplate":"https:\/\/www.krafthand.de\/truck\/?s={search_term_string}"},"query-input":{"@type":"PropertyValueSpecification","valueRequired":true,"valueName":"search_term_string"}}],"inLanguage":"de"},{"@type":"Person","@id":"https:\/\/www.krafthand.de\/truck\/#\/schema\/person\/23aebc1e5e3f0204da7158bce36950bb","name":"julian.schmid@krafthand.de","image":{"@type":"ImageObject","inLanguage":"de","@id":"https:\/\/secure.gravatar.com\/avatar\/ef76c2910cab8eb23fcc013e1c6dc1ba4af5e93fea6e6132d7c4e67d4e9631e9?s=96&d=mm&r=g","url":"https:\/\/secure.gravatar.com\/avatar\/ef76c2910cab8eb23fcc013e1c6dc1ba4af5e93fea6e6132d7c4e67d4e9631e9?s=96&d=mm&r=g","contentUrl":"https:\/\/secure.gravatar.com\/avatar\/ef76c2910cab8eb23fcc013e1c6dc1ba4af5e93fea6e6132d7c4e67d4e9631e9?s=96&d=mm&r=g","caption":"julian.schmid@krafthand.de"}}]}},"_links":{"self":[{"href":"https:\/\/www.krafthand.de\/truck\/wp-json\/wp\/v2\/posts\/25737","targetHints":{"allow":["GET"]}}],"collection":[{"href":"https:\/\/www.krafthand.de\/truck\/wp-json\/wp\/v2\/posts"}],"about":[{"href":"https:\/\/www.krafthand.de\/truck\/wp-json\/wp\/v2\/types\/post"}],"author":[{"embeddable":true,"href":"https:\/\/www.krafthand.de\/truck\/wp-json\/wp\/v2\/users\/7"}],"replies":[{"embeddable":true,"href":"https:\/\/www.krafthand.de\/truck\/wp-json\/wp\/v2\/comments?post=25737"}],"version-history":[{"count":1,"href":"https:\/\/www.krafthand.de\/truck\/wp-json\/wp\/v2\/posts\/25737\/revisions"}],"predecessor-version":[{"id":25739,"href":"https:\/\/www.krafthand.de\/truck\/wp-json\/wp\/v2\/posts\/25737\/revisions\/25739"}],"wp:featuredmedia":[{"embeddable":true,"href":"https:\/\/www.krafthand.de\/truck\/wp-json\/wp\/v2\/media\/25738"}],"wp:attachment":[{"href":"https:\/\/www.krafthand.de\/truck\/wp-json\/wp\/v2\/media?parent=25737"}],"wp:term":[{"taxonomy":"category","embeddable":true,"href":"https:\/\/www.krafthand.de\/truck\/wp-json\/wp\/v2\/categories?post=25737"},{"taxonomy":"post_tag","embeddable":true,"href":"https:\/\/www.krafthand.de\/truck\/wp-json\/wp\/v2\/tags?post=25737"},{"taxonomy":"settings","embeddable":true,"href":"https:\/\/www.krafthand.de\/truck\/wp-json\/wp\/v2\/settings?post=25737"}],"curies":[{"name":"wp","href":"https:\/\/api.w.org\/{rel}","templated":true}]}}