{"id":25707,"date":"2020-06-04T07:00:16","date_gmt":"2020-06-04T05:00:16","guid":{"rendered":"https:\/\/www.krafthand.de\/truck\/?p=25707"},"modified":"2021-03-30T07:52:08","modified_gmt":"2021-03-30T05:52:08","slug":"alles-nur-einstellungssache","status":"publish","type":"post","link":"https:\/\/www.krafthand.de\/truck\/artikel\/alles-nur-einstellungssache-25707\/","title":{"rendered":"Alles nur Einstellungssache"},"content":{"rendered":"<p>Lange Zeit galt es als \u201aunm\u00f6glich\u2018, Turbolader mit variabler Turbinengeometrie, auch als VTG-, VNT- und VGT-Lader bekannt, im Feld fachgerecht instand zu setzen. Selbst erfahrenen Turbolader-Profis wie Motair in K\u00f6ln, die \u00fcber eine eigene Turboladeraufbereitung verf\u00fcgen und mit dem \u201aReco\u2018-Turboladern ein breites Programm an Reman-Produkten im Portfolio haben, war es von Seiten der Original-Hersteller \u201anicht erlaubt\u2018, Hand an die elektrisch angesteuerte Turbinen- Verstellung zu legen beziehungsweise Teilreparaturen am Lader vorzunehmen. Grund hierf\u00fcr war laut Motair-Chef Andreas Solibieda, dass sich die elektronischen Verstelleinheiten bislang \u201eauf der Werkbank\u201c nicht fachgerecht justieren und kalibrieren lie\u00dfen. \u201eOhne exakte Einstellung und richtige Kalibrierung kommt es nach dem Einbau ziemlich sicher zu Funktionsst\u00f6rungen im Betrieb\u201c, ist sich Solibieda sicher.<\/p>\n<p>Doch das hat sich dem Motair-Chef zufolge vor Kurzem ge\u00e4ndert: Nach dem Besuch eines Spezial-Lehrgangs beim Turboladerhersteller Cummins Turbo Technologies in England d\u00fcrfen autorisierte Distributoren wie Motair seit kurzem die VGT-Lader der Cummins-Marke \u201aHolset\u2018 revidieren und \u201aauf der Werkbank\u2018\u00a0 mit Hilfe des \u201aE-Tools\u2018, einer Kombination aus Spezial-Laptop und Spezial-Software, auch einstellen und kalibrieren. \u201eDamit entspricht ein individuell handwerklich instandgesetzter VGT-Lader exakt einem werksseitig revidierten Tauschlader\u201c, erkl\u00e4rt Motair-Turbolader-Spezialist Markus Lange im Gespr\u00e4ch mit KRAFTHAND-Truck. Er hat mit seinem Chef den erforderlichen, viert\u00e4gigen und \u201aLevel 4\u2018 genannten Speziallehrgang bei Cummins in England absolviert und darf nun \u201aHolset VNT\u2018-Lader, wie sie etwa an Ivecos \u201aCursor\u2018-Motoren verbaut sind, von Grund auf \u00fcberholen. \u201eNach dem Kalibrieren ist der Turbo komplett einbaufertig\u201c, versichert Lange.<\/p>\n<p>Im Gegensatz zu verstellbaren Turboladern, bei denen beweglich auf einem Ring angeordnete Leitschaufeln die variable Turbinengeometrie bewerkstelligen, erledigt dies bei den \u201aHolset VGT\u2018-Ladern ein axial im Turbinengeh\u00e4use verschiebbarer D\u00fcsenring. Durch das Verschieben \u00e4ndert sich der Spalt, durch den das Abgas auf das Turbinenrad str\u00f6mt. Bei geschlossener D\u00fcse ist der Spalt eng, wodurch der Abgasdruck steigt und sich die Laderdrehzahl erh\u00f6ht. \u00d6ffnet der D\u00fcsenring, reduziert sich der Abgasdruck und damit sinkt der Ladedruck. \u201eMit der patentierten VGT der \u201aHolset\u2018-Lader l\u00e4sst sich praktisch eine unendliche Zahl von Turboladern mit feststehender Geometrie ersetzen\u201c, erkl\u00e4rt Andreas Solibieda im Gespr\u00e4ch mit der KRAFTHAND-Truck Redaktion.<\/p>\n<figure id=\"attachment_25709\" aria-describedby=\"caption-attachment-25709\" style=\"width: 1000px\" class=\"wp-caption alignnone\"><img fetchpriority=\"high\" decoding=\"async\" class=\"size-full wp-image-25709\" src=\"https:\/\/www.krafthand.de\/truck\/wp-content\/uploads\/2020\/05\/0120_024_02.jpg\" alt=\"Grundeinstellung des E-Stellers eines VGT-Turboladers\" width=\"1000\" height=\"870\" srcset=\"https:\/\/static.krafthand-truck.de\/uploads\/2020\/05\/0120_024_02.jpg 1000w, https:\/\/static.krafthand-truck.de\/uploads\/2020\/05\/0120_024_02-300x261.jpg 300w, https:\/\/static.krafthand-truck.de\/uploads\/2020\/05\/0120_024_02-768x668.jpg 768w\" sizes=\"(max-width: 1000px) 100vw, 1000px\" \/><figcaption id=\"caption-attachment-25709\" class=\"wp-caption-text\">Stimmt die Soll-Kurve (schwarz) mit der Ist-Kurve (rot) \u00fcberein, passt die Grundeinstellung des E-Stellers der VGT und der \u00fcberholte Turbolader kann in diesem Zustand direkt verbaut werden. Bild: Motair<\/figcaption><\/figure>\n<p>Turboladerexperte Lange verwendet das \u201aE-Tool\u2018 bereits zur Befundung des zu \u00fcberholenden Laders und liest damit den Fehlerspeicher des elektronischen Verstellers aus. Er erh\u00e4lt dadurch unter anderem Informationen \u00fcber die im Betrieb erreichten Maximaltemperaturen und -drehzahlen. Nach dem Instandsetzen pr\u00fcft Lange den VGT-Mechanismus zuerst einmal mechanisch und korrigiert bei Bedarf den Verstellweg. Dann montiert er den E-Steller, der sp\u00e4ter vom Motorsteuerger\u00e4t angesteuert die VGT- D\u00fcse verschiebt, wie im produktspezifischen Datenblatt beschrieben. Anschlie\u00dfend erfolgt die softwaregesteuerte Feinjustage der Endanschl\u00e4ge mit dem \u201aE-Tool\u2018. Dazu spricht Lange den E-Steller \u00fcber das Laptop an. Wenn alles passt, schlie\u00dft er die Prozedur ab und quittiert die erfolgreiche Grundeinstellung.<\/p>\n<p><i>Den Beitrag finden Sie auch in der Print-Ausgabe 1\/20 der <a href=\"https:\/\/www.krafthand.de\/truck\/magazin\/\" title=\"Zum Magazin\">Krafthand-Truck<\/a>.<\/i><\/p>\r\n\t\t\t\t<div class=\"post-author\">\r\n\t\t\t\t\t<div class=\"khm-cp-author clearfix\">\r\n\t\t\t\t\t\t<div class=\"khm-cp-author__content\">\r\n\t\t\t\t\t\t\t\tKontakt zum Autor:<br \/>\r\n\t\t\t\t\t\t\t\t<strong>Klaus Kuss<\/strong>, 08247 \/ 3007-177 |  <a href=\"mailto:klaus.kuss@krafthand-medien.de\">klaus.kuss@krafthand-medien.de<\/a>\r\n\t\t\t\t\t\t\t<div class=\"khm-cp-author__image\">\r\n\t\t\t\t\t\t<img src=\"https:\/\/static.krafthand-truck.de\/uploads\/2018\/01\/Kuss_Klaus-250x300.png\" class=\"img-responsive\">\r\n\t\t\t\t\t<\/div>\r\n\t\t\t\t\t\t<\/div>\r\n\t\t\t\t\t<\/div>\r\n\t\t\t\t<\/div>\r\n\t\t\t\t","protected":false},"excerpt":{"rendered":"<p>Lange Zeit galt es als \u201aunm\u00f6glich\u2018, Turbolader mit variabler Turbinengeometrie im Feld fachgerecht instand zu setzen. Doch das hat sich dem Motair-Chef zufolge vor Kurzem ge\u00e4ndert. <span class=\"excerpt-more__dots\">&#8230;<\/span> <a class=\"excerpt-more__link\" href=\"https:\/\/www.krafthand.de\/truck\/artikel\/alles-nur-einstellungssache-25707\/\" >weiter<\/a><\/p>\n","protected":false},"author":7,"featured_media":25708,"comment_status":"closed","ping_status":"closed","sticky":false,"template":"","format":"standard","meta":{"footnotes":""},"categories":[4223,4218],"tags":[368,3868,367,3865,4069,4068],"settings":[3524,3523],"class_list":["post-25707","post","type-post","status-publish","format-standard","has-post-thumbnail","hentry","category-antrieb","category-werkstattpraxis","tag-motair","tag-turbinengeometrie","tag-turbolader","tag-vgt-turbolader","tag-vnt-turbolader","tag-vtg-turbolader"],"yoast_head":"<!-- This site is optimized with the Yoast SEO plugin v27.3 - https:\/\/yoast.com\/product\/yoast-seo-wordpress\/ -->\n<title>Alles nur Einstellungssache - Krafthand-Truck<\/title>\n<meta name=\"robots\" content=\"index, follow, max-snippet:-1, max-image-preview:large, max-video-preview:-1\" \/>\n<link rel=\"canonical\" href=\"https:\/\/www.krafthand.de\/truck\/artikel\/alles-nur-einstellungssache-25707\/\" \/>\n<meta property=\"og:locale\" content=\"de_DE\" \/>\n<meta property=\"og:type\" content=\"article\" \/>\n<meta property=\"og:title\" content=\"Alles nur Einstellungssache - Krafthand-Truck\" \/>\n<meta property=\"og:description\" content=\"Lange Zeit galt es als \u201aunm\u00f6glich\u2018, Turbolader mit variabler Turbinengeometrie im Feld fachgerecht instand zu setzen. Doch das hat sich dem Motair-Chef zufolge vor Kurzem ge\u00e4ndert. ... weiter\" \/>\n<meta property=\"og:url\" content=\"https:\/\/www.krafthand-truck.de\/artikel\/alles-nur-einstellungssache-25707\/\" \/>\n<meta property=\"og:site_name\" content=\"Krafthand-Truck\" \/>\n<meta property=\"article:published_time\" content=\"2020-06-04T05:00:16+00:00\" \/>\n<meta property=\"article:modified_time\" content=\"2021-03-30T05:52:08+00:00\" \/>\n<meta property=\"og:image\" content=\"https:\/\/www.krafthand.de\/truck\/wp-content\/uploads\/2020\/05\/0120_024_01-quer.jpg\" \/>\n\t<meta property=\"og:image:width\" content=\"1000\" \/>\n\t<meta property=\"og:image:height\" content=\"750\" \/>\n\t<meta property=\"og:image:type\" content=\"image\/jpeg\" \/>\n<meta name=\"author\" content=\"julian.schmid@krafthand.de\" \/>\n<meta name=\"twitter:card\" content=\"summary_large_image\" \/>\n<meta name=\"twitter:label1\" content=\"Verfasst von\" \/>\n\t<meta name=\"twitter:data1\" content=\"julian.schmid@krafthand.de\" \/>\n\t<meta name=\"twitter:label2\" content=\"Gesch\u00e4tzte Lesezeit\" \/>\n\t<meta name=\"twitter:data2\" content=\"3\u00a0Minuten\" \/>\n<script type=\"application\/ld+json\" class=\"yoast-schema-graph\">{\"@context\":\"https:\\\/\\\/schema.org\",\"@graph\":[{\"@type\":\"Article\",\"@id\":\"https:\\\/\\\/www.krafthand.de\\\/truck\\\/artikel\\\/alles-nur-einstellungssache-25707\\\/#article\",\"isPartOf\":{\"@id\":\"https:\\\/\\\/www.krafthand.de\\\/truck\\\/artikel\\\/alles-nur-einstellungssache-25707\\\/\"},\"author\":{\"name\":\"julian.schmid@krafthand.de\",\"@id\":\"https:\\\/\\\/www.krafthand.de\\\/truck\\\/#\\\/schema\\\/person\\\/23aebc1e5e3f0204da7158bce36950bb\"},\"headline\":\"Alles nur Einstellungssache\",\"datePublished\":\"2020-06-04T05:00:16+00:00\",\"dateModified\":\"2021-03-30T05:52:08+00:00\",\"mainEntityOfPage\":{\"@id\":\"https:\\\/\\\/www.krafthand.de\\\/truck\\\/artikel\\\/alles-nur-einstellungssache-25707\\\/\"},\"wordCount\":503,\"image\":{\"@id\":\"https:\\\/\\\/www.krafthand.de\\\/truck\\\/artikel\\\/alles-nur-einstellungssache-25707\\\/#primaryimage\"},\"thumbnailUrl\":\"https:\\\/\\\/static.krafthand-truck.de\\\/uploads\\\/2020\\\/05\\\/0120_024_01-quer.jpg\",\"keywords\":[\"Motair\",\"Turbinengeometrie\",\"Turbolader\",\"VGT-Turbolader\",\"VNT-Turbolader\",\"VTG-Turbolader\"],\"articleSection\":[\"Antrieb (Motor\\\/Getriebe)\",\"Werkstattpraxis\"],\"inLanguage\":\"de\"},{\"@type\":\"WebPage\",\"@id\":\"https:\\\/\\\/www.krafthand.de\\\/truck\\\/artikel\\\/alles-nur-einstellungssache-25707\\\/\",\"url\":\"https:\\\/\\\/www.krafthand.de\\\/truck\\\/artikel\\\/alles-nur-einstellungssache-25707\\\/\",\"name\":\"Alles nur Einstellungssache - Krafthand-Truck\",\"isPartOf\":{\"@id\":\"https:\\\/\\\/www.krafthand.de\\\/truck\\\/#website\"},\"primaryImageOfPage\":{\"@id\":\"https:\\\/\\\/www.krafthand.de\\\/truck\\\/artikel\\\/alles-nur-einstellungssache-25707\\\/#primaryimage\"},\"image\":{\"@id\":\"https:\\\/\\\/www.krafthand.de\\\/truck\\\/artikel\\\/alles-nur-einstellungssache-25707\\\/#primaryimage\"},\"thumbnailUrl\":\"https:\\\/\\\/static.krafthand-truck.de\\\/uploads\\\/2020\\\/05\\\/0120_024_01-quer.jpg\",\"datePublished\":\"2020-06-04T05:00:16+00:00\",\"dateModified\":\"2021-03-30T05:52:08+00:00\",\"author\":{\"@id\":\"https:\\\/\\\/www.krafthand.de\\\/truck\\\/#\\\/schema\\\/person\\\/23aebc1e5e3f0204da7158bce36950bb\"},\"breadcrumb\":{\"@id\":\"https:\\\/\\\/www.krafthand.de\\\/truck\\\/artikel\\\/alles-nur-einstellungssache-25707\\\/#breadcrumb\"},\"inLanguage\":\"de\",\"potentialAction\":[{\"@type\":\"ReadAction\",\"target\":[\"https:\\\/\\\/www.krafthand.de\\\/truck\\\/artikel\\\/alles-nur-einstellungssache-25707\\\/\"]}]},{\"@type\":\"ImageObject\",\"inLanguage\":\"de\",\"@id\":\"https:\\\/\\\/www.krafthand.de\\\/truck\\\/artikel\\\/alles-nur-einstellungssache-25707\\\/#primaryimage\",\"url\":\"https:\\\/\\\/static.krafthand-truck.de\\\/uploads\\\/2020\\\/05\\\/0120_024_01-quer.jpg\",\"contentUrl\":\"https:\\\/\\\/static.krafthand-truck.de\\\/uploads\\\/2020\\\/05\\\/0120_024_01-quer.jpg\",\"width\":1000,\"height\":750,\"caption\":\"Mit dem \u201aE-Tool\u2018, einer Spezialsoftware von Cummins, kalibriert Turbolader-Spezialist Markus Lange von Motair die verstellbare Turbine des von Grund auf \u00fcberholten \u201aHolset VGT\u2018-Laders. Er pr\u00fcft dabei unter anderem die Endanschl\u00e4ge und die Verstellung des axial verschiebbaren D\u00fcsenrings auf der Turbinenseite. Bild: Motair\"},{\"@type\":\"BreadcrumbList\",\"@id\":\"https:\\\/\\\/www.krafthand.de\\\/truck\\\/artikel\\\/alles-nur-einstellungssache-25707\\\/#breadcrumb\",\"itemListElement\":[{\"@type\":\"ListItem\",\"position\":1,\"name\":\"Krafthand-Truck\",\"item\":\"https:\\\/\\\/www.krafthand.de\\\/truck\\\/\"},{\"@type\":\"ListItem\",\"position\":2,\"name\":\"Nfz-Service\",\"item\":\"https:\\\/\\\/www.krafthand.de\\\/truck\\\/kategorie\\\/nfz-service\\\/\"},{\"@type\":\"ListItem\",\"position\":3,\"name\":\"Werkstattpraxis\",\"item\":\"https:\\\/\\\/www.krafthand.de\\\/truck\\\/kategorie\\\/nfz-service\\\/werkstattpraxis\\\/\"},{\"@type\":\"ListItem\",\"position\":4,\"name\":\"Alles nur Einstellungssache\"}]},{\"@type\":\"WebSite\",\"@id\":\"https:\\\/\\\/www.krafthand.de\\\/truck\\\/#website\",\"url\":\"https:\\\/\\\/www.krafthand.de\\\/truck\\\/\",\"name\":\"Krafthand-Truck\",\"description\":\"\",\"potentialAction\":[{\"@type\":\"SearchAction\",\"target\":{\"@type\":\"EntryPoint\",\"urlTemplate\":\"https:\\\/\\\/www.krafthand.de\\\/truck\\\/?s={search_term_string}\"},\"query-input\":{\"@type\":\"PropertyValueSpecification\",\"valueRequired\":true,\"valueName\":\"search_term_string\"}}],\"inLanguage\":\"de\"},{\"@type\":\"Person\",\"@id\":\"https:\\\/\\\/www.krafthand.de\\\/truck\\\/#\\\/schema\\\/person\\\/23aebc1e5e3f0204da7158bce36950bb\",\"name\":\"julian.schmid@krafthand.de\",\"image\":{\"@type\":\"ImageObject\",\"inLanguage\":\"de\",\"@id\":\"https:\\\/\\\/secure.gravatar.com\\\/avatar\\\/ef76c2910cab8eb23fcc013e1c6dc1ba4af5e93fea6e6132d7c4e67d4e9631e9?s=96&d=mm&r=g\",\"url\":\"https:\\\/\\\/secure.gravatar.com\\\/avatar\\\/ef76c2910cab8eb23fcc013e1c6dc1ba4af5e93fea6e6132d7c4e67d4e9631e9?s=96&d=mm&r=g\",\"contentUrl\":\"https:\\\/\\\/secure.gravatar.com\\\/avatar\\\/ef76c2910cab8eb23fcc013e1c6dc1ba4af5e93fea6e6132d7c4e67d4e9631e9?s=96&d=mm&r=g\",\"caption\":\"julian.schmid@krafthand.de\"}}]}<\/script>\n<!-- \/ Yoast SEO plugin. -->","yoast_head_json":{"title":"Alles nur Einstellungssache - Krafthand-Truck","robots":{"index":"index","follow":"follow","max-snippet":"max-snippet:-1","max-image-preview":"max-image-preview:large","max-video-preview":"max-video-preview:-1"},"canonical":"https:\/\/www.krafthand.de\/truck\/artikel\/alles-nur-einstellungssache-25707\/","og_locale":"de_DE","og_type":"article","og_title":"Alles nur Einstellungssache - Krafthand-Truck","og_description":"Lange Zeit galt es als \u201aunm\u00f6glich\u2018, Turbolader mit variabler Turbinengeometrie im Feld fachgerecht instand zu setzen. Doch das hat sich dem Motair-Chef zufolge vor Kurzem ge\u00e4ndert. ... weiter","og_url":"https:\/\/www.krafthand-truck.de\/artikel\/alles-nur-einstellungssache-25707\/","og_site_name":"Krafthand-Truck","article_published_time":"2020-06-04T05:00:16+00:00","article_modified_time":"2021-03-30T05:52:08+00:00","og_image":[{"width":1000,"height":750,"url":"https:\/\/www.krafthand.de\/truck\/wp-content\/uploads\/2020\/05\/0120_024_01-quer.jpg","type":"image\/jpeg"}],"author":"julian.schmid@krafthand.de","twitter_card":"summary_large_image","twitter_misc":{"Verfasst von":"julian.schmid@krafthand.de","Gesch\u00e4tzte Lesezeit":"3\u00a0Minuten"},"schema":{"@context":"https:\/\/schema.org","@graph":[{"@type":"Article","@id":"https:\/\/www.krafthand.de\/truck\/artikel\/alles-nur-einstellungssache-25707\/#article","isPartOf":{"@id":"https:\/\/www.krafthand.de\/truck\/artikel\/alles-nur-einstellungssache-25707\/"},"author":{"name":"julian.schmid@krafthand.de","@id":"https:\/\/www.krafthand.de\/truck\/#\/schema\/person\/23aebc1e5e3f0204da7158bce36950bb"},"headline":"Alles nur Einstellungssache","datePublished":"2020-06-04T05:00:16+00:00","dateModified":"2021-03-30T05:52:08+00:00","mainEntityOfPage":{"@id":"https:\/\/www.krafthand.de\/truck\/artikel\/alles-nur-einstellungssache-25707\/"},"wordCount":503,"image":{"@id":"https:\/\/www.krafthand.de\/truck\/artikel\/alles-nur-einstellungssache-25707\/#primaryimage"},"thumbnailUrl":"https:\/\/static.krafthand-truck.de\/uploads\/2020\/05\/0120_024_01-quer.jpg","keywords":["Motair","Turbinengeometrie","Turbolader","VGT-Turbolader","VNT-Turbolader","VTG-Turbolader"],"articleSection":["Antrieb (Motor\/Getriebe)","Werkstattpraxis"],"inLanguage":"de"},{"@type":"WebPage","@id":"https:\/\/www.krafthand.de\/truck\/artikel\/alles-nur-einstellungssache-25707\/","url":"https:\/\/www.krafthand.de\/truck\/artikel\/alles-nur-einstellungssache-25707\/","name":"Alles nur Einstellungssache - Krafthand-Truck","isPartOf":{"@id":"https:\/\/www.krafthand.de\/truck\/#website"},"primaryImageOfPage":{"@id":"https:\/\/www.krafthand.de\/truck\/artikel\/alles-nur-einstellungssache-25707\/#primaryimage"},"image":{"@id":"https:\/\/www.krafthand.de\/truck\/artikel\/alles-nur-einstellungssache-25707\/#primaryimage"},"thumbnailUrl":"https:\/\/static.krafthand-truck.de\/uploads\/2020\/05\/0120_024_01-quer.jpg","datePublished":"2020-06-04T05:00:16+00:00","dateModified":"2021-03-30T05:52:08+00:00","author":{"@id":"https:\/\/www.krafthand.de\/truck\/#\/schema\/person\/23aebc1e5e3f0204da7158bce36950bb"},"breadcrumb":{"@id":"https:\/\/www.krafthand.de\/truck\/artikel\/alles-nur-einstellungssache-25707\/#breadcrumb"},"inLanguage":"de","potentialAction":[{"@type":"ReadAction","target":["https:\/\/www.krafthand.de\/truck\/artikel\/alles-nur-einstellungssache-25707\/"]}]},{"@type":"ImageObject","inLanguage":"de","@id":"https:\/\/www.krafthand.de\/truck\/artikel\/alles-nur-einstellungssache-25707\/#primaryimage","url":"https:\/\/static.krafthand-truck.de\/uploads\/2020\/05\/0120_024_01-quer.jpg","contentUrl":"https:\/\/static.krafthand-truck.de\/uploads\/2020\/05\/0120_024_01-quer.jpg","width":1000,"height":750,"caption":"Mit dem \u201aE-Tool\u2018, einer Spezialsoftware von Cummins, kalibriert Turbolader-Spezialist Markus Lange von Motair die verstellbare Turbine des von Grund auf \u00fcberholten \u201aHolset VGT\u2018-Laders. Er pr\u00fcft dabei unter anderem die Endanschl\u00e4ge und die Verstellung des axial verschiebbaren D\u00fcsenrings auf der Turbinenseite. Bild: Motair"},{"@type":"BreadcrumbList","@id":"https:\/\/www.krafthand.de\/truck\/artikel\/alles-nur-einstellungssache-25707\/#breadcrumb","itemListElement":[{"@type":"ListItem","position":1,"name":"Krafthand-Truck","item":"https:\/\/www.krafthand.de\/truck\/"},{"@type":"ListItem","position":2,"name":"Nfz-Service","item":"https:\/\/www.krafthand.de\/truck\/kategorie\/nfz-service\/"},{"@type":"ListItem","position":3,"name":"Werkstattpraxis","item":"https:\/\/www.krafthand.de\/truck\/kategorie\/nfz-service\/werkstattpraxis\/"},{"@type":"ListItem","position":4,"name":"Alles nur Einstellungssache"}]},{"@type":"WebSite","@id":"https:\/\/www.krafthand.de\/truck\/#website","url":"https:\/\/www.krafthand.de\/truck\/","name":"Krafthand-Truck","description":"","potentialAction":[{"@type":"SearchAction","target":{"@type":"EntryPoint","urlTemplate":"https:\/\/www.krafthand.de\/truck\/?s={search_term_string}"},"query-input":{"@type":"PropertyValueSpecification","valueRequired":true,"valueName":"search_term_string"}}],"inLanguage":"de"},{"@type":"Person","@id":"https:\/\/www.krafthand.de\/truck\/#\/schema\/person\/23aebc1e5e3f0204da7158bce36950bb","name":"julian.schmid@krafthand.de","image":{"@type":"ImageObject","inLanguage":"de","@id":"https:\/\/secure.gravatar.com\/avatar\/ef76c2910cab8eb23fcc013e1c6dc1ba4af5e93fea6e6132d7c4e67d4e9631e9?s=96&d=mm&r=g","url":"https:\/\/secure.gravatar.com\/avatar\/ef76c2910cab8eb23fcc013e1c6dc1ba4af5e93fea6e6132d7c4e67d4e9631e9?s=96&d=mm&r=g","contentUrl":"https:\/\/secure.gravatar.com\/avatar\/ef76c2910cab8eb23fcc013e1c6dc1ba4af5e93fea6e6132d7c4e67d4e9631e9?s=96&d=mm&r=g","caption":"julian.schmid@krafthand.de"}}]}},"_links":{"self":[{"href":"https:\/\/www.krafthand.de\/truck\/wp-json\/wp\/v2\/posts\/25707","targetHints":{"allow":["GET"]}}],"collection":[{"href":"https:\/\/www.krafthand.de\/truck\/wp-json\/wp\/v2\/posts"}],"about":[{"href":"https:\/\/www.krafthand.de\/truck\/wp-json\/wp\/v2\/types\/post"}],"author":[{"embeddable":true,"href":"https:\/\/www.krafthand.de\/truck\/wp-json\/wp\/v2\/users\/7"}],"replies":[{"embeddable":true,"href":"https:\/\/www.krafthand.de\/truck\/wp-json\/wp\/v2\/comments?post=25707"}],"version-history":[{"count":1,"href":"https:\/\/www.krafthand.de\/truck\/wp-json\/wp\/v2\/posts\/25707\/revisions"}],"predecessor-version":[{"id":25710,"href":"https:\/\/www.krafthand.de\/truck\/wp-json\/wp\/v2\/posts\/25707\/revisions\/25710"}],"wp:featuredmedia":[{"embeddable":true,"href":"https:\/\/www.krafthand.de\/truck\/wp-json\/wp\/v2\/media\/25708"}],"wp:attachment":[{"href":"https:\/\/www.krafthand.de\/truck\/wp-json\/wp\/v2\/media?parent=25707"}],"wp:term":[{"taxonomy":"category","embeddable":true,"href":"https:\/\/www.krafthand.de\/truck\/wp-json\/wp\/v2\/categories?post=25707"},{"taxonomy":"post_tag","embeddable":true,"href":"https:\/\/www.krafthand.de\/truck\/wp-json\/wp\/v2\/tags?post=25707"},{"taxonomy":"settings","embeddable":true,"href":"https:\/\/www.krafthand.de\/truck\/wp-json\/wp\/v2\/settings?post=25707"}],"curies":[{"name":"wp","href":"https:\/\/api.w.org\/{rel}","templated":true}]}}